{"id":40966,"date":"2020-01-23T21:50:09","date_gmt":"2020-01-23T20:50:09","guid":{"rendered":"http:\/\/www.alqueria.es\/blogs\/alqueriaamarillanaranja\/?p=40966"},"modified":"2020-01-23T21:50:09","modified_gmt":"2020-01-23T20:50:09","slug":"actividad-interciclo-con-5o-epo","status":"publish","type":"post","link":"https:\/\/www.alqueria.es\/blogs\/alqueriaamarillanaranja\/2020\/01\/23\/actividad-interciclo-con-5o-epo\/","title":{"rendered":"\u00a1ACTIVIDAD INTERCICLO CON 5\u00ba EPO!"},"content":{"rendered":"<p>Buenas noches:<\/p>\n<p>El d\u00eda comienza con la asamblea matinal: una compa\u00f1era parece entrar enfadada en clase, intentamos\u00a0 saber que le ocurre pero no le apetece hablar&#8230;\u00a0 decidimos ayudarla y para ello damos lectura al cuento <span style=\"color: #ff0000\">\u00abEl monstruo de colores\u00bb.<\/span><\/p>\n<p>Y es que las emociones a esta edad llegan de golpe, son las que dirigen nuestra nave y nuestros peque\u00f1os tienen que aprender a utilizarlas. Hoy nos paramos a analizar la emoci\u00f3n de color <span style=\"color: #ff0000\">ROJO<\/span>, la ira, el enfado&#8230;quiz\u00e1s sea la emoci\u00f3n m\u00e1s dif\u00edcil de controlar, no existe el razonamiento, llega y explota&#8230;&#8230;pero es necesaria.<\/p>\n<p>Hoy les explicaba que es una manera de decir <span style=\"color: #ff0000\">\u00abesto no me gusta\u00bb<\/span>, <span style=\"color: #ff0000\">\u00ab\u00a1esto me enoja!\u00bb,<\/span> la ira autom\u00e1ticamente pone en marcha un mecanismo para pensar c\u00f3mo defenderme y quiz\u00e1s por ello a veces pegamos, lloramos o pataleamos. Uno a uno he ido preguntando que le provoca el enfado o la ira, muchos de ellos creo que han sido realmente sinceros con sus respuestas\u00a0 y con lo que sienten:<\/p>\n<p><span style=\"color: #ff0000\">JAIME<\/span>\u00a0<span style=\"color: #ff0000\">C.<\/span> : Tener que irme a casa cuando estoy divirti\u00e9ndome en alg\u00fan lugar.<\/p>\n<p><span style=\"color: #ff0000\">BLANCA:<\/span> No lo se, a veces si Gabi me quita mi beb\u00e9.<\/p>\n<p><span style=\"color: #ff0000\">PAOLA:<\/span> Cuando mi mam\u00e1 me dice que tengo que quitarme la ropa para ba\u00f1arme.<\/p>\n<p><span style=\"color: #ff0000\">VEGA:<\/span> Que papi se enfade con Lana.<\/p>\n<p><span style=\"color: #ff0000\">ALEJANDRO:<\/span> Que me quiten un libro.<\/p>\n<p><span style=\"color: #ff0000\">PAULA:<\/span> Mi beb\u00e9 cuando llora.<\/p>\n<p><span style=\"color: #ff0000\">MIGUEL:<\/span> Que me peguen.<\/p>\n<p><span style=\"color: #ff0000\">LEO:<\/span> No lo se.<\/p>\n<p><span style=\"color: #ff0000\">JAIME:<\/span> Que me quiten el sitio.<\/p>\n<p><span style=\"color: #ff0000\">NAIA:<\/span> Me enfada pedir a mi madre un yogur de fresa por la noche y que\u00a0 no me lo de.<\/p>\n<p><span style=\"color: #ff0000\">EINAR:<\/span> Que le quiten su elefante(el grupo cree que es lo que realmente enfada a Einar, \u00a1qu\u00e9 lindos son!)<\/p>\n<h5><span style=\"color: #0000ff\">\u00a1Vaya asamblea re-chula!\u00a1Vaya grupo bonito tenemos!<\/span><\/h5>\n<p><img decoding=\"async\" data-attachment-id=\"40970\" data-permalink=\"https:\/\/www.alqueria.es\/blogs\/alqueriaamarillanaranja\/2020\/01\/23\/actividad-interciclo-con-5o-epo\/img_20200123_114255\/\" data-orig-file=\"https:\/\/cloud.alqueria.es\/wp-content\/uploads\/sites\/9\/2020\/01\/IMG_20200123_114255.jpg\" data-orig-size=\"1024,768\" data-comments-opened=\"1\" data-image-meta=\"{&quot;aperture&quot;:&quot;2.2&quot;,&quot;credit&quot;:&quot;&quot;,&quot;camera&quot;:&quot;Mi A1&quot;,&quot;caption&quot;:&quot;&quot;,&quot;created_timestamp&quot;:&quot;1579779775&quot;,&quot;copyright&quot;:&quot;&quot;,&quot;focal_length&quot;:&quot;3.83&quot;,&quot;iso&quot;:&quot;400&quot;,&quot;shutter_speed&quot;:&quot;0.02&quot;,&quot;title&quot;:&quot;&quot;,&quot;orientation&quot;:&quot;1&quot;}\" data-image-title=\"IMG_20200123_114255\" data-image-description=\"\" data-image-caption=\"\" data-large-file=\"https:\/\/cloud.alqueria.es\/wp-content\/uploads\/sites\/9\/2020\/01\/IMG_20200123_114255-1024x768.jpg\" class=\"aligncenter size-thumbnail wp-image-40970\" src=\"https:\/\/cloud.alqueria.es\/wp-content\/uploads\/sites\/9\/2020\/01\/IMG_20200123_114255.jpg\" alt=\"\" width=\"150\" height=\"150\" \/><\/p>\n<p style=\"text-align: center\"><span style=\"color: #339966\">\u00a1\u00a1HOY LOS SOMPRENDEMOS CON UN PROYECTO NUEVO!!!<\/span><\/p>\n<h5 style=\"text-align: center\">La clase naranja ten\u00eda prevista una actividad interciclo con 5\u00ba EPO y hoy\u00a0 damos salida al proyecto.<\/h5>\n<p>Las tecnolog\u00edas de la Informaci\u00f3n y la Comunicaci\u00f3n TIC pueden aportar todo tipo de interesantes oportunidades para apoyar el aprendizaje de nuestros ni\u00f1@s en esta etapa, tanto en el \u00e1mbito cognitivo como social. Es por ello que nos apetec\u00eda emprender una actividad de este tipo\u00a0\u00a0y que fuese algo especial para nuestros peque\u00f1os.<\/p>\n<p><span style=\"color: #ff0000\">\u00a0Un proyecto INTERCICLO<\/span>, una forma de trabajar motivadora y que va a suponer un estimulante reto, sobre todo para los ni\u00f1@s mayores que sienten que tienen un papel muy importante frente a la clase naranja.<\/p>\n<p>En este caso la herramienta a utilizar ha sido la tablet (PC, familiar para muchos). El trabajo es muy similar al realizado con la PDI(pizarra interactiva), pero es aqu\u00ed donde pensamos que se adquieren conocimientos m\u00e1s espec\u00edficos. Lo especial del proyecto ha sido el papel de los alumnos de 5\u00ba EPO quien van a intentar transmitir dichos conocimientos , adem\u00e1s de valores como el compartir, sent\u00e1ndose las bases\u00a0 de la colaboraci\u00f3n y la cooperaci\u00f3n. Trabajar unidos, trabajar con los dem\u00e1s convirti\u00e9ndose en los protagonistas de su aprendizaje. Comenzaremos con un programa\u00a0 sencillo (CODE). Es un programa muy intuitivo ya que no es necesario saber escribir ni leer. Los objetivos\u00a0 planteados son:<\/p>\n<ul>\n<li>Familiarizar a los ni\u00f1os con el mundo de la programaci\u00f3n.<\/li>\n<li>Aumentar la capacidad de atenci\u00f3n a trav\u00e9s del descubrimiento de nuevos conceptos.<\/li>\n<li>Favorecer habilidades sociales.<\/li>\n<li>Fomentar la igualdad y participaci\u00f3n con el trabajo en equipo.<\/li>\n<\/ul>\n<p class=\"jetpack-slideshow-noscript robots-nocontent\">El pase de diapositivas requiere JavaScript.<\/p><div id=\"gallery-40966-1-slideshow\" class=\"jetpack-slideshow-window jetpack-slideshow jetpack-slideshow-black\" data-trans=\"fade\" data-autostart=\"1\" data-gallery=\"[{&quot;src&quot;:&quot;https:\\\/\\\/cloud.alqueria.es\\\/wp-content\\\/uploads\\\/sites\\\/9\\\/2020\\\/01\\\/IMG_20200123_104859.jpg&quot;,&quot;id&quot;:&quot;40977&quot;,&quot;title&quot;:&quot;IMG_20200123_104859&quot;,&quot;alt&quot;:&quot;&quot;,&quot;caption&quot;:&quot;&quot;,&quot;itemprop&quot;:&quot;image&quot;},{&quot;src&quot;:&quot;https:\\\/\\\/cloud.alqueria.es\\\/wp-content\\\/uploads\\\/sites\\\/9\\\/2020\\\/01\\\/IMG_20200123_104555.jpg&quot;,&quot;id&quot;:&quot;40976&quot;,&quot;title&quot;:&quot;IMG_20200123_104555&quot;,&quot;alt&quot;:&quot;&quot;,&quot;caption&quot;:&quot;&quot;,&quot;itemprop&quot;:&quot;image&quot;},{&quot;src&quot;:&quot;https:\\\/\\\/cloud.alqueria.es\\\/wp-content\\\/uploads\\\/sites\\\/9\\\/2020\\\/01\\\/IMG_20200123_104730.jpg&quot;,&quot;id&quot;:&quot;40975&quot;,&quot;title&quot;:&quot;IMG_20200123_104730&quot;,&quot;alt&quot;:&quot;&quot;,&quot;caption&quot;:&quot;&quot;,&quot;itemprop&quot;:&quot;image&quot;},{&quot;src&quot;:&quot;https:\\\/\\\/cloud.alqueria.es\\\/wp-content\\\/uploads\\\/sites\\\/9\\\/2020\\\/01\\\/IMG_20200123_104705.jpg&quot;,&quot;id&quot;:&quot;40974&quot;,&quot;title&quot;:&quot;IMG_20200123_104705&quot;,&quot;alt&quot;:&quot;&quot;,&quot;caption&quot;:&quot;&quot;,&quot;itemprop&quot;:&quot;image&quot;},{&quot;src&quot;:&quot;https:\\\/\\\/cloud.alqueria.es\\\/wp-content\\\/uploads\\\/sites\\\/9\\\/2020\\\/01\\\/IMG_20200123_104725.jpg&quot;,&quot;id&quot;:&quot;40973&quot;,&quot;title&quot;:&quot;IMG_20200123_104725&quot;,&quot;alt&quot;:&quot;&quot;,&quot;caption&quot;:&quot;&quot;,&quot;itemprop&quot;:&quot;image&quot;},{&quot;src&quot;:&quot;https:\\\/\\\/cloud.alqueria.es\\\/wp-content\\\/uploads\\\/sites\\\/9\\\/2020\\\/01\\\/IMG_20200123_104654.jpg&quot;,&quot;id&quot;:&quot;40972&quot;,&quot;title&quot;:&quot;IMG_20200123_104654&quot;,&quot;alt&quot;:&quot;&quot;,&quot;caption&quot;:&quot;&quot;,&quot;itemprop&quot;:&quot;image&quot;},{&quot;src&quot;:&quot;https:\\\/\\\/cloud.alqueria.es\\\/wp-content\\\/uploads\\\/sites\\\/9\\\/2020\\\/01\\\/IMG_20200123_104640.jpg&quot;,&quot;id&quot;:&quot;40971&quot;,&quot;title&quot;:&quot;IMG_20200123_104640&quot;,&quot;alt&quot;:&quot;&quot;,&quot;caption&quot;:&quot;&quot;,&quot;itemprop&quot;:&quot;image&quot;},{&quot;src&quot;:&quot;https:\\\/\\\/cloud.alqueria.es\\\/wp-content\\\/uploads\\\/sites\\\/9\\\/2020\\\/01\\\/IMG_20200123_104648.jpg&quot;,&quot;id&quot;:&quot;40969&quot;,&quot;title&quot;:&quot;IMG_20200123_104648&quot;,&quot;alt&quot;:&quot;&quot;,&quot;caption&quot;:&quot;&quot;,&quot;itemprop&quot;:&quot;image&quot;},{&quot;src&quot;:&quot;https:\\\/\\\/cloud.alqueria.es\\\/wp-content\\\/uploads\\\/sites\\\/9\\\/2020\\\/01\\\/IMG_20200123_104601.jpg&quot;,&quot;id&quot;:&quot;40968&quot;,&quot;title&quot;:&quot;IMG_20200123_104601&quot;,&quot;alt&quot;:&quot;&quot;,&quot;caption&quot;:&quot;&quot;,&quot;itemprop&quot;:&quot;image&quot;},{&quot;src&quot;:&quot;https:\\\/\\\/cloud.alqueria.es\\\/wp-content\\\/uploads\\\/sites\\\/9\\\/2020\\\/01\\\/IMG_20200123_104623.jpg&quot;,&quot;id&quot;:&quot;40967&quot;,&quot;title&quot;:&quot;IMG_20200123_104623&quot;,&quot;alt&quot;:&quot;&quot;,&quot;caption&quot;:&quot;&quot;,&quot;itemprop&quot;:&quot;image&quot;}]\" itemscope itemtype=\"https:\/\/schema.org\/ImageGallery\"><\/div>\n<p>\u00a1Ha sido incre\u00edble! La sesi\u00f3n ha durado treinta minutos.Trabajar con los mayores y en la clase de 5\u00ba de primaria, estaban alucinados,jajaja\u00a1 Espero que os cuenten la aventura&#8230;.!<\/p>\n<p>Buenas noches.<\/p>\n<p>Silvia.<\/p>\n<p>&nbsp;<\/p>\n<p>&nbsp;<\/p>\n","protected":false},"excerpt":{"rendered":"<p>Buenas noches: El d\u00eda comienza con la asamblea matinal: una compa\u00f1era parece entrar enfadada en clase, intentamos\u00a0 saber que le ocurre pero no le apetece hablar&#8230;\u00a0 decidimos ayudarla y para ello damos lectura al cuento \u00abEl monstruo de colores\u00bb. Y es que las emociones a esta edad llegan de golpe, son las que dirigen nuestra &hellip; <a href=\"https:\/\/www.alqueria.es\/blogs\/alqueriaamarillanaranja\/2020\/01\/23\/actividad-interciclo-con-5o-epo\/\" class=\"more-link\">Seguir leyendo <span class=\"screen-reader-text\">\u00a1ACTIVIDAD INTERCICLO CON 5\u00ba EPO!<\/span> <span class=\"meta-nav\">&rarr;<\/span><\/a><\/p>\n","protected":false},"author":23,"featured_media":0,"comment_status":"open","ping_status":"open","sticky":false,"template":"","format":"standard","meta":{"jetpack_post_was_ever_published":false,"_jetpack_newsletter_access":"","_jetpack_dont_email_post_to_subs":false,"_jetpack_newsletter_tier_id":0,"_jetpack_memberships_contains_paywalled_content":false,"_jetpack_memberships_contains_paid_content":false,"footnotes":"","jetpack_publicize_message":"","jetpack_publicize_feature_enabled":true,"jetpack_social_post_already_shared":true,"jetpack_social_options":{"image_generator_settings":{"template":"highway","default_image_id":0,"font":"","enabled":false},"version":2}},"categories":[7,8,10],"tags":[236,599],"class_list":["post-40966","post","type-post","status-publish","format-standard","hentry","category-clase-naranja","category-diario","category-especialistas","tag-emociones","tag-proyecto-interciclo"],"jetpack_publicize_connections":[],"jetpack_featured_media_url":"","jetpack_sharing_enabled":true,"jetpack_shortlink":"https:\/\/wp.me\/p4lG08-aEK","jetpack-related-posts":[],"_links":{"self":[{"href":"https:\/\/www.alqueria.es\/blogs\/alqueriaamarillanaranja\/wp-json\/wp\/v2\/posts\/40966","targetHints":{"allow":["GET"]}}],"collection":[{"href":"https:\/\/www.alqueria.es\/blogs\/alqueriaamarillanaranja\/wp-json\/wp\/v2\/posts"}],"about":[{"href":"https:\/\/www.alqueria.es\/blogs\/alqueriaamarillanaranja\/wp-json\/wp\/v2\/types\/post"}],"author":[{"embeddable":true,"href":"https:\/\/www.alqueria.es\/blogs\/alqueriaamarillanaranja\/wp-json\/wp\/v2\/users\/23"}],"replies":[{"embeddable":true,"href":"https:\/\/www.alqueria.es\/blogs\/alqueriaamarillanaranja\/wp-json\/wp\/v2\/comments?post=40966"}],"version-history":[{"count":3,"href":"https:\/\/www.alqueria.es\/blogs\/alqueriaamarillanaranja\/wp-json\/wp\/v2\/posts\/40966\/revisions"}],"predecessor-version":[{"id":40988,"href":"https:\/\/www.alqueria.es\/blogs\/alqueriaamarillanaranja\/wp-json\/wp\/v2\/posts\/40966\/revisions\/40988"}],"wp:attachment":[{"href":"https:\/\/www.alqueria.es\/blogs\/alqueriaamarillanaranja\/wp-json\/wp\/v2\/media?parent=40966"}],"wp:term":[{"taxonomy":"category","embeddable":true,"href":"https:\/\/www.alqueria.es\/blogs\/alqueriaamarillanaranja\/wp-json\/wp\/v2\/categories?post=40966"},{"taxonomy":"post_tag","embeddable":true,"href":"https:\/\/www.alqueria.es\/blogs\/alqueriaamarillanaranja\/wp-json\/wp\/v2\/tags?post=40966"}],"curies":[{"name":"wp","href":"https:\/\/api.w.org\/{rel}","templated":true}]}}