{"id":4099,"date":"2013-02-22T15:40:02","date_gmt":"2013-02-22T14:40:02","guid":{"rendered":"http:\/\/alqueriaamarillanaranja.wordpress.com\/?p=4099"},"modified":"2014-02-24T12:44:18","modified_gmt":"2014-02-24T12:44:18","slug":"acabamos-nuestra-propuesta-de-la-familia","status":"publish","type":"post","link":"https:\/\/www.alqueria.es\/blogs\/alqueriaamarillanaranja\/2013\/02\/22\/acabamos-nuestra-propuesta-de-la-familia\/","title":{"rendered":"Acabamos nuestra propuesta de \u00abLa familia\u00bb"},"content":{"rendered":"<p><a href=\"http:\/\/alqueriaamarillanaranja.files.wordpress.com\/2013\/02\/familia1-2.jpg\"><img decoding=\"async\" data-attachment-id=\"4120\" data-permalink=\"https:\/\/www.alqueria.es\/blogs\/alqueriaamarillanaranja\/familia1-2\/\" data-orig-file=\"https:\/\/www.alqueria.es\/blogs\/alqueriaamarillanaranja\/wp-content\/uploads\/sites\/9\/2013\/02\/familia1-2.jpg\" data-orig-size=\"400,400\" data-comments-opened=\"1\" data-image-meta=\"{&quot;aperture&quot;:&quot;0&quot;,&quot;credit&quot;:&quot;&quot;,&quot;camera&quot;:&quot;&quot;,&quot;caption&quot;:&quot;&quot;,&quot;created_timestamp&quot;:&quot;0&quot;,&quot;copyright&quot;:&quot;&quot;,&quot;focal_length&quot;:&quot;0&quot;,&quot;iso&quot;:&quot;0&quot;,&quot;shutter_speed&quot;:&quot;0&quot;,&quot;title&quot;:&quot;&quot;}\" data-image-title=\"familia[1] (2)\" data-image-description=\"\" data-image-caption=\"\" data-large-file=\"https:\/\/www.alqueria.es\/blogs\/alqueriaamarillanaranja\/wp-content\/uploads\/sites\/9\/2013\/02\/familia1-2.jpg\" class=\"alignleft size-medium wp-image-4120\" alt=\"familia[1] (2)\" src=\"https:\/\/cloud.alqueria.es\/wp-content\/uploads\/sites\/9\/2013\/02\/familia1-21.jpg\" width=\"300\" height=\"300\" \/><\/a><span style=\"color:#800080\">Hoy damos por terminada nuestra propuesta de \u00abLa familia\u00bb. Para ello tenemos las siguientes actividades:<\/span><\/p>\n<p><span style=\"color:#800080\">&#8211; Presentamos oficialmente en la asamblea nuestro \u00abAlbum de Familias\u00bb, que hemos conformado con las p\u00e1ginas de cada ni\u00f1o y ni\u00f1a de este grupo. Desde hoy mismo pasar\u00e1 a formar parte de nuestra biblioteca de aula. Podeis verlo porque esta tarde lo dejar\u00e9 en el poyete.<\/span><\/p>\n<p><span style=\"color:#800080\">&#8211; Adem\u00e1s hemos leido un cuento precioso que ha tra\u00eddo Miguel de casa, se titula \u00abAbuelos\u00bb. Tambi\u00e9n lo he dejado fuera del aula para que podais leerlo.<\/span><\/p>\n<p><span style=\"color:#003300\">Esta ma\u00f1ana hemos tenido tambi\u00e9n clase de Educaci\u00f3n F\u00edsica con Alberto. Como el tiempo no les ha permitido tener la clase al aire libre, han estado en la clase azul donde han podido jugar con las pelotas y los bloques de goma-espuma. Han llegado agotados&#8230;..incluso Alberto.<\/span><\/p>\n<p><span style=\"color:#800080\">Tras la comida hemos tenido sesi\u00f3n de baile y un ratito de cine, y de vuelta a la clase jugamos con la cocinita (necesitamos jugar y movernos&#8230;.despu\u00e9s del d\u00eda de lluv\u00eda).<\/span><\/p>\n<p><span style=\"color:#800080\">Aqu\u00ed os dejo el cuento de \u00abLos abuelos\u00bb porque creo que merece la pena que lo conozcais:<\/span><\/p>\n<span class=\"embed-youtube\" style=\"text-align:center; display: block;\"><div class=\"a25-CTUOC-hidding-box\" data-original-content=\"&lt;iframe loading=&quot;lazy&quot; class=&quot;youtube-player&quot; width=&quot;474&quot; height=&quot;267&quot; src=&quot;https:\/\/www.youtube.com\/embed\/PfYLiinhdWM?version=3&amp;#038;rel=1&amp;#038;showsearch=0&amp;#038;showinfo=1&amp;#038;iv_load_policy=1&amp;#038;fs=1&amp;#038;hl=es-ES&amp;#038;autohide=2&amp;#038;wmode=transparent&quot; allowfullscreen=&quot;true&quot; style=&quot;border:0;&quot; sandbox=&quot;allow-scripts allow-same-origin allow-popups allow-presentation allow-popups-to-escape-sandbox&quot;&gt;&lt;\/iframe&gt;\">Esta p\u00e1gina incluye contenido multimedia que requiere aceptar todas las cookies. Pulse aqu\u00ed para abrir la configuraci\u00f3n de cookies.<\/div><\/span>\n<p><span style=\"color:#003300\">Buen fin de semana (aprovechad: mantita, peli y palomitas&#8230;..\u00a1qu\u00e9 bien!).<\/span><\/p>\n<p><span style=\"color:#003300\">Nos vemos el lunes, os recuerdo que la semana que viene es cortita.<\/span><\/p>\n<p style=\"text-align:right\"><span style=\"color:#003300\">Loli G\u00e1lvez<\/span><\/p>\n","protected":false},"excerpt":{"rendered":"<p>Hoy damos por terminada nuestra propuesta de \u00abLa familia\u00bb. Para ello tenemos las siguientes actividades: &#8211; Presentamos oficialmente en la asamblea nuestro \u00abAlbum de Familias\u00bb, que hemos conformado con las p\u00e1ginas de cada ni\u00f1o y ni\u00f1a de este grupo. Desde hoy mismo pasar\u00e1 a formar parte de nuestra biblioteca de aula. Podeis verlo porque esta &hellip; <a href=\"https:\/\/www.alqueria.es\/blogs\/alqueriaamarillanaranja\/2013\/02\/22\/acabamos-nuestra-propuesta-de-la-familia\/\" class=\"more-link\">Seguir leyendo <span class=\"screen-reader-text\">Acabamos nuestra propuesta de \u00abLa familia\u00bb<\/span> <span class=\"meta-nav\">&rarr;<\/span><\/a><\/p>\n","protected":false},"author":23,"featured_media":0,"comment_status":"open","ping_status":"open","sticky":false,"template":"","format":"standard","meta":{"jetpack_post_was_ever_published":false,"_jetpack_newsletter_access":"","_jetpack_dont_email_post_to_subs":false,"_jetpack_newsletter_tier_id":0,"_jetpack_memberships_contains_paywalled_content":false,"_jetpack_memberships_contains_paid_content":false,"footnotes":"","jetpack_publicize_message":"","jetpack_publicize_feature_enabled":true,"jetpack_social_post_already_shared":true,"jetpack_social_options":{"image_generator_settings":{"template":"highway","default_image_id":0,"font":"","enabled":false},"version":2}},"categories":[7,8],"tags":[84],"class_list":["post-4099","post","type-post","status-publish","format-standard","hentry","category-clase-naranja","category-diario","tag-la-familia"],"jetpack_publicize_connections":[],"jetpack_featured_media_url":"","jetpack_sharing_enabled":true,"jetpack_shortlink":"https:\/\/wp.me\/p4lG08-147","jetpack-related-posts":[],"_links":{"self":[{"href":"https:\/\/www.alqueria.es\/blogs\/alqueriaamarillanaranja\/wp-json\/wp\/v2\/posts\/4099","targetHints":{"allow":["GET"]}}],"collection":[{"href":"https:\/\/www.alqueria.es\/blogs\/alqueriaamarillanaranja\/wp-json\/wp\/v2\/posts"}],"about":[{"href":"https:\/\/www.alqueria.es\/blogs\/alqueriaamarillanaranja\/wp-json\/wp\/v2\/types\/post"}],"author":[{"embeddable":true,"href":"https:\/\/www.alqueria.es\/blogs\/alqueriaamarillanaranja\/wp-json\/wp\/v2\/users\/23"}],"replies":[{"embeddable":true,"href":"https:\/\/www.alqueria.es\/blogs\/alqueriaamarillanaranja\/wp-json\/wp\/v2\/comments?post=4099"}],"version-history":[{"count":0,"href":"https:\/\/www.alqueria.es\/blogs\/alqueriaamarillanaranja\/wp-json\/wp\/v2\/posts\/4099\/revisions"}],"wp:attachment":[{"href":"https:\/\/www.alqueria.es\/blogs\/alqueriaamarillanaranja\/wp-json\/wp\/v2\/media?parent=4099"}],"wp:term":[{"taxonomy":"category","embeddable":true,"href":"https:\/\/www.alqueria.es\/blogs\/alqueriaamarillanaranja\/wp-json\/wp\/v2\/categories?post=4099"},{"taxonomy":"post_tag","embeddable":true,"href":"https:\/\/www.alqueria.es\/blogs\/alqueriaamarillanaranja\/wp-json\/wp\/v2\/tags?post=4099"}],"curies":[{"name":"wp","href":"https:\/\/api.w.org\/{rel}","templated":true}]}}