{"id":4130,"date":"2013-02-25T15:30:36","date_gmt":"2013-02-25T14:30:36","guid":{"rendered":"http:\/\/alqueriaamarillanaranja.wordpress.com\/?p=4130"},"modified":"2014-02-24T12:44:22","modified_gmt":"2014-02-24T12:44:22","slug":"taller-creativo","status":"publish","type":"post","link":"https:\/\/www.alqueria.es\/blogs\/alqueriaamarillanaranja\/2013\/02\/25\/taller-creativo\/","title":{"rendered":"Taller creativo"},"content":{"rendered":"<p><a href=\"https:\/\/cloud.alqueria.es\/wp-content\/uploads\/sites\/9\/2013\/02\/enportada111.gif\"><img decoding=\"async\" data-attachment-id=\"4131\" data-permalink=\"https:\/\/www.alqueria.es\/blogs\/alqueriaamarillanaranja\/enportada11-2\/\" data-orig-file=\"https:\/\/www.alqueria.es\/blogs\/alqueriaamarillanaranja\/wp-content\/uploads\/sites\/9\/2013\/02\/enportada11.gif\" data-orig-size=\"258,221\" data-comments-opened=\"1\" data-image-meta=\"{&quot;aperture&quot;:&quot;0&quot;,&quot;credit&quot;:&quot;&quot;,&quot;camera&quot;:&quot;&quot;,&quot;caption&quot;:&quot;&quot;,&quot;created_timestamp&quot;:&quot;0&quot;,&quot;copyright&quot;:&quot;&quot;,&quot;focal_length&quot;:&quot;0&quot;,&quot;iso&quot;:&quot;0&quot;,&quot;shutter_speed&quot;:&quot;0&quot;,&quot;title&quot;:&quot;&quot;}\" data-image-title=\"enportada1[1]\" data-image-description=\"\" data-image-caption=\"\" data-large-file=\"https:\/\/www.alqueria.es\/blogs\/alqueriaamarillanaranja\/wp-content\/uploads\/sites\/9\/2013\/02\/enportada11.gif\" class=\"alignleft size-full wp-image-4131\" alt=\"enportada1[1]\" src=\"https:\/\/cloud.alqueria.es\/wp-content\/uploads\/sites\/9\/2013\/02\/enportada111.gif\" width=\"258\" height=\"221\" \/><\/a><span style=\"color:#ff6600\">Esta ma\u00f1ana en nuestra asamblea inicial cada uno ha tenido la oportunidad de contar lo que ha hecho durante el fin de semana. Cada vez est\u00e1n m\u00e1s sueltos a la hora de hablar delante del grupo, lo hacen con m\u00e1s naturalidad y con un mejor tono de voz.<\/span><\/p>\n<p><span style=\"color:#ff6600\">Tras repasar en nuestro calendario el d\u00eda que es, el clima y a qui\u00e9n le toca ser s\u00faper-ayudante (RAQUEL) escogemos como propuestas de juego las siguientes: dinosaurios, animales y coches&#8230;.(las chicas en un principio han estado un poco desorientadas e insistian en sacar los disfraces, pero al final han tenido que ceder y se han adaptado a las propuestas escogidas por el grupo).<\/span><\/p>\n<p><span style=\"color:#ff6600\">Alternativamente al juego hemos tenido un taller creativo en el que cada uno ha tenido total libertad para dibujar lo que m\u00e1s le gustase. Antes de empezar a dibujar me han dicho el tema de su dibujo y yo le he puesto el t\u00edtulo en la parte de arriba. Despu\u00e9s han realizado el dibujo, usando ceras blandas, y finalmente (con mi ayuda) hemos pegado piezas pl\u00e1sticas a modo de collage que han dado un toque especial a los trabajos. Est\u00e1n preciosos.<\/span><\/p>\n<p><span style=\"color:#ff6600\">En la tarde cooperativa seguimos realizando tareas de preparaci\u00f3n para el vivero; hoy es el turno del equipo n\u00famero 2. Los dem\u00e1s disfrutamos de diferentes juegos en el jard\u00edn. En la gran asamblea aprovechamos para contar algunos cuentos.<\/span><\/p>\n<p><span style=\"color:#ff6600\">\u00a1Hasta ma\u00f1ana!<\/span><\/p>\n<p style=\"text-align:right\"><span style=\"color:#ff6600\">Loli G\u00e1lvez<\/span><\/p>\n","protected":false},"excerpt":{"rendered":"<p>Esta ma\u00f1ana en nuestra asamblea inicial cada uno ha tenido la oportunidad de contar lo que ha hecho durante el fin de semana. Cada vez est\u00e1n m\u00e1s sueltos a la hora de hablar delante del grupo, lo hacen con m\u00e1s naturalidad y con un mejor tono de voz. Tras repasar en nuestro calendario el d\u00eda &hellip; <a href=\"https:\/\/www.alqueria.es\/blogs\/alqueriaamarillanaranja\/2013\/02\/25\/taller-creativo\/\" class=\"more-link\">Seguir leyendo <span class=\"screen-reader-text\">Taller creativo<\/span> <span class=\"meta-nav\">&rarr;<\/span><\/a><\/p>\n","protected":false},"author":23,"featured_media":0,"comment_status":"open","ping_status":"open","sticky":false,"template":"","format":"standard","meta":{"jetpack_post_was_ever_published":false,"_jetpack_newsletter_access":"","_jetpack_dont_email_post_to_subs":false,"_jetpack_newsletter_tier_id":0,"_jetpack_memberships_contains_paywalled_content":false,"_jetpack_memberships_contains_paid_content":false,"footnotes":"","jetpack_publicize_message":"","jetpack_publicize_feature_enabled":true,"jetpack_social_post_already_shared":true,"jetpack_social_options":{"image_generator_settings":{"template":"highway","default_image_id":0,"font":"","enabled":false},"version":2}},"categories":[7,8],"tags":[116],"class_list":["post-4130","post","type-post","status-publish","format-standard","hentry","category-clase-naranja","category-diario","tag-taller-creativo"],"jetpack_publicize_connections":[],"jetpack_featured_media_url":"","jetpack_sharing_enabled":true,"jetpack_shortlink":"https:\/\/wp.me\/p4lG08-14C","jetpack-related-posts":[],"_links":{"self":[{"href":"https:\/\/www.alqueria.es\/blogs\/alqueriaamarillanaranja\/wp-json\/wp\/v2\/posts\/4130","targetHints":{"allow":["GET"]}}],"collection":[{"href":"https:\/\/www.alqueria.es\/blogs\/alqueriaamarillanaranja\/wp-json\/wp\/v2\/posts"}],"about":[{"href":"https:\/\/www.alqueria.es\/blogs\/alqueriaamarillanaranja\/wp-json\/wp\/v2\/types\/post"}],"author":[{"embeddable":true,"href":"https:\/\/www.alqueria.es\/blogs\/alqueriaamarillanaranja\/wp-json\/wp\/v2\/users\/23"}],"replies":[{"embeddable":true,"href":"https:\/\/www.alqueria.es\/blogs\/alqueriaamarillanaranja\/wp-json\/wp\/v2\/comments?post=4130"}],"version-history":[{"count":0,"href":"https:\/\/www.alqueria.es\/blogs\/alqueriaamarillanaranja\/wp-json\/wp\/v2\/posts\/4130\/revisions"}],"wp:attachment":[{"href":"https:\/\/www.alqueria.es\/blogs\/alqueriaamarillanaranja\/wp-json\/wp\/v2\/media?parent=4130"}],"wp:term":[{"taxonomy":"category","embeddable":true,"href":"https:\/\/www.alqueria.es\/blogs\/alqueriaamarillanaranja\/wp-json\/wp\/v2\/categories?post=4130"},{"taxonomy":"post_tag","embeddable":true,"href":"https:\/\/www.alqueria.es\/blogs\/alqueriaamarillanaranja\/wp-json\/wp\/v2\/tags?post=4130"}],"curies":[{"name":"wp","href":"https:\/\/api.w.org\/{rel}","templated":true}]}}