{"id":41373,"date":"2020-02-13T17:35:05","date_gmt":"2020-02-13T16:35:05","guid":{"rendered":"http:\/\/www.alqueria.es\/blogs\/alqueriaamarillanaranja\/?p=41373"},"modified":"2020-02-13T16:51:56","modified_gmt":"2020-02-13T15:51:56","slug":"la-cortina-de-los-deseos","status":"publish","type":"post","link":"https:\/\/www.alqueria.es\/blogs\/alqueriaamarillanaranja\/2020\/02\/13\/la-cortina-de-los-deseos\/","title":{"rendered":"La cortina de los deseos"},"content":{"rendered":"<p>El d\u00eda en la clase amarilla podemos decir que ha sido muy&#8230; \u00a1musical!<\/p>\n<p>Comenzamos la ma\u00f1ana movi\u00e9ndonos al ritmo de una de nuestras canciones favoritas \u00ab\u00bfC\u00f3mo est\u00e1s?\u00bb. Os dejo aqu\u00ed el enlace para que pod\u00e1is disfrutarla en casa con vuestros peque\u00f1os\/as cuando le\u00e1is con ellos el blog:<\/p>\n<p><span class=\"embed-youtube\" style=\"text-align:center; display: block;\"><div class=\"a25-CTUOC-hidding-box\" data-original-content=\"&lt;iframe loading=&quot;lazy&quot; class=&quot;youtube-player&quot; width=&quot;474&quot; height=&quot;267&quot; src=&quot;https:\/\/www.youtube.com\/embed\/GQxBg9Lf-X0?version=3&amp;#038;rel=1&amp;#038;showsearch=0&amp;#038;showinfo=1&amp;#038;iv_load_policy=1&amp;#038;fs=1&amp;#038;hl=es-ES&amp;#038;autohide=2&amp;#038;wmode=transparent&quot; allowfullscreen=&quot;true&quot; style=&quot;border:0;&quot; sandbox=&quot;allow-scripts allow-same-origin allow-popups allow-presentation allow-popups-to-escape-sandbox&quot;&gt;&lt;\/iframe&gt;\">Esta p\u00e1gina incluye contenido multimedia que requiere aceptar todas las cookies. Pulse aqu\u00ed para abrir la configuraci\u00f3n de cookies.<\/div><\/span><\/p>\n<p>Pasamos por el aula de m\u00fasica, y Elena nos ense\u00f1a un instrumento muy particular llamado \u00abcortinilla\u00bb; se trata de\u00a0un<span style=\"color: #000000\">\u00a0<a style=\"color: #000000\" title=\"Instrumento de percusi\u00f3n\" href=\"https:\/\/es.wikipedia.org\/wiki\/Instrumento_de_percusi%C3%B3n\">instrumento de percusi\u00f3n<\/a> utilizado principalmente para producir color musical. Consiste en muchas campanillas peque\u00f1as, t\u00edpicamente cilindros de metal, de diferentes longitudes montadas colgando de una barra. Este instrumento se toca barriendo con un dedo o una baqueta a lo largo de las campanillas colgantes. Las campanillas est\u00e1n montadas en orden de <a class=\"mw-redirect\" style=\"color: #000000\" title=\"Altura musical\" href=\"https:\/\/es.wikipedia.org\/wiki\/Altura_musical\">altura musical<\/a>\u00a0para producir\u00a0<a style=\"color: #000000\" title=\"Glissando\" href=\"https:\/\/es.wikipedia.org\/wiki\/Glissando\">glissandos<\/a>\u00a0ascendentes o descendentes.<\/span><\/p>\n<p><img decoding=\"async\" data-attachment-id=\"41377\" data-permalink=\"https:\/\/www.alqueria.es\/blogs\/alqueriaamarillanaranja\/2020\/02\/13\/la-cortina-de-los-deseos\/glissando\/\" data-orig-file=\"https:\/\/cloud.alqueria.es\/wp-content\/uploads\/sites\/9\/2020\/02\/glissando.jpg\" data-orig-size=\"250,150\" data-comments-opened=\"1\" data-image-meta=\"{&quot;aperture&quot;:&quot;0&quot;,&quot;credit&quot;:&quot;&quot;,&quot;camera&quot;:&quot;&quot;,&quot;caption&quot;:&quot;&quot;,&quot;created_timestamp&quot;:&quot;0&quot;,&quot;copyright&quot;:&quot;&quot;,&quot;focal_length&quot;:&quot;0&quot;,&quot;iso&quot;:&quot;0&quot;,&quot;shutter_speed&quot;:&quot;0&quot;,&quot;title&quot;:&quot;&quot;,&quot;orientation&quot;:&quot;0&quot;}\" data-image-title=\"glissando\" data-image-description=\"\" data-image-caption=\"\" data-large-file=\"https:\/\/cloud.alqueria.es\/wp-content\/uploads\/sites\/9\/2020\/02\/glissando.jpg\" class=\"alignleft wp-image-41377 \" src=\"https:\/\/cloud.alqueria.es\/wp-content\/uploads\/sites\/9\/2020\/02\/glissando.jpg\" alt=\"\" width=\"170\" height=\"102\" \/>En resumidas cuentas, produce un sonido dulce y agradable, casi casi de cuento de hadas. Es por esto por lo que hemos viajado al mundo de la imaginaci\u00f3n y le hemos cambiado el nombre, para nosotros hoy ha sido la cortina de los deseos. Cada componente del grupo ha tenido la oportunidad de hacer sonar la cortina mientras ped\u00eda su deseo particular&#8230; \u00bfQu\u00e9 que han pedido?, pues no se puede decir porque no se cumplir\u00edan, claro\u00a0 \ud83d\ude09<\/p>\n<div class=\"tiled-gallery type-rectangular tiled-gallery-unresized\" data-original-width=\"474\" data-carousel-extra='{&quot;blog_id&quot;:9,&quot;permalink&quot;:&quot;https:\\\/\\\/www.alqueria.es\\\/blogs\\\/alqueriaamarillanaranja\\\/2020\\\/02\\\/13\\\/la-cortina-de-los-deseos\\\/&quot;,&quot;likes_blog_id&quot;:64271688}' itemscope itemtype=\"http:\/\/schema.org\/ImageGallery\" > <div class=\"gallery-row\" style=\"width: 474px; height: 135px;\" data-original-width=\"474\" data-original-height=\"135\" > <div class=\"gallery-group images-1\" style=\"width: 237px; height: 135px;\" data-original-width=\"237\" data-original-height=\"135\" > <div class=\"tiled-gallery-item tiled-gallery-item-small\" itemprop=\"associatedMedia\" itemscope itemtype=\"http:\/\/schema.org\/ImageObject\"> <a href=\"https:\/\/www.alqueria.es\/blogs\/alqueriaamarillanaranja\/2020\/02\/13\/la-cortina-de-los-deseos\/img-20200213-wa0003\/\" border=\"0\" itemprop=\"url\"> <meta itemprop=\"width\" content=\"233\"> <meta itemprop=\"height\" content=\"131\"> <img decoding=\"async\" class=\"\" data-attachment-id=\"41374\" data-orig-file=\"https:\/\/cloud.alqueria.es\/wp-content\/uploads\/sites\/9\/2020\/02\/IMG-20200213-WA0003.jpg\" data-orig-size=\"1024,577\" data-comments-opened=\"1\" data-image-meta=\"{&quot;aperture&quot;:&quot;0&quot;,&quot;credit&quot;:&quot;&quot;,&quot;camera&quot;:&quot;&quot;,&quot;caption&quot;:&quot;&quot;,&quot;created_timestamp&quot;:&quot;0&quot;,&quot;copyright&quot;:&quot;&quot;,&quot;focal_length&quot;:&quot;0&quot;,&quot;iso&quot;:&quot;0&quot;,&quot;shutter_speed&quot;:&quot;0&quot;,&quot;title&quot;:&quot;&quot;,&quot;orientation&quot;:&quot;0&quot;}\" data-image-title=\"IMG-20200213-WA0003\" data-image-description=\"\" data-medium-file=\"https:\/\/cloud.alqueria.es\/wp-content\/uploads\/sites\/9\/2020\/02\/IMG-20200213-WA0003-300x169.jpg\" data-large-file=\"https:\/\/cloud.alqueria.es\/wp-content\/uploads\/sites\/9\/2020\/02\/IMG-20200213-WA0003-1024x577.jpg\" src=\"https:\/\/i0.wp.com\/cloud.alqueria.es\/wp-content\/uploads\/sites\/9\/2020\/02\/IMG-20200213-WA0003.jpg?w=233&#038;h=131&#038;ssl=1\" srcset=\"https:\/\/cloud.alqueria.es\/wp-content\/uploads\/sites\/9\/2020\/02\/IMG-20200213-WA0003.jpg 1024w, https:\/\/cloud.alqueria.es\/wp-content\/uploads\/sites\/9\/2020\/02\/IMG-20200213-WA0003.jpg 300w, https:\/\/cloud.alqueria.es\/wp-content\/uploads\/sites\/9\/2020\/02\/IMG-20200213-WA0003.jpg 768w\" width=\"233\" height=\"131\" loading=\"lazy\" data-original-width=\"233\" data-original-height=\"131\" itemprop=\"http:\/\/schema.org\/image\" title=\"IMG-20200213-WA0003\" alt=\"IMG-20200213-WA0003\" style=\"width: 233px; height: 131px;\" \/> <\/a> <\/div> <\/div> <!-- close group --> <div class=\"gallery-group images-1\" style=\"width: 237px; height: 135px;\" data-original-width=\"237\" data-original-height=\"135\" > <div class=\"tiled-gallery-item tiled-gallery-item-small\" itemprop=\"associatedMedia\" itemscope itemtype=\"http:\/\/schema.org\/ImageObject\"> <a href=\"https:\/\/www.alqueria.es\/blogs\/alqueriaamarillanaranja\/2020\/02\/13\/la-cortina-de-los-deseos\/img-20200213-wa0004\/\" border=\"0\" itemprop=\"url\"> <meta itemprop=\"width\" content=\"233\"> <meta itemprop=\"height\" content=\"131\"> <img decoding=\"async\" class=\"\" data-attachment-id=\"41375\" data-orig-file=\"https:\/\/cloud.alqueria.es\/wp-content\/uploads\/sites\/9\/2020\/02\/IMG-20200213-WA0004.jpg\" data-orig-size=\"1024,577\" data-comments-opened=\"1\" data-image-meta=\"{&quot;aperture&quot;:&quot;0&quot;,&quot;credit&quot;:&quot;&quot;,&quot;camera&quot;:&quot;&quot;,&quot;caption&quot;:&quot;&quot;,&quot;created_timestamp&quot;:&quot;0&quot;,&quot;copyright&quot;:&quot;&quot;,&quot;focal_length&quot;:&quot;0&quot;,&quot;iso&quot;:&quot;0&quot;,&quot;shutter_speed&quot;:&quot;0&quot;,&quot;title&quot;:&quot;&quot;,&quot;orientation&quot;:&quot;0&quot;}\" data-image-title=\"IMG-20200213-WA0004\" data-image-description=\"\" data-medium-file=\"https:\/\/cloud.alqueria.es\/wp-content\/uploads\/sites\/9\/2020\/02\/IMG-20200213-WA0004-300x169.jpg\" data-large-file=\"https:\/\/cloud.alqueria.es\/wp-content\/uploads\/sites\/9\/2020\/02\/IMG-20200213-WA0004-1024x577.jpg\" src=\"https:\/\/i0.wp.com\/cloud.alqueria.es\/wp-content\/uploads\/sites\/9\/2020\/02\/IMG-20200213-WA0004.jpg?w=233&#038;h=131&#038;ssl=1\" srcset=\"https:\/\/cloud.alqueria.es\/wp-content\/uploads\/sites\/9\/2020\/02\/IMG-20200213-WA0004.jpg 1024w, https:\/\/cloud.alqueria.es\/wp-content\/uploads\/sites\/9\/2020\/02\/IMG-20200213-WA0004.jpg 300w, https:\/\/cloud.alqueria.es\/wp-content\/uploads\/sites\/9\/2020\/02\/IMG-20200213-WA0004.jpg 768w\" width=\"233\" height=\"131\" loading=\"lazy\" data-original-width=\"233\" data-original-height=\"131\" itemprop=\"http:\/\/schema.org\/image\" title=\"IMG-20200213-WA0004\" alt=\"IMG-20200213-WA0004\" style=\"width: 233px; height: 131px;\" \/> <\/a> <\/div> <\/div> <!-- close group --> <\/div> <!-- close row --> <\/div>\n<p>Os animo a que les pregunt\u00e9is en casa, a ver si se acuerdan y deciden compartir sus deseos con vosotros. \u00a1Suerte!<\/p>\n","protected":false},"excerpt":{"rendered":"<p>El d\u00eda en la clase amarilla podemos decir que ha sido muy&#8230; \u00a1musical! Comenzamos la ma\u00f1ana movi\u00e9ndonos al ritmo de una de nuestras canciones favoritas \u00ab\u00bfC\u00f3mo est\u00e1s?\u00bb. Os dejo aqu\u00ed el enlace para que pod\u00e1is disfrutarla en casa con vuestros peque\u00f1os\/as cuando le\u00e1is con ellos el blog: Pasamos por el aula de m\u00fasica, y Elena &hellip; <a href=\"https:\/\/www.alqueria.es\/blogs\/alqueriaamarillanaranja\/2020\/02\/13\/la-cortina-de-los-deseos\/\" class=\"more-link\">Seguir leyendo <span class=\"screen-reader-text\">La cortina de los deseos<\/span> <span class=\"meta-nav\">&rarr;<\/span><\/a><\/p>\n","protected":false},"author":23,"featured_media":0,"comment_status":"open","ping_status":"open","sticky":false,"template":"","format":"standard","meta":{"jetpack_post_was_ever_published":false,"_jetpack_newsletter_access":"","_jetpack_dont_email_post_to_subs":false,"_jetpack_newsletter_tier_id":0,"_jetpack_memberships_contains_paywalled_content":false,"_jetpack_memberships_contains_paid_content":false,"footnotes":"","jetpack_publicize_message":"","jetpack_publicize_feature_enabled":true,"jetpack_social_post_already_shared":true,"jetpack_social_options":{"image_generator_settings":{"template":"highway","default_image_id":0,"font":"","enabled":false},"version":2}},"categories":[6,9],"tags":[],"class_list":["post-41373","post","type-post","status-publish","format-standard","hentry","category-clase-amarilla","category-diario-clase-amarilla"],"jetpack_publicize_connections":[],"jetpack_featured_media_url":"","jetpack_sharing_enabled":true,"jetpack_shortlink":"https:\/\/wp.me\/p4lG08-aLj","jetpack-related-posts":[],"_links":{"self":[{"href":"https:\/\/www.alqueria.es\/blogs\/alqueriaamarillanaranja\/wp-json\/wp\/v2\/posts\/41373","targetHints":{"allow":["GET"]}}],"collection":[{"href":"https:\/\/www.alqueria.es\/blogs\/alqueriaamarillanaranja\/wp-json\/wp\/v2\/posts"}],"about":[{"href":"https:\/\/www.alqueria.es\/blogs\/alqueriaamarillanaranja\/wp-json\/wp\/v2\/types\/post"}],"author":[{"embeddable":true,"href":"https:\/\/www.alqueria.es\/blogs\/alqueriaamarillanaranja\/wp-json\/wp\/v2\/users\/23"}],"replies":[{"embeddable":true,"href":"https:\/\/www.alqueria.es\/blogs\/alqueriaamarillanaranja\/wp-json\/wp\/v2\/comments?post=41373"}],"version-history":[{"count":2,"href":"https:\/\/www.alqueria.es\/blogs\/alqueriaamarillanaranja\/wp-json\/wp\/v2\/posts\/41373\/revisions"}],"predecessor-version":[{"id":41379,"href":"https:\/\/www.alqueria.es\/blogs\/alqueriaamarillanaranja\/wp-json\/wp\/v2\/posts\/41373\/revisions\/41379"}],"wp:attachment":[{"href":"https:\/\/www.alqueria.es\/blogs\/alqueriaamarillanaranja\/wp-json\/wp\/v2\/media?parent=41373"}],"wp:term":[{"taxonomy":"category","embeddable":true,"href":"https:\/\/www.alqueria.es\/blogs\/alqueriaamarillanaranja\/wp-json\/wp\/v2\/categories?post=41373"},{"taxonomy":"post_tag","embeddable":true,"href":"https:\/\/www.alqueria.es\/blogs\/alqueriaamarillanaranja\/wp-json\/wp\/v2\/tags?post=41373"}],"curies":[{"name":"wp","href":"https:\/\/api.w.org\/{rel}","templated":true}]}}