{"id":41380,"date":"2020-02-14T18:16:45","date_gmt":"2020-02-14T17:16:45","guid":{"rendered":"http:\/\/www.alqueria.es\/blogs\/alqueriaamarillanaranja\/?p=41380"},"modified":"2020-02-14T18:16:45","modified_gmt":"2020-02-14T17:16:45","slug":"una-semana-mas-2","status":"publish","type":"post","link":"https:\/\/www.alqueria.es\/blogs\/alqueriaamarillanaranja\/2020\/02\/14\/una-semana-mas-2\/","title":{"rendered":"Una semana m\u00e1s&#8230;"},"content":{"rendered":"<p><img decoding=\"async\" data-attachment-id=\"41381\" data-permalink=\"https:\/\/www.alqueria.es\/blogs\/alqueriaamarillanaranja\/2020\/02\/14\/una-semana-mas-2\/depositphotos_142010346-stock-illustration-two-cute-cartoon-babies\/\" data-orig-file=\"https:\/\/cloud.alqueria.es\/wp-content\/uploads\/sites\/9\/2020\/02\/depositphotos_142010346-stock-illustration-two-cute-cartoon-babies.jpg\" data-orig-size=\"450,450\" data-comments-opened=\"1\" data-image-meta=\"{&quot;aperture&quot;:&quot;0&quot;,&quot;credit&quot;:&quot;&quot;,&quot;camera&quot;:&quot;&quot;,&quot;caption&quot;:&quot;&quot;,&quot;created_timestamp&quot;:&quot;0&quot;,&quot;copyright&quot;:&quot;&quot;,&quot;focal_length&quot;:&quot;0&quot;,&quot;iso&quot;:&quot;0&quot;,&quot;shutter_speed&quot;:&quot;0&quot;,&quot;title&quot;:&quot;&quot;,&quot;orientation&quot;:&quot;0&quot;}\" data-image-title=\"depositphotos_142010346-stock-illustration-two-cute-cartoon-babies\" data-image-description=\"\" data-image-caption=\"\" data-large-file=\"https:\/\/cloud.alqueria.es\/wp-content\/uploads\/sites\/9\/2020\/02\/depositphotos_142010346-stock-illustration-two-cute-cartoon-babies.jpg\" class=\"alignleft size-thumbnail wp-image-41381\" src=\"https:\/\/cloud.alqueria.es\/wp-content\/uploads\/sites\/9\/2020\/02\/depositphotos_142010346-stock-illustration-two-cute-cartoon-babies.jpg\" alt=\"\" width=\"150\" height=\"150\" srcset=\"https:\/\/cloud.alqueria.es\/wp-content\/uploads\/sites\/9\/2020\/02\/depositphotos_142010346-stock-illustration-two-cute-cartoon-babies.jpg 450w, https:\/\/cloud.alqueria.es\/wp-content\/uploads\/sites\/9\/2020\/02\/depositphotos_142010346-stock-illustration-two-cute-cartoon-babies.jpg 150w, https:\/\/cloud.alqueria.es\/wp-content\/uploads\/sites\/9\/2020\/02\/depositphotos_142010346-stock-illustration-two-cute-cartoon-babies.jpg 300w\" sizes=\"(max-width: 150px) 100vw, 150px\" \/>Hoy nuestros amarillitos han decidido que la propuesta central de la ma\u00f1ana ser\u00eda la de los beb\u00e9s. Como ya somos tan mayores&#8230;, podemos ocuparnos de cuidar a nuestros propios \u00abhijos\/as\u00bb, jajajaja<\/p>\n<p>Les preparan la comida, los ba\u00f1an, los llevan de paseo&#8230;, han estado la mar de atareados toda la ma\u00f1ana. Muy responsables y tambi\u00e9n muy amorosos, porque hoy hemos celebrado el d\u00eda del amor.<\/p>\n<p><img decoding=\"async\" data-attachment-id=\"41382\" data-permalink=\"https:\/\/www.alqueria.es\/blogs\/alqueriaamarillanaranja\/2020\/02\/14\/una-semana-mas-2\/img-20200214-wa0003\/\" data-orig-file=\"https:\/\/cloud.alqueria.es\/wp-content\/uploads\/sites\/9\/2020\/02\/IMG-20200214-WA0003.jpg\" data-orig-size=\"1024,577\" data-comments-opened=\"1\" data-image-meta=\"{&quot;aperture&quot;:&quot;0&quot;,&quot;credit&quot;:&quot;&quot;,&quot;camera&quot;:&quot;&quot;,&quot;caption&quot;:&quot;&quot;,&quot;created_timestamp&quot;:&quot;0&quot;,&quot;copyright&quot;:&quot;&quot;,&quot;focal_length&quot;:&quot;0&quot;,&quot;iso&quot;:&quot;0&quot;,&quot;shutter_speed&quot;:&quot;0&quot;,&quot;title&quot;:&quot;&quot;,&quot;orientation&quot;:&quot;0&quot;}\" data-image-title=\"IMG-20200214-WA0003\" data-image-description=\"\" data-image-caption=\"\" data-large-file=\"https:\/\/cloud.alqueria.es\/wp-content\/uploads\/sites\/9\/2020\/02\/IMG-20200214-WA0003-1024x577.jpg\" class=\"aligncenter size-large wp-image-41382\" src=\"https:\/\/cloud.alqueria.es\/wp-content\/uploads\/sites\/9\/2020\/02\/IMG-20200214-WA0003.jpg\" alt=\"\" width=\"474\" height=\"267\" srcset=\"https:\/\/cloud.alqueria.es\/wp-content\/uploads\/sites\/9\/2020\/02\/IMG-20200214-WA0003.jpg 1024w, https:\/\/cloud.alqueria.es\/wp-content\/uploads\/sites\/9\/2020\/02\/IMG-20200214-WA0003.jpg 300w, https:\/\/cloud.alqueria.es\/wp-content\/uploads\/sites\/9\/2020\/02\/IMG-20200214-WA0003.jpg 768w\" sizes=\"(max-width: 474px) 100vw, 474px\" \/><\/p>\n<p>Por otro lado, os contar\u00e9 que nuestra asamblea ha sido hoy especial porque Gael ha tra\u00eddo de casa para compartir con todos los compa\u00f1eros\/as unos ricos limones, con los que haremos limonada, y un bizcocho riqu\u00ediiiiiiiisimo. \u00a1Gracias familia!, nos ha encantado.<\/p>\n<p><img decoding=\"async\" data-attachment-id=\"41383\" data-permalink=\"https:\/\/www.alqueria.es\/blogs\/alqueriaamarillanaranja\/2020\/02\/14\/una-semana-mas-2\/img-20200214-wa0005\/\" data-orig-file=\"https:\/\/cloud.alqueria.es\/wp-content\/uploads\/sites\/9\/2020\/02\/IMG-20200214-WA0005.jpg\" data-orig-size=\"1024,577\" data-comments-opened=\"1\" data-image-meta=\"{&quot;aperture&quot;:&quot;0&quot;,&quot;credit&quot;:&quot;&quot;,&quot;camera&quot;:&quot;&quot;,&quot;caption&quot;:&quot;&quot;,&quot;created_timestamp&quot;:&quot;0&quot;,&quot;copyright&quot;:&quot;&quot;,&quot;focal_length&quot;:&quot;0&quot;,&quot;iso&quot;:&quot;0&quot;,&quot;shutter_speed&quot;:&quot;0&quot;,&quot;title&quot;:&quot;&quot;,&quot;orientation&quot;:&quot;0&quot;}\" data-image-title=\"IMG-20200214-WA0005\" data-image-description=\"\" data-image-caption=\"\" data-large-file=\"https:\/\/cloud.alqueria.es\/wp-content\/uploads\/sites\/9\/2020\/02\/IMG-20200214-WA0005-1024x577.jpg\" class=\"aligncenter size-large wp-image-41383\" src=\"https:\/\/cloud.alqueria.es\/wp-content\/uploads\/sites\/9\/2020\/02\/IMG-20200214-WA0005.jpg\" alt=\"\" width=\"474\" height=\"267\" srcset=\"https:\/\/cloud.alqueria.es\/wp-content\/uploads\/sites\/9\/2020\/02\/IMG-20200214-WA0005.jpg 1024w, https:\/\/cloud.alqueria.es\/wp-content\/uploads\/sites\/9\/2020\/02\/IMG-20200214-WA0005.jpg 300w, https:\/\/cloud.alqueria.es\/wp-content\/uploads\/sites\/9\/2020\/02\/IMG-20200214-WA0005.jpg 768w\" sizes=\"(max-width: 474px) 100vw, 474px\" \/><\/p>\n<p>Y con esto y un bizcocho&#8230; (mejor si es el de Gael) nos despedimos hasta el lunes. Esperamos que pas\u00e9is un estupendo fin de semana.<\/p>\n","protected":false},"excerpt":{"rendered":"<p>Hoy nuestros amarillitos han decidido que la propuesta central de la ma\u00f1ana ser\u00eda la de los beb\u00e9s. Como ya somos tan mayores&#8230;, podemos ocuparnos de cuidar a nuestros propios \u00abhijos\/as\u00bb, jajajaja Les preparan la comida, los ba\u00f1an, los llevan de paseo&#8230;, han estado la mar de atareados toda la ma\u00f1ana. Muy responsables y tambi\u00e9n muy &hellip; <a href=\"https:\/\/www.alqueria.es\/blogs\/alqueriaamarillanaranja\/2020\/02\/14\/una-semana-mas-2\/\" class=\"more-link\">Seguir leyendo <span class=\"screen-reader-text\">Una semana m\u00e1s&#8230;<\/span> <span class=\"meta-nav\">&rarr;<\/span><\/a><\/p>\n","protected":false},"author":23,"featured_media":0,"comment_status":"open","ping_status":"open","sticky":false,"template":"","format":"standard","meta":{"jetpack_post_was_ever_published":false,"_jetpack_newsletter_access":"","_jetpack_dont_email_post_to_subs":false,"_jetpack_newsletter_tier_id":0,"_jetpack_memberships_contains_paywalled_content":false,"_jetpack_memberships_contains_paid_content":false,"footnotes":"","jetpack_publicize_message":"","jetpack_publicize_feature_enabled":true,"jetpack_social_post_already_shared":true,"jetpack_social_options":{"image_generator_settings":{"template":"highway","default_image_id":0,"font":"","enabled":false},"version":2}},"categories":[6,9],"tags":[],"class_list":["post-41380","post","type-post","status-publish","format-standard","hentry","category-clase-amarilla","category-diario-clase-amarilla"],"jetpack_publicize_connections":[],"jetpack_featured_media_url":"","jetpack_sharing_enabled":true,"jetpack_shortlink":"https:\/\/wp.me\/p4lG08-aLq","jetpack-related-posts":[],"_links":{"self":[{"href":"https:\/\/www.alqueria.es\/blogs\/alqueriaamarillanaranja\/wp-json\/wp\/v2\/posts\/41380","targetHints":{"allow":["GET"]}}],"collection":[{"href":"https:\/\/www.alqueria.es\/blogs\/alqueriaamarillanaranja\/wp-json\/wp\/v2\/posts"}],"about":[{"href":"https:\/\/www.alqueria.es\/blogs\/alqueriaamarillanaranja\/wp-json\/wp\/v2\/types\/post"}],"author":[{"embeddable":true,"href":"https:\/\/www.alqueria.es\/blogs\/alqueriaamarillanaranja\/wp-json\/wp\/v2\/users\/23"}],"replies":[{"embeddable":true,"href":"https:\/\/www.alqueria.es\/blogs\/alqueriaamarillanaranja\/wp-json\/wp\/v2\/comments?post=41380"}],"version-history":[{"count":1,"href":"https:\/\/www.alqueria.es\/blogs\/alqueriaamarillanaranja\/wp-json\/wp\/v2\/posts\/41380\/revisions"}],"predecessor-version":[{"id":41384,"href":"https:\/\/www.alqueria.es\/blogs\/alqueriaamarillanaranja\/wp-json\/wp\/v2\/posts\/41380\/revisions\/41384"}],"wp:attachment":[{"href":"https:\/\/www.alqueria.es\/blogs\/alqueriaamarillanaranja\/wp-json\/wp\/v2\/media?parent=41380"}],"wp:term":[{"taxonomy":"category","embeddable":true,"href":"https:\/\/www.alqueria.es\/blogs\/alqueriaamarillanaranja\/wp-json\/wp\/v2\/categories?post=41380"},{"taxonomy":"post_tag","embeddable":true,"href":"https:\/\/www.alqueria.es\/blogs\/alqueriaamarillanaranja\/wp-json\/wp\/v2\/tags?post=41380"}],"curies":[{"name":"wp","href":"https:\/\/api.w.org\/{rel}","templated":true}]}}