{"id":4169,"date":"2013-02-26T15:50:15","date_gmt":"2013-02-26T14:50:15","guid":{"rendered":"http:\/\/alqueriaamarillanaranja.wordpress.com\/?p=4169"},"modified":"2014-02-24T12:44:24","modified_gmt":"2014-02-24T12:44:24","slug":"sembramos-zanahorias-y-coliflores-en-el-huerto","status":"publish","type":"post","link":"https:\/\/www.alqueria.es\/blogs\/alqueriaamarillanaranja\/2013\/02\/26\/sembramos-zanahorias-y-coliflores-en-el-huerto\/","title":{"rendered":"Sembramos zanahorias y coliflores en el huerto"},"content":{"rendered":"<p><span style=\"color:#008000\"><a href=\"http:\/\/alqueriaamarillanaranja.files.wordpress.com\/2013\/02\/accesorios-jardineria11.jpg\"><img decoding=\"async\" data-attachment-id=\"4189\" data-permalink=\"https:\/\/www.alqueria.es\/blogs\/alqueriaamarillanaranja\/accesorios-jardineria1-2\/\" data-orig-file=\"https:\/\/www.alqueria.es\/blogs\/alqueriaamarillanaranja\/wp-content\/uploads\/sites\/9\/2013\/02\/accesorios-jardineria11.jpg\" data-orig-size=\"542,394\" data-comments-opened=\"1\" data-image-meta=\"{&quot;aperture&quot;:&quot;0&quot;,&quot;credit&quot;:&quot;&quot;,&quot;camera&quot;:&quot;&quot;,&quot;caption&quot;:&quot;&quot;,&quot;created_timestamp&quot;:&quot;0&quot;,&quot;copyright&quot;:&quot;&quot;,&quot;focal_length&quot;:&quot;0&quot;,&quot;iso&quot;:&quot;0&quot;,&quot;shutter_speed&quot;:&quot;0&quot;,&quot;title&quot;:&quot;&quot;}\" data-image-title=\"accesorios-jardineria[1]\" data-image-description=\"\" data-image-caption=\"\" data-large-file=\"https:\/\/www.alqueria.es\/blogs\/alqueriaamarillanaranja\/wp-content\/uploads\/sites\/9\/2013\/02\/accesorios-jardineria11.jpg\" class=\"alignleft size-medium wp-image-4189\" alt=\"accesorios-jardineria[1]\" src=\"https:\/\/cloud.alqueria.es\/wp-content\/uploads\/sites\/9\/2013\/02\/accesorios-jardineria111.jpg\" width=\"300\" height=\"218\" \/><\/a>Hoy hemos bajado al huerto para sembrar dos hortalizas de temporada: zanahorias y coliflores. Primero hemos preparado un poquito la tierra removi\u00e9ndola muy bien para que se oxigene (todos han participado con sus palas). Despu\u00e9s hacemos peque\u00f1os caballones en los que cavamos agujeritos en los que introducir las semillas. Luego volvemos a llenar los agujeros de tierra y presionamos un poquito con la pala. Al final hemos regado la tierra para que nuestras semillas empiecen a \u00abcomer\u00bb y crezcan nuestras hortalizas.<\/span><\/p>\n<p><span style=\"color:#008000\"><a href=\"http:\/\/alqueriaamarillanaranja.files.wordpress.com\/2013\/02\/accesorios-jardineria1.jpg\"><span style=\"color:#008000\">Este tipo de actividades\u00a0 les encanta, pues para ellos todo lo que sea manipulativo y que implique experimentaci\u00f3n es realmente significativo.<\/span><\/a><\/span><\/p>\n<p><span style=\"color:#008000\">Cuando subimos del huerto hemos hecho un dibujo\u00a0sobre nuestra experiencia de siembra, formar\u00e1 parte de nuestro cuaderno de campo de este trimestre.<\/span><\/p>\n<p class=\"jetpack-slideshow-noscript robots-nocontent\">El pase de diapositivas requiere JavaScript.<\/p><div id=\"gallery-4169-1-slideshow\" class=\"jetpack-slideshow-window jetpack-slideshow jetpack-slideshow-black\" data-trans=\"fade\" data-autostart=\"1\" data-gallery=\"[{&quot;src&quot;:&quot;https:\\\/\\\/www.alqueria.es\\\/blogs\\\/alqueriaamarillanaranja\\\/wp-content\\\/uploads\\\/sites\\\/9\\\/2013\\\/02\\\/dsc01724.jpg&quot;,&quot;id&quot;:&quot;4190&quot;,&quot;title&quot;:&quot;DSC01724&quot;,&quot;alt&quot;:&quot;&quot;,&quot;caption&quot;:&quot;&quot;,&quot;itemprop&quot;:&quot;image&quot;},{&quot;src&quot;:&quot;https:\\\/\\\/www.alqueria.es\\\/blogs\\\/alqueriaamarillanaranja\\\/wp-content\\\/uploads\\\/sites\\\/9\\\/2013\\\/02\\\/dsc01725.jpg&quot;,&quot;id&quot;:&quot;4191&quot;,&quot;title&quot;:&quot;DSC01725&quot;,&quot;alt&quot;:&quot;&quot;,&quot;caption&quot;:&quot;&quot;,&quot;itemprop&quot;:&quot;image&quot;},{&quot;src&quot;:&quot;https:\\\/\\\/www.alqueria.es\\\/blogs\\\/alqueriaamarillanaranja\\\/wp-content\\\/uploads\\\/sites\\\/9\\\/2013\\\/02\\\/dsc01726.jpg&quot;,&quot;id&quot;:&quot;4192&quot;,&quot;title&quot;:&quot;DSC01726&quot;,&quot;alt&quot;:&quot;&quot;,&quot;caption&quot;:&quot;&quot;,&quot;itemprop&quot;:&quot;image&quot;},{&quot;src&quot;:&quot;https:\\\/\\\/www.alqueria.es\\\/blogs\\\/alqueriaamarillanaranja\\\/wp-content\\\/uploads\\\/sites\\\/9\\\/2013\\\/02\\\/dsc01727.jpg&quot;,&quot;id&quot;:&quot;4193&quot;,&quot;title&quot;:&quot;DSC01727&quot;,&quot;alt&quot;:&quot;&quot;,&quot;caption&quot;:&quot;&quot;,&quot;itemprop&quot;:&quot;image&quot;},{&quot;src&quot;:&quot;https:\\\/\\\/www.alqueria.es\\\/blogs\\\/alqueriaamarillanaranja\\\/wp-content\\\/uploads\\\/sites\\\/9\\\/2013\\\/02\\\/dsc01728.jpg&quot;,&quot;id&quot;:&quot;4194&quot;,&quot;title&quot;:&quot;DSC01728&quot;,&quot;alt&quot;:&quot;&quot;,&quot;caption&quot;:&quot;&quot;,&quot;itemprop&quot;:&quot;image&quot;},{&quot;src&quot;:&quot;https:\\\/\\\/www.alqueria.es\\\/blogs\\\/alqueriaamarillanaranja\\\/wp-content\\\/uploads\\\/sites\\\/9\\\/2013\\\/02\\\/dsc01729.jpg&quot;,&quot;id&quot;:&quot;4195&quot;,&quot;title&quot;:&quot;DSC01729&quot;,&quot;alt&quot;:&quot;&quot;,&quot;caption&quot;:&quot;&quot;,&quot;itemprop&quot;:&quot;image&quot;},{&quot;src&quot;:&quot;https:\\\/\\\/www.alqueria.es\\\/blogs\\\/alqueriaamarillanaranja\\\/wp-content\\\/uploads\\\/sites\\\/9\\\/2013\\\/02\\\/dsc01730.jpg&quot;,&quot;id&quot;:&quot;4196&quot;,&quot;title&quot;:&quot;DSC01730&quot;,&quot;alt&quot;:&quot;&quot;,&quot;caption&quot;:&quot;&quot;,&quot;itemprop&quot;:&quot;image&quot;},{&quot;src&quot;:&quot;https:\\\/\\\/www.alqueria.es\\\/blogs\\\/alqueriaamarillanaranja\\\/wp-content\\\/uploads\\\/sites\\\/9\\\/2013\\\/02\\\/dsc01731.jpg&quot;,&quot;id&quot;:&quot;4197&quot;,&quot;title&quot;:&quot;DSC01731&quot;,&quot;alt&quot;:&quot;&quot;,&quot;caption&quot;:&quot;&quot;,&quot;itemprop&quot;:&quot;image&quot;},{&quot;src&quot;:&quot;https:\\\/\\\/www.alqueria.es\\\/blogs\\\/alqueriaamarillanaranja\\\/wp-content\\\/uploads\\\/sites\\\/9\\\/2013\\\/02\\\/dsc01732.jpg&quot;,&quot;id&quot;:&quot;4198&quot;,&quot;title&quot;:&quot;DSC01732&quot;,&quot;alt&quot;:&quot;&quot;,&quot;caption&quot;:&quot;&quot;,&quot;itemprop&quot;:&quot;image&quot;},{&quot;src&quot;:&quot;https:\\\/\\\/www.alqueria.es\\\/blogs\\\/alqueriaamarillanaranja\\\/wp-content\\\/uploads\\\/sites\\\/9\\\/2013\\\/02\\\/dsc01733.jpg&quot;,&quot;id&quot;:&quot;4199&quot;,&quot;title&quot;:&quot;DSC01733&quot;,&quot;alt&quot;:&quot;&quot;,&quot;caption&quot;:&quot;&quot;,&quot;itemprop&quot;:&quot;image&quot;},{&quot;src&quot;:&quot;https:\\\/\\\/www.alqueria.es\\\/blogs\\\/alqueriaamarillanaranja\\\/wp-content\\\/uploads\\\/sites\\\/9\\\/2013\\\/02\\\/dsc01734.jpg&quot;,&quot;id&quot;:&quot;4200&quot;,&quot;title&quot;:&quot;DSC01734&quot;,&quot;alt&quot;:&quot;&quot;,&quot;caption&quot;:&quot;&quot;,&quot;itemprop&quot;:&quot;image&quot;},{&quot;src&quot;:&quot;https:\\\/\\\/www.alqueria.es\\\/blogs\\\/alqueriaamarillanaranja\\\/wp-content\\\/uploads\\\/sites\\\/9\\\/2013\\\/02\\\/dsc01735.jpg&quot;,&quot;id&quot;:&quot;4201&quot;,&quot;title&quot;:&quot;DSC01735&quot;,&quot;alt&quot;:&quot;&quot;,&quot;caption&quot;:&quot;&quot;,&quot;itemprop&quot;:&quot;image&quot;},{&quot;src&quot;:&quot;https:\\\/\\\/www.alqueria.es\\\/blogs\\\/alqueriaamarillanaranja\\\/wp-content\\\/uploads\\\/sites\\\/9\\\/2013\\\/02\\\/dsc01736.jpg&quot;,&quot;id&quot;:&quot;4202&quot;,&quot;title&quot;:&quot;DSC01736&quot;,&quot;alt&quot;:&quot;&quot;,&quot;caption&quot;:&quot;&quot;,&quot;itemprop&quot;:&quot;image&quot;},{&quot;src&quot;:&quot;https:\\\/\\\/www.alqueria.es\\\/blogs\\\/alqueriaamarillanaranja\\\/wp-content\\\/uploads\\\/sites\\\/9\\\/2013\\\/02\\\/dsc01738.jpg&quot;,&quot;id&quot;:&quot;4204&quot;,&quot;title&quot;:&quot;DSC01738&quot;,&quot;alt&quot;:&quot;&quot;,&quot;caption&quot;:&quot;&quot;,&quot;itemprop&quot;:&quot;image&quot;},{&quot;src&quot;:&quot;https:\\\/\\\/www.alqueria.es\\\/blogs\\\/alqueriaamarillanaranja\\\/wp-content\\\/uploads\\\/sites\\\/9\\\/2013\\\/02\\\/dsc01739.jpg&quot;,&quot;id&quot;:&quot;4205&quot;,&quot;title&quot;:&quot;DSC01739&quot;,&quot;alt&quot;:&quot;&quot;,&quot;caption&quot;:&quot;&quot;,&quot;itemprop&quot;:&quot;image&quot;},{&quot;src&quot;:&quot;https:\\\/\\\/www.alqueria.es\\\/blogs\\\/alqueriaamarillanaranja\\\/wp-content\\\/uploads\\\/sites\\\/9\\\/2013\\\/02\\\/dsc01740.jpg&quot;,&quot;id&quot;:&quot;4206&quot;,&quot;title&quot;:&quot;DSC01740&quot;,&quot;alt&quot;:&quot;&quot;,&quot;caption&quot;:&quot;&quot;,&quot;itemprop&quot;:&quot;image&quot;}]\" itemscope itemtype=\"https:\/\/schema.org\/ImageGallery\"><\/div>\n<p><span style=\"color:#008000\">Esperamos que para el final de la primavera podamos recoger algunos frutos&#8230;..<\/span><\/p>\n<p><span style=\"color:#008000\">Hemos pasado un d\u00eda espl\u00e9ndido. Hasta ma\u00f1ana.<\/span><\/p>\n<p style=\"text-align:right\"><span style=\"color:#008000\">Loli G\u00e1lvez<\/span><\/p>\n","protected":false},"excerpt":{"rendered":"<p>Hoy hemos bajado al huerto para sembrar dos hortalizas de temporada: zanahorias y coliflores. Primero hemos preparado un poquito la tierra removi\u00e9ndola muy bien para que se oxigene (todos han participado con sus palas). Despu\u00e9s hacemos peque\u00f1os caballones en los que cavamos agujeritos en los que introducir las semillas. Luego volvemos a llenar los agujeros &hellip; <a href=\"https:\/\/www.alqueria.es\/blogs\/alqueriaamarillanaranja\/2013\/02\/26\/sembramos-zanahorias-y-coliflores-en-el-huerto\/\" class=\"more-link\">Seguir leyendo <span class=\"screen-reader-text\">Sembramos zanahorias y coliflores en el huerto<\/span> <span class=\"meta-nav\">&rarr;<\/span><\/a><\/p>\n","protected":false},"author":23,"featured_media":0,"comment_status":"open","ping_status":"open","sticky":false,"template":"","format":"standard","meta":{"jetpack_post_was_ever_published":false,"_jetpack_newsletter_access":"","_jetpack_dont_email_post_to_subs":false,"_jetpack_newsletter_tier_id":0,"_jetpack_memberships_contains_paywalled_content":false,"_jetpack_memberships_contains_paid_content":false,"footnotes":"","jetpack_publicize_message":"","jetpack_publicize_feature_enabled":true,"jetpack_social_post_already_shared":true,"jetpack_social_options":{"image_generator_settings":{"template":"highway","default_image_id":0,"font":"","enabled":false},"version":2}},"categories":[7,8,21],"tags":[119],"class_list":["post-4169","post","type-post","status-publish","format-standard","hentry","category-clase-naranja","category-diario","category-talleres-medioambientales","tag-taller-medioambiental"],"jetpack_publicize_connections":[],"jetpack_featured_media_url":"","jetpack_sharing_enabled":true,"jetpack_shortlink":"https:\/\/wp.me\/p4lG08-15f","jetpack-related-posts":[],"_links":{"self":[{"href":"https:\/\/www.alqueria.es\/blogs\/alqueriaamarillanaranja\/wp-json\/wp\/v2\/posts\/4169","targetHints":{"allow":["GET"]}}],"collection":[{"href":"https:\/\/www.alqueria.es\/blogs\/alqueriaamarillanaranja\/wp-json\/wp\/v2\/posts"}],"about":[{"href":"https:\/\/www.alqueria.es\/blogs\/alqueriaamarillanaranja\/wp-json\/wp\/v2\/types\/post"}],"author":[{"embeddable":true,"href":"https:\/\/www.alqueria.es\/blogs\/alqueriaamarillanaranja\/wp-json\/wp\/v2\/users\/23"}],"replies":[{"embeddable":true,"href":"https:\/\/www.alqueria.es\/blogs\/alqueriaamarillanaranja\/wp-json\/wp\/v2\/comments?post=4169"}],"version-history":[{"count":0,"href":"https:\/\/www.alqueria.es\/blogs\/alqueriaamarillanaranja\/wp-json\/wp\/v2\/posts\/4169\/revisions"}],"wp:attachment":[{"href":"https:\/\/www.alqueria.es\/blogs\/alqueriaamarillanaranja\/wp-json\/wp\/v2\/media?parent=4169"}],"wp:term":[{"taxonomy":"category","embeddable":true,"href":"https:\/\/www.alqueria.es\/blogs\/alqueriaamarillanaranja\/wp-json\/wp\/v2\/categories?post=4169"},{"taxonomy":"post_tag","embeddable":true,"href":"https:\/\/www.alqueria.es\/blogs\/alqueriaamarillanaranja\/wp-json\/wp\/v2\/tags?post=4169"}],"curies":[{"name":"wp","href":"https:\/\/api.w.org\/{rel}","templated":true}]}}