{"id":41916,"date":"2020-03-25T12:30:17","date_gmt":"2020-03-25T11:30:17","guid":{"rendered":"http:\/\/www.alqueria.es\/blogs\/alqueriaamarillanaranja\/?p=41916"},"modified":"2020-03-25T12:26:54","modified_gmt":"2020-03-25T11:26:54","slug":"amarillos-continuamos-con-la-semana","status":"publish","type":"post","link":"https:\/\/www.alqueria.es\/blogs\/alqueriaamarillanaranja\/2020\/03\/25\/amarillos-continuamos-con-la-semana\/","title":{"rendered":"\u00a1Amarillos!&#8230;continuamos con la semana"},"content":{"rendered":"<p>\u00a1Buenos d\u00edas amarillitos! Hoy no se ha despertado el sol, se ha<img decoding=\"async\" data-attachment-id=\"41970\" data-permalink=\"https:\/\/www.alqueria.es\/blogs\/alqueriaamarillanaranja\/2020\/03\/25\/amarillos-continuamos-con-la-semana\/46e25ea80256d09b59a4c830ca8598bb\/\" data-orig-file=\"https:\/\/cloud.alqueria.es\/wp-content\/uploads\/sites\/9\/2020\/03\/46e25ea80256d09b59a4c830ca8598bb.gif\" data-orig-size=\"360,640\" data-comments-opened=\"1\" data-image-meta=\"{&quot;aperture&quot;:&quot;0&quot;,&quot;credit&quot;:&quot;&quot;,&quot;camera&quot;:&quot;&quot;,&quot;caption&quot;:&quot;&quot;,&quot;created_timestamp&quot;:&quot;0&quot;,&quot;copyright&quot;:&quot;&quot;,&quot;focal_length&quot;:&quot;0&quot;,&quot;iso&quot;:&quot;0&quot;,&quot;shutter_speed&quot;:&quot;0&quot;,&quot;title&quot;:&quot;&quot;,&quot;orientation&quot;:&quot;0&quot;}\" data-image-title=\"46e25ea80256d09b59a4c830ca8598bb\" data-image-description=\"\" data-image-caption=\"\" data-large-file=\"https:\/\/cloud.alqueria.es\/wp-content\/uploads\/sites\/9\/2020\/03\/46e25ea80256d09b59a4c830ca8598bb.gif\" class=\"alignright size-medium wp-image-41970\" src=\"https:\/\/cloud.alqueria.es\/wp-content\/uploads\/sites\/9\/2020\/03\/46e25ea80256d09b59a4c830ca8598bb.gif\" alt=\"\" width=\"169\" height=\"300\" \/> quedado dormido y hemos amanecido con un cielo lleno de nubes&#8230;, pero a nosotros no nos importa, porque lo vamos a pasar igual de bien \ud83d\ude09<\/p>\n<p>Empezamos el d\u00eda con un poquito de ritmo con el que adem\u00e1s de trabajar musicalmente, pondremos en marcha nuestro cuerpo y ejercitaremos habilidades como la coordinaci\u00f3n y la espacialidad. Pod\u00e9is realizar estos juegos con vuestros hermanos mayores o con pap\u00e1 y mam\u00e1, igualmente lo pasar\u00e9is fenomenal:<\/p>\n<p><span class=\"embed-youtube\" style=\"text-align:center; display: block;\"><div class=\"a25-CTUOC-hidding-box\" data-original-content=\"&lt;iframe loading=&quot;lazy&quot; class=&quot;youtube-player&quot; width=&quot;474&quot; height=&quot;267&quot; src=&quot;https:\/\/www.youtube.com\/embed\/gy8jyGRUR-8?version=3&amp;#038;rel=1&amp;#038;showsearch=0&amp;#038;showinfo=1&amp;#038;iv_load_policy=1&amp;#038;fs=1&amp;#038;hl=es-ES&amp;#038;autohide=2&amp;#038;wmode=transparent&quot; allowfullscreen=&quot;true&quot; style=&quot;border:0;&quot; sandbox=&quot;allow-scripts allow-same-origin allow-popups allow-presentation allow-popups-to-escape-sandbox&quot;&gt;&lt;\/iframe&gt;\">Esta p\u00e1gina incluye contenido multimedia que requiere aceptar todas las cookies. Pulse aqu\u00ed para abrir la configuraci\u00f3n de cookies.<\/div><\/span><\/p>\n<p><span class=\"embed-youtube\" style=\"text-align:center; display: block;\"><div class=\"a25-CTUOC-hidding-box\" data-original-content=\"&lt;iframe loading=&quot;lazy&quot; class=&quot;youtube-player&quot; width=&quot;474&quot; height=&quot;267&quot; src=&quot;https:\/\/www.youtube.com\/embed\/6RcR1WsxYpA?version=3&amp;#038;rel=1&amp;#038;showsearch=0&amp;#038;showinfo=1&amp;#038;iv_load_policy=1&amp;#038;fs=1&amp;#038;hl=es-ES&amp;#038;autohide=2&amp;#038;wmode=transparent&quot; allowfullscreen=&quot;true&quot; style=&quot;border:0;&quot; sandbox=&quot;allow-scripts allow-same-origin allow-popups allow-presentation allow-popups-to-escape-sandbox&quot;&gt;&lt;\/iframe&gt;\">Esta p\u00e1gina incluye contenido multimedia que requiere aceptar todas las cookies. Pulse aqu\u00ed para abrir la configuraci\u00f3n de cookies.<\/div><\/span><\/p>\n<p>Ahora os proponemos otra forma de trabajar la motricidad y la coordinaci\u00f3n \u00f3culo manual, pero esta vez unida a un taller&#8230;<\/p>\n<p>Os vamos a ense\u00f1ar una divertida forma de reutilizar los rollos del papel higi\u00e9nico una vez est\u00e1n acabados, as\u00ed adem\u00e1s generamos menos residuos que van al cubo de la basura. \u00a1Un taller \u00fatil y entretenido! Seguro que vuestros peque\u00f1os pasaran ratos y ratos jugando con \u00e9l, solamente ten\u00e9is que hacer lo que muestra la foto, es muy sencillo. Si en casa no ten\u00e9is canicas, pod\u00e9is hacer una bolita con papel de aluminio, \u00a1creatividad al poder!<\/p>\n<p><img decoding=\"async\" data-attachment-id=\"41972\" data-permalink=\"https:\/\/www.alqueria.es\/blogs\/alqueriaamarillanaranja\/2020\/03\/25\/amarillos-continuamos-con-la-semana\/bf891c3bbdfa64d8c9576f5ecee0ed57\/\" data-orig-file=\"https:\/\/cloud.alqueria.es\/wp-content\/uploads\/sites\/9\/2020\/03\/bf891c3bbdfa64d8c9576f5ecee0ed57.jpg\" data-orig-size=\"235,294\" data-comments-opened=\"1\" data-image-meta=\"{&quot;aperture&quot;:&quot;0&quot;,&quot;credit&quot;:&quot;&quot;,&quot;camera&quot;:&quot;&quot;,&quot;caption&quot;:&quot;&quot;,&quot;created_timestamp&quot;:&quot;0&quot;,&quot;copyright&quot;:&quot;&quot;,&quot;focal_length&quot;:&quot;0&quot;,&quot;iso&quot;:&quot;0&quot;,&quot;shutter_speed&quot;:&quot;0&quot;,&quot;title&quot;:&quot;&quot;,&quot;orientation&quot;:&quot;0&quot;}\" data-image-title=\"bf891c3bbdfa64d8c9576f5ecee0ed57\" data-image-description=\"\" data-image-caption=\"\" data-large-file=\"https:\/\/cloud.alqueria.es\/wp-content\/uploads\/sites\/9\/2020\/03\/bf891c3bbdfa64d8c9576f5ecee0ed57.jpg\" class=\"aligncenter size-full wp-image-41972\" src=\"https:\/\/cloud.alqueria.es\/wp-content\/uploads\/sites\/9\/2020\/03\/bf891c3bbdfa64d8c9576f5ecee0ed57.jpg\" alt=\"\" width=\"235\" height=\"294\" \/><\/p>\n<p>Para el trabajo lectoescritor, en esta ocasi\u00f3n os proponemos una <img decoding=\"async\" data-attachment-id=\"41974\" data-permalink=\"https:\/\/www.alqueria.es\/blogs\/alqueriaamarillanaranja\/2020\/03\/25\/amarillos-continuamos-con-la-semana\/a8f4fd89b01004b9fb2b812e8fa59e76\/\" data-orig-file=\"https:\/\/cloud.alqueria.es\/wp-content\/uploads\/sites\/9\/2020\/03\/a8f4fd89b01004b9fb2b812e8fa59e76.jpg\" data-orig-size=\"236,236\" data-comments-opened=\"1\" data-image-meta=\"{&quot;aperture&quot;:&quot;0&quot;,&quot;credit&quot;:&quot;&quot;,&quot;camera&quot;:&quot;&quot;,&quot;caption&quot;:&quot;&quot;,&quot;created_timestamp&quot;:&quot;0&quot;,&quot;copyright&quot;:&quot;&quot;,&quot;focal_length&quot;:&quot;0&quot;,&quot;iso&quot;:&quot;0&quot;,&quot;shutter_speed&quot;:&quot;0&quot;,&quot;title&quot;:&quot;&quot;,&quot;orientation&quot;:&quot;0&quot;}\" data-image-title=\"a8f4fd89b01004b9fb2b812e8fa59e76\" data-image-description=\"\" data-image-caption=\"\" data-large-file=\"https:\/\/cloud.alqueria.es\/wp-content\/uploads\/sites\/9\/2020\/03\/a8f4fd89b01004b9fb2b812e8fa59e76.jpg\" class=\"alignleft wp-image-41974\" src=\"https:\/\/cloud.alqueria.es\/wp-content\/uploads\/sites\/9\/2020\/03\/a8f4fd89b01004b9fb2b812e8fa59e76.jpg\" alt=\"\" width=\"197\" height=\"197\" srcset=\"https:\/\/cloud.alqueria.es\/wp-content\/uploads\/sites\/9\/2020\/03\/a8f4fd89b01004b9fb2b812e8fa59e76.jpg 236w, https:\/\/cloud.alqueria.es\/wp-content\/uploads\/sites\/9\/2020\/03\/a8f4fd89b01004b9fb2b812e8fa59e76.jpg 150w\" sizes=\"(max-width: 197px) 100vw, 197px\" \/>idea que creemos que os va a gustar y os va a sacar de la rutina. Se trata de inventar nuestros propios cuentos partiendo de una serie de orientaciones dadas. Como pod\u00e9is ver en la fotograf\u00eda, han usado piedras de la playa, nosotros en casa (si no tenemos&#8230;) podemos usar trocitos de papel donde dibujaremos lo que queramos. Es importante que haya varias tarjetas de personajes, otras de lugares y otras de acciones, de esta forma podr\u00e9is dar forma a vuestra historia \u00abdentro de vuestra cabeza\u00bb. Deb\u00e9is dar la oportunidad tambi\u00e9n a vuestros hijos para que inventen, se trata de un ejercicio buen\u00edsimo para fomentar la imaginaci\u00f3n y el pensamiento creativo. \u00a1\u00c1nimo, seguro que sois unos magn\u00edficos cuentacuentos!<\/p>\n<p>Y para seguir desarrollando nuestra parte art\u00edstica, hoy os traemos un taller con el que cumplimos tambi\u00e9n los objetivos propios de la<img decoding=\"async\" data-attachment-id=\"41976\" data-permalink=\"https:\/\/www.alqueria.es\/blogs\/alqueriaamarillanaranja\/2020\/03\/25\/amarillos-continuamos-con-la-semana\/077ab3eb0597d5b8f4a6fb761f5f40d1\/\" data-orig-file=\"https:\/\/cloud.alqueria.es\/wp-content\/uploads\/sites\/9\/2020\/03\/077ab3eb0597d5b8f4a6fb761f5f40d1.jpg\" data-orig-size=\"236,327\" data-comments-opened=\"1\" data-image-meta=\"{&quot;aperture&quot;:&quot;0&quot;,&quot;credit&quot;:&quot;&quot;,&quot;camera&quot;:&quot;&quot;,&quot;caption&quot;:&quot;&quot;,&quot;created_timestamp&quot;:&quot;0&quot;,&quot;copyright&quot;:&quot;&quot;,&quot;focal_length&quot;:&quot;0&quot;,&quot;iso&quot;:&quot;0&quot;,&quot;shutter_speed&quot;:&quot;0&quot;,&quot;title&quot;:&quot;&quot;,&quot;orientation&quot;:&quot;0&quot;}\" data-image-title=\"077ab3eb0597d5b8f4a6fb761f5f40d1\" data-image-description=\"\" data-image-caption=\"\" data-large-file=\"https:\/\/cloud.alqueria.es\/wp-content\/uploads\/sites\/9\/2020\/03\/077ab3eb0597d5b8f4a6fb761f5f40d1.jpg\" class=\"alignright size-medium wp-image-41976\" src=\"https:\/\/cloud.alqueria.es\/wp-content\/uploads\/sites\/9\/2020\/03\/077ab3eb0597d5b8f4a6fb761f5f40d1.jpg\" alt=\"\" width=\"217\" height=\"300\" srcset=\"https:\/\/cloud.alqueria.es\/wp-content\/uploads\/sites\/9\/2020\/03\/077ab3eb0597d5b8f4a6fb761f5f40d1.jpg 236w, https:\/\/cloud.alqueria.es\/wp-content\/uploads\/sites\/9\/2020\/03\/077ab3eb0597d5b8f4a6fb761f5f40d1.jpg 217w\" sizes=\"(max-width: 217px) 100vw, 217px\" \/> pintura de mandalas, pero esta vez aplicados a trav\u00e9s de un dibujo mural en el que pod\u00e9is colaborar toda la familia.<\/p>\n<p>Solamente ten\u00e9is que realizar trazos desordenados sobre un papel de manera que consig\u00e1is un dibujo entramado en el que colorear\u00e9is cada una de sus partes de un color diferente. Pod\u00e9is usar el material que m\u00e1s os guste: l\u00e1pices, rotuladores, ceras, acuarela&#8230; Lo importante en ning\u00fan caso ser\u00e1 el resultado, sino el proceso, el momento que compartir\u00e9is. Y si adem\u00e1s quer\u00e9is que sea una actividad que os proporcione calma, pod\u00e9is poner de fondo la siguiente selecci\u00f3n de m\u00fasica:<\/p>\n<p><span class=\"embed-youtube\" style=\"text-align:center; display: block;\"><div class=\"a25-CTUOC-hidding-box\" data-original-content=\"&lt;iframe loading=&quot;lazy&quot; class=&quot;youtube-player&quot; width=&quot;474&quot; height=&quot;267&quot; src=&quot;https:\/\/www.youtube.com\/embed\/smDO3Xd6Rvc?version=3&amp;#038;rel=1&amp;#038;showsearch=0&amp;#038;showinfo=1&amp;#038;iv_load_policy=1&amp;#038;fs=1&amp;#038;hl=es-ES&amp;#038;autohide=2&amp;#038;wmode=transparent&quot; allowfullscreen=&quot;true&quot; style=&quot;border:0;&quot; sandbox=&quot;allow-scripts allow-same-origin allow-popups allow-presentation allow-popups-to-escape-sandbox&quot;&gt;&lt;\/iframe&gt;\">Esta p\u00e1gina incluye contenido multimedia que requiere aceptar todas las cookies. Pulse aqu\u00ed para abrir la configuraci\u00f3n de cookies.<\/div><\/span><\/p>\n<p>Con esto nos despedimos hasta el viernes&#8230;, esperamos que disfrut\u00e9is de todas las actividades y que os anim\u00e9is a contarnos c\u00f3mo os va a trav\u00e9s de los comentarios al blog.<\/p>\n<p>\u00a1Besos para todos y todas!<\/p>\n","protected":false},"excerpt":{"rendered":"<p>\u00a1Buenos d\u00edas amarillitos! Hoy no se ha despertado el sol, se ha quedado dormido y hemos amanecido con un cielo lleno de nubes&#8230;, pero a nosotros no nos importa, porque lo vamos a pasar igual de bien \ud83d\ude09 Empezamos el d\u00eda con un poquito de ritmo con el que adem\u00e1s de trabajar musicalmente, pondremos en &hellip; <a href=\"https:\/\/www.alqueria.es\/blogs\/alqueriaamarillanaranja\/2020\/03\/25\/amarillos-continuamos-con-la-semana\/\" class=\"more-link\">Seguir leyendo <span class=\"screen-reader-text\">\u00a1Amarillos!&#8230;continuamos con la semana<\/span> <span class=\"meta-nav\">&rarr;<\/span><\/a><\/p>\n","protected":false},"author":23,"featured_media":0,"comment_status":"open","ping_status":"open","sticky":false,"template":"","format":"standard","meta":{"jetpack_post_was_ever_published":false,"_jetpack_newsletter_access":"","_jetpack_dont_email_post_to_subs":false,"_jetpack_newsletter_tier_id":0,"_jetpack_memberships_contains_paywalled_content":false,"_jetpack_memberships_contains_paid_content":false,"footnotes":"","jetpack_publicize_message":"","jetpack_publicize_feature_enabled":true,"jetpack_social_post_already_shared":true,"jetpack_social_options":{"image_generator_settings":{"template":"highway","default_image_id":0,"font":"","enabled":false},"version":2}},"categories":[6,9],"tags":[621],"class_list":["post-41916","post","type-post","status-publish","format-standard","hentry","category-clase-amarilla","category-diario-clase-amarilla","tag-cole-encasa"],"jetpack_publicize_connections":[],"jetpack_featured_media_url":"","jetpack_sharing_enabled":true,"jetpack_shortlink":"https:\/\/wp.me\/p4lG08-aU4","jetpack-related-posts":[],"_links":{"self":[{"href":"https:\/\/www.alqueria.es\/blogs\/alqueriaamarillanaranja\/wp-json\/wp\/v2\/posts\/41916","targetHints":{"allow":["GET"]}}],"collection":[{"href":"https:\/\/www.alqueria.es\/blogs\/alqueriaamarillanaranja\/wp-json\/wp\/v2\/posts"}],"about":[{"href":"https:\/\/www.alqueria.es\/blogs\/alqueriaamarillanaranja\/wp-json\/wp\/v2\/types\/post"}],"author":[{"embeddable":true,"href":"https:\/\/www.alqueria.es\/blogs\/alqueriaamarillanaranja\/wp-json\/wp\/v2\/users\/23"}],"replies":[{"embeddable":true,"href":"https:\/\/www.alqueria.es\/blogs\/alqueriaamarillanaranja\/wp-json\/wp\/v2\/comments?post=41916"}],"version-history":[{"count":8,"href":"https:\/\/www.alqueria.es\/blogs\/alqueriaamarillanaranja\/wp-json\/wp\/v2\/posts\/41916\/revisions"}],"predecessor-version":[{"id":41977,"href":"https:\/\/www.alqueria.es\/blogs\/alqueriaamarillanaranja\/wp-json\/wp\/v2\/posts\/41916\/revisions\/41977"}],"wp:attachment":[{"href":"https:\/\/www.alqueria.es\/blogs\/alqueriaamarillanaranja\/wp-json\/wp\/v2\/media?parent=41916"}],"wp:term":[{"taxonomy":"category","embeddable":true,"href":"https:\/\/www.alqueria.es\/blogs\/alqueriaamarillanaranja\/wp-json\/wp\/v2\/categories?post=41916"},{"taxonomy":"post_tag","embeddable":true,"href":"https:\/\/www.alqueria.es\/blogs\/alqueriaamarillanaranja\/wp-json\/wp\/v2\/tags?post=41916"}],"curies":[{"name":"wp","href":"https:\/\/api.w.org\/{rel}","templated":true}]}}