{"id":41965,"date":"2020-03-27T08:30:28","date_gmt":"2020-03-27T07:30:28","guid":{"rendered":"http:\/\/www.alqueria.es\/blogs\/alqueriaamarillanaranja\/?p=41965"},"modified":"2020-03-27T11:06:20","modified_gmt":"2020-03-27T10:06:20","slug":"terminamos-una-semana-mas","status":"publish","type":"post","link":"https:\/\/www.alqueria.es\/blogs\/alqueriaamarillanaranja\/2020\/03\/27\/terminamos-una-semana-mas\/","title":{"rendered":"\u00a1Terminamos una semana m\u00e1s!"},"content":{"rendered":"<p>Buenos d\u00edas NARANJITAS:<img decoding=\"async\" data-attachment-id=\"41996\" data-permalink=\"https:\/\/www.alqueria.es\/blogs\/alqueriaamarillanaranja\/2020\/03\/27\/terminamos-una-semana-mas\/screenshot_20200326-2243282\/\" data-orig-file=\"https:\/\/cloud.alqueria.es\/wp-content\/uploads\/sites\/9\/2020\/03\/Screenshot_20200326-2243282.jpg\" data-orig-size=\"1024,792\" data-comments-opened=\"1\" data-image-meta=\"{&quot;aperture&quot;:&quot;0&quot;,&quot;credit&quot;:&quot;&quot;,&quot;camera&quot;:&quot;&quot;,&quot;caption&quot;:&quot;&quot;,&quot;created_timestamp&quot;:&quot;0&quot;,&quot;copyright&quot;:&quot;&quot;,&quot;focal_length&quot;:&quot;0&quot;,&quot;iso&quot;:&quot;0&quot;,&quot;shutter_speed&quot;:&quot;0&quot;,&quot;title&quot;:&quot;&quot;,&quot;orientation&quot;:&quot;0&quot;}\" data-image-title=\"Screenshot_20200326-224328~2\" data-image-description=\"\" data-image-caption=\"\" data-large-file=\"https:\/\/cloud.alqueria.es\/wp-content\/uploads\/sites\/9\/2020\/03\/Screenshot_20200326-2243282-1024x792.jpg\" class=\"alignright size-medium wp-image-41996\" src=\"https:\/\/cloud.alqueria.es\/wp-content\/uploads\/sites\/9\/2020\/03\/Screenshot_20200326-2243282.jpg\" alt=\"\" width=\"300\" height=\"232\" srcset=\"https:\/\/cloud.alqueria.es\/wp-content\/uploads\/sites\/9\/2020\/03\/Screenshot_20200326-2243282.jpg 1024w, https:\/\/cloud.alqueria.es\/wp-content\/uploads\/sites\/9\/2020\/03\/Screenshot_20200326-2243282.jpg 300w, https:\/\/cloud.alqueria.es\/wp-content\/uploads\/sites\/9\/2020\/03\/Screenshot_20200326-2243282.jpg 768w\" sizes=\"(max-width: 300px) 100vw, 300px\" \/><\/p>\n<p>Llega el fin de semana y el <span style=\"color: #ff6600\">profe Alberto<\/span> y yo\u00a0 os \u00a0proponemos\u00a0 diferentes ideas de actividades\u00a0 divertid\u00edsimas. \u00a1Disfrutad del tiempo de calidad junto a vuestras familias chic@s!<\/p>\n<h6><span style=\"font-family: Tahoma, sans-serif\"><span style=\"font-size: small\">Hola a todas las familias de \u00e9sta etapa de Infantil y a mis queridos alumnos y alumnas. Como ya sabr\u00e9is, estamos pasando por unos d\u00edas dif\u00edciles en nuestras vidas, y una forma de tener el cerebro activo es tener el cuerpo activo y esto se puede hacer desde las casas teniendo mucha imaginaci\u00f3n y mucha paciencia. No podemos estar en nuestro patio, ni en nuestra clase de usos m\u00faltiples, ni en nuestra pista deportiva jugando, pero aunque estemos en casa podemos seguir estando activos pero de otra forma.<\/span><\/span><\/h6>\n<h6><span style=\"font-family: Tahoma, sans-serif\"><span style=\"font-size: small\"><u>Circuito de Habilidades<\/u><\/span><\/span><span style=\"font-family: Tahoma, sans-serif\"><span style=\"font-size: small\">: Coordinaci\u00f3n \u00f3culo-mano, desplazamientos, multi-saltos, reptaciones, lanzamientos y coordinaci\u00f3n din\u00e1mica general<\/span><\/span><\/h6>\n<h6><a href=\"https:\/\/youtu.be\/Gn7k_xNXYBc\">https:\/\/youtu.be\/Gn7k_xNXYBc<\/a><\/h6>\n<h6><span style=\"font-family: Tahoma, sans-serif\"><span style=\"font-size: small\"><u>\u00a0\u00bfEn qu\u00e9 animal estoy pensando?<\/u><\/span><\/span><\/h6>\n<h6><span style=\"font-family: Tahoma, sans-serif\"><span style=\"font-size: small\">Un ni\u00f1o elige un animal y, sin dec\u00edrselo a nadie, lo imita a la vista de todos. El que lo adivine ocupar\u00e1 su lugar. Y as\u00ed sucesivamente. No vale hablar, solo gesticular y hacer sonidos. Y cuando termine el juego:<\/span><\/span><\/h6>\n<h6 style=\"text-align: center\">\u00a1Adivina los sonidos de Animales!<\/h6>\n<p><span class=\"embed-youtube\" style=\"text-align:center; display: block;\"><div class=\"a25-CTUOC-hidding-box\" data-original-content=\"&lt;iframe loading=&quot;lazy&quot; class=&quot;youtube-player&quot; width=&quot;474&quot; height=&quot;267&quot; src=&quot;https:\/\/www.youtube.com\/embed\/p6uzxgPmKy4?version=3&amp;#038;rel=1&amp;#038;showsearch=0&amp;#038;showinfo=1&amp;#038;iv_load_policy=1&amp;#038;fs=1&amp;#038;hl=es-ES&amp;#038;autohide=2&amp;#038;wmode=transparent&quot; allowfullscreen=&quot;true&quot; style=&quot;border:0;&quot; sandbox=&quot;allow-scripts allow-same-origin allow-popups allow-presentation allow-popups-to-escape-sandbox&quot;&gt;&lt;\/iframe&gt;\">Esta p\u00e1gina incluye contenido multimedia que requiere aceptar todas las cookies. Pulse aqu\u00ed para abrir la configuraci\u00f3n de cookies.<\/div><\/span><\/p>\n<h6><span style=\"font-family: Tahoma, sans-serif\"><span style=\"font-size: small\"><u>Pisar papeles<\/u><\/span><\/span><\/h6>\n<h6><span style=\"font-family: Tahoma, sans-serif\"><span style=\"font-size: small\">Un mont\u00f3n de folios esparcidos por el suelo de una habitaci\u00f3n pueden servirnos para que ejerciten su sentido del equilibrio. Los ni\u00f1os han de atravesar el cuarto saltando de hoja en hoja, sin que los pies toquen el suelo. Podemos ir separando los papeles cada vez m\u00e1s.<\/span><\/span><\/h6>\n<h6>No lo olvid\u00e9is, la Educaci\u00f3n F\u00edsica es muy importante en nuestras vidas. Seg\u00fan los resultados de los \u00faltimos estudios de la OMS, la esperanza de vida bajar\u00e1 en las pr\u00f3ximas generaciones si los ni\u00f1os y ni\u00f1as siguen siendo tan sedentarios. Por ello, aunque la situaci\u00f3n vivida por el Coronavirus (COVID-19) nos obliga a mantener ciertas responsabilidades, no debemos olvidar un tramo del d\u00eda para jugar o realizar actividad f\u00edsica de diferente \u00edndole.<\/h6>\n<h6>\u00a1Espero que os sirva y ayude! Y nos vemos pronto por el cole.<\/h6>\n<h6>Un saludo: Alberto Castro.<\/h6>\n<p>Hoy os animo a escuchar el video-cuento de \u00abLa cebra Camila:<\/p>\n<p style=\"text-align: center\"><span style=\"color: #ff6600\">COMPARTIR ES VIVIR NARANJITAS<\/span><\/p>\n<p><span class=\"embed-youtube\" style=\"text-align:center; display: block;\"><div class=\"a25-CTUOC-hidding-box\" data-original-content=\"&lt;iframe loading=&quot;lazy&quot; class=&quot;youtube-player&quot; width=&quot;474&quot; height=&quot;267&quot; src=&quot;https:\/\/www.youtube.com\/embed\/BiIk_OnREt0?version=3&amp;#038;rel=1&amp;#038;showsearch=0&amp;#038;showinfo=1&amp;#038;iv_load_policy=1&amp;#038;fs=1&amp;#038;hl=es-ES&amp;#038;autohide=2&amp;#038;wmode=transparent&quot; allowfullscreen=&quot;true&quot; style=&quot;border:0;&quot; sandbox=&quot;allow-scripts allow-same-origin allow-popups allow-presentation allow-popups-to-escape-sandbox&quot;&gt;&lt;\/iframe&gt;\">Esta p\u00e1gina incluye contenido multimedia que requiere aceptar todas las cookies. Pulse aqu\u00ed para abrir la configuraci\u00f3n de cookies.<\/div><\/span><\/p>\n<p>Para bailar\u00a0 en \u00a0familia:<\/p>\n<p><span class=\"embed-youtube\" style=\"text-align:center; display: block;\"><div class=\"a25-CTUOC-hidding-box\" data-original-content=\"&lt;iframe loading=&quot;lazy&quot; class=&quot;youtube-player&quot; width=&quot;474&quot; height=&quot;267&quot; src=&quot;https:\/\/www.youtube.com\/embed\/pgzXRKtg6ik?version=3&amp;#038;rel=1&amp;#038;showsearch=0&amp;#038;showinfo=1&amp;#038;iv_load_policy=1&amp;#038;fs=1&amp;#038;hl=es-ES&amp;#038;autohide=2&amp;#038;wmode=transparent&quot; allowfullscreen=&quot;true&quot; style=&quot;border:0;&quot; sandbox=&quot;allow-scripts allow-same-origin allow-popups allow-presentation allow-popups-to-escape-sandbox&quot;&gt;&lt;\/iframe&gt;\">Esta p\u00e1gina incluye contenido multimedia que requiere aceptar todas las cookies. Pulse aqu\u00ed para abrir la configuraci\u00f3n de cookies.<\/div><\/span><\/p>\n<p><span style=\"color: #ff6600\">Y para terminar <\/span>propongo\u00a0 <img decoding=\"async\" data-attachment-id=\"41992\" data-permalink=\"https:\/\/www.alqueria.es\/blogs\/alqueriaamarillanaranja\/2020\/03\/27\/terminamos-una-semana-mas\/screenshot_20200326-2319032\/\" data-orig-file=\"https:\/\/cloud.alqueria.es\/wp-content\/uploads\/sites\/9\/2020\/03\/Screenshot_20200326-2319032.png\" data-orig-size=\"552,593\" data-comments-opened=\"1\" data-image-meta=\"{&quot;aperture&quot;:&quot;0&quot;,&quot;credit&quot;:&quot;&quot;,&quot;camera&quot;:&quot;&quot;,&quot;caption&quot;:&quot;&quot;,&quot;created_timestamp&quot;:&quot;0&quot;,&quot;copyright&quot;:&quot;&quot;,&quot;focal_length&quot;:&quot;0&quot;,&quot;iso&quot;:&quot;0&quot;,&quot;shutter_speed&quot;:&quot;0&quot;,&quot;title&quot;:&quot;&quot;,&quot;orientation&quot;:&quot;0&quot;}\" data-image-title=\"Screenshot_20200326-231903~2\" data-image-description=\"\" data-image-caption=\"\" data-large-file=\"https:\/\/cloud.alqueria.es\/wp-content\/uploads\/sites\/9\/2020\/03\/Screenshot_20200326-2319032.png\" class=\"alignright size-medium wp-image-41992\" src=\"https:\/\/cloud.alqueria.es\/wp-content\/uploads\/sites\/9\/2020\/03\/Screenshot_20200326-2319032.png\" alt=\"\" width=\"279\" height=\"300\" srcset=\"https:\/\/cloud.alqueria.es\/wp-content\/uploads\/sites\/9\/2020\/03\/Screenshot_20200326-2319032.png 552w, https:\/\/cloud.alqueria.es\/wp-content\/uploads\/sites\/9\/2020\/03\/Screenshot_20200326-2319032.png 279w\" sizes=\"(max-width: 279px) 100vw, 279px\" \/>MASAJES DE PELUQUER\u00cdA , \u00bfQui\u00e9n se atreve?:<strong>\u00a0<\/strong><\/p>\n<ul>\n<li>Acariciar suavemente el pelo.<\/li>\n<li>Imaginar que echamos champ\u00fa y masajear toda la cabeza, la nuca y detr\u00e1s de las orejas.<\/li>\n<li>Simular el agua produciendo su sonido \u00abShhsssss\u00bb mientras acaricias el pelo hacia abajo.<\/li>\n<li>Soplar para secar el pelo.<\/li>\n<li>Peinar con los dedos de la manos abri\u00e9ndolos como si fuesen un peine.<\/li>\n<li>Terminar el masaje con un abrazo y un beso.<\/li>\n<\/ul>\n<h6 style=\"text-align: center\">La piel es el mayor y m\u00e1s poderoso sistema de comunicaci\u00f3n de que disponemos; a trav\u00e9s del tacto se transmiten infinidad de mensajes del medio externo al interno (el cerebro). El masaje favorece la capacidad para recibir los est\u00edmulos y aumenta el umbral de percepci\u00f3n de \u00e9stos, fomentando una mejor capacidad de aprendizaje.<\/h6>\n<p><img decoding=\"async\" data-attachment-id=\"41993\" data-permalink=\"https:\/\/www.alqueria.es\/blogs\/alqueriaamarillanaranja\/2020\/03\/27\/terminamos-una-semana-mas\/screenshot_20200326-2316522\/\" data-orig-file=\"https:\/\/cloud.alqueria.es\/wp-content\/uploads\/sites\/9\/2020\/03\/Screenshot_20200326-2316522.jpg\" data-orig-size=\"1024,834\" data-comments-opened=\"1\" data-image-meta=\"{&quot;aperture&quot;:&quot;0&quot;,&quot;credit&quot;:&quot;&quot;,&quot;camera&quot;:&quot;&quot;,&quot;caption&quot;:&quot;&quot;,&quot;created_timestamp&quot;:&quot;0&quot;,&quot;copyright&quot;:&quot;&quot;,&quot;focal_length&quot;:&quot;0&quot;,&quot;iso&quot;:&quot;0&quot;,&quot;shutter_speed&quot;:&quot;0&quot;,&quot;title&quot;:&quot;&quot;,&quot;orientation&quot;:&quot;0&quot;}\" data-image-title=\"Screenshot_20200326-231652~2\" data-image-description=\"\" data-image-caption=\"\" data-large-file=\"https:\/\/cloud.alqueria.es\/wp-content\/uploads\/sites\/9\/2020\/03\/Screenshot_20200326-2316522-1024x834.jpg\" class=\"size-medium wp-image-41993 aligncenter\" src=\"https:\/\/cloud.alqueria.es\/wp-content\/uploads\/sites\/9\/2020\/03\/Screenshot_20200326-2316522.jpg\" alt=\"\" width=\"300\" height=\"244\" srcset=\"https:\/\/cloud.alqueria.es\/wp-content\/uploads\/sites\/9\/2020\/03\/Screenshot_20200326-2316522.jpg 1024w, https:\/\/cloud.alqueria.es\/wp-content\/uploads\/sites\/9\/2020\/03\/Screenshot_20200326-2316522.jpg 300w, https:\/\/cloud.alqueria.es\/wp-content\/uploads\/sites\/9\/2020\/03\/Screenshot_20200326-2316522.jpg 768w\" sizes=\"(max-width: 300px) 100vw, 300px\" \/><\/p>\n<h6>Deseo que pas\u00e9is un feliz fin de semana. \u00a1El lunes nos vemos,jajaja!<\/h6>\n<h6>Besos naranjitas.<\/h6>\n<p>Familias mucho \u00e1nimo, a partir del lunes vuestros peques me podr\u00e1n leer todos los d\u00edas(e incluso ver!!!!!). Gracias por los mensajes, tener noticias de las familias en estos momentos nos reconforta enormemente.<\/p>\n<p>Termino la semana con la satisfacci\u00f3n de saber que al otro \u00ablado\u00bb tod@s os encontr\u00e1is bien. Mi particular homenaje a nuestros peque\u00f1os y peque\u00f1as, \u00a1Qu\u00e9 gran lecci\u00f3n de vida nos est\u00e1n dando!<\/p>\n<p>Es curioso que&#8230;..<\/p>\n<p><a href=\"https:\/\/www.facebook.com\/elcerebrodelnino\">https:\/\/www.facebook.com\/elcerebrodelnino<\/a><\/p>\n<p>Buen fin de semana. Silvia<\/p>\n<p>&nbsp;<\/p>\n<p>&nbsp;<\/p>\n","protected":false},"excerpt":{"rendered":"<p>Buenos d\u00edas NARANJITAS: Llega el fin de semana y el profe Alberto y yo\u00a0 os \u00a0proponemos\u00a0 diferentes ideas de actividades\u00a0 divertid\u00edsimas. \u00a1Disfrutad del tiempo de calidad junto a vuestras familias chic@s! Hola a todas las familias de \u00e9sta etapa de Infantil y a mis queridos alumnos y alumnas. Como ya sabr\u00e9is, estamos pasando por unos &hellip; <a href=\"https:\/\/www.alqueria.es\/blogs\/alqueriaamarillanaranja\/2020\/03\/27\/terminamos-una-semana-mas\/\" class=\"more-link\">Seguir leyendo <span class=\"screen-reader-text\">\u00a1Terminamos una semana m\u00e1s!<\/span> <span class=\"meta-nav\">&rarr;<\/span><\/a><\/p>\n","protected":false},"author":23,"featured_media":0,"comment_status":"open","ping_status":"open","sticky":false,"template":"","format":"standard","meta":{"jetpack_post_was_ever_published":false,"_jetpack_newsletter_access":"","_jetpack_dont_email_post_to_subs":false,"_jetpack_newsletter_tier_id":0,"_jetpack_memberships_contains_paywalled_content":false,"_jetpack_memberships_contains_paid_content":false,"footnotes":"","jetpack_publicize_message":"","jetpack_publicize_feature_enabled":true,"jetpack_social_post_already_shared":true,"jetpack_social_options":{"image_generator_settings":{"template":"highway","default_image_id":0,"font":"","enabled":false},"version":2}},"categories":[22,7,9,311,312],"tags":[60,61,106],"class_list":["post-41965","post","type-post","status-publish","format-standard","hentry","category-cancionero","category-clase-naranja","category-diario-clase-amarilla","category-expresion-corporal","category-musica","tag-expresion-corporal","tag-expresion-musical","tag-relajacion"],"jetpack_publicize_connections":[],"jetpack_featured_media_url":"","jetpack_sharing_enabled":true,"jetpack_shortlink":"https:\/\/wp.me\/p4lG08-aUR","jetpack-related-posts":[],"_links":{"self":[{"href":"https:\/\/www.alqueria.es\/blogs\/alqueriaamarillanaranja\/wp-json\/wp\/v2\/posts\/41965","targetHints":{"allow":["GET"]}}],"collection":[{"href":"https:\/\/www.alqueria.es\/blogs\/alqueriaamarillanaranja\/wp-json\/wp\/v2\/posts"}],"about":[{"href":"https:\/\/www.alqueria.es\/blogs\/alqueriaamarillanaranja\/wp-json\/wp\/v2\/types\/post"}],"author":[{"embeddable":true,"href":"https:\/\/www.alqueria.es\/blogs\/alqueriaamarillanaranja\/wp-json\/wp\/v2\/users\/23"}],"replies":[{"embeddable":true,"href":"https:\/\/www.alqueria.es\/blogs\/alqueriaamarillanaranja\/wp-json\/wp\/v2\/comments?post=41965"}],"version-history":[{"count":20,"href":"https:\/\/www.alqueria.es\/blogs\/alqueriaamarillanaranja\/wp-json\/wp\/v2\/posts\/41965\/revisions"}],"predecessor-version":[{"id":42003,"href":"https:\/\/www.alqueria.es\/blogs\/alqueriaamarillanaranja\/wp-json\/wp\/v2\/posts\/41965\/revisions\/42003"}],"wp:attachment":[{"href":"https:\/\/www.alqueria.es\/blogs\/alqueriaamarillanaranja\/wp-json\/wp\/v2\/media?parent=41965"}],"wp:term":[{"taxonomy":"category","embeddable":true,"href":"https:\/\/www.alqueria.es\/blogs\/alqueriaamarillanaranja\/wp-json\/wp\/v2\/categories?post=41965"},{"taxonomy":"post_tag","embeddable":true,"href":"https:\/\/www.alqueria.es\/blogs\/alqueriaamarillanaranja\/wp-json\/wp\/v2\/tags?post=41965"}],"curies":[{"name":"wp","href":"https:\/\/api.w.org\/{rel}","templated":true}]}}