{"id":42122,"date":"2020-04-03T11:06:01","date_gmt":"2020-04-03T09:06:01","guid":{"rendered":"http:\/\/www.alqueria.es\/blogs\/alqueriaamarillanaranja\/?p=42122"},"modified":"2020-04-03T11:54:32","modified_gmt":"2020-04-03T09:54:32","slug":"activamos-nuestro-cuerpo","status":"publish","type":"post","link":"https:\/\/www.alqueria.es\/blogs\/alqueriaamarillanaranja\/2020\/04\/03\/activamos-nuestro-cuerpo\/","title":{"rendered":"Activamos nuestro cuerpo"},"content":{"rendered":"<p><span style=\"color: #000000\"><em><strong>Buenos d\u00edas amarillit@s, ha pasado una semana m\u00e1s, \u00bfy sab\u00e9is qu\u00e9 significa eso?&#8230;, pues que nos queda una semana menos para vernos y volver al cole. Para nosotros es una buena noticia, porque tenemos unas ganas tremendas de estar con vosotros en clase.<\/strong><\/em><\/span><\/p>\n<p><span style=\"color: #000000\"><strong><em>Hoy, como a veces hacemos en el aula, queremos proponeros un poquito de movimiento a trav\u00e9s del yoga, que sabemos que os encanta.<\/em><\/strong><\/span><\/p>\n<p>Hemos realizado una selecci\u00f3n de las posturas b\u00e1sicas que solemos hacer con los ni\u00f1os y ni\u00f1as en la clase para que trat\u00e9is de practicarlas en casa con ellos.<\/p>\n<p><div class=\"a25-CTUOC-hidding-box\" data-original-content=\"&lt;iframe loading=&quot;lazy&quot; title=&quot;SESI\u00d3N DE YOGA EN FAMILIA&quot; src=&quot;https:\/\/player.vimeo.com\/video\/403023028?dnt=1&amp;amp;app_id=122963&quot; width=&quot;474&quot; height=&quot;261&quot; frameborder=&quot;0&quot; allow=&quot;autoplay; fullscreen; picture-in-picture; clipboard-write&quot;&gt;&lt;\/iframe&gt;\">Esta p\u00e1gina incluye contenido multimedia que requiere aceptar todas las cookies. Pulse aqu\u00ed para abrir la configuraci\u00f3n de cookies.<\/div><\/p>\n<p><strong><span style=\"color: #008080\">Las posturas de yoga son uno de los pilares de esta pr\u00e1ctica, en sanscrito reciben el nombre de asanas.<\/span><\/strong> A continuaci\u00f3n os dejamos algunas ejemplificaciones de las propuestas del v\u00eddeo para que visualmente teng\u00e1is un modelo a seguir.<\/p>\n<p><span class=\"embed-youtube\" style=\"text-align:center; display: block;\"><div class=\"a25-CTUOC-hidding-box\" data-original-content=\"&lt;iframe loading=&quot;lazy&quot; class=&quot;youtube-player&quot; width=&quot;474&quot; height=&quot;267&quot; src=&quot;https:\/\/www.youtube.com\/embed\/t8748OWc1nQ?version=3&amp;#038;rel=1&amp;#038;showsearch=0&amp;#038;showinfo=1&amp;#038;iv_load_policy=1&amp;#038;fs=1&amp;#038;hl=es-ES&amp;#038;autohide=2&amp;#038;wmode=transparent&quot; allowfullscreen=&quot;true&quot; style=&quot;border:0;&quot; sandbox=&quot;allow-scripts allow-same-origin allow-popups allow-presentation allow-popups-to-escape-sandbox&quot;&gt;&lt;\/iframe&gt;\">Esta p\u00e1gina incluye contenido multimedia que requiere aceptar todas las cookies. Pulse aqu\u00ed para abrir la configuraci\u00f3n de cookies.<\/div><\/span><\/p>\n<p>Esperamos que os haya sentado bien la sesi\u00f3n&#8230;, si es as\u00ed y adem\u00e1s est\u00e1is interesados en conocer un poquito m\u00e1s de esta forma de actividad f\u00edsica y conocimiento de uno mismo, os enlazamos a una p\u00e1gina en la que podr\u00e9is acercaros a esta disciplina.<\/p>\n<p><a href=\"https:\/\/widemat.com\/posturas-yoga-asanas\/\"><img decoding=\"async\" data-attachment-id=\"42152\" data-permalink=\"https:\/\/www.alqueria.es\/blogs\/alqueriaamarillanaranja\/2020\/04\/03\/activamos-nuestro-cuerpo\/untitled-13\/\" data-orig-file=\"https:\/\/cloud.alqueria.es\/wp-content\/uploads\/sites\/9\/2020\/04\/untitled1.png\" data-orig-size=\"300,168\" data-comments-opened=\"1\" data-image-meta=\"{&quot;aperture&quot;:&quot;0&quot;,&quot;credit&quot;:&quot;&quot;,&quot;camera&quot;:&quot;&quot;,&quot;caption&quot;:&quot;&quot;,&quot;created_timestamp&quot;:&quot;0&quot;,&quot;copyright&quot;:&quot;&quot;,&quot;focal_length&quot;:&quot;0&quot;,&quot;iso&quot;:&quot;0&quot;,&quot;shutter_speed&quot;:&quot;0&quot;,&quot;title&quot;:&quot;&quot;,&quot;orientation&quot;:&quot;0&quot;}\" data-image-title=\"untitled\" data-image-description=\"\" data-image-caption=\"\" data-large-file=\"https:\/\/cloud.alqueria.es\/wp-content\/uploads\/sites\/9\/2020\/04\/untitled1.png\" class=\"aligncenter size-medium wp-image-42152\" src=\"https:\/\/cloud.alqueria.es\/wp-content\/uploads\/sites\/9\/2020\/04\/untitled1.png\" alt=\"\" width=\"300\" height=\"168\" \/><\/a><\/p>\n<p>Como ya sab\u00e9is, nuestra entrada de los viernes trata de ofreceros actividades que os saquen de la rutina de toda la semana. Dedicamos las propuestas al ocio y el esparcimiento en familia (aunque sea en casa&#8230; \ud83d\ude09 ).<\/p>\n<p><strong><span style=\"color: #008080\">Para el s\u00e1bado y domingo hemos pensado que pod\u00edamos&#8230;<\/span><\/strong><\/p>\n<p>Pod\u00edamos ver <strong><span style=\"color: #008080\">una pel\u00edcula de animaci\u00f3n<\/span> <\/strong>divertida, hoy os proponemos \u00abUp\u00bb, una verdadera historia de superaci\u00f3n enmarcada en una relaci\u00f3n intergeneracional entra\u00f1able. Os dejamos el tr\u00e1iler:<\/p>\n<p><span class=\"embed-youtube\" style=\"text-align:center; display: block;\"><div class=\"a25-CTUOC-hidding-box\" data-original-content=\"&lt;iframe loading=&quot;lazy&quot; class=&quot;youtube-player&quot; width=&quot;474&quot; height=&quot;267&quot; src=&quot;https:\/\/www.youtube.com\/embed\/qoZo9MiICo0?version=3&amp;#038;rel=1&amp;#038;showsearch=0&amp;#038;showinfo=1&amp;#038;iv_load_policy=1&amp;#038;fs=1&amp;#038;hl=es-ES&amp;#038;autohide=2&amp;#038;wmode=transparent&quot; allowfullscreen=&quot;true&quot; style=&quot;border:0;&quot; sandbox=&quot;allow-scripts allow-same-origin allow-popups allow-presentation allow-popups-to-escape-sandbox&quot;&gt;&lt;\/iframe&gt;\">Esta p\u00e1gina incluye contenido multimedia que requiere aceptar todas las cookies. Pulse aqu\u00ed para abrir la configuraci\u00f3n de cookies.<\/div><\/span><\/p>\n<p>Otra actividad que os proponemos para el fin de semana, es una <strong><span style=\"color: #008080\">visita al Museo de Prado<\/span><\/strong>. Sabemos que nuestros ni\u00f1os y ni\u00f1as son peque\u00f1itos, pero esto no quita que los vayamos introduciendo en diferentes visitas culturales en las que las explicaciones dadas estar\u00e1n adaptadas a su nivel de comprensi\u00f3n. Os enlazamos la explicaci\u00f3n que ofrece la audiogu\u00eda virtual de este museo sobre el cuadro\u00a0 \u00abLas Meninas\u00bb de Vel\u00e1zquez.<\/p>\n<p><span style=\"color: #000000\"><strong><em>Chicos y chicas, disfrutadlo porque es muy interesante. Pap\u00e1 y mam\u00e1 podr\u00e1n completar la explicaci\u00f3n de las cosas que no entend\u00e1is muy bien&#8230;, eso no importa, lo fundamental es que aprend\u00e1is a admirar y valorar el arte que nos rodea. Toda obra cuenta una historia, y la historia de este cuadro es esta:<\/em><\/strong><\/span><\/p>\n<p><span class=\"embed-youtube\" style=\"text-align:center; display: block;\"><div class=\"a25-CTUOC-hidding-box\" data-original-content=\"&lt;iframe loading=&quot;lazy&quot; class=&quot;youtube-player&quot; width=&quot;474&quot; height=&quot;267&quot; src=&quot;https:\/\/www.youtube.com\/embed\/3cqdOhuboC4?version=3&amp;#038;rel=1&amp;#038;showsearch=0&amp;#038;showinfo=1&amp;#038;iv_load_policy=1&amp;#038;fs=1&amp;#038;hl=es-ES&amp;#038;autohide=2&amp;#038;wmode=transparent&quot; allowfullscreen=&quot;true&quot; style=&quot;border:0;&quot; sandbox=&quot;allow-scripts allow-same-origin allow-popups allow-presentation allow-popups-to-escape-sandbox&quot;&gt;&lt;\/iframe&gt;\">Esta p\u00e1gina incluye contenido multimedia que requiere aceptar todas las cookies. Pulse aqu\u00ed para abrir la configuraci\u00f3n de cookies.<\/div><\/span><\/p>\n<p><em><strong><span style=\"color: #008080\"><img decoding=\"async\" data-attachment-id=\"42157\" data-permalink=\"https:\/\/www.alqueria.es\/blogs\/alqueriaamarillanaranja\/2020\/04\/03\/activamos-nuestro-cuerpo\/b401b06186478395f82b59682b2de09f\/\" data-orig-file=\"https:\/\/cloud.alqueria.es\/wp-content\/uploads\/sites\/9\/2020\/04\/b401b06186478395f82b59682b2de09f.jpg\" data-orig-size=\"236,314\" data-comments-opened=\"1\" data-image-meta=\"{&quot;aperture&quot;:&quot;0&quot;,&quot;credit&quot;:&quot;&quot;,&quot;camera&quot;:&quot;&quot;,&quot;caption&quot;:&quot;&quot;,&quot;created_timestamp&quot;:&quot;0&quot;,&quot;copyright&quot;:&quot;&quot;,&quot;focal_length&quot;:&quot;0&quot;,&quot;iso&quot;:&quot;0&quot;,&quot;shutter_speed&quot;:&quot;0&quot;,&quot;title&quot;:&quot;&quot;,&quot;orientation&quot;:&quot;0&quot;}\" data-image-title=\"b401b06186478395f82b59682b2de09f\" data-image-description=\"\" data-image-caption=\"\" data-large-file=\"https:\/\/cloud.alqueria.es\/wp-content\/uploads\/sites\/9\/2020\/04\/b401b06186478395f82b59682b2de09f.jpg\" class=\"alignleft wp-image-42157\" src=\"https:\/\/cloud.alqueria.es\/wp-content\/uploads\/sites\/9\/2020\/04\/b401b06186478395f82b59682b2de09f.jpg\" alt=\"\" width=\"171\" height=\"228\" srcset=\"https:\/\/cloud.alqueria.es\/wp-content\/uploads\/sites\/9\/2020\/04\/b401b06186478395f82b59682b2de09f.jpg 236w, https:\/\/cloud.alqueria.es\/wp-content\/uploads\/sites\/9\/2020\/04\/b401b06186478395f82b59682b2de09f.jpg 225w\" sizes=\"(max-width: 171px) 100vw, 171px\" \/>\u00bfJugamos al domin\u00f3?<\/span><\/strong><\/em> Los juegos de mesa que compartimos con nuestros hijos e hijas adem\u00e1s de proporcionarnos la grata satisfacci\u00f3n de compartir momentos con ellos, nos proporcionan una herramienta ideal para trabajar l\u00f3gica matem\u00e1tica. Para estos d\u00edas os traemos el domin\u00f3, incluso pod\u00e9is comenzar haciendo el vuestro propio si no ten\u00e9is uno en casa. Es muy sencillo, si os gusta pod\u00e9is coger la idea del de la imagen. Ya nos contar\u00e9is si entienden bien la din\u00e1mica y c\u00f3mo se os da.<\/p>\n<p>Y como no&#8230;, <em><strong><span style=\"color: #008080\">un poquito de m\u00fasica para alegrar el coraz\u00f3n<\/span><\/strong><\/em>. Os dejamos una actuaci\u00f3n para escuchar pero tambi\u00e9n para ver porque nos ha parecido magn\u00edfica tanto por la interpretaci\u00f3n como por la energ\u00eda que desprenden las \u00abartistas\u00bb.<\/p>\n<p><span class=\"embed-youtube\" style=\"text-align:center; display: block;\"><div class=\"a25-CTUOC-hidding-box\" data-original-content=\"&lt;iframe loading=&quot;lazy&quot; class=&quot;youtube-player&quot; width=&quot;474&quot; height=&quot;267&quot; src=&quot;https:\/\/www.youtube.com\/embed\/LLk75Alhcik?version=3&amp;#038;rel=1&amp;#038;showsearch=0&amp;#038;showinfo=1&amp;#038;iv_load_policy=1&amp;#038;fs=1&amp;#038;hl=es-ES&amp;#038;autohide=2&amp;#038;wmode=transparent&quot; allowfullscreen=&quot;true&quot; style=&quot;border:0;&quot; sandbox=&quot;allow-scripts allow-same-origin allow-popups allow-presentation allow-popups-to-escape-sandbox&quot;&gt;&lt;\/iframe&gt;\">Esta p\u00e1gina incluye contenido multimedia que requiere aceptar todas las cookies. Pulse aqu\u00ed para abrir la configuraci\u00f3n de cookies.<\/div><\/span><\/p>\n<p><em><strong><span style=\"color: #000000\">Amarill@s con esto nos despedimos hasta el lunes, seguro que estos d\u00edas lo pas\u00e1is fenomenal. Muchos besos y abrazos para todos.<\/span><\/strong><\/em><\/p>\n<p>&nbsp;<\/p>\n","protected":false},"excerpt":{"rendered":"<p>Buenos d\u00edas amarillit@s, ha pasado una semana m\u00e1s, \u00bfy sab\u00e9is qu\u00e9 significa eso?&#8230;, pues que nos queda una semana menos para vernos y volver al cole. Para nosotros es una buena noticia, porque tenemos unas ganas tremendas de estar con vosotros en clase. Hoy, como a veces hacemos en el aula, queremos proponeros un poquito &hellip; <a href=\"https:\/\/www.alqueria.es\/blogs\/alqueriaamarillanaranja\/2020\/04\/03\/activamos-nuestro-cuerpo\/\" class=\"more-link\">Seguir leyendo <span class=\"screen-reader-text\">Activamos nuestro cuerpo<\/span> <span class=\"meta-nav\">&rarr;<\/span><\/a><\/p>\n","protected":false},"author":23,"featured_media":0,"comment_status":"open","ping_status":"open","sticky":false,"template":"","format":"standard","meta":{"jetpack_post_was_ever_published":false,"_jetpack_newsletter_access":"","_jetpack_dont_email_post_to_subs":false,"_jetpack_newsletter_tier_id":0,"_jetpack_memberships_contains_paywalled_content":false,"_jetpack_memberships_contains_paid_content":false,"footnotes":"","jetpack_publicize_message":"","jetpack_publicize_feature_enabled":true,"jetpack_social_post_already_shared":true,"jetpack_social_options":{"image_generator_settings":{"template":"highway","default_image_id":0,"font":"","enabled":false},"version":2}},"categories":[6,9],"tags":[622],"class_list":["post-42122","post","type-post","status-publish","format-standard","hentry","category-clase-amarilla","category-diario-clase-amarilla","tag-cole-en-casa"],"jetpack_publicize_connections":[],"jetpack_featured_media_url":"","jetpack_sharing_enabled":true,"jetpack_shortlink":"https:\/\/wp.me\/p4lG08-aXo","jetpack-related-posts":[],"_links":{"self":[{"href":"https:\/\/www.alqueria.es\/blogs\/alqueriaamarillanaranja\/wp-json\/wp\/v2\/posts\/42122","targetHints":{"allow":["GET"]}}],"collection":[{"href":"https:\/\/www.alqueria.es\/blogs\/alqueriaamarillanaranja\/wp-json\/wp\/v2\/posts"}],"about":[{"href":"https:\/\/www.alqueria.es\/blogs\/alqueriaamarillanaranja\/wp-json\/wp\/v2\/types\/post"}],"author":[{"embeddable":true,"href":"https:\/\/www.alqueria.es\/blogs\/alqueriaamarillanaranja\/wp-json\/wp\/v2\/users\/23"}],"replies":[{"embeddable":true,"href":"https:\/\/www.alqueria.es\/blogs\/alqueriaamarillanaranja\/wp-json\/wp\/v2\/comments?post=42122"}],"version-history":[{"count":9,"href":"https:\/\/www.alqueria.es\/blogs\/alqueriaamarillanaranja\/wp-json\/wp\/v2\/posts\/42122\/revisions"}],"predecessor-version":[{"id":42160,"href":"https:\/\/www.alqueria.es\/blogs\/alqueriaamarillanaranja\/wp-json\/wp\/v2\/posts\/42122\/revisions\/42160"}],"wp:attachment":[{"href":"https:\/\/www.alqueria.es\/blogs\/alqueriaamarillanaranja\/wp-json\/wp\/v2\/media?parent=42122"}],"wp:term":[{"taxonomy":"category","embeddable":true,"href":"https:\/\/www.alqueria.es\/blogs\/alqueriaamarillanaranja\/wp-json\/wp\/v2\/categories?post=42122"},{"taxonomy":"post_tag","embeddable":true,"href":"https:\/\/www.alqueria.es\/blogs\/alqueriaamarillanaranja\/wp-json\/wp\/v2\/tags?post=42122"}],"curies":[{"name":"wp","href":"https:\/\/api.w.org\/{rel}","templated":true}]}}