{"id":42334,"date":"2020-04-16T10:00:58","date_gmt":"2020-04-16T08:00:58","guid":{"rendered":"http:\/\/www.alqueria.es\/blogs\/alqueriaamarillanaranja\/?p=42334"},"modified":"2020-04-15T19:51:43","modified_gmt":"2020-04-15T17:51:43","slug":"cuidamos-nuestro-cuerpo-y-nuestra-mente","status":"publish","type":"post","link":"https:\/\/www.alqueria.es\/blogs\/alqueriaamarillanaranja\/2020\/04\/16\/cuidamos-nuestro-cuerpo-y-nuestra-mente\/","title":{"rendered":"Cuidamos nuestro cuerpo y nuestra mente"},"content":{"rendered":"<p><em><strong>Buenos d\u00edas a todos y todas. Empezamos otro d\u00eda m\u00e1s con muchas ganas y energ\u00eda. Traemos todo un \u00abcargamento\u00bb de actividades con las que lo pasaremos fenomenal amarill@s.<\/strong><\/em><\/p>\n<p><img decoding=\"async\" data-attachment-id=\"42335\" data-permalink=\"https:\/\/www.alqueria.es\/blogs\/alqueriaamarillanaranja\/2020\/04\/16\/cuidamos-nuestro-cuerpo-y-nuestra-mente\/8fe6584259602c783dd38860eefa9c42\/\" data-orig-file=\"https:\/\/cloud.alqueria.es\/wp-content\/uploads\/sites\/9\/2020\/04\/8fe6584259602c783dd38860eefa9c42.jpg\" data-orig-size=\"231,348\" data-comments-opened=\"1\" data-image-meta=\"{&quot;aperture&quot;:&quot;0&quot;,&quot;credit&quot;:&quot;&quot;,&quot;camera&quot;:&quot;&quot;,&quot;caption&quot;:&quot;&quot;,&quot;created_timestamp&quot;:&quot;0&quot;,&quot;copyright&quot;:&quot;&quot;,&quot;focal_length&quot;:&quot;0&quot;,&quot;iso&quot;:&quot;0&quot;,&quot;shutter_speed&quot;:&quot;0&quot;,&quot;title&quot;:&quot;&quot;,&quot;orientation&quot;:&quot;0&quot;}\" data-image-title=\"8fe6584259602c783dd38860eefa9c42\" data-image-description=\"\" data-image-caption=\"\" data-large-file=\"https:\/\/cloud.alqueria.es\/wp-content\/uploads\/sites\/9\/2020\/04\/8fe6584259602c783dd38860eefa9c42.jpg\" class=\"alignleft wp-image-42335\" src=\"https:\/\/cloud.alqueria.es\/wp-content\/uploads\/sites\/9\/2020\/04\/8fe6584259602c783dd38860eefa9c42.jpg\" alt=\"\" width=\"188\" height=\"283\" srcset=\"https:\/\/cloud.alqueria.es\/wp-content\/uploads\/sites\/9\/2020\/04\/8fe6584259602c783dd38860eefa9c42.jpg 231w, https:\/\/cloud.alqueria.es\/wp-content\/uploads\/sites\/9\/2020\/04\/8fe6584259602c783dd38860eefa9c42.jpg 199w\" sizes=\"(max-width: 188px) 100vw, 188px\" \/><\/p>\n<p>Para empezar os proponemos ejercitar la motricidad fina de vuestros hijos\/as. Con la actividad que hemos programado para hoy trabajaremos las habilidades motrices finas, \u00bfpero en qu\u00e9 consisten estas habilidades?<\/p>\n<p>Las <strong><span style=\"color: #993366\">habilidades motoras finas<\/span> <\/strong>son la capacidad de hacer movimientos usando los m\u00fasculos peque\u00f1os de nuestras manos y mu\u00f1ecas. Los ni\u00f1os y ni\u00f1as dependen de estas destrezas para realizar tareas importantes en la escuela y en su vida diaria.<\/p>\n<p>Usamos las habilidades motoras finas para hacer movimientos peque\u00f1os. Estos movimientos son tan naturales para la mayor\u00eda de las personas que por lo general no pensamos en ellos. Sin embargo, las habilidades motoras finas son complejas. Involucran esfuerzos coordinados del cerebro y los m\u00fasculos, y se desarrollan a partir de las habilidades motoras gruesas que nos permiten realizar movimientos m\u00e1s grandes.<\/p>\n<p><span style=\"color: #000000\"><em><strong><span style=\"color: #333333\">Para la actividad que os traemos para casa, solamente necesit\u00e1is (ver foto) una bolita de plastilina que nos servir\u00e1 como base, un espagueti y bolitas de cereal, de pasta&#8230;, cualquier cosa que tenga un agujerito y que os pueda servir para ensartar. Si son piezas de colores mucho mejor, as\u00ed adem\u00e1s pod\u00e9is alternar los colores a vuestro gusto para que quede m\u00e1s bonito .<\/span><\/strong><\/em><\/span><\/p>\n<p>Pap\u00e1s y mam\u00e1s, ya que estamos trabajando con nuestras manos&#8230;,\u00a0 <img decoding=\"async\" data-attachment-id=\"42336\" data-permalink=\"https:\/\/www.alqueria.es\/blogs\/alqueriaamarillanaranja\/2020\/04\/16\/cuidamos-nuestro-cuerpo-y-nuestra-mente\/c1cbaa47688479562dcf890a393f2247\/\" data-orig-file=\"https:\/\/cloud.alqueria.es\/wp-content\/uploads\/sites\/9\/2020\/04\/c1cbaa47688479562dcf890a393f2247.jpg\" data-orig-size=\"236,236\" data-comments-opened=\"1\" data-image-meta=\"{&quot;aperture&quot;:&quot;0&quot;,&quot;credit&quot;:&quot;&quot;,&quot;camera&quot;:&quot;&quot;,&quot;caption&quot;:&quot;&quot;,&quot;created_timestamp&quot;:&quot;0&quot;,&quot;copyright&quot;:&quot;&quot;,&quot;focal_length&quot;:&quot;0&quot;,&quot;iso&quot;:&quot;0&quot;,&quot;shutter_speed&quot;:&quot;0&quot;,&quot;title&quot;:&quot;&quot;,&quot;orientation&quot;:&quot;0&quot;}\" data-image-title=\"c1cbaa47688479562dcf890a393f2247\" data-image-description=\"\" data-image-caption=\"\" data-large-file=\"https:\/\/cloud.alqueria.es\/wp-content\/uploads\/sites\/9\/2020\/04\/c1cbaa47688479562dcf890a393f2247.jpg\" class=\"alignright wp-image-42336\" src=\"https:\/\/cloud.alqueria.es\/wp-content\/uploads\/sites\/9\/2020\/04\/c1cbaa47688479562dcf890a393f2247.jpg\" alt=\"\" width=\"201\" height=\"201\" srcset=\"https:\/\/cloud.alqueria.es\/wp-content\/uploads\/sites\/9\/2020\/04\/c1cbaa47688479562dcf890a393f2247.jpg 236w, https:\/\/cloud.alqueria.es\/wp-content\/uploads\/sites\/9\/2020\/04\/c1cbaa47688479562dcf890a393f2247.jpg 150w\" sizes=\"(max-width: 201px) 100vw, 201px\" \/>vamos a \u00abmeterlas en la masa\u00bb. Os proponemos ahora una <strong><span style=\"color: #993366\">receta de cocina divertida<\/span> <\/strong>para tomar hoy la fruta de una forma original y que adem\u00e1s vuestros peques puedan participar en su elaboraci\u00f3n.<\/p>\n<p><em><strong>\u00a1Amarillos!, subiros las mangas y lavaros muy bien las manos porque \u00a1vamos a cocinar! (recordad que el jab\u00f3n es muy importante, y que hay que frotar todos los deditos mientras contamos con mam\u00e1 y pap\u00e1 hasta 20).<\/strong><\/em><\/p>\n<p><img decoding=\"async\" data-attachment-id=\"42375\" data-permalink=\"https:\/\/www.alqueria.es\/blogs\/alqueriaamarillanaranja\/2020\/04\/16\/cuidamos-nuestro-cuerpo-y-nuestra-mente\/untitled-17\/\" data-orig-file=\"https:\/\/cloud.alqueria.es\/wp-content\/uploads\/sites\/9\/2020\/04\/untitled5.png\" data-orig-size=\"259,194\" data-comments-opened=\"1\" data-image-meta=\"{&quot;aperture&quot;:&quot;0&quot;,&quot;credit&quot;:&quot;&quot;,&quot;camera&quot;:&quot;&quot;,&quot;caption&quot;:&quot;&quot;,&quot;created_timestamp&quot;:&quot;0&quot;,&quot;copyright&quot;:&quot;&quot;,&quot;focal_length&quot;:&quot;0&quot;,&quot;iso&quot;:&quot;0&quot;,&quot;shutter_speed&quot;:&quot;0&quot;,&quot;title&quot;:&quot;&quot;,&quot;orientation&quot;:&quot;0&quot;}\" data-image-title=\"untitled\" data-image-description=\"\" data-image-caption=\"\" data-large-file=\"https:\/\/cloud.alqueria.es\/wp-content\/uploads\/sites\/9\/2020\/04\/untitled5.png\" class=\"alignleft size-full wp-image-42375\" src=\"https:\/\/cloud.alqueria.es\/wp-content\/uploads\/sites\/9\/2020\/04\/untitled5.png\" alt=\"\" width=\"259\" height=\"194\" \/>Familia prestad atenci\u00f3n, vamos a preparar unas riqu\u00edsimas <strong><span style=\"color: #993366\">brochetas de fruta<\/span> <\/strong>que pod\u00e9is tomar como postre o como merienda, lo que m\u00e1s os guste. Solo ten\u00e9is que disponer en diferentes platos trocitos de diferentes frutas que ellos mismos os pueden haber ayudado a trocear: pl\u00e1tano, manzana, pera, mandarina, uvas, fresas&#8230;, como dice la canci\u00f3n \u00abtoda la fruta me gusta a m\u00ed\u00bb, jajaja<\/p>\n<p>Una vez lo teng\u00e1is todo preparado lo \u00fanico que ten\u00e9is que hacer, con un poquito de paciencia y habilidad (motricidad fina ;), ir ensartando los trocitos en\u00a0 palillos de madera. Si los ten\u00e9is largos bien, y si no tambi\u00e9n pod\u00e9is usarlos peque\u00f1itos, as\u00ed os saldr\u00e1n unas bonitas mini-brochetas.<\/p>\n<p>Si sois \u00abmanitas\u00bb y creativos, pod\u00e9is dedicar un ratito a dar formas divertidas a las frutas, as\u00ed el resultado ser\u00e1 mejor si cabe. \u00a1\u00c1nimo! y ya nos contar\u00e9is como os han salido.<\/p>\n<div class=\"tiled-gallery type-rectangular tiled-gallery-unresized\" data-original-width=\"474\" data-carousel-extra='{&quot;blog_id&quot;:9,&quot;permalink&quot;:&quot;https:\\\/\\\/www.alqueria.es\\\/blogs\\\/alqueriaamarillanaranja\\\/2020\\\/04\\\/16\\\/cuidamos-nuestro-cuerpo-y-nuestra-mente\\\/&quot;,&quot;likes_blog_id&quot;:64271688}' itemscope itemtype=\"http:\/\/schema.org\/ImageGallery\" > <div class=\"gallery-row\" style=\"width: 474px; height: 307px;\" data-original-width=\"474\" data-original-height=\"307\" > <div class=\"gallery-group images-2\" style=\"width: 232px; height: 307px;\" data-original-width=\"232\" data-original-height=\"307\" > <div class=\"tiled-gallery-item tiled-gallery-item-small\" itemprop=\"associatedMedia\" itemscope itemtype=\"http:\/\/schema.org\/ImageObject\"> <a href=\"https:\/\/www.alqueria.es\/blogs\/alqueriaamarillanaranja\/2020\/04\/16\/cuidamos-nuestro-cuerpo-y-nuestra-mente\/imagesg3jkd22s\/\" border=\"0\" itemprop=\"url\"> <meta itemprop=\"width\" content=\"228\"> <meta itemprop=\"height\" content=\"128\"> <img decoding=\"async\" class=\"\" data-attachment-id=\"42377\" data-orig-file=\"https:\/\/cloud.alqueria.es\/wp-content\/uploads\/sites\/9\/2020\/04\/imagesG3JKD22S.jpg\" data-orig-size=\"300,168\" data-comments-opened=\"1\" data-image-meta=\"{&quot;aperture&quot;:&quot;0&quot;,&quot;credit&quot;:&quot;&quot;,&quot;camera&quot;:&quot;&quot;,&quot;caption&quot;:&quot;&quot;,&quot;created_timestamp&quot;:&quot;0&quot;,&quot;copyright&quot;:&quot;&quot;,&quot;focal_length&quot;:&quot;0&quot;,&quot;iso&quot;:&quot;0&quot;,&quot;shutter_speed&quot;:&quot;0&quot;,&quot;title&quot;:&quot;&quot;,&quot;orientation&quot;:&quot;0&quot;}\" data-image-title=\"imagesG3JKD22S\" data-image-description=\"\" data-medium-file=\"https:\/\/cloud.alqueria.es\/wp-content\/uploads\/sites\/9\/2020\/04\/imagesG3JKD22S-300x168.jpg\" data-large-file=\"https:\/\/cloud.alqueria.es\/wp-content\/uploads\/sites\/9\/2020\/04\/imagesG3JKD22S.jpg\" src=\"https:\/\/i0.wp.com\/cloud.alqueria.es\/wp-content\/uploads\/sites\/9\/2020\/04\/imagesG3JKD22S.jpg?w=228&#038;h=128&#038;ssl=1\" width=\"228\" height=\"128\" loading=\"lazy\" data-original-width=\"228\" data-original-height=\"128\" itemprop=\"http:\/\/schema.org\/image\" title=\"imagesG3JKD22S\" alt=\"imagesG3JKD22S\" style=\"width: 228px; height: 128px;\" \/> <\/a> <\/div> <div class=\"tiled-gallery-item tiled-gallery-item-small\" itemprop=\"associatedMedia\" itemscope itemtype=\"http:\/\/schema.org\/ImageObject\"> <a href=\"https:\/\/www.alqueria.es\/blogs\/alqueriaamarillanaranja\/2020\/04\/16\/cuidamos-nuestro-cuerpo-y-nuestra-mente\/imagesyt9cnqnx\/\" border=\"0\" itemprop=\"url\"> <meta itemprop=\"width\" content=\"228\"> <meta itemprop=\"height\" content=\"171\"> <img decoding=\"async\" class=\"\" data-attachment-id=\"42379\" data-orig-file=\"https:\/\/cloud.alqueria.es\/wp-content\/uploads\/sites\/9\/2020\/04\/imagesYT9CNQNX.jpg\" data-orig-size=\"259,194\" data-comments-opened=\"1\" data-image-meta=\"{&quot;aperture&quot;:&quot;0&quot;,&quot;credit&quot;:&quot;&quot;,&quot;camera&quot;:&quot;&quot;,&quot;caption&quot;:&quot;&quot;,&quot;created_timestamp&quot;:&quot;0&quot;,&quot;copyright&quot;:&quot;&quot;,&quot;focal_length&quot;:&quot;0&quot;,&quot;iso&quot;:&quot;0&quot;,&quot;shutter_speed&quot;:&quot;0&quot;,&quot;title&quot;:&quot;&quot;,&quot;orientation&quot;:&quot;0&quot;}\" data-image-title=\"imagesYT9CNQNX\" data-image-description=\"\" data-medium-file=\"https:\/\/cloud.alqueria.es\/wp-content\/uploads\/sites\/9\/2020\/04\/imagesYT9CNQNX.jpg\" data-large-file=\"https:\/\/cloud.alqueria.es\/wp-content\/uploads\/sites\/9\/2020\/04\/imagesYT9CNQNX.jpg\" src=\"https:\/\/i0.wp.com\/cloud.alqueria.es\/wp-content\/uploads\/sites\/9\/2020\/04\/imagesYT9CNQNX.jpg?w=228&#038;h=171&#038;ssl=1\" width=\"228\" height=\"171\" loading=\"lazy\" data-original-width=\"228\" data-original-height=\"171\" itemprop=\"http:\/\/schema.org\/image\" title=\"imagesYT9CNQNX\" alt=\"imagesYT9CNQNX\" style=\"width: 228px; height: 171px;\" \/> <\/a> <\/div> <\/div> <!-- close group --> <div class=\"gallery-group images-1\" style=\"width: 242px; height: 307px;\" data-original-width=\"242\" data-original-height=\"307\" > <div class=\"tiled-gallery-item tiled-gallery-item-small\" itemprop=\"associatedMedia\" itemscope itemtype=\"http:\/\/schema.org\/ImageObject\"> <a href=\"https:\/\/www.alqueria.es\/blogs\/alqueriaamarillanaranja\/2020\/04\/16\/cuidamos-nuestro-cuerpo-y-nuestra-mente\/imagesw27h59sz\/\" border=\"0\" itemprop=\"url\"> <meta itemprop=\"width\" content=\"238\"> <meta itemprop=\"height\" content=\"303\"> <img decoding=\"async\" class=\"\" data-attachment-id=\"42378\" data-orig-file=\"https:\/\/cloud.alqueria.es\/wp-content\/uploads\/sites\/9\/2020\/04\/imagesW27H59SZ.jpg\" data-orig-size=\"199,253\" data-comments-opened=\"1\" data-image-meta=\"{&quot;aperture&quot;:&quot;0&quot;,&quot;credit&quot;:&quot;&quot;,&quot;camera&quot;:&quot;&quot;,&quot;caption&quot;:&quot;&quot;,&quot;created_timestamp&quot;:&quot;0&quot;,&quot;copyright&quot;:&quot;&quot;,&quot;focal_length&quot;:&quot;0&quot;,&quot;iso&quot;:&quot;0&quot;,&quot;shutter_speed&quot;:&quot;0&quot;,&quot;title&quot;:&quot;&quot;,&quot;orientation&quot;:&quot;0&quot;}\" data-image-title=\"imagesW27H59SZ\" data-image-description=\"\" data-medium-file=\"https:\/\/cloud.alqueria.es\/wp-content\/uploads\/sites\/9\/2020\/04\/imagesW27H59SZ.jpg\" data-large-file=\"https:\/\/cloud.alqueria.es\/wp-content\/uploads\/sites\/9\/2020\/04\/imagesW27H59SZ.jpg\" src=\"https:\/\/i0.wp.com\/cloud.alqueria.es\/wp-content\/uploads\/sites\/9\/2020\/04\/imagesW27H59SZ.jpg?w=238&#038;h=303&#038;ssl=1\" width=\"238\" height=\"303\" loading=\"lazy\" data-original-width=\"238\" data-original-height=\"303\" itemprop=\"http:\/\/schema.org\/image\" title=\"imagesW27H59SZ\" alt=\"imagesW27H59SZ\" style=\"width: 238px; height: 303px;\" \/> <\/a> <\/div> <\/div> <!-- close group --> <\/div> <!-- close row --> <\/div>\n<p>Como dice el enunciado\u00a0 \u00abcuidamos nuestro cuerpo y nuestra mente\u00bb, con la receta de frutas estaremos potenciando en nuestros ni\u00f1os y ni\u00f1as la alimentaci\u00f3n saludable, pero ahora llega el momento de trabajar tambi\u00e9n un poquito nuestra mente.<\/p>\n<p><em><strong>Amarillos, os proponemos relajarnos un poquito despu\u00e9s de tanto trabajo&#8230;<\/strong><\/em><\/p>\n<p><em><strong>Con el siguiente cuento, \u00abCierra los ojos Ona\u00bb, seguro que conseguir\u00e9is volver a la calma y descansar un poquito despu\u00e9s de comer.<\/strong><\/em><\/p>\n<p><span class=\"embed-youtube\" style=\"text-align:center; display: block;\"><div class=\"a25-CTUOC-hidding-box\" data-original-content=\"&lt;iframe loading=&quot;lazy&quot; class=&quot;youtube-player&quot; width=&quot;474&quot; height=&quot;267&quot; src=&quot;https:\/\/www.youtube.com\/embed\/LoKO8fGuDYU?version=3&amp;#038;rel=1&amp;#038;showsearch=0&amp;#038;showinfo=1&amp;#038;iv_load_policy=1&amp;#038;fs=1&amp;#038;hl=es-ES&amp;#038;autohide=2&amp;#038;wmode=transparent&quot; allowfullscreen=&quot;true&quot; style=&quot;border:0;&quot; sandbox=&quot;allow-scripts allow-same-origin allow-popups allow-presentation allow-popups-to-escape-sandbox&quot;&gt;&lt;\/iframe&gt;\">Esta p\u00e1gina incluye contenido multimedia que requiere aceptar todas las cookies. Pulse aqu\u00ed para abrir la configuraci\u00f3n de cookies.<\/div><\/span><\/p>\n<p>La actividad y el movimiento en estas edades es fundamental, pero tambi\u00e9n lo es el descanso. Es muy importante que ense\u00f1emos a nuestros ni\u00f1os y ni\u00f1as desde que son peque\u00f1itos a saber relajarse y bajar su nivel de actividad. Podemos emplear t\u00e9cnicas diferentes, cuentos, m\u00fasica, actividades de relajaci\u00f3n y respiraci\u00f3n, masajes&#8230; Todas las semana, a trav\u00e9s de diferentes talleres os iremos dejando ideas para que vay\u00e1is trabaj\u00e1ndolo en casa.<\/p>\n<p><em><strong>Y para la tarde&#8230;, cuando ya hay\u00e1is descansado, os dejamos un simp\u00e1tico v\u00eddeo en ingl\u00e9s con el que adem\u00e1s de bailar podr\u00e9is aprender los nombres de los animales en ingl\u00e9s. Esperamos que lo disfrut\u00e9is en familia:<\/strong><\/em><\/p>\n<p><span class=\"embed-youtube\" style=\"text-align:center; display: block;\"><div class=\"a25-CTUOC-hidding-box\" data-original-content=\"&lt;iframe loading=&quot;lazy&quot; class=&quot;youtube-player&quot; width=&quot;474&quot; height=&quot;267&quot; src=&quot;https:\/\/www.youtube.com\/embed\/w6CCnMjV_V4?version=3&amp;#038;rel=1&amp;#038;showsearch=0&amp;#038;showinfo=1&amp;#038;iv_load_policy=1&amp;#038;fs=1&amp;#038;hl=es-ES&amp;#038;autohide=2&amp;#038;wmode=transparent&quot; allowfullscreen=&quot;true&quot; style=&quot;border:0;&quot; sandbox=&quot;allow-scripts allow-same-origin allow-popups allow-presentation allow-popups-to-escape-sandbox&quot;&gt;&lt;\/iframe&gt;\">Esta p\u00e1gina incluye contenido multimedia que requiere aceptar todas las cookies. Pulse aqu\u00ed para abrir la configuraci\u00f3n de cookies.<\/div><\/span><\/p>\n<p><em><strong>Pues nada, chicos y chicas, con todas estas actividades pensamos que tendr\u00e9is suficiente por hoy. Ma\u00f1ana volvemos a esperaros aqu\u00ed, en nuestro blog, para seguir trabajando juntos, aunque en casa.<\/strong><\/em><\/p>\n<p><em><strong>Os mandamos un besazo de coraz\u00f3n para tod@s.<\/strong><\/em><\/p>\n","protected":false},"excerpt":{"rendered":"<p>Buenos d\u00edas a todos y todas. Empezamos otro d\u00eda m\u00e1s con muchas ganas y energ\u00eda. Traemos todo un \u00abcargamento\u00bb de actividades con las que lo pasaremos fenomenal amarill@s. Para empezar os proponemos ejercitar la motricidad fina de vuestros hijos\/as. Con la actividad que hemos programado para hoy trabajaremos las habilidades motrices finas, \u00bfpero en qu\u00e9 &hellip; <a href=\"https:\/\/www.alqueria.es\/blogs\/alqueriaamarillanaranja\/2020\/04\/16\/cuidamos-nuestro-cuerpo-y-nuestra-mente\/\" class=\"more-link\">Seguir leyendo <span class=\"screen-reader-text\">Cuidamos nuestro cuerpo y nuestra mente<\/span> <span class=\"meta-nav\">&rarr;<\/span><\/a><\/p>\n","protected":false},"author":23,"featured_media":0,"comment_status":"open","ping_status":"open","sticky":false,"template":"","format":"standard","meta":{"jetpack_post_was_ever_published":false,"_jetpack_newsletter_access":"","_jetpack_dont_email_post_to_subs":false,"_jetpack_newsletter_tier_id":0,"_jetpack_memberships_contains_paywalled_content":false,"_jetpack_memberships_contains_paid_content":false,"footnotes":"","jetpack_publicize_message":"","jetpack_publicize_feature_enabled":true,"jetpack_social_post_already_shared":true,"jetpack_social_options":{"image_generator_settings":{"template":"highway","default_image_id":0,"font":"","enabled":false},"version":2}},"categories":[6,9],"tags":[622],"class_list":["post-42334","post","type-post","status-publish","format-standard","hentry","category-clase-amarilla","category-diario-clase-amarilla","tag-cole-en-casa"],"jetpack_publicize_connections":[],"jetpack_featured_media_url":"","jetpack_sharing_enabled":true,"jetpack_shortlink":"https:\/\/wp.me\/p4lG08-b0O","jetpack-related-posts":[],"_links":{"self":[{"href":"https:\/\/www.alqueria.es\/blogs\/alqueriaamarillanaranja\/wp-json\/wp\/v2\/posts\/42334","targetHints":{"allow":["GET"]}}],"collection":[{"href":"https:\/\/www.alqueria.es\/blogs\/alqueriaamarillanaranja\/wp-json\/wp\/v2\/posts"}],"about":[{"href":"https:\/\/www.alqueria.es\/blogs\/alqueriaamarillanaranja\/wp-json\/wp\/v2\/types\/post"}],"author":[{"embeddable":true,"href":"https:\/\/www.alqueria.es\/blogs\/alqueriaamarillanaranja\/wp-json\/wp\/v2\/users\/23"}],"replies":[{"embeddable":true,"href":"https:\/\/www.alqueria.es\/blogs\/alqueriaamarillanaranja\/wp-json\/wp\/v2\/comments?post=42334"}],"version-history":[{"count":10,"href":"https:\/\/www.alqueria.es\/blogs\/alqueriaamarillanaranja\/wp-json\/wp\/v2\/posts\/42334\/revisions"}],"predecessor-version":[{"id":42388,"href":"https:\/\/www.alqueria.es\/blogs\/alqueriaamarillanaranja\/wp-json\/wp\/v2\/posts\/42334\/revisions\/42388"}],"wp:attachment":[{"href":"https:\/\/www.alqueria.es\/blogs\/alqueriaamarillanaranja\/wp-json\/wp\/v2\/media?parent=42334"}],"wp:term":[{"taxonomy":"category","embeddable":true,"href":"https:\/\/www.alqueria.es\/blogs\/alqueriaamarillanaranja\/wp-json\/wp\/v2\/categories?post=42334"},{"taxonomy":"post_tag","embeddable":true,"href":"https:\/\/www.alqueria.es\/blogs\/alqueriaamarillanaranja\/wp-json\/wp\/v2\/tags?post=42334"}],"curies":[{"name":"wp","href":"https:\/\/api.w.org\/{rel}","templated":true}]}}