{"id":4243,"date":"2013-03-04T15:30:48","date_gmt":"2013-03-04T14:30:48","guid":{"rendered":"http:\/\/alqueriaamarillanaranja.wordpress.com\/?p=4243"},"modified":"2014-02-24T12:44:30","modified_gmt":"2014-02-24T12:44:30","slug":"taller-creativo-falso-grabado","status":"publish","type":"post","link":"https:\/\/www.alqueria.es\/blogs\/alqueriaamarillanaranja\/2013\/03\/04\/taller-creativo-falso-grabado\/","title":{"rendered":"Taller creativo: \u00abFalso Grabado\u00bb"},"content":{"rendered":"<p><a href=\"http:\/\/alqueriaamarillanaranja.files.wordpress.com\/2013\/03\/colors1.jpg\"><img decoding=\"async\" data-attachment-id=\"4246\" data-permalink=\"https:\/\/www.alqueria.es\/blogs\/alqueriaamarillanaranja\/colors1\/\" data-orig-file=\"https:\/\/www.alqueria.es\/blogs\/alqueriaamarillanaranja\/wp-content\/uploads\/sites\/9\/2013\/03\/colors1.jpg\" data-orig-size=\"350,400\" data-comments-opened=\"1\" data-image-meta=\"{&quot;aperture&quot;:&quot;0&quot;,&quot;credit&quot;:&quot;&quot;,&quot;camera&quot;:&quot;&quot;,&quot;caption&quot;:&quot;&quot;,&quot;created_timestamp&quot;:&quot;0&quot;,&quot;copyright&quot;:&quot;&quot;,&quot;focal_length&quot;:&quot;0&quot;,&quot;iso&quot;:&quot;0&quot;,&quot;shutter_speed&quot;:&quot;0&quot;,&quot;title&quot;:&quot;&quot;}\" data-image-title=\"colors[1]\" data-image-description=\"\" data-image-caption=\"\" data-large-file=\"https:\/\/www.alqueria.es\/blogs\/alqueriaamarillanaranja\/wp-content\/uploads\/sites\/9\/2013\/03\/colors1.jpg\" class=\"alignleft size-medium wp-image-4246\" alt=\"colors[1]\" src=\"https:\/\/cloud.alqueria.es\/wp-content\/uploads\/sites\/9\/2013\/03\/colors11.jpg\" width=\"262\" height=\"300\" \/><\/a><span style=\"color:#0000ff\">Hoy hemos tenido un taller creativo y de experimentaci\u00f3n que ha ocupado gran parte de nuestra ma\u00f1ana. Lo hemos realizado de forma individual pues cada ni\u00f1o ten\u00eda m\u00faltiples posibilidades y ha podido interactuar en el papel todo el tiempo que ha necesitado.<\/span><\/p>\n<p><span style=\"color:#0000ff\">Materiales:<\/span><\/p>\n<p><span style=\"color:#0000ff\">&#8211; Papel A3 (gran formato para tener mucho espacio donde pintar)<\/span><\/p>\n<p><span style=\"color:#0000ff\">&#8211; Ceras blandas<\/span><\/p>\n<p><span style=\"color:#0000ff\">&#8211; Multitud de objetos con los que experimentar sobre su forma y textura<\/span><\/p>\n<p><span style=\"color:#0000ff\">Estos son los objetos que les\u00a0he ofrecido: tijeras, monedas, llave inglesa, tel\u00e9fono, cubo de rubik, caracola, peineta, tabla de pinchitos, diferentes tablillas de texturas, tampones de estampar, llave&#8230;&#8230;, en realidad todo aquello que se me ha ocurrido que podia ofrecerles una foma interesante.<\/span><\/p>\n<p><span style=\"color:#0000ff\">La actividad consist\u00eda en meter el objeto bajo el papel y pasar la cera por encima para comprobar c\u00f3mo era \u00abla huella\u00bb que dejaba. Ha sido sorprendente y muy simp\u00e1tica la reacci\u00f3n que han tenido en muchos casos. Podeis ver los trabajos en nuestro tabl\u00f3n.<\/span><\/p>\n<p><span style=\"color:#008000\">En la tarde cooperativa continuamos trabajando en tareas de siembra y trasplante para nuestro vivero. Merendaremos todos juntos&#8230;&#8230;si el tiempo lo permite.<\/span><\/p>\n<p><span style=\"color:#008000\">Ma\u00f1ana tendremos nuestra \u00faltima sesi\u00f3n de Proyecto de lectura del trimestre, la semana pr\u00f3xima cada uno se llevar\u00e1 su libro a casa.<\/span><\/p>\n<p><span style=\"color:#008000\">Hasta ma\u00f1ana.<\/span><\/p>\n<p style=\"text-align:right\"><span style=\"color:#008000\">Loli G\u00e1lvez<\/span><\/p>\n","protected":false},"excerpt":{"rendered":"<p>Hoy hemos tenido un taller creativo y de experimentaci\u00f3n que ha ocupado gran parte de nuestra ma\u00f1ana. Lo hemos realizado de forma individual pues cada ni\u00f1o ten\u00eda m\u00faltiples posibilidades y ha podido interactuar en el papel todo el tiempo que ha necesitado. Materiales: &#8211; Papel A3 (gran formato para tener mucho espacio donde pintar) &#8211; &hellip; <a href=\"https:\/\/www.alqueria.es\/blogs\/alqueriaamarillanaranja\/2013\/03\/04\/taller-creativo-falso-grabado\/\" class=\"more-link\">Seguir leyendo <span class=\"screen-reader-text\">Taller creativo: \u00abFalso Grabado\u00bb<\/span> <span class=\"meta-nav\">&rarr;<\/span><\/a><\/p>\n","protected":false},"author":23,"featured_media":0,"comment_status":"open","ping_status":"open","sticky":false,"template":"","format":"standard","meta":{"jetpack_post_was_ever_published":false,"_jetpack_newsletter_access":"","_jetpack_dont_email_post_to_subs":false,"_jetpack_newsletter_tier_id":0,"_jetpack_memberships_contains_paywalled_content":false,"_jetpack_memberships_contains_paid_content":false,"footnotes":"","jetpack_publicize_message":"","jetpack_publicize_feature_enabled":true,"jetpack_social_post_already_shared":true,"jetpack_social_options":{"image_generator_settings":{"template":"highway","default_image_id":0,"font":"","enabled":false},"version":2}},"categories":[7,8,19],"tags":[116],"class_list":["post-4243","post","type-post","status-publish","format-standard","hentry","category-clase-naranja","category-diario","category-talleres-creativos","tag-taller-creativo"],"jetpack_publicize_connections":[],"jetpack_featured_media_url":"","jetpack_sharing_enabled":true,"jetpack_shortlink":"https:\/\/wp.me\/p4lG08-16r","jetpack-related-posts":[],"_links":{"self":[{"href":"https:\/\/www.alqueria.es\/blogs\/alqueriaamarillanaranja\/wp-json\/wp\/v2\/posts\/4243","targetHints":{"allow":["GET"]}}],"collection":[{"href":"https:\/\/www.alqueria.es\/blogs\/alqueriaamarillanaranja\/wp-json\/wp\/v2\/posts"}],"about":[{"href":"https:\/\/www.alqueria.es\/blogs\/alqueriaamarillanaranja\/wp-json\/wp\/v2\/types\/post"}],"author":[{"embeddable":true,"href":"https:\/\/www.alqueria.es\/blogs\/alqueriaamarillanaranja\/wp-json\/wp\/v2\/users\/23"}],"replies":[{"embeddable":true,"href":"https:\/\/www.alqueria.es\/blogs\/alqueriaamarillanaranja\/wp-json\/wp\/v2\/comments?post=4243"}],"version-history":[{"count":0,"href":"https:\/\/www.alqueria.es\/blogs\/alqueriaamarillanaranja\/wp-json\/wp\/v2\/posts\/4243\/revisions"}],"wp:attachment":[{"href":"https:\/\/www.alqueria.es\/blogs\/alqueriaamarillanaranja\/wp-json\/wp\/v2\/media?parent=4243"}],"wp:term":[{"taxonomy":"category","embeddable":true,"href":"https:\/\/www.alqueria.es\/blogs\/alqueriaamarillanaranja\/wp-json\/wp\/v2\/categories?post=4243"},{"taxonomy":"post_tag","embeddable":true,"href":"https:\/\/www.alqueria.es\/blogs\/alqueriaamarillanaranja\/wp-json\/wp\/v2\/tags?post=4243"}],"curies":[{"name":"wp","href":"https:\/\/api.w.org\/{rel}","templated":true}]}}