{"id":42452,"date":"2020-04-20T10:45:56","date_gmt":"2020-04-20T08:45:56","guid":{"rendered":"http:\/\/www.alqueria.es\/blogs\/alqueriaamarillanaranja\/?p=42452"},"modified":"2020-04-20T11:21:28","modified_gmt":"2020-04-20T09:21:28","slug":"gusanito-marca-paginas","status":"publish","type":"post","link":"https:\/\/www.alqueria.es\/blogs\/alqueriaamarillanaranja\/2020\/04\/20\/gusanito-marca-paginas\/","title":{"rendered":"\u00abGusanito marca-p\u00e1ginas\u00bb"},"content":{"rendered":"<p><strong>\u00a1Hola naranjitas!<\/strong><\/p>\n<p><strong>\u00bfQu\u00e9 tal el fin de semana?\u00a1 Estoy segura que genial<img decoding=\"async\" data-attachment-id=\"42432\" data-permalink=\"https:\/\/www.alqueria.es\/blogs\/alqueriaamarillanaranja\/2020\/04\/17\/musica-maestro-6\/cf22a5e81f7a71f34a7a14c0a32dce5c-2\/\" data-orig-file=\"https:\/\/cloud.alqueria.es\/wp-content\/uploads\/sites\/9\/2020\/04\/cf22a5e81f7a71f34a7a14c0a32dce5c.jpg\" data-orig-size=\"532,902\" data-comments-opened=\"1\" data-image-meta=\"{&quot;aperture&quot;:&quot;0&quot;,&quot;credit&quot;:&quot;&quot;,&quot;camera&quot;:&quot;&quot;,&quot;caption&quot;:&quot;&quot;,&quot;created_timestamp&quot;:&quot;0&quot;,&quot;copyright&quot;:&quot;&quot;,&quot;focal_length&quot;:&quot;0&quot;,&quot;iso&quot;:&quot;0&quot;,&quot;shutter_speed&quot;:&quot;0&quot;,&quot;title&quot;:&quot;&quot;,&quot;orientation&quot;:&quot;1&quot;}\" data-image-title=\"cf22a5e81f7a71f34a7a14c0a32dce5c\" data-image-description=\"\" data-image-caption=\"\" data-large-file=\"https:\/\/cloud.alqueria.es\/wp-content\/uploads\/sites\/9\/2020\/04\/cf22a5e81f7a71f34a7a14c0a32dce5c.jpg\" class=\"size-thumbnail wp-image-42432 alignright\" src=\"https:\/\/cloud.alqueria.es\/wp-content\/uploads\/sites\/9\/2020\/04\/cf22a5e81f7a71f34a7a14c0a32dce5c.jpg\" alt=\"\" width=\"150\" height=\"150\" \/><\/strong>!<\/p>\n<p><strong>Es lunes y tengo el placer de informaros que con motivo del <span style=\"color: #0000ff\">\u00abD\u00eda del Libro\u00bb<\/span> y desde \u00ab<span style=\"color: #ff00ff\">El cole en Casa\u00bb<\/span> vamos a tener una semana\u00a0 llena de magia y fantas\u00eda en la que los principales protagonistas ser\u00e1n los <span style=\"color: #33cccc\">cuentos.<\/span> Una semana llena de actividades, repleta de imaginaci\u00f3n y con un sinf\u00edn de personajes y aventuras magn\u00edficas.<\/strong><\/p>\n<h6 style=\"text-align: left\"><em>Nuestro objetivo fundamental es el de promover la lectura y aprender a valorar y a disfrutar todo lo relacionado con la creaci\u00f3n literaria. <strong>\u00a1Arrancamos naranjitas!<\/strong><\/em><\/h6>\n<p><strong>Empezamos con <span style=\"color: #ff00ff\">Charito<\/span> que nos trae una gran idea de <span style=\"color: #ff00ff\">taller creativo.<\/span> Una vez que veamos de que se trata, si os apetece os echo una mano, \u00a1Atentos!<\/strong><\/p>\n<p><em>Hola naranjitas, hola familias:<\/em><\/p>\n<p><em>Con motivo de la festividad de \u00abSan Jordi\u00bb,el jueves 23 de abril vamos a celebrar el D\u00cdA DEL LIBRO. A parte de leer y escuchar muchos cuentos yo os propongo que hagamos varios marcap\u00e1ginas para toda la familia. En esta ocasi\u00f3n el personaje es un gusanillo, como el cuento del gusanillo glot\u00f3n que os contaba Nuria cuando erais peque\u00f1os en la clase azul.<img decoding=\"async\" data-attachment-id=\"42454\" data-permalink=\"https:\/\/www.alqueria.es\/blogs\/alqueriaamarillanaranja\/2020\/04\/20\/gusanito-marca-paginas\/screenshot_20200417-1940302\/\" data-orig-file=\"https:\/\/cloud.alqueria.es\/wp-content\/uploads\/sites\/9\/2020\/04\/Screenshot_20200417-1940302.jpg\" data-orig-size=\"830,816\" data-comments-opened=\"1\" data-image-meta=\"{&quot;aperture&quot;:&quot;0&quot;,&quot;credit&quot;:&quot;&quot;,&quot;camera&quot;:&quot;&quot;,&quot;caption&quot;:&quot;&quot;,&quot;created_timestamp&quot;:&quot;0&quot;,&quot;copyright&quot;:&quot;&quot;,&quot;focal_length&quot;:&quot;0&quot;,&quot;iso&quot;:&quot;0&quot;,&quot;shutter_speed&quot;:&quot;0&quot;,&quot;title&quot;:&quot;&quot;,&quot;orientation&quot;:&quot;0&quot;}\" data-image-title=\"Screenshot_20200417-194030~2\" data-image-description=\"\" data-image-caption=\"\" data-large-file=\"https:\/\/cloud.alqueria.es\/wp-content\/uploads\/sites\/9\/2020\/04\/Screenshot_20200417-1940302.jpg\" class=\"alignright size-medium wp-image-42454\" src=\"https:\/\/cloud.alqueria.es\/wp-content\/uploads\/sites\/9\/2020\/04\/Screenshot_20200417-1940302.jpg\" alt=\"\" width=\"300\" height=\"295\" srcset=\"https:\/\/cloud.alqueria.es\/wp-content\/uploads\/sites\/9\/2020\/04\/Screenshot_20200417-1940302.jpg 830w, https:\/\/cloud.alqueria.es\/wp-content\/uploads\/sites\/9\/2020\/04\/Screenshot_20200417-1940302.jpg 300w, https:\/\/cloud.alqueria.es\/wp-content\/uploads\/sites\/9\/2020\/04\/Screenshot_20200417-1940302.jpg 768w\" sizes=\"(max-width: 300px) 100vw, 300px\" \/><\/em><\/p>\n<p><span style=\"color: #008000\"><em>MATERIALES:<\/em><\/span><\/p>\n<p><em>&#8211; Trozos de papel de regalo, de revista o cualquier otro que teng\u00e1is para reciclar.<\/em><\/p>\n<p><em>&#8211; Alguna cartulina para pegar el papel y as\u00ed os quede \u00a0mas consistente.<\/em><\/p>\n<p><em>&#8211; Alg\u00fan objeto redondo, vaso, tapadera de un bote o alguna pieza de un juguete. (6 cm de di\u00e1metro aproximadamente)<\/em><\/p>\n<p><em>&#8211; Tijeras<\/em><\/p>\n<p><em>&#8211; Pegamento<\/em><\/p>\n<p><em>&#8211; Rotuladores<\/em><\/p>\n<p><em>REALIZACI\u00d3N<\/em><\/p>\n<p><em>Como siempre deb\u00e9is \u00a0tener todo preparado antes de sentaros.<\/em><\/p>\n<p><em>Lo primero con la pieza redonda dibujar cinco c\u00edrculos en papel \u00abbonito\u00bb y cinco en la cartulina. Despu\u00e9s \u00a0el trabajo duro, a recortar.<\/em><\/p>\n<p><em>Cuando los teng\u00e1is listos pegar las dos piezas, la cartulina con el papel. Una vez que teng\u00e1is los cinco c\u00edrculos ya pegados ahora os toca pegar las cinco piezas por un borde, un poco inclinadas unas un poco parra arriba y otras un poco hacia abajo, para que el gusanillo parezca que tiene movimiento y se mueva por nuestros cuentos.<\/em><\/p>\n<p><em>Lo mas divertido es ponerle expresi\u00f3n a la cara del nuestro amigo; alegre, divertido, feliz o dormido pl\u00e1cidamente. No vale ponerlo triste ni enfadado. Pod\u00e9is hacerlo pint\u00e1ndole los ojos directamente o recortando un c\u00edrculo peque\u00f1o y peg\u00e1ndoselo, incluso unos botones peque\u00f1os, lo que teng\u00e1is o se os ocurra. Pintarle una gran sonrisa.<\/em><\/p>\n<p><em>Finalmente se lo pod\u00e9is dedicar a todos los miembros de vuestra familia, con su nombre y \u00abD\u00edA DEL LIBRO\u00bb por la parte lisa.<\/em><\/p>\n<p><em>Feliz d\u00eda del libro, un beso muy fuerte<\/em><\/p>\n<p><em>Charito<\/em><\/p>\n<p><div class=\"a25-CTUOC-hidding-box\" data-original-content=\"&lt;iframe loading=&quot;lazy&quot; title=&quot;Marca-p\u00e1ginas GUSANO&quot; src=&quot;https:\/\/player.vimeo.com\/video\/409713351?dnt=1&amp;amp;app_id=122963&quot; width=&quot;474&quot; height=&quot;308&quot; frameborder=&quot;0&quot; allow=&quot;autoplay; fullscreen; picture-in-picture; clipboard-write&quot;&gt;&lt;\/iframe&gt;\">Esta p\u00e1gina incluye contenido multimedia que requiere aceptar todas las cookies. Pulse aqu\u00ed para abrir la configuraci\u00f3n de cookies.<\/div><\/p>\n<p><strong>Y con motivo de nuestros gusanos marca-p\u00e1ginas\u00a0 os dejo el video-cuento de <span style=\"color: #008000\">\u00abLa oruga glotona\u00bb,<\/span> \u00bfqui\u00e9n lo recuerda? Una historia que hemos contando en clase m\u00e1s de una vez&#8230;.<\/strong><\/p>\n<p><span class=\"embed-youtube\" style=\"text-align:center; display: block;\"><div class=\"a25-CTUOC-hidding-box\" data-original-content=\"&lt;iframe loading=&quot;lazy&quot; class=&quot;youtube-player&quot; width=&quot;474&quot; height=&quot;267&quot; src=&quot;https:\/\/www.youtube.com\/embed\/SjiGJWylfHc?version=3&amp;#038;rel=1&amp;#038;showsearch=0&amp;#038;showinfo=1&amp;#038;iv_load_policy=1&amp;#038;fs=1&amp;#038;hl=es-ES&amp;#038;autohide=2&amp;#038;wmode=transparent&quot; allowfullscreen=&quot;true&quot; style=&quot;border:0;&quot; sandbox=&quot;allow-scripts allow-same-origin allow-popups allow-presentation allow-popups-to-escape-sandbox&quot;&gt;&lt;\/iframe&gt;\">Esta p\u00e1gina incluye contenido multimedia que requiere aceptar todas las cookies. Pulse aqu\u00ed para abrir la configuraci\u00f3n de cookies.<\/div><\/span><\/p>\n<p>&nbsp;<\/p>\n<p><strong>\u00bfConoc\u00e9is c\u00f3mo se llaman los dedos de la mano? Leed este <span style=\"color: #ff00ff\">poema<\/span> y lo descubrir\u00e9is:<\/strong><\/p>\n<p><img decoding=\"async\" data-attachment-id=\"42489\" data-permalink=\"https:\/\/www.alqueria.es\/blogs\/alqueriaamarillanaranja\/2020\/04\/20\/gusanito-marca-paginas\/screenshot_20200420-0710472\/\" data-orig-file=\"https:\/\/cloud.alqueria.es\/wp-content\/uploads\/sites\/9\/2020\/04\/Screenshot_20200420-0710472.jpg\" data-orig-size=\"1024,781\" data-comments-opened=\"1\" data-image-meta=\"{&quot;aperture&quot;:&quot;0&quot;,&quot;credit&quot;:&quot;&quot;,&quot;camera&quot;:&quot;&quot;,&quot;caption&quot;:&quot;&quot;,&quot;created_timestamp&quot;:&quot;0&quot;,&quot;copyright&quot;:&quot;&quot;,&quot;focal_length&quot;:&quot;0&quot;,&quot;iso&quot;:&quot;0&quot;,&quot;shutter_speed&quot;:&quot;0&quot;,&quot;title&quot;:&quot;&quot;,&quot;orientation&quot;:&quot;0&quot;}\" data-image-title=\"Screenshot_20200420-071047~2\" data-image-description=\"\" data-image-caption=\"\" data-large-file=\"https:\/\/cloud.alqueria.es\/wp-content\/uploads\/sites\/9\/2020\/04\/Screenshot_20200420-0710472-1024x781.jpg\" class=\"aligncenter size-full wp-image-42489\" src=\"https:\/\/cloud.alqueria.es\/wp-content\/uploads\/sites\/9\/2020\/04\/Screenshot_20200420-0710472.jpg\" alt=\"\" width=\"1024\" height=\"781\" srcset=\"https:\/\/cloud.alqueria.es\/wp-content\/uploads\/sites\/9\/2020\/04\/Screenshot_20200420-0710472.jpg 1024w, https:\/\/cloud.alqueria.es\/wp-content\/uploads\/sites\/9\/2020\/04\/Screenshot_20200420-0710472.jpg 300w, https:\/\/cloud.alqueria.es\/wp-content\/uploads\/sites\/9\/2020\/04\/Screenshot_20200420-0710472.jpg 768w\" sizes=\"(max-width: 1024px) 100vw, 1024px\" \/><em>Ya sabemos que nuestros peque\u00f1@s prefieren los cuentos infantiles pero la<span style=\"color: #ff00ff\"> poes\u00eda infantil<\/span> tambi\u00e9n es una excelente herramienta para estimular el aprendizaje y mejorar el vocabulario. La poes\u00eda infantil \u00a0es mucho m\u00e1s que una forma de expresi\u00f3n, es ritmo, creatividad\u00a0 e imaginaci\u00f3n&#8230;Debemos leer poes\u00eda adecuadas a la edad de nuestros peque\u00f1os, elegir versos con rima, poes\u00edas cortas, y por supuesto leerlas con entonaci\u00f3n.<\/em><\/p>\n<h5>Los ratones revoltosos, de Marisa Alonso Santamar\u00eda<\/h5>\n<blockquote style=\"border-width: 0px 0px 0px 5px;margin: 0px 0px 25px 11px;padding: 0px 0px 0px 20px;color: #888888;text-transform: none;text-indent: 0px;letter-spacing: normal;font-family: Nunito, Arial, sans-serif;font-size: 1.1em;font-style: normal;font-weight: 400;vertical-align: baseline;border-left-color: #dddddd;border-left-style: solid;background-color: #ffffff\"><p>Dentro de su ratonera<br \/>\ndos ratones revoltosos,<br \/>\nven al gato adormilado<br \/>\nque est\u00e1 cerrando los ojos.<\/p><\/blockquote>\n<blockquote style=\"border-width: 0px 0px 0px 5px;margin: 0px 0px 25px 11px;padding: 0px 0px 0px 20px;color: #888888;text-transform: none;text-indent: 0px;letter-spacing: normal;font-family: Nunito, Arial, sans-serif;font-size: 1.1em;font-style: normal;font-weight: 400;vertical-align: baseline;border-left-color: #dddddd;border-left-style: solid;background-color: #ffffff\"><p>Cada uno por un lado,<br \/>\nle est\u00e1n tirando del rabo,<br \/>\nel gato se ha dado cuenta<br \/>\npero se hace el despistado.<\/p><\/blockquote>\n<blockquote style=\"border-width: 0px 0px 0px 5px;margin: 0px 0px 25px 11px;padding: 0px 0px 0px 20px;color: #888888;text-transform: none;text-indent: 0px;letter-spacing: normal;font-family: Nunito, Arial, sans-serif;font-size: 1.1em;font-style: normal;font-weight: 400;vertical-align: baseline;border-left-color: #dddddd;border-left-style: solid;background-color: #ffffff\"><p>Le tiran de las orejas,<br \/>\nle dan peque\u00f1os mordiscos,<br \/>\nel gato con gran paciencia<br \/>\nlas mueve a modo de aviso.<\/p><\/blockquote>\n<blockquote style=\"border-width: 0px 0px 0px 5px;margin: 0px 0px 25px 11px;padding: 0px 0px 0px 20px;color: #888888;text-transform: none;text-indent: 0px;letter-spacing: normal;font-family: Nunito, Arial, sans-serif;font-size: 1.1em;font-style: normal;font-weight: 400;vertical-align: baseline;border-left-color: #dddddd;border-left-style: solid;background-color: #ffffff\"><p>Le han cogido los bigotes<br \/>\nle est\u00e1n haciendo cosquillas,<br \/>\nel gato mueve el hocico<br \/>\ny en su boca un rat\u00f3n pilla.<\/p><\/blockquote>\n<blockquote style=\"border-width: 0px 0px 0px 5px;margin: 0px 0px 25px 11px;padding: 0px 0px 0px 20px;color: #888888;text-transform: none;text-indent: 0px;letter-spacing: normal;font-family: Nunito, Arial, sans-serif;font-size: 1.1em;font-style: normal;font-weight: 400;vertical-align: baseline;border-left-color: #dddddd;border-left-style: solid;background-color: #ffffff\"><p>El otro se vuelve loco,<br \/>\ngrita dando grandes saltos:<br \/>\n\u201cSuelta a mi amigo rat\u00f3n<br \/>\nque s\u00f3lo estamos jugando\u201d.<\/p><\/blockquote>\n<blockquote style=\"border-width: 0px 0px 0px 5px;margin: 0px 0px 25px 11px;padding: 0px 0px 0px 20px;color: #888888;text-transform: none;text-indent: 0px;letter-spacing: normal;font-family: Nunito, Arial, sans-serif;font-size: 1.1em;font-style: normal;font-weight: 400;vertical-align: baseline;border-left-color: #dddddd;border-left-style: solid;background-color: #ffffff\"><p>El gato de buen humor,<br \/>\nri\u00e9ndose a carcajadas,<br \/>\nsaca el rat\u00f3n de su boca<br \/>\ndespu\u00e9s le sopla a la cara.<\/p>\n<p>Huyendo a la ratonera,<br \/>\nlos dos corriendo se han ido,<br \/>\nel gato cierra los ojos<br \/>\ny se duerme divertido.<\/p><\/blockquote>\n<p><strong>Naranjitas, aqu\u00ed os dejo un cuento\u00a0 educativo sobre el <span style=\"color: #ff00ff\">trabajo en equipo,<\/span> disfrutadlo:<\/strong><\/p>\n<p><span class=\"embed-youtube\" style=\"text-align:center; display: block;\"><div class=\"a25-CTUOC-hidding-box\" data-original-content=\"&lt;iframe loading=&quot;lazy&quot; class=&quot;youtube-player&quot; width=&quot;474&quot; height=&quot;267&quot; src=&quot;https:\/\/www.youtube.com\/embed\/hP0YE76e5Ks?version=3&amp;#038;rel=1&amp;#038;showsearch=0&amp;#038;showinfo=1&amp;#038;iv_load_policy=1&amp;#038;fs=1&amp;#038;hl=es-ES&amp;#038;autohide=2&amp;#038;wmode=transparent&quot; allowfullscreen=&quot;true&quot; style=&quot;border:0;&quot; sandbox=&quot;allow-scripts allow-same-origin allow-popups allow-presentation allow-popups-to-escape-sandbox&quot;&gt;&lt;\/iframe&gt;\">Esta p\u00e1gina incluye contenido multimedia que requiere aceptar todas las cookies. Pulse aqu\u00ed para abrir la configuraci\u00f3n de cookies.<\/div><\/span><\/p>\n<div><em>Los conceptos que m\u00e1s cuestan a nuestros peque\u00f1os \u00a0son <b><span style=\"color: #ff00ff\">derecha e<\/span> <span style=\"color: #ff00ff\">izquierda<\/span><\/b><span style=\"color: #ff00ff\">.<\/span> Y es que es un poco complicado, porque no es lo mismo si estamos mirando de frente, o desde atr\u00e1s, o desde un lado&#8230; \u00a1Uy, qu\u00e9 l\u00edo!<\/em><\/div>\n<div><\/div>\n<div><strong>He pensado que una forma divertida para trabajar la <span style=\"color: #ff00ff\">lateralidad<\/span> y la <span style=\"color: #ff00ff\">orientaci\u00f3n espacial<\/span>\u00a0\u00a0es bailar.\u00a0\u00a0\u00a1Parece f\u00e1cil! pero no lo es chic@s, as\u00ed que no queda otra que practicar naranjitas:<\/strong><\/div>\n<div><\/div>\n<div>\n<p><span class=\"embed-youtube\" style=\"text-align:center; display: block;\"><div class=\"a25-CTUOC-hidding-box\" data-original-content=\"&lt;iframe loading=&quot;lazy&quot; class=&quot;youtube-player&quot; width=&quot;474&quot; height=&quot;267&quot; src=&quot;https:\/\/www.youtube.com\/embed\/0kNPetjMTCQ?version=3&amp;#038;rel=1&amp;#038;showsearch=0&amp;#038;showinfo=1&amp;#038;iv_load_policy=1&amp;#038;fs=1&amp;#038;hl=es-ES&amp;#038;autohide=2&amp;#038;wmode=transparent&quot; allowfullscreen=&quot;true&quot; style=&quot;border:0;&quot; sandbox=&quot;allow-scripts allow-same-origin allow-popups allow-presentation allow-popups-to-escape-sandbox&quot;&gt;&lt;\/iframe&gt;\">Esta p\u00e1gina incluye contenido multimedia que requiere aceptar todas las cookies. Pulse aqu\u00ed para abrir la configuraci\u00f3n de cookies.<\/div><\/span><\/p>\n<\/div>\n<div><\/div>\n<p><span class=\"embed-youtube\" style=\"text-align:center; display: block;\"><div class=\"a25-CTUOC-hidding-box\" data-original-content=\"&lt;iframe loading=&quot;lazy&quot; class=&quot;youtube-player&quot; width=&quot;474&quot; height=&quot;267&quot; src=&quot;https:\/\/www.youtube.com\/embed\/FhngNuRXDZc?version=3&amp;#038;rel=1&amp;#038;showsearch=0&amp;#038;showinfo=1&amp;#038;iv_load_policy=1&amp;#038;fs=1&amp;#038;hl=es-ES&amp;#038;autohide=2&amp;#038;wmode=transparent&quot; allowfullscreen=&quot;true&quot; style=&quot;border:0;&quot; sandbox=&quot;allow-scripts allow-same-origin allow-popups allow-presentation allow-popups-to-escape-sandbox&quot;&gt;&lt;\/iframe&gt;\">Esta p\u00e1gina incluye contenido multimedia que requiere aceptar todas las cookies. Pulse aqu\u00ed para abrir la configuraci\u00f3n de cookies.<\/div><\/span><\/p>\n<p><strong>\u00a1Por hoy terminamos naranjitas! Ma\u00f1ana seguiremos con m\u00e1s historias divertidas. \u00a1\u00c1nimo con las historias inventadas con ayuda de dos im\u00e1genes!<\/strong><\/p>\n<p><em>Cada momento dedicado a los cuentos es un tiempo invertido en educaci\u00f3n de calidad y en cari\u00f1o. \u00bfQu\u00e9 cuento leer\u00e9is esta noche?<\/em><\/p>\n<p>NOTA: Ya\u00a0 han llegado los primeros dibujos de historias inventadas, \u00a1Gracias! \u00a1\u00c1nimo al resto!!!!!<\/p>\n","protected":false},"excerpt":{"rendered":"<p>\u00a1Hola naranjitas! \u00bfQu\u00e9 tal el fin de semana?\u00a1 Estoy segura que genial! Es lunes y tengo el placer de informaros que con motivo del \u00abD\u00eda del Libro\u00bb y desde \u00abEl cole en Casa\u00bb vamos a tener una semana\u00a0 llena de magia y fantas\u00eda en la que los principales protagonistas ser\u00e1n los cuentos. Una semana llena &hellip; <a href=\"https:\/\/www.alqueria.es\/blogs\/alqueriaamarillanaranja\/2020\/04\/20\/gusanito-marca-paginas\/\" class=\"more-link\">Seguir leyendo <span class=\"screen-reader-text\">\u00abGusanito marca-p\u00e1ginas\u00bb<\/span> <span class=\"meta-nav\">&rarr;<\/span><\/a><\/p>\n","protected":false},"author":23,"featured_media":0,"comment_status":"open","ping_status":"open","sticky":false,"template":"","format":"standard","meta":{"jetpack_post_was_ever_published":false,"_jetpack_newsletter_access":"","_jetpack_dont_email_post_to_subs":false,"_jetpack_newsletter_tier_id":0,"_jetpack_memberships_contains_paywalled_content":false,"_jetpack_memberships_contains_paid_content":false,"footnotes":"","jetpack_publicize_message":"","jetpack_publicize_feature_enabled":true,"jetpack_social_post_already_shared":true,"jetpack_social_options":{"image_generator_settings":{"template":"highway","default_image_id":0,"font":"","enabled":false},"version":2}},"categories":[7],"tags":[622,630],"class_list":["post-42452","post","type-post","status-publish","format-standard","hentry","category-clase-naranja","tag-cole-en-casa","tag-semana-de-la-lectura-2020"],"jetpack_publicize_connections":[],"jetpack_featured_media_url":"","jetpack_sharing_enabled":true,"jetpack_shortlink":"https:\/\/wp.me\/p4lG08-b2I","jetpack-related-posts":[],"_links":{"self":[{"href":"https:\/\/www.alqueria.es\/blogs\/alqueriaamarillanaranja\/wp-json\/wp\/v2\/posts\/42452","targetHints":{"allow":["GET"]}}],"collection":[{"href":"https:\/\/www.alqueria.es\/blogs\/alqueriaamarillanaranja\/wp-json\/wp\/v2\/posts"}],"about":[{"href":"https:\/\/www.alqueria.es\/blogs\/alqueriaamarillanaranja\/wp-json\/wp\/v2\/types\/post"}],"author":[{"embeddable":true,"href":"https:\/\/www.alqueria.es\/blogs\/alqueriaamarillanaranja\/wp-json\/wp\/v2\/users\/23"}],"replies":[{"embeddable":true,"href":"https:\/\/www.alqueria.es\/blogs\/alqueriaamarillanaranja\/wp-json\/wp\/v2\/comments?post=42452"}],"version-history":[{"count":12,"href":"https:\/\/www.alqueria.es\/blogs\/alqueriaamarillanaranja\/wp-json\/wp\/v2\/posts\/42452\/revisions"}],"predecessor-version":[{"id":42498,"href":"https:\/\/www.alqueria.es\/blogs\/alqueriaamarillanaranja\/wp-json\/wp\/v2\/posts\/42452\/revisions\/42498"}],"wp:attachment":[{"href":"https:\/\/www.alqueria.es\/blogs\/alqueriaamarillanaranja\/wp-json\/wp\/v2\/media?parent=42452"}],"wp:term":[{"taxonomy":"category","embeddable":true,"href":"https:\/\/www.alqueria.es\/blogs\/alqueriaamarillanaranja\/wp-json\/wp\/v2\/categories?post=42452"},{"taxonomy":"post_tag","embeddable":true,"href":"https:\/\/www.alqueria.es\/blogs\/alqueriaamarillanaranja\/wp-json\/wp\/v2\/tags?post=42452"}],"curies":[{"name":"wp","href":"https:\/\/api.w.org\/{rel}","templated":true}]}}