{"id":42474,"date":"2020-04-21T10:00:07","date_gmt":"2020-04-21T08:00:07","guid":{"rendered":"http:\/\/www.alqueria.es\/blogs\/alqueriaamarillanaranja\/?p=42474"},"modified":"2020-04-20T14:13:33","modified_gmt":"2020-04-20T12:13:33","slug":"taller-creativo-marcapaginas","status":"publish","type":"post","link":"https:\/\/www.alqueria.es\/blogs\/alqueriaamarillanaranja\/2020\/04\/21\/taller-creativo-marcapaginas\/","title":{"rendered":"Taller creativo: marcap\u00e1ginas"},"content":{"rendered":"<p><strong><em>\u00a1Buenos d\u00edas ni\u00f1os y ni\u00f1as! Seguimos con nuestra Semana de la Lectura. Hoy os traemos&#8230;<\/em><\/strong><\/p>\n<p><img decoding=\"async\" data-attachment-id=\"42479\" data-permalink=\"https:\/\/www.alqueria.es\/blogs\/alqueriaamarillanaranja\/2020\/04\/21\/taller-creativo-marcapaginas\/f3900900ab933dc1ed174fe02dbd6205\/\" data-orig-file=\"https:\/\/cloud.alqueria.es\/wp-content\/uploads\/sites\/9\/2020\/04\/f3900900ab933dc1ed174fe02dbd6205.jpg\" data-orig-size=\"236,151\" data-comments-opened=\"1\" data-image-meta=\"{&quot;aperture&quot;:&quot;0&quot;,&quot;credit&quot;:&quot;&quot;,&quot;camera&quot;:&quot;&quot;,&quot;caption&quot;:&quot;&quot;,&quot;created_timestamp&quot;:&quot;0&quot;,&quot;copyright&quot;:&quot;&quot;,&quot;focal_length&quot;:&quot;0&quot;,&quot;iso&quot;:&quot;0&quot;,&quot;shutter_speed&quot;:&quot;0&quot;,&quot;title&quot;:&quot;&quot;,&quot;orientation&quot;:&quot;0&quot;}\" data-image-title=\"f3900900ab933dc1ed174fe02dbd6205\" data-image-description=\"\" data-image-caption=\"\" data-large-file=\"https:\/\/cloud.alqueria.es\/wp-content\/uploads\/sites\/9\/2020\/04\/f3900900ab933dc1ed174fe02dbd6205.jpg\" class=\"aligncenter wp-image-42479\" src=\"https:\/\/cloud.alqueria.es\/wp-content\/uploads\/sites\/9\/2020\/04\/f3900900ab933dc1ed174fe02dbd6205.jpg\" alt=\"\" width=\"275\" height=\"176\" \/><\/p>\n<ol>\n<li><strong><span class=\"ILfuVd\"><span class=\"e24Kjd\"><span style=\"color: #0000ff\">TALLER CREATIVO:<\/span> <\/span><\/span><\/strong><span class=\"ILfuVd\"><span class=\"e24Kjd\">Un marcap\u00e1ginas, se\u00f1alador, punto de lectura, punto de libro, separador de libro, etc. es un objeto de grosor fino, normalmente de papel o cartulina, utilizado para marcar el punto exacto en el que queda detenida temporalmente la lectura de un libro y as\u00ed poder regresar a \u00e9l con facilidad.<\/span><\/span><\/li>\n<\/ol>\n<p>Pues esta justo es <strong><span style=\"color: #0000ff\">la propuesta creativa que nos trae Charito esta semana, nada mejor que un marcap\u00e1ginas personalizado<\/span> <\/strong>por nuestros ni\u00f1os y ni\u00f1as para recordarnos por donde llevamos la lectura de nuestro libro favorito, adem\u00e1s es muy importante que aprovech\u00e9is para explicarles su funci\u00f3n, seguro que no lo olvidar\u00e1n nunca.<\/p>\n<p>\u00abHola familias, <em><strong>hola amarillitos<\/strong><\/em>.<img decoding=\"async\" data-attachment-id=\"42477\" data-permalink=\"https:\/\/www.alqueria.es\/blogs\/alqueriaamarillanaranja\/2020\/04\/21\/taller-creativo-marcapaginas\/6e3c86c154cf715a3d1bc6b31dcb0b2f\/\" data-orig-file=\"https:\/\/cloud.alqueria.es\/wp-content\/uploads\/sites\/9\/2020\/04\/6e3c86c154cf715a3d1bc6b31dcb0b2f.jpg\" data-orig-size=\"236,280\" data-comments-opened=\"1\" data-image-meta=\"{&quot;aperture&quot;:&quot;0&quot;,&quot;credit&quot;:&quot;&quot;,&quot;camera&quot;:&quot;&quot;,&quot;caption&quot;:&quot;&quot;,&quot;created_timestamp&quot;:&quot;0&quot;,&quot;copyright&quot;:&quot;&quot;,&quot;focal_length&quot;:&quot;0&quot;,&quot;iso&quot;:&quot;0&quot;,&quot;shutter_speed&quot;:&quot;0&quot;,&quot;title&quot;:&quot;&quot;,&quot;orientation&quot;:&quot;0&quot;}\" data-image-title=\"6e3c86c154cf715a3d1bc6b31dcb0b2f\" data-image-description=\"\" data-image-caption=\"\" data-large-file=\"https:\/\/cloud.alqueria.es\/wp-content\/uploads\/sites\/9\/2020\/04\/6e3c86c154cf715a3d1bc6b31dcb0b2f.jpg\" class=\"alignright wp-image-42477\" src=\"https:\/\/cloud.alqueria.es\/wp-content\/uploads\/sites\/9\/2020\/04\/6e3c86c154cf715a3d1bc6b31dcb0b2f.jpg\" alt=\"\" width=\"182\" height=\"216\" \/><\/p>\n<p><strong><em>Esta vez os propongo un taller para realizar un marcap\u00e1ginas, ya que el d\u00eda del libro esta pr\u00f3ximo.<\/em><\/strong> Lo celebraremos el 23 de Abril, as\u00ed que podemos hacer para toda la familia incluso a los que no est\u00e9n cerca, se los guardamos y cuando podamos se los regalaremos.<\/p>\n<p><strong><em>Lo llamaremos <span style=\"color: #0000ff\">\u00abROSA DE SAN JORDI\u00bb<\/span> (ya os contaremos esta leyenda otro d\u00eda&#8230;),<\/em><\/strong><em> <strong>es muy f\u00e1cil y se que os gustar\u00e1 mucho porque eso de pintaros las manos os chifla.<\/strong><\/em><\/p>\n<p>MATERIALES:<\/p>\n<p>&#8211; Un trozo de cartulina blanca o color clarito (12&#215;20 cm aproximadamente ) luego recortamos lo que nos sobre.<\/p>\n<p>&#8211; Pinturas tempera, roja y verde.<\/p>\n<p>&#8211; Un trocito de cordon o cinta.<\/p>\n<div class=\"tiled-gallery type-rectangular tiled-gallery-unresized\" data-original-width=\"474\" data-carousel-extra='{&quot;blog_id&quot;:9,&quot;permalink&quot;:&quot;https:\\\/\\\/www.alqueria.es\\\/blogs\\\/alqueriaamarillanaranja\\\/2020\\\/04\\\/21\\\/taller-creativo-marcapaginas\\\/&quot;,&quot;likes_blog_id&quot;:64271688}' itemscope itemtype=\"http:\/\/schema.org\/ImageGallery\" > <div class=\"gallery-row\" style=\"width: 474px; height: 140px;\" data-original-width=\"474\" data-original-height=\"140\" > <div class=\"gallery-group images-1\" style=\"width: 185px; height: 140px;\" data-original-width=\"185\" data-original-height=\"140\" > <div class=\"tiled-gallery-item tiled-gallery-item-small\" itemprop=\"associatedMedia\" itemscope itemtype=\"http:\/\/schema.org\/ImageObject\"> <a href=\"https:\/\/www.alqueria.es\/blogs\/alqueriaamarillanaranja\/2020\/04\/21\/taller-creativo-marcapaginas\/3560bc49046c1b47fa087c3ef27ee253\/\" border=\"0\" itemprop=\"url\"> <meta itemprop=\"width\" content=\"181\"> <meta itemprop=\"height\" content=\"136\"> <img decoding=\"async\" class=\"\" data-attachment-id=\"42481\" data-orig-file=\"https:\/\/cloud.alqueria.es\/wp-content\/uploads\/sites\/9\/2020\/04\/3560bc49046c1b47fa087c3ef27ee253.jpg\" data-orig-size=\"564,423\" data-comments-opened=\"1\" data-image-meta=\"{&quot;aperture&quot;:&quot;0&quot;,&quot;credit&quot;:&quot;&quot;,&quot;camera&quot;:&quot;&quot;,&quot;caption&quot;:&quot;&quot;,&quot;created_timestamp&quot;:&quot;0&quot;,&quot;copyright&quot;:&quot;&quot;,&quot;focal_length&quot;:&quot;0&quot;,&quot;iso&quot;:&quot;0&quot;,&quot;shutter_speed&quot;:&quot;0&quot;,&quot;title&quot;:&quot;&quot;,&quot;orientation&quot;:&quot;0&quot;}\" data-image-title=\"3560bc49046c1b47fa087c3ef27ee253\" data-image-description=\"\" data-medium-file=\"https:\/\/cloud.alqueria.es\/wp-content\/uploads\/sites\/9\/2020\/04\/3560bc49046c1b47fa087c3ef27ee253-300x225.jpg\" data-large-file=\"https:\/\/cloud.alqueria.es\/wp-content\/uploads\/sites\/9\/2020\/04\/3560bc49046c1b47fa087c3ef27ee253.jpg\" src=\"https:\/\/i0.wp.com\/cloud.alqueria.es\/wp-content\/uploads\/sites\/9\/2020\/04\/3560bc49046c1b47fa087c3ef27ee253.jpg?w=181&#038;h=136&#038;ssl=1\" srcset=\"https:\/\/cloud.alqueria.es\/wp-content\/uploads\/sites\/9\/2020\/04\/3560bc49046c1b47fa087c3ef27ee253.jpg 564w, https:\/\/cloud.alqueria.es\/wp-content\/uploads\/sites\/9\/2020\/04\/3560bc49046c1b47fa087c3ef27ee253.jpg 300w\" width=\"181\" height=\"136\" loading=\"lazy\" data-original-width=\"181\" data-original-height=\"136\" itemprop=\"http:\/\/schema.org\/image\" title=\"3560bc49046c1b47fa087c3ef27ee253\" alt=\"3560bc49046c1b47fa087c3ef27ee253\" style=\"width: 181px; height: 136px;\" \/> <\/a> <\/div> <\/div> <!-- close group --> <div class=\"gallery-group images-1\" style=\"width: 289px; height: 140px;\" data-original-width=\"289\" data-original-height=\"140\" > <div class=\"tiled-gallery-item tiled-gallery-item-large\" itemprop=\"associatedMedia\" itemscope itemtype=\"http:\/\/schema.org\/ImageObject\"> <a href=\"https:\/\/www.alqueria.es\/blogs\/alqueriaamarillanaranja\/2020\/04\/21\/taller-creativo-marcapaginas\/2d30e23dfea202e9a880e0cff592098c\/\" border=\"0\" itemprop=\"url\"> <meta itemprop=\"width\" content=\"285\"> <meta itemprop=\"height\" content=\"136\"> <img decoding=\"async\" class=\"\" data-attachment-id=\"42475\" data-orig-file=\"https:\/\/cloud.alqueria.es\/wp-content\/uploads\/sites\/9\/2020\/04\/2d30e23dfea202e9a880e0cff592098c.jpg\" data-orig-size=\"564,268\" data-comments-opened=\"1\" data-image-meta=\"{&quot;aperture&quot;:&quot;0&quot;,&quot;credit&quot;:&quot;&quot;,&quot;camera&quot;:&quot;&quot;,&quot;caption&quot;:&quot;&quot;,&quot;created_timestamp&quot;:&quot;0&quot;,&quot;copyright&quot;:&quot;&quot;,&quot;focal_length&quot;:&quot;0&quot;,&quot;iso&quot;:&quot;0&quot;,&quot;shutter_speed&quot;:&quot;0&quot;,&quot;title&quot;:&quot;&quot;,&quot;orientation&quot;:&quot;0&quot;}\" data-image-title=\"2d30e23dfea202e9a880e0cff592098c\" data-image-description=\"\" data-medium-file=\"https:\/\/cloud.alqueria.es\/wp-content\/uploads\/sites\/9\/2020\/04\/2d30e23dfea202e9a880e0cff592098c-300x143.jpg\" data-large-file=\"https:\/\/cloud.alqueria.es\/wp-content\/uploads\/sites\/9\/2020\/04\/2d30e23dfea202e9a880e0cff592098c.jpg\" src=\"https:\/\/i0.wp.com\/cloud.alqueria.es\/wp-content\/uploads\/sites\/9\/2020\/04\/2d30e23dfea202e9a880e0cff592098c.jpg?w=285&#038;h=136&#038;ssl=1\" srcset=\"https:\/\/cloud.alqueria.es\/wp-content\/uploads\/sites\/9\/2020\/04\/2d30e23dfea202e9a880e0cff592098c.jpg 564w, https:\/\/cloud.alqueria.es\/wp-content\/uploads\/sites\/9\/2020\/04\/2d30e23dfea202e9a880e0cff592098c.jpg 300w\" width=\"285\" height=\"136\" loading=\"lazy\" data-original-width=\"285\" data-original-height=\"136\" itemprop=\"http:\/\/schema.org\/image\" title=\"2d30e23dfea202e9a880e0cff592098c\" alt=\"2d30e23dfea202e9a880e0cff592098c\" style=\"width: 285px; height: 136px;\" \/> <\/a> <\/div> <\/div> <!-- close group --> <\/div> <!-- close row --> <\/div>\n<p>REALIZACION:<\/p>\n<p><em><strong>Una vez tengamos \u00a0nuestro trocito de cartulina en vertical, nos pintamos la mano de rojo, con pincel o esponja y la plasmamos en la parte superior de la cartulina. Si ten\u00e9is varias cartulinas preparadas pod\u00e9is hacer varias a la vez. Nos lavamos muy bien mientras se va secando.<\/strong><\/em><\/p>\n<p><em><strong>Ahora toca pintar el tallo. Con la tempera verde y un pincel, o con los dedos, pintamos de arriba hasta abajo. Dejamos secar y con ayuda de un mayor la recortamos un poquito haciendo la forma de la flor.<\/strong><\/em><\/p>\n<p><em><strong>Para poner vuestro nombre o el nombre de a quien se lo vayas a regalar, utiliza un rect\u00e1ngulo de cartulina como una etiqueta y con un trocito de cord\u00f3n \u00e1talo a tu rosa.<\/strong><\/em><\/p>\n<p><em><strong>\u00a1\u00a1\u00a1Va a ser un regalazo amarillitos !!!<\/strong><\/em><\/p>\n<p><em><strong>Como siempre un grandisisimo abrazo para todos vosotros<\/strong><\/em><\/p>\n<p><em><strong>Charito\u00bb<\/strong><\/em><\/p>\n<p>2. <span style=\"color: #0000ff\"><strong>LECTURA PARA HOY, EDUCAR EN VALORES:<\/strong>\u00a0 \u00abPor cuatro esquinitas de nada\u00bb<\/span><\/p>\n<p><span class=\"embed-youtube\" style=\"text-align:center; display: block;\"><div class=\"a25-CTUOC-hidding-box\" data-original-content=\"&lt;iframe loading=&quot;lazy&quot; class=&quot;youtube-player&quot; width=&quot;474&quot; height=&quot;267&quot; src=&quot;https:\/\/www.youtube.com\/embed\/DBjka_zQBdQ?version=3&amp;#038;rel=1&amp;#038;showsearch=0&amp;#038;showinfo=1&amp;#038;iv_load_policy=1&amp;#038;fs=1&amp;#038;hl=es-ES&amp;#038;autohide=2&amp;#038;wmode=transparent&quot; allowfullscreen=&quot;true&quot; style=&quot;border:0;&quot; sandbox=&quot;allow-scripts allow-same-origin allow-popups allow-presentation allow-popups-to-escape-sandbox&quot;&gt;&lt;\/iframe&gt;\">Esta p\u00e1gina incluye contenido multimedia que requiere aceptar todas las cookies. Pulse aqu\u00ed para abrir la configuraci\u00f3n de cookies.<\/div><\/span><\/p>\n<p>Nuestro cuento de hoy es una historia que nos transmite un importante mensaje, las diferencias no deben ser una dificultad a la hora de relacionarnos. Debemos encontrar alternativas para superar lo que en un principio puede parecer un problema. <strong><span style=\"color: #0000ff\">Todos somos diferentes, pero todos somos iguales en derechos, oportunidades y obligaciones.<\/span> <\/strong>Esto que a simple vista parece tan sencillo debemos transmitirlo a nuestros peques a diario a trav\u00e9s de nuestro ejemplo y modelo a la hora de relacionarnos con los dem\u00e1s.<\/p>\n<p><em><strong>Chicos y chicas, <span style=\"color: #0000ff\">os dejamos una motivadora canci\u00f3n<\/span> que igual que en el cuento nos habla de la importancia de no darnos por vencidos y buscar la forma de alcanzar nuestros sue\u00f1os. <span style=\"color: #0000ff\">\u00a1Todos somos fuertes!<\/span><\/strong><\/em><\/p>\n<p><span class=\"embed-youtube\" style=\"text-align:center; display: block;\"><div class=\"a25-CTUOC-hidding-box\" data-original-content=\"&lt;iframe loading=&quot;lazy&quot; class=&quot;youtube-player&quot; width=&quot;474&quot; height=&quot;267&quot; src=&quot;https:\/\/www.youtube.com\/embed\/OPSeAZcALWQ?version=3&amp;#038;rel=1&amp;#038;showsearch=0&amp;#038;showinfo=1&amp;#038;iv_load_policy=1&amp;#038;fs=1&amp;#038;hl=es-ES&amp;#038;autohide=2&amp;#038;wmode=transparent&quot; allowfullscreen=&quot;true&quot; style=&quot;border:0;&quot; sandbox=&quot;allow-scripts allow-same-origin allow-popups allow-presentation allow-popups-to-escape-sandbox&quot;&gt;&lt;\/iframe&gt;\">Esta p\u00e1gina incluye contenido multimedia que requiere aceptar todas las cookies. Pulse aqu\u00ed para abrir la configuraci\u00f3n de cookies.<\/div><\/span><\/p>\n<p><em><strong>Pues nada amarill@s, por hoy os dejamos pero ma\u00f1ana volveremos con muchas ganas de \u00abveros\u00bb y de hacer muchas cosas divertidas.<\/strong><\/em><\/p>\n<p>\u00a1<em><strong>Un besazo para todos y todas!<\/strong><\/em><\/p>\n","protected":false},"excerpt":{"rendered":"<p>\u00a1Buenos d\u00edas ni\u00f1os y ni\u00f1as! Seguimos con nuestra Semana de la Lectura. Hoy os traemos&#8230; TALLER CREATIVO: Un marcap\u00e1ginas, se\u00f1alador, punto de lectura, punto de libro, separador de libro, etc. es un objeto de grosor fino, normalmente de papel o cartulina, utilizado para marcar el punto exacto en el que queda detenida temporalmente la lectura &hellip; <a href=\"https:\/\/www.alqueria.es\/blogs\/alqueriaamarillanaranja\/2020\/04\/21\/taller-creativo-marcapaginas\/\" class=\"more-link\">Seguir leyendo <span class=\"screen-reader-text\">Taller creativo: marcap\u00e1ginas<\/span> <span class=\"meta-nav\">&rarr;<\/span><\/a><\/p>\n","protected":false},"author":23,"featured_media":0,"comment_status":"open","ping_status":"open","sticky":false,"template":"","format":"standard","meta":{"jetpack_post_was_ever_published":false,"_jetpack_newsletter_access":"","_jetpack_dont_email_post_to_subs":false,"_jetpack_newsletter_tier_id":0,"_jetpack_memberships_contains_paywalled_content":false,"_jetpack_memberships_contains_paid_content":false,"footnotes":"","jetpack_publicize_message":"","jetpack_publicize_feature_enabled":true,"jetpack_social_post_already_shared":true,"jetpack_social_options":{"image_generator_settings":{"template":"highway","default_image_id":0,"font":"","enabled":false},"version":2}},"categories":[6,14],"tags":[630],"class_list":["post-42474","post","type-post","status-publish","format-standard","hentry","category-clase-amarilla","category-fiestas-y-dias-especiales","tag-semana-de-la-lectura-2020"],"jetpack_publicize_connections":[],"jetpack_featured_media_url":"","jetpack_sharing_enabled":true,"jetpack_shortlink":"https:\/\/wp.me\/p4lG08-b34","jetpack-related-posts":[],"_links":{"self":[{"href":"https:\/\/www.alqueria.es\/blogs\/alqueriaamarillanaranja\/wp-json\/wp\/v2\/posts\/42474","targetHints":{"allow":["GET"]}}],"collection":[{"href":"https:\/\/www.alqueria.es\/blogs\/alqueriaamarillanaranja\/wp-json\/wp\/v2\/posts"}],"about":[{"href":"https:\/\/www.alqueria.es\/blogs\/alqueriaamarillanaranja\/wp-json\/wp\/v2\/types\/post"}],"author":[{"embeddable":true,"href":"https:\/\/www.alqueria.es\/blogs\/alqueriaamarillanaranja\/wp-json\/wp\/v2\/users\/23"}],"replies":[{"embeddable":true,"href":"https:\/\/www.alqueria.es\/blogs\/alqueriaamarillanaranja\/wp-json\/wp\/v2\/comments?post=42474"}],"version-history":[{"count":7,"href":"https:\/\/www.alqueria.es\/blogs\/alqueriaamarillanaranja\/wp-json\/wp\/v2\/posts\/42474\/revisions"}],"predecessor-version":[{"id":42478,"href":"https:\/\/www.alqueria.es\/blogs\/alqueriaamarillanaranja\/wp-json\/wp\/v2\/posts\/42474\/revisions\/42478"}],"wp:attachment":[{"href":"https:\/\/www.alqueria.es\/blogs\/alqueriaamarillanaranja\/wp-json\/wp\/v2\/media?parent=42474"}],"wp:term":[{"taxonomy":"category","embeddable":true,"href":"https:\/\/www.alqueria.es\/blogs\/alqueriaamarillanaranja\/wp-json\/wp\/v2\/categories?post=42474"},{"taxonomy":"post_tag","embeddable":true,"href":"https:\/\/www.alqueria.es\/blogs\/alqueriaamarillanaranja\/wp-json\/wp\/v2\/tags?post=42474"}],"curies":[{"name":"wp","href":"https:\/\/api.w.org\/{rel}","templated":true}]}}