{"id":42504,"date":"2020-04-22T09:00:53","date_gmt":"2020-04-22T07:00:53","guid":{"rendered":"http:\/\/www.alqueria.es\/blogs\/alqueriaamarillanaranja\/?p=42504"},"modified":"2020-04-22T09:23:08","modified_gmt":"2020-04-22T07:23:08","slug":"tenemos-una-cita-naranjitas","status":"publish","type":"post","link":"https:\/\/www.alqueria.es\/blogs\/alqueriaamarillanaranja\/2020\/04\/22\/tenemos-una-cita-naranjitas\/","title":{"rendered":"\u00a1Tenemos una cita naranjitas!"},"content":{"rendered":"<p><strong>\u00a1Hola naranjitas! \u00bfEst\u00e1is preparados? \u00a1En un ratito nos vemos! Apuntad en vuestra agenda que cada mi\u00e9rcoles tendr\u00e9is una cita a la que no pod\u00e9is faltar.<\/strong><\/p>\n<p><img decoding=\"async\" src=\"http:\/\/4.bp.blogspot.com\/-u8i7rnAjKD8\/Ud1xPWLke9I\/AAAAAAAAAIs\/2e8mSYAFJKU\/s1600\/hppy_little_children_holdin_hands_in_colors.png\" alt=\"Ver las im\u00e1genes de origen\" \/><\/p>\n<p><strong>Seguimos con\u00a0 actividades relacionadas con la lectura , \u00bfSe pueden relacionar las matem\u00e1ticas y la lectura? Claro que s\u00ed . Ambas disciplinas forman un gran equipo<\/strong>. <em>Trabajar las matem\u00e1ticas a trav\u00e9s de los cuentos infantiles:<\/em><\/p>\n<ul>\n<li><em>Permite ver conceptos matem\u00e1ticos dentro de un contexto y, por lo tanto entenderlos mejor.<\/em><\/li>\n<li><em>Relaciona las matem\u00e1ticas con la resoluci\u00f3n de problemas del d\u00eda a d\u00eda.<\/em><\/li>\n<li><em>Potencia el desarrollo del razonamiento l\u00f3gico.<\/em><\/li>\n<\/ul>\n<p><strong>1.-Chic@s comenzamos con este \u00a0divertido video de un gusano llamado <span style=\"color: #ff6600\">Memo,<\/span> seguimos <span style=\"color: #99cc00\">aprendiendo los n\u00fameros:<\/span><\/strong><\/p>\n<p><span class=\"embed-youtube\" style=\"text-align:center; display: block;\"><div class=\"a25-CTUOC-hidding-box\" data-original-content=\"&lt;iframe loading=&quot;lazy&quot; class=&quot;youtube-player&quot; width=&quot;474&quot; height=&quot;267&quot; src=&quot;https:\/\/www.youtube.com\/embed\/_RCljRQYEjI?version=3&amp;#038;rel=1&amp;#038;showsearch=0&amp;#038;showinfo=1&amp;#038;iv_load_policy=1&amp;#038;fs=1&amp;#038;hl=es-ES&amp;#038;autohide=2&amp;#038;wmode=transparent&quot; allowfullscreen=&quot;true&quot; style=&quot;border:0;&quot; sandbox=&quot;allow-scripts allow-same-origin allow-popups allow-presentation allow-popups-to-escape-sandbox&quot;&gt;&lt;\/iframe&gt;\">Esta p\u00e1gina incluye contenido multimedia que requiere aceptar todas las cookies. Pulse aqu\u00ed para abrir la configuraci\u00f3n de cookies.<\/div><\/span><\/p>\n<p>&nbsp;<\/p>\n<p><strong>2.-Y como de n\u00fameros va hoy la cosa, os propongo el cuento de <span style=\"color: #0000ff\">\u00abLA<\/span> <span style=\"color: #0000ff\">CASA DE LA MOSCA FOSCA\u00bb,<\/span> un cuento que trabaja la amistad y la diversidad a trav\u00e9s de unos divertidos personajes. Introduce n\u00fameros, nombres de los animales del bosque y tama\u00f1os de menor a mayor.<\/strong><\/p>\n<p><span class=\"embed-youtube\" style=\"text-align:center; display: block;\"><div class=\"a25-CTUOC-hidding-box\" data-original-content=\"&lt;iframe loading=&quot;lazy&quot; class=&quot;youtube-player&quot; width=&quot;474&quot; height=&quot;267&quot; src=&quot;https:\/\/www.youtube.com\/embed\/2o9LZ8xwc38?version=3&amp;#038;rel=1&amp;#038;showsearch=0&amp;#038;showinfo=1&amp;#038;iv_load_policy=1&amp;#038;fs=1&amp;#038;hl=es-ES&amp;#038;autohide=2&amp;#038;wmode=transparent&quot; allowfullscreen=&quot;true&quot; style=&quot;border:0;&quot; sandbox=&quot;allow-scripts allow-same-origin allow-popups allow-presentation allow-popups-to-escape-sandbox&quot;&gt;&lt;\/iframe&gt;\">Esta p\u00e1gina incluye contenido multimedia que requiere aceptar todas las cookies. Pulse aqu\u00ed para abrir la configuraci\u00f3n de cookies.<\/div><\/span><\/p>\n<p><strong>3.-Ahora os propongo una actividad manipulativa para experimentar el concepto de <span style=\"color: #ff00ff\">medida<\/span> creando serpientes de plastilina. Necesitaremos plastilina, ojos m\u00f3viles o rotuladores para hacer marcas en las serpientes y dejarlas elegantes,jajaja.<\/strong><\/p>\n<p><em>La idea es marcar alg\u00fan espacio, con una cinta de celo que sirva de unidad de referencia de longitud.<img decoding=\"async\" data-attachment-id=\"42564\" data-permalink=\"https:\/\/www.alqueria.es\/blogs\/alqueriaamarillanaranja\/2020\/04\/22\/tenemos-una-cita-naranjitas\/screenshot_20200422-0110232\/\" data-orig-file=\"https:\/\/cloud.alqueria.es\/wp-content\/uploads\/sites\/9\/2020\/04\/Screenshot_20200422-0110232.jpg\" data-orig-size=\"847,678\" data-comments-opened=\"1\" data-image-meta=\"{&quot;aperture&quot;:&quot;0&quot;,&quot;credit&quot;:&quot;&quot;,&quot;camera&quot;:&quot;&quot;,&quot;caption&quot;:&quot;&quot;,&quot;created_timestamp&quot;:&quot;0&quot;,&quot;copyright&quot;:&quot;&quot;,&quot;focal_length&quot;:&quot;0&quot;,&quot;iso&quot;:&quot;0&quot;,&quot;shutter_speed&quot;:&quot;0&quot;,&quot;title&quot;:&quot;&quot;,&quot;orientation&quot;:&quot;0&quot;}\" data-image-title=\"Screenshot_20200422-011023~2\" data-image-description=\"\" data-image-caption=\"\" data-large-file=\"https:\/\/cloud.alqueria.es\/wp-content\/uploads\/sites\/9\/2020\/04\/Screenshot_20200422-0110232.jpg\" class=\"alignleft size-thumbnail wp-image-42564\" src=\"https:\/\/cloud.alqueria.es\/wp-content\/uploads\/sites\/9\/2020\/04\/Screenshot_20200422-0110232.jpg\" alt=\"\" width=\"150\" height=\"150\" \/><\/em><\/p>\n<p><strong>Naranjitas, \u00abvamos a hacer serpientes <span style=\"color: #ff00ff\">m\u00e1s<\/span> <span style=\"color: #ff00ff\">largas que<\/span> la marca que os han puesto vuestros papis sobre la mesa\u00bb. Podr\u00e9is ir a\u00f1adiendo o quitando plastilina para comprobar que nuestra serpiente es m\u00e1s larga que la unidad de medida.<\/strong><\/p>\n<p><em>En esta actividad nuestros peque\u00f1os trabajan conceptos matem\u00e1ticos de medica y l\u00f3gica pero tambi\u00e9n psicomotricidad fina y creatividad.<\/em><\/p>\n<p><img decoding=\"async\" data-attachment-id=\"42569\" data-permalink=\"https:\/\/www.alqueria.es\/blogs\/alqueriaamarillanaranja\/2020\/04\/22\/tenemos-una-cita-naranjitas\/screenshot_20200422-0145162\/\" data-orig-file=\"https:\/\/cloud.alqueria.es\/wp-content\/uploads\/sites\/9\/2020\/04\/Screenshot_20200422-0145162.jpg\" data-orig-size=\"969,630\" data-comments-opened=\"1\" data-image-meta=\"{&quot;aperture&quot;:&quot;0&quot;,&quot;credit&quot;:&quot;&quot;,&quot;camera&quot;:&quot;&quot;,&quot;caption&quot;:&quot;&quot;,&quot;created_timestamp&quot;:&quot;0&quot;,&quot;copyright&quot;:&quot;&quot;,&quot;focal_length&quot;:&quot;0&quot;,&quot;iso&quot;:&quot;0&quot;,&quot;shutter_speed&quot;:&quot;0&quot;,&quot;title&quot;:&quot;&quot;,&quot;orientation&quot;:&quot;0&quot;}\" data-image-title=\"Screenshot_20200422-014516~2\" data-image-description=\"\" data-image-caption=\"\" data-large-file=\"https:\/\/cloud.alqueria.es\/wp-content\/uploads\/sites\/9\/2020\/04\/Screenshot_20200422-0145162.jpg\" class=\"alignleft size-medium wp-image-42569\" src=\"https:\/\/cloud.alqueria.es\/wp-content\/uploads\/sites\/9\/2020\/04\/Screenshot_20200422-0145162.jpg\" alt=\"\" width=\"300\" height=\"195\" srcset=\"https:\/\/cloud.alqueria.es\/wp-content\/uploads\/sites\/9\/2020\/04\/Screenshot_20200422-0145162.jpg 969w, https:\/\/cloud.alqueria.es\/wp-content\/uploads\/sites\/9\/2020\/04\/Screenshot_20200422-0145162.jpg 300w, https:\/\/cloud.alqueria.es\/wp-content\/uploads\/sites\/9\/2020\/04\/Screenshot_20200422-0145162.jpg 768w\" sizes=\"(max-width: 300px) 100vw, 300px\" \/><\/p>\n<p>&nbsp;<\/p>\n<p><strong>Hoy, 22 de abril, se celebra el d\u00eda de nuestro planeta, el <span style=\"color: #339966\">D\u00eda de la Tierra.<\/span> \u00a1Vamos a celebrarlo<\/strong> <strong>con m\u00fasica chic@s!<\/strong><\/p>\n<p><span class=\"embed-youtube\" style=\"text-align:center; display: block;\"><div class=\"a25-CTUOC-hidding-box\" data-original-content=\"&lt;iframe loading=&quot;lazy&quot; class=&quot;youtube-player&quot; width=&quot;474&quot; height=&quot;267&quot; src=&quot;https:\/\/www.youtube.com\/embed\/B5A51NeS7Yg?version=3&amp;#038;rel=1&amp;#038;showsearch=0&amp;#038;showinfo=1&amp;#038;iv_load_policy=1&amp;#038;fs=1&amp;#038;hl=es-ES&amp;#038;autohide=2&amp;#038;wmode=transparent&quot; allowfullscreen=&quot;true&quot; style=&quot;border:0;&quot; sandbox=&quot;allow-scripts allow-same-origin allow-popups allow-presentation allow-popups-to-escape-sandbox&quot;&gt;&lt;\/iframe&gt;\">Esta p\u00e1gina incluye contenido multimedia que requiere aceptar todas las cookies. Pulse aqu\u00ed para abrir la configuraci\u00f3n de cookies.<\/div><\/span><\/p>\n<p><span class=\"embed-youtube\" style=\"text-align:center; display: block;\"><div class=\"a25-CTUOC-hidding-box\" data-original-content=\"&lt;iframe loading=&quot;lazy&quot; class=&quot;youtube-player&quot; width=&quot;474&quot; height=&quot;267&quot; src=&quot;https:\/\/www.youtube.com\/embed\/_Wpv1czv08A?version=3&amp;#038;rel=1&amp;#038;showsearch=0&amp;#038;showinfo=1&amp;#038;iv_load_policy=1&amp;#038;fs=1&amp;#038;hl=es-ES&amp;#038;autohide=2&amp;#038;wmode=transparent&quot; allowfullscreen=&quot;true&quot; style=&quot;border:0;&quot; sandbox=&quot;allow-scripts allow-same-origin allow-popups allow-presentation allow-popups-to-escape-sandbox&quot;&gt;&lt;\/iframe&gt;\">Esta p\u00e1gina incluye contenido multimedia que requiere aceptar todas las cookies. Pulse aqu\u00ed para abrir la configuraci\u00f3n de cookies.<\/div><\/span><\/p>\n<p style=\"text-align: center\"><span style=\"color: #ff0000\"><em>ADIVINANZA RETO SUPER-H\u00c9ROES CORONAVIRUS<\/em><\/span><\/p>\n<p style=\"text-align: center\">\u00abAUNQUE SOY GRANDE Y CON CUERNOS,<\/p>\n<p style=\"text-align: center\">NO TENGAS MIEDO NINGUNO,<\/p>\n<p style=\"text-align: center\">QUE DOY LECHE CALENTITA<\/p>\n<p style=\"text-align: center\">PARA HACER TU DESAYUNO\u00bb<\/p>\n<p style=\"text-align: center\">\u00a1Hasta ma\u00f1ana equipo!<\/p>\n<p><em>Ya me han llegado algunos de los dibujos de las historias inventadas de nuestros naranjitas, \u00a1animo al resto! Me gustara exponerlas esta semana en el blog para gratificar el trabajo y esfuerzo realizado. Gracias a tod@s.<\/em><\/p>\n<p>Silvia.<\/p>\n","protected":false},"excerpt":{"rendered":"<p>\u00a1Hola naranjitas! \u00bfEst\u00e1is preparados? \u00a1En un ratito nos vemos! Apuntad en vuestra agenda que cada mi\u00e9rcoles tendr\u00e9is una cita a la que no pod\u00e9is faltar. Seguimos con\u00a0 actividades relacionadas con la lectura , \u00bfSe pueden relacionar las matem\u00e1ticas y la lectura? Claro que s\u00ed . Ambas disciplinas forman un gran equipo. Trabajar las matem\u00e1ticas a &hellip; <a href=\"https:\/\/www.alqueria.es\/blogs\/alqueriaamarillanaranja\/2020\/04\/22\/tenemos-una-cita-naranjitas\/\" class=\"more-link\">Seguir leyendo <span class=\"screen-reader-text\">\u00a1Tenemos una cita naranjitas!<\/span> <span class=\"meta-nav\">&rarr;<\/span><\/a><\/p>\n","protected":false},"author":23,"featured_media":0,"comment_status":"open","ping_status":"open","sticky":false,"template":"","format":"standard","meta":{"jetpack_post_was_ever_published":false,"_jetpack_newsletter_access":"","_jetpack_dont_email_post_to_subs":false,"_jetpack_newsletter_tier_id":0,"_jetpack_memberships_contains_paywalled_content":false,"_jetpack_memberships_contains_paid_content":false,"footnotes":"","jetpack_publicize_message":"","jetpack_publicize_feature_enabled":true,"jetpack_social_post_already_shared":true,"jetpack_social_options":{"image_generator_settings":{"template":"highway","default_image_id":0,"font":"","enabled":false},"version":2}},"categories":[7],"tags":[621,630],"class_list":["post-42504","post","type-post","status-publish","format-standard","hentry","category-clase-naranja","tag-cole-encasa","tag-semana-de-la-lectura-2020"],"jetpack_publicize_connections":[],"jetpack_featured_media_url":"","jetpack_sharing_enabled":true,"jetpack_shortlink":"https:\/\/wp.me\/p4lG08-b3y","jetpack-related-posts":[],"_links":{"self":[{"href":"https:\/\/www.alqueria.es\/blogs\/alqueriaamarillanaranja\/wp-json\/wp\/v2\/posts\/42504","targetHints":{"allow":["GET"]}}],"collection":[{"href":"https:\/\/www.alqueria.es\/blogs\/alqueriaamarillanaranja\/wp-json\/wp\/v2\/posts"}],"about":[{"href":"https:\/\/www.alqueria.es\/blogs\/alqueriaamarillanaranja\/wp-json\/wp\/v2\/types\/post"}],"author":[{"embeddable":true,"href":"https:\/\/www.alqueria.es\/blogs\/alqueriaamarillanaranja\/wp-json\/wp\/v2\/users\/23"}],"replies":[{"embeddable":true,"href":"https:\/\/www.alqueria.es\/blogs\/alqueriaamarillanaranja\/wp-json\/wp\/v2\/comments?post=42504"}],"version-history":[{"count":11,"href":"https:\/\/www.alqueria.es\/blogs\/alqueriaamarillanaranja\/wp-json\/wp\/v2\/posts\/42504\/revisions"}],"predecessor-version":[{"id":42576,"href":"https:\/\/www.alqueria.es\/blogs\/alqueriaamarillanaranja\/wp-json\/wp\/v2\/posts\/42504\/revisions\/42576"}],"wp:attachment":[{"href":"https:\/\/www.alqueria.es\/blogs\/alqueriaamarillanaranja\/wp-json\/wp\/v2\/media?parent=42504"}],"wp:term":[{"taxonomy":"category","embeddable":true,"href":"https:\/\/www.alqueria.es\/blogs\/alqueriaamarillanaranja\/wp-json\/wp\/v2\/categories?post=42504"},{"taxonomy":"post_tag","embeddable":true,"href":"https:\/\/www.alqueria.es\/blogs\/alqueriaamarillanaranja\/wp-json\/wp\/v2\/tags?post=42504"}],"curies":[{"name":"wp","href":"https:\/\/api.w.org\/{rel}","templated":true}]}}