{"id":44116,"date":"2020-09-07T18:55:36","date_gmt":"2020-09-07T16:55:36","guid":{"rendered":"http:\/\/www.alqueria.es\/blogs\/alqueriaamarillanaranja\/?p=44116"},"modified":"2020-09-07T18:55:36","modified_gmt":"2020-09-07T16:55:36","slug":"bienvenidos-3","status":"publish","type":"post","link":"https:\/\/www.alqueria.es\/blogs\/alqueriaamarillanaranja\/2020\/09\/07\/bienvenidos-3\/","title":{"rendered":"\u00a1\u00a1\u00a1BIENVENIDOS!!!"},"content":{"rendered":"\r\n<p><img decoding=\"async\" data-attachment-id=\"44144\" data-permalink=\"https:\/\/www.alqueria.es\/blogs\/alqueriaamarillanaranja\/2020\/09\/07\/bienvenidos-3\/cartoon-happy-kids-playing-together\/\" data-orig-file=\"https:\/\/cloud.alqueria.es\/wp-content\/uploads\/sites\/9\/2020\/09\/istockphoto-1097702122-1024x1024-1.jpg\" data-orig-size=\"1024,724\" data-comments-opened=\"1\" data-image-meta=\"{&quot;aperture&quot;:&quot;0&quot;,&quot;credit&quot;:&quot;Getty Images\/iStockphoto&quot;,&quot;camera&quot;:&quot;&quot;,&quot;caption&quot;:&quot;Cartoon happy kids playing together.&quot;,&quot;created_timestamp&quot;:&quot;0&quot;,&quot;copyright&quot;:&quot;&quot;,&quot;focal_length&quot;:&quot;0&quot;,&quot;iso&quot;:&quot;0&quot;,&quot;shutter_speed&quot;:&quot;0&quot;,&quot;title&quot;:&quot;Cartoon happy kids playing together.&quot;,&quot;orientation&quot;:&quot;0&quot;}\" data-image-title=\"Cartoon happy kids playing together.\" data-image-description=\"\" data-image-caption=\"&lt;p&gt;Cartoon happy kids playing together.&lt;\/p&gt;\n\" data-large-file=\"https:\/\/cloud.alqueria.es\/wp-content\/uploads\/sites\/9\/2020\/09\/istockphoto-1097702122-1024x1024-1.jpg\" class=\"size-medium wp-image-44144 alignleft\" src=\"https:\/\/cloud.alqueria.es\/wp-content\/uploads\/sites\/9\/2020\/09\/istockphoto-1097702122-1024x1024-1-300x212.jpg\" alt=\"\" width=\"300\" height=\"212\" srcset=\"https:\/\/cloud.alqueria.es\/wp-content\/uploads\/sites\/9\/2020\/09\/istockphoto-1097702122-1024x1024-1-300x212.jpg 300w, https:\/\/cloud.alqueria.es\/wp-content\/uploads\/sites\/9\/2020\/09\/istockphoto-1097702122-1024x1024-1-768x543.jpg 768w, https:\/\/cloud.alqueria.es\/wp-content\/uploads\/sites\/9\/2020\/09\/istockphoto-1097702122-1024x1024-1.jpg 1024w\" sizes=\"(max-width: 300px) 100vw, 300px\" \/><\/p>\r\n<p>Ya comenzamos nuestro nuevo curso en el cole y lo hacemos con ganas e ilusi\u00f3n a pesar de las circunstancias especiales con las que nos encontramos.<\/p>\r\n<p><img decoding=\"async\" data-attachment-id=\"44139\" data-permalink=\"https:\/\/www.alqueria.es\/blogs\/alqueriaamarillanaranja\/2020\/09\/07\/bienvenidos-3\/dsc01169\/\" data-orig-file=\"https:\/\/cloud.alqueria.es\/wp-content\/uploads\/sites\/9\/2020\/09\/DSC01169.jpg\" data-orig-size=\"1024,576\" data-comments-opened=\"1\" data-image-meta=\"{&quot;aperture&quot;:&quot;0&quot;,&quot;credit&quot;:&quot;&quot;,&quot;camera&quot;:&quot;&quot;,&quot;caption&quot;:&quot;&quot;,&quot;created_timestamp&quot;:&quot;0&quot;,&quot;copyright&quot;:&quot;&quot;,&quot;focal_length&quot;:&quot;0&quot;,&quot;iso&quot;:&quot;0&quot;,&quot;shutter_speed&quot;:&quot;0&quot;,&quot;title&quot;:&quot;&quot;,&quot;orientation&quot;:&quot;0&quot;}\" data-image-title=\"DSC01169\" data-image-description=\"\" data-image-caption=\"\" data-large-file=\"https:\/\/cloud.alqueria.es\/wp-content\/uploads\/sites\/9\/2020\/09\/DSC01169.jpg\" class=\"alignleft size-medium wp-image-44139\" src=\"https:\/\/cloud.alqueria.es\/wp-content\/uploads\/sites\/9\/2020\/09\/DSC01169-300x169.jpg\" alt=\"\" width=\"300\" height=\"169\" srcset=\"https:\/\/cloud.alqueria.es\/wp-content\/uploads\/sites\/9\/2020\/09\/DSC01169-300x169.jpg 300w, https:\/\/cloud.alqueria.es\/wp-content\/uploads\/sites\/9\/2020\/09\/DSC01169-768x432.jpg 768w, https:\/\/cloud.alqueria.es\/wp-content\/uploads\/sites\/9\/2020\/09\/DSC01169.jpg 1024w\" sizes=\"(max-width: 300px) 100vw, 300px\" \/>Hoy algunos vuelven a su cole, pero en una nueva clase&#8230;Amarilla&#8230;y otros se van incorporando a su nuevo espacio de convivencia. Todos juntos queremos conseguir que nuestros ni\u00f1os y ni\u00f1as, familias y educadoras consigamos una \u00abnueva normalidad\u00bb llena de alegr\u00eda y nuevas experiencias.<\/p>\r\n<p>Como todo primer d\u00eda de curso hemos experimentado con juegos, <img decoding=\"async\" data-attachment-id=\"44141\" data-permalink=\"https:\/\/www.alqueria.es\/blogs\/alqueriaamarillanaranja\/2020\/09\/07\/bienvenidos-3\/dsc01168-2\/\" data-orig-file=\"https:\/\/cloud.alqueria.es\/wp-content\/uploads\/sites\/9\/2020\/09\/DSC01168-1.jpg\" data-orig-size=\"1024,576\" data-comments-opened=\"1\" data-image-meta=\"{&quot;aperture&quot;:&quot;0&quot;,&quot;credit&quot;:&quot;&quot;,&quot;camera&quot;:&quot;&quot;,&quot;caption&quot;:&quot;&quot;,&quot;created_timestamp&quot;:&quot;0&quot;,&quot;copyright&quot;:&quot;&quot;,&quot;focal_length&quot;:&quot;0&quot;,&quot;iso&quot;:&quot;0&quot;,&quot;shutter_speed&quot;:&quot;0&quot;,&quot;title&quot;:&quot;&quot;,&quot;orientation&quot;:&quot;0&quot;}\" data-image-title=\"DSC01168\" data-image-description=\"\" data-image-caption=\"\" data-large-file=\"https:\/\/cloud.alqueria.es\/wp-content\/uploads\/sites\/9\/2020\/09\/DSC01168-1.jpg\" class=\"size-medium wp-image-44141 alignright\" src=\"https:\/\/cloud.alqueria.es\/wp-content\/uploads\/sites\/9\/2020\/09\/DSC01168-1-300x169.jpg\" alt=\"\" width=\"300\" height=\"169\" srcset=\"https:\/\/cloud.alqueria.es\/wp-content\/uploads\/sites\/9\/2020\/09\/DSC01168-1-300x169.jpg 300w, https:\/\/cloud.alqueria.es\/wp-content\/uploads\/sites\/9\/2020\/09\/DSC01168-1-768x432.jpg 768w, https:\/\/cloud.alqueria.es\/wp-content\/uploads\/sites\/9\/2020\/09\/DSC01168-1.jpg 1024w\" sizes=\"(max-width: 300px) 100vw, 300px\" \/>juguetes y espacios investigando y explorando con nuestras posibilidades&#8230;\u00a1 C\u00f3mo hemos disfrutado!.<\/p>\r\n<p>\u00a0Damos la bienvenida a un nuevo compa\u00f1ero, EZRA,y le hemos ense\u00f1ado nuestra clase a la vez que todos nos ponemos \u00abmanos a la obra\u00bb para la adquisici\u00f3n de las nuevas rutinas de limpieza de manos\u00a0 y cambio de zapatos a la llegada al aula&#8230;\u00a1 Y c\u00f3mo nos gusta esa actividad con agua y jab\u00f3n!.<\/p>\r\n<p><img decoding=\"async\" data-attachment-id=\"44142\" data-permalink=\"https:\/\/www.alqueria.es\/blogs\/alqueriaamarillanaranja\/2020\/09\/07\/bienvenidos-3\/dsc01170-2\/\" data-orig-file=\"https:\/\/cloud.alqueria.es\/wp-content\/uploads\/sites\/9\/2020\/09\/DSC01170-1.jpg\" data-orig-size=\"1024,576\" data-comments-opened=\"1\" data-image-meta=\"{&quot;aperture&quot;:&quot;0&quot;,&quot;credit&quot;:&quot;&quot;,&quot;camera&quot;:&quot;&quot;,&quot;caption&quot;:&quot;&quot;,&quot;created_timestamp&quot;:&quot;0&quot;,&quot;copyright&quot;:&quot;&quot;,&quot;focal_length&quot;:&quot;0&quot;,&quot;iso&quot;:&quot;0&quot;,&quot;shutter_speed&quot;:&quot;0&quot;,&quot;title&quot;:&quot;&quot;,&quot;orientation&quot;:&quot;0&quot;}\" data-image-title=\"DSC01170\" data-image-description=\"\" data-image-caption=\"\" data-large-file=\"https:\/\/cloud.alqueria.es\/wp-content\/uploads\/sites\/9\/2020\/09\/DSC01170-1.jpg\" class=\"alignleft size-medium wp-image-44142\" src=\"https:\/\/cloud.alqueria.es\/wp-content\/uploads\/sites\/9\/2020\/09\/DSC01170-1-300x169.jpg\" alt=\"\" width=\"300\" height=\"169\" srcset=\"https:\/\/cloud.alqueria.es\/wp-content\/uploads\/sites\/9\/2020\/09\/DSC01170-1-300x169.jpg 300w, https:\/\/cloud.alqueria.es\/wp-content\/uploads\/sites\/9\/2020\/09\/DSC01170-1-768x432.jpg 768w, https:\/\/cloud.alqueria.es\/wp-content\/uploads\/sites\/9\/2020\/09\/DSC01170-1.jpg 1024w\" sizes=\"(max-width: 300px) 100vw, 300px\" \/>En la hora de la comida y de la siesta todo ha seguido muy tranquilo y hemos vuelto a las rutinas contentos y sin acusar los meses que no hemos venido al cole&#8230;\u00a1 Qu\u00e9 ganas de poder volver a compartir tantas experiencias con estos peque\u00f1os!&#8230;Os he echado de menos.<\/p>\r\n<p>Ma\u00f1ana recibiremos a un nuevo compa\u00f1ero o compa\u00f1era y seguro que al ir aumentando el grupo todas las experiencias se enriquecen.<\/p>\r\n<p>\u00a1Hasta ma\u00f1ana!<\/p>\r\n<p>Un abrazo.<img decoding=\"async\" data-attachment-id=\"44147\" data-permalink=\"https:\/\/www.alqueria.es\/blogs\/alqueriaamarillanaranja\/2020\/09\/07\/bienvenidos-3\/images-129\/\" data-orig-file=\"https:\/\/cloud.alqueria.es\/wp-content\/uploads\/sites\/9\/2020\/09\/images.jpg\" data-orig-size=\"278,182\" data-comments-opened=\"1\" data-image-meta=\"{&quot;aperture&quot;:&quot;0&quot;,&quot;credit&quot;:&quot;&quot;,&quot;camera&quot;:&quot;&quot;,&quot;caption&quot;:&quot;&quot;,&quot;created_timestamp&quot;:&quot;0&quot;,&quot;copyright&quot;:&quot;&quot;,&quot;focal_length&quot;:&quot;0&quot;,&quot;iso&quot;:&quot;0&quot;,&quot;shutter_speed&quot;:&quot;0&quot;,&quot;title&quot;:&quot;&quot;,&quot;orientation&quot;:&quot;0&quot;}\" data-image-title=\"images\" data-image-description=\"\" data-image-caption=\"\" data-large-file=\"https:\/\/cloud.alqueria.es\/wp-content\/uploads\/sites\/9\/2020\/09\/images.jpg\" class=\"alignleft size-full wp-image-44147\" src=\"https:\/\/cloud.alqueria.es\/wp-content\/uploads\/sites\/9\/2020\/09\/images.jpg\" alt=\"\" width=\"278\" height=\"182\" \/><\/p>\r\n<p>Nuria Garc\u00eda Pall\u00e1s.<\/p>\r\n<p>&nbsp;<\/p>\r\n","protected":false},"excerpt":{"rendered":"<p>Ya comenzamos nuestro nuevo curso en el cole y lo hacemos con ganas e ilusi\u00f3n a pesar de las circunstancias especiales con las que nos encontramos. Hoy algunos vuelven a su cole, pero en una nueva clase&#8230;Amarilla&#8230;y otros se van incorporando a su nuevo espacio de convivencia. Todos juntos queremos conseguir que nuestros ni\u00f1os y &hellip; <a href=\"https:\/\/www.alqueria.es\/blogs\/alqueriaamarillanaranja\/2020\/09\/07\/bienvenidos-3\/\" class=\"more-link\">Seguir leyendo <span class=\"screen-reader-text\">\u00a1\u00a1\u00a1BIENVENIDOS!!!<\/span> <span class=\"meta-nav\">&rarr;<\/span><\/a><\/p>\n","protected":false},"author":23,"featured_media":0,"comment_status":"open","ping_status":"open","sticky":false,"template":"","format":"standard","meta":{"jetpack_post_was_ever_published":false,"_jetpack_newsletter_access":"","_jetpack_dont_email_post_to_subs":false,"_jetpack_newsletter_tier_id":0,"_jetpack_memberships_contains_paywalled_content":false,"_jetpack_memberships_contains_paid_content":false,"footnotes":"","jetpack_publicize_message":"","jetpack_publicize_feature_enabled":true,"jetpack_social_post_already_shared":true,"jetpack_social_options":{"image_generator_settings":{"template":"highway","default_image_id":0,"font":"","enabled":false},"version":2}},"categories":[383,6,9],"tags":[],"class_list":["post-44116","post","type-post","status-publish","format-standard","hentry","category-adaptacion","category-clase-amarilla","category-diario-clase-amarilla"],"jetpack_publicize_connections":[],"jetpack_featured_media_url":"","jetpack_sharing_enabled":true,"jetpack_shortlink":"https:\/\/wp.me\/p4lG08-bty","jetpack-related-posts":[],"_links":{"self":[{"href":"https:\/\/www.alqueria.es\/blogs\/alqueriaamarillanaranja\/wp-json\/wp\/v2\/posts\/44116","targetHints":{"allow":["GET"]}}],"collection":[{"href":"https:\/\/www.alqueria.es\/blogs\/alqueriaamarillanaranja\/wp-json\/wp\/v2\/posts"}],"about":[{"href":"https:\/\/www.alqueria.es\/blogs\/alqueriaamarillanaranja\/wp-json\/wp\/v2\/types\/post"}],"author":[{"embeddable":true,"href":"https:\/\/www.alqueria.es\/blogs\/alqueriaamarillanaranja\/wp-json\/wp\/v2\/users\/23"}],"replies":[{"embeddable":true,"href":"https:\/\/www.alqueria.es\/blogs\/alqueriaamarillanaranja\/wp-json\/wp\/v2\/comments?post=44116"}],"version-history":[{"count":6,"href":"https:\/\/www.alqueria.es\/blogs\/alqueriaamarillanaranja\/wp-json\/wp\/v2\/posts\/44116\/revisions"}],"predecessor-version":[{"id":44154,"href":"https:\/\/www.alqueria.es\/blogs\/alqueriaamarillanaranja\/wp-json\/wp\/v2\/posts\/44116\/revisions\/44154"}],"wp:attachment":[{"href":"https:\/\/www.alqueria.es\/blogs\/alqueriaamarillanaranja\/wp-json\/wp\/v2\/media?parent=44116"}],"wp:term":[{"taxonomy":"category","embeddable":true,"href":"https:\/\/www.alqueria.es\/blogs\/alqueriaamarillanaranja\/wp-json\/wp\/v2\/categories?post=44116"},{"taxonomy":"post_tag","embeddable":true,"href":"https:\/\/www.alqueria.es\/blogs\/alqueriaamarillanaranja\/wp-json\/wp\/v2\/tags?post=44116"}],"curies":[{"name":"wp","href":"https:\/\/api.w.org\/{rel}","templated":true}]}}