{"id":45960,"date":"2020-11-18T22:49:15","date_gmt":"2020-11-18T21:49:15","guid":{"rendered":"http:\/\/www.alqueria.es\/blogs\/alqueriaamarillanaranja\/?p=45960"},"modified":"2020-11-18T22:49:15","modified_gmt":"2020-11-18T21:49:15","slug":"taller-creativo-27","status":"publish","type":"post","link":"https:\/\/www.alqueria.es\/blogs\/alqueriaamarillanaranja\/2020\/11\/18\/taller-creativo-27\/","title":{"rendered":"Taller creativo"},"content":{"rendered":"<p>Hola familias! Soy Pili, la se\u00f1o que sustituye a Silvia estas semanas, y durante este tiempo escribir\u00e9 yo el blog. Primero deciros que estoy encantada de pasar tiempo con vuestros hijos e hijas y que Silvia lo ha dejado todo preparado para pas\u00e1rnoslo s\u00faper bien \ud83d\ude42<\/p>\n<p>Hoy hemos empezado la ma\u00f1ana muy bien, estaban muy atentos y con ganas de hacer muchas cosas. Ayer le\u00edmos el cuento de la Peque\u00f1a Oruga Glotona y les encant\u00f3, por lo que hemos aprovechado para hacer una l\u00e1mina representando a la protagonista.<\/p>\n<p><img decoding=\"async\" src=\"https:\/\/encrypted-tbn0.gstatic.com\/images?q=tbn:ANd9GcSLLLwgoZ6h7MrAOiM71TPd7uGRpoTs2Pu8JRPBZ1ajAn6cdyWPOZHJa3hwdsZG0SdSaNGzp_pD&amp;usqp=CAc\" \/><\/p>\n<p>Con unos globos y un poco de pintura han creado unas orugas de lo m\u00e1s chulas! Ma\u00f1ana terminaremos los retoques poni\u00e9ndole patitas y ojos :<\/p>\n<p class=\"jetpack-slideshow-noscript robots-nocontent\">El pase de diapositivas requiere JavaScript.<\/p><div id=\"gallery-45960-1-slideshow\" class=\"jetpack-slideshow-window jetpack-slideshow jetpack-slideshow-black\" data-trans=\"fade\" data-autostart=\"1\" data-gallery=\"[{&quot;src&quot;:&quot;https:\\\/\\\/cloud.alqueria.es\\\/wp-content\\\/uploads\\\/sites\\\/9\\\/2020\\\/11\\\/lsidhf-221x300.jpg&quot;,&quot;id&quot;:&quot;45996&quot;,&quot;title&quot;:&quot;lsidhf&quot;,&quot;alt&quot;:&quot;&quot;,&quot;caption&quot;:&quot;&quot;,&quot;itemprop&quot;:&quot;image&quot;},{&quot;src&quot;:&quot;https:\\\/\\\/cloud.alqueria.es\\\/wp-content\\\/uploads\\\/sites\\\/9\\\/2020\\\/11\\\/ligu-222x300.jpg&quot;,&quot;id&quot;:&quot;45993&quot;,&quot;title&quot;:&quot;ligu&quot;,&quot;alt&quot;:&quot;&quot;,&quot;caption&quot;:&quot;&quot;,&quot;itemprop&quot;:&quot;image&quot;},{&quot;src&quot;:&quot;https:\\\/\\\/cloud.alqueria.es\\\/wp-content\\\/uploads\\\/sites\\\/9\\\/2020\\\/11\\\/khreg-228x300.jpg&quot;,&quot;id&quot;:&quot;45991&quot;,&quot;title&quot;:&quot;khreg&quot;,&quot;alt&quot;:&quot;&quot;,&quot;caption&quot;:&quot;&quot;,&quot;itemprop&quot;:&quot;image&quot;},{&quot;src&quot;:&quot;https:\\\/\\\/cloud.alqueria.es\\\/wp-content\\\/uploads\\\/sites\\\/9\\\/2020\\\/11\\\/fg-225x300.jpg&quot;,&quot;id&quot;:&quot;45990&quot;,&quot;title&quot;:&quot;fg&quot;,&quot;alt&quot;:&quot;&quot;,&quot;caption&quot;:&quot;&quot;,&quot;itemprop&quot;:&quot;image&quot;},{&quot;src&quot;:&quot;https:\\\/\\\/cloud.alqueria.es\\\/wp-content\\\/uploads\\\/sites\\\/9\\\/2020\\\/11\\\/ed-223x300.jpg&quot;,&quot;id&quot;:&quot;45989&quot;,&quot;title&quot;:&quot;ed&quot;,&quot;alt&quot;:&quot;&quot;,&quot;caption&quot;:&quot;&quot;,&quot;itemprop&quot;:&quot;image&quot;},{&quot;src&quot;:&quot;https:\\\/\\\/cloud.alqueria.es\\\/wp-content\\\/uploads\\\/sites\\\/9\\\/2020\\\/11\\\/3-226x300.jpg&quot;,&quot;id&quot;:&quot;45988&quot;,&quot;title&quot;:&quot;3&quot;,&quot;alt&quot;:&quot;&quot;,&quot;caption&quot;:&quot;&quot;,&quot;itemprop&quot;:&quot;image&quot;},{&quot;src&quot;:&quot;https:\\\/\\\/cloud.alqueria.es\\\/wp-content\\\/uploads\\\/sites\\\/9\\\/2020\\\/11\\\/1-226x300.jpg&quot;,&quot;id&quot;:&quot;45987&quot;,&quot;title&quot;:&quot;1&quot;,&quot;alt&quot;:&quot;&quot;,&quot;caption&quot;:&quot;&quot;,&quot;itemprop&quot;:&quot;image&quot;}]\" itemscope itemtype=\"https:\/\/schema.org\/ImageGallery\"><\/div>\n<p><img decoding=\"async\" data-attachment-id=\"45995\" data-permalink=\"https:\/\/www.alqueria.es\/blogs\/alqueriaamarillanaranja\/2020\/11\/18\/taller-creativo-27\/lkhf\/\" data-orig-file=\"https:\/\/cloud.alqueria.es\/wp-content\/uploads\/sites\/9\/2020\/11\/lkhf.jpg\" data-orig-size=\"819,413\" data-comments-opened=\"1\" data-image-meta=\"{&quot;aperture&quot;:&quot;0&quot;,&quot;credit&quot;:&quot;&quot;,&quot;camera&quot;:&quot;&quot;,&quot;caption&quot;:&quot;&quot;,&quot;created_timestamp&quot;:&quot;0&quot;,&quot;copyright&quot;:&quot;&quot;,&quot;focal_length&quot;:&quot;0&quot;,&quot;iso&quot;:&quot;0&quot;,&quot;shutter_speed&quot;:&quot;0&quot;,&quot;title&quot;:&quot;&quot;,&quot;orientation&quot;:&quot;0&quot;}\" data-image-title=\"lkhf\" data-image-description=\"\" data-image-caption=\"\" data-large-file=\"https:\/\/cloud.alqueria.es\/wp-content\/uploads\/sites\/9\/2020\/11\/lkhf.jpg\" class=\"alignleft  wp-image-45995\" src=\"https:\/\/cloud.alqueria.es\/wp-content\/uploads\/sites\/9\/2020\/11\/lkhf-300x151.jpg\" alt=\"\" width=\"344\" height=\"173\" srcset=\"https:\/\/cloud.alqueria.es\/wp-content\/uploads\/sites\/9\/2020\/11\/lkhf-300x151.jpg 300w, https:\/\/cloud.alqueria.es\/wp-content\/uploads\/sites\/9\/2020\/11\/lkhf-768x387.jpg 768w, https:\/\/cloud.alqueria.es\/wp-content\/uploads\/sites\/9\/2020\/11\/lkhf.jpg 819w\" sizes=\"(max-width: 344px) 100vw, 344px\" \/><\/p>\n<p>&nbsp;<\/p>\n<p>&nbsp;<\/p>\n<p>&nbsp;<\/p>\n<p>&nbsp;<\/p>\n<p>Despu\u00e9s del taller creativo y un ratito de juego, hemos ido de excursi\u00f3n al jard\u00edn del colegio. Para todos\/as nosotros\/as es un lugar muy interesante porque podemos ver diferentes tipos de plantas, la altura de los \u00e1rboles, el suelo lleno de hojas y&#8230;\u00a1muchos animalitos que viven all\u00ed!<\/p>\n<p>Aprovechando el paseo, hemos ido a visitar a Loli, la cocinera, y nos ha dado un trozo de pan para echar al estanque que, con mucha suerte, hemos podido ver peces y tortugas.<\/p>\n<p><img decoding=\"async\" data-attachment-id=\"45992\" data-permalink=\"https:\/\/www.alqueria.es\/blogs\/alqueriaamarillanaranja\/2020\/11\/18\/taller-creativo-27\/kjghk\/\" data-orig-file=\"https:\/\/cloud.alqueria.es\/wp-content\/uploads\/sites\/9\/2020\/11\/kjghk.jpg\" data-orig-size=\"455,605\" data-comments-opened=\"1\" data-image-meta=\"{&quot;aperture&quot;:&quot;0&quot;,&quot;credit&quot;:&quot;&quot;,&quot;camera&quot;:&quot;&quot;,&quot;caption&quot;:&quot;&quot;,&quot;created_timestamp&quot;:&quot;0&quot;,&quot;copyright&quot;:&quot;&quot;,&quot;focal_length&quot;:&quot;0&quot;,&quot;iso&quot;:&quot;0&quot;,&quot;shutter_speed&quot;:&quot;0&quot;,&quot;title&quot;:&quot;&quot;,&quot;orientation&quot;:&quot;0&quot;}\" data-image-title=\"kjghk\" data-image-description=\"\" data-image-caption=\"\" data-large-file=\"https:\/\/cloud.alqueria.es\/wp-content\/uploads\/sites\/9\/2020\/11\/kjghk.jpg\" class=\"alignleft size-medium wp-image-45992\" src=\"https:\/\/cloud.alqueria.es\/wp-content\/uploads\/sites\/9\/2020\/11\/kjghk-226x300.jpg\" alt=\"\" width=\"226\" height=\"300\" srcset=\"https:\/\/cloud.alqueria.es\/wp-content\/uploads\/sites\/9\/2020\/11\/kjghk-226x300.jpg 226w, https:\/\/cloud.alqueria.es\/wp-content\/uploads\/sites\/9\/2020\/11\/kjghk.jpg 455w\" sizes=\"(max-width: 226px) 100vw, 226px\" \/><\/p>\n<p>&nbsp;<\/p>\n<p>&nbsp;<\/p>\n<p>&nbsp;<\/p>\n<p>&nbsp;<\/p>\n<p>&nbsp;<\/p>\n<p>&nbsp;<\/p>\n<p>&nbsp;<\/p>\n<p>Tambi\u00e9n nos hemos dado cuenta de que hay insectos por all\u00ed y que en las paredes cuelgan algunos hoteles para ellos. Ha sido muy emocionante ver como los bichitos hab\u00edan creado sus casitas.<\/p>\n<p><img decoding=\"async\" data-attachment-id=\"45994\" data-permalink=\"https:\/\/www.alqueria.es\/blogs\/alqueriaamarillanaranja\/2020\/11\/18\/taller-creativo-27\/ljfjl\/\" data-orig-file=\"https:\/\/cloud.alqueria.es\/wp-content\/uploads\/sites\/9\/2020\/11\/ljfjl.jpg\" data-orig-size=\"451,601\" data-comments-opened=\"1\" data-image-meta=\"{&quot;aperture&quot;:&quot;0&quot;,&quot;credit&quot;:&quot;&quot;,&quot;camera&quot;:&quot;&quot;,&quot;caption&quot;:&quot;&quot;,&quot;created_timestamp&quot;:&quot;0&quot;,&quot;copyright&quot;:&quot;&quot;,&quot;focal_length&quot;:&quot;0&quot;,&quot;iso&quot;:&quot;0&quot;,&quot;shutter_speed&quot;:&quot;0&quot;,&quot;title&quot;:&quot;&quot;,&quot;orientation&quot;:&quot;0&quot;}\" data-image-title=\"ljfjl\" data-image-description=\"\" data-image-caption=\"\" data-large-file=\"https:\/\/cloud.alqueria.es\/wp-content\/uploads\/sites\/9\/2020\/11\/ljfjl.jpg\" class=\"alignleft size-medium wp-image-45994\" src=\"https:\/\/cloud.alqueria.es\/wp-content\/uploads\/sites\/9\/2020\/11\/ljfjl-225x300.jpg\" alt=\"\" width=\"225\" height=\"300\" srcset=\"https:\/\/cloud.alqueria.es\/wp-content\/uploads\/sites\/9\/2020\/11\/ljfjl-225x300.jpg 225w, https:\/\/cloud.alqueria.es\/wp-content\/uploads\/sites\/9\/2020\/11\/ljfjl.jpg 451w\" sizes=\"(max-width: 225px) 100vw, 225px\" \/><\/p>\n<p>&nbsp;<\/p>\n<p>&nbsp;<\/p>\n<p>&nbsp;<\/p>\n<p>&nbsp;<\/p>\n<p>&nbsp;<\/p>\n<p>&nbsp;<\/p>\n<p>&nbsp;<\/p>\n<p>La verdad es que esta excursi\u00f3n nos ha dado hambre, as\u00ed que hemos subido a la clase a lavarnos y a merendar mandarinas, \u00a1otra vez me han dejado sin un trozo! jaja Y al terminar, hemos ido al parque a disfrutar del sol y de las motos y monta\u00f1as que nos han tocado hoy.<\/p>\n<p>Ma\u00f1ana m\u00e1s y mejor \ud83d\ude42<\/p>\n<p>Pili.<\/p>\n","protected":false},"excerpt":{"rendered":"<p>Hola familias! Soy Pili, la se\u00f1o que sustituye a Silvia estas semanas, y durante este tiempo escribir\u00e9 yo el blog. Primero deciros que estoy encantada de pasar tiempo con vuestros hijos e hijas y que Silvia lo ha dejado todo preparado para pas\u00e1rnoslo s\u00faper bien \ud83d\ude42 Hoy hemos empezado la ma\u00f1ana muy bien, estaban muy &hellip; <a href=\"https:\/\/www.alqueria.es\/blogs\/alqueriaamarillanaranja\/2020\/11\/18\/taller-creativo-27\/\" class=\"more-link\">Seguir leyendo <span class=\"screen-reader-text\">Taller creativo<\/span> <span class=\"meta-nav\">&rarr;<\/span><\/a><\/p>\n","protected":false},"author":23,"featured_media":0,"comment_status":"open","ping_status":"open","sticky":false,"template":"","format":"standard","meta":{"jetpack_post_was_ever_published":false,"_jetpack_newsletter_access":"","_jetpack_dont_email_post_to_subs":false,"_jetpack_newsletter_tier_id":0,"_jetpack_memberships_contains_paywalled_content":false,"_jetpack_memberships_contains_paid_content":false,"footnotes":"","jetpack_publicize_message":"","jetpack_publicize_feature_enabled":true,"jetpack_social_post_already_shared":true,"jetpack_social_options":{"image_generator_settings":{"template":"highway","default_image_id":0,"font":"","enabled":false},"version":2}},"categories":[7,1,19],"tags":[325,80,88,116,290],"class_list":["post-45960","post","type-post","status-publish","format-standard","hentry","category-clase-naranja","category-sin-categoria","category-talleres-creativos","tag-actividades-medioambientales","tag-juego-libre","tag-mascotas","tag-taller-creativo","tag-talleres-medioambientales"],"jetpack_publicize_connections":[],"jetpack_featured_media_url":"","jetpack_sharing_enabled":true,"jetpack_shortlink":"https:\/\/wp.me\/p4lG08-bXi","jetpack-related-posts":[],"_links":{"self":[{"href":"https:\/\/www.alqueria.es\/blogs\/alqueriaamarillanaranja\/wp-json\/wp\/v2\/posts\/45960","targetHints":{"allow":["GET"]}}],"collection":[{"href":"https:\/\/www.alqueria.es\/blogs\/alqueriaamarillanaranja\/wp-json\/wp\/v2\/posts"}],"about":[{"href":"https:\/\/www.alqueria.es\/blogs\/alqueriaamarillanaranja\/wp-json\/wp\/v2\/types\/post"}],"author":[{"embeddable":true,"href":"https:\/\/www.alqueria.es\/blogs\/alqueriaamarillanaranja\/wp-json\/wp\/v2\/users\/23"}],"replies":[{"embeddable":true,"href":"https:\/\/www.alqueria.es\/blogs\/alqueriaamarillanaranja\/wp-json\/wp\/v2\/comments?post=45960"}],"version-history":[{"count":4,"href":"https:\/\/www.alqueria.es\/blogs\/alqueriaamarillanaranja\/wp-json\/wp\/v2\/posts\/45960\/revisions"}],"predecessor-version":[{"id":45999,"href":"https:\/\/www.alqueria.es\/blogs\/alqueriaamarillanaranja\/wp-json\/wp\/v2\/posts\/45960\/revisions\/45999"}],"wp:attachment":[{"href":"https:\/\/www.alqueria.es\/blogs\/alqueriaamarillanaranja\/wp-json\/wp\/v2\/media?parent=45960"}],"wp:term":[{"taxonomy":"category","embeddable":true,"href":"https:\/\/www.alqueria.es\/blogs\/alqueriaamarillanaranja\/wp-json\/wp\/v2\/categories?post=45960"},{"taxonomy":"post_tag","embeddable":true,"href":"https:\/\/www.alqueria.es\/blogs\/alqueriaamarillanaranja\/wp-json\/wp\/v2\/tags?post=45960"}],"curies":[{"name":"wp","href":"https:\/\/api.w.org\/{rel}","templated":true}]}}