{"id":46207,"date":"2020-11-27T20:18:24","date_gmt":"2020-11-27T19:18:24","guid":{"rendered":"http:\/\/www.alqueria.es\/blogs\/alqueriaamarillanaranja\/?p=46207"},"modified":"2020-11-27T20:33:13","modified_gmt":"2020-11-27T19:33:13","slug":"viernes-naranja","status":"publish","type":"post","link":"https:\/\/www.alqueria.es\/blogs\/alqueriaamarillanaranja\/2020\/11\/27\/viernes-naranja\/","title":{"rendered":"\u00a1Viernes en la clase naranjita!"},"content":{"rendered":"<blockquote><p>&nbsp;<\/p><\/blockquote>\n<p>Buenas tardes a todos y a todas!<\/p>\n<p>Damos por finalizada la semana, y para haber sido un d\u00eda lluvioso y sin patio nos organizamos s\u00faper bien y disfrutamos de los entornos cerrados (pero muy bien ventilados) del cole.<\/p>\n<p>Empezamos con la asamblea, que muy poquito a poco hemos ido preparando y al rato ha llegado Elena para la hora de m\u00fasica. Se han puesto tan contentos\/as de verla que parec\u00eda toda una celebraci\u00f3n jaja qu\u00e9 agradecidos\/as son, de verdad.<\/p>\n<p><img decoding=\"async\" class=\"\" src=\"https:\/\/w7.pngwing.com\/pngs\/239\/659\/png-transparent-pre-school-music-early-childhood-education-child-care-child-child-people-cartoon.png\" alt=\"M\u00fasica preescolar educaci\u00f3n infantil temprana cuidado de ni\u00f1os, ni\u00f1os, ni\u00f1o, gente, dibujos animados png | PNGWing\" width=\"381\" height=\"139\" \/><\/p>\n<p>Despu\u00e9s de Elena ha venido Alberto, para qu\u00e9 contaros m\u00e1s&#8230;otra fiesta que hemos montado jajaja<\/p>\n<p>Luego hemos jugado a los veh\u00edculos, d\u00e1ndole rienda suelta a la imaginaci\u00f3n con cajas de verduras que ellos\/as mismos las han convertido en trenes, aviones, coches&#8230;hasta cohetes que viajan a los planetas del sistema solar! Qu\u00e9 capacidad de fantasear!!<\/p>\n<p><img decoding=\"async\" class=\"\" src=\"https:\/\/www.actividadeseducativas.es\/images\/noticias\/1479710494transportes-educacion-infantil.jpg\" alt=\"Flip | Medios de transporte: cinco ideas para trabajarlos en educaci\u00f3n infantil.\" width=\"309\" height=\"206\" \/><\/p>\n<p>En el comedor he de resaltar que ha sido de los mejores d\u00edas desde que estoy aqu\u00ed de profe, TODOS\/AS han comido de maravilla incluso la mayor\u00eda repitiendo. \u00bfSer\u00e1 que se est\u00e1n haciendo mayores?<\/p>\n<p>Al regresar a clase, han querido disfrazarse de nuevo e inventarse misiones donde ser los h\u00e9roes y hero\u00ednas y viajar en los transportes que hab\u00edan creado.<\/p>\n<p>Hoy estoy feliz tambi\u00e9n porque ya os he conocido a la mayor\u00eda de padres\/madres de los naranjitas. Ha sido todo un placer.<\/p>\n<p>Tambi\u00e9n os quiero pedir disculpas por no tener ninguna foto de hoy, mi c\u00e1mara no funcion\u00f3 en todo el d\u00eda y me da pena porque de verdad que ha sido un d\u00eda de 10. Espero que con esto y lo que os cuenten vuestros hijos\/as os hag\u00e1is una idea \ud83d\ude42<\/p>\n<p><strong><span style=\"color: #993366\">Por cierto, quer\u00edamos hablaros desde Alquer\u00eda que \u00a0ya hemos realizado\u00a0 la primera de las charlas formativas del programa \u00ab7&#215;7 formaci\u00f3n\u00bb cuya informaci\u00f3n recibisteis en vuestro mail, y que ha tenido en su estreno una gran participaci\u00f3n y aceptaci\u00f3n por parte de las personas inscritas.<\/span><\/strong><\/p>\n<p><strong><span style=\"color: #993366\">Os recordamos que est\u00e1is a tiempo de inscribiros en las seis charlas formativas que todav\u00eda nos quedan, o en la que m\u00e1s os interese por supuesto, y os informamos que el jueves 17 de diciembre realizamos la pr\u00f3xima con la tem\u00e1tica de \u00abEducaci\u00f3n Emocional\u00bb.<\/span><\/strong><\/p>\n<p><strong><span style=\"color: #993366\">Puedes obtener m\u00e1s informaci\u00f3n e inscribirte a trav\u00e9s del siguiente enlace:<\/span><\/strong><\/p>\n<p>https:\/\/areamaster.cfireinaisabel.com\/7&#215;7-formacion\/<\/p>\n<p><img decoding=\"async\" class=\"\" src=\"https:\/\/www.ineditacomunicacion.es\/uploads\/alquer06.jpg\" alt=\"In\u1ebddita Comunicaci\u00f3n - Alquer\u00eda Educaci\u00f3n. Naming, branding, sistema de aplicaciones, publicidad, dise\u00f1o interior y publicaciones para centro educativo\" width=\"241\" height=\"196\" \/><\/p>\n<p>Que pas\u00e9is un bonito fin de semana. Nos vemos el lunes!<\/p>\n<p>Pili.<\/p>\n","protected":false},"excerpt":{"rendered":"<p>&nbsp; Buenas tardes a todos y a todas! Damos por finalizada la semana, y para haber sido un d\u00eda lluvioso y sin patio nos organizamos s\u00faper bien y disfrutamos de los entornos cerrados (pero muy bien ventilados) del cole. Empezamos con la asamblea, que muy poquito a poco hemos ido preparando y al rato ha &hellip; <a href=\"https:\/\/www.alqueria.es\/blogs\/alqueriaamarillanaranja\/2020\/11\/27\/viernes-naranja\/\" class=\"more-link\">Seguir leyendo <span class=\"screen-reader-text\">\u00a1Viernes en la clase naranjita!<\/span> <span class=\"meta-nav\">&rarr;<\/span><\/a><\/p>\n","protected":false},"author":23,"featured_media":0,"comment_status":"open","ping_status":"open","sticky":false,"template":"","format":"standard","meta":{"jetpack_post_was_ever_published":false,"_jetpack_newsletter_access":"","_jetpack_dont_email_post_to_subs":false,"_jetpack_newsletter_tier_id":0,"_jetpack_memberships_contains_paywalled_content":false,"_jetpack_memberships_contains_paid_content":false,"footnotes":"","jetpack_publicize_message":"","jetpack_publicize_feature_enabled":true,"jetpack_social_post_already_shared":true,"jetpack_social_options":{"image_generator_settings":{"template":"highway","default_image_id":0,"font":"","enabled":false},"version":2}},"categories":[7,1],"tags":[],"class_list":["post-46207","post","type-post","status-publish","format-standard","hentry","category-clase-naranja","category-sin-categoria"],"jetpack_publicize_connections":[],"jetpack_featured_media_url":"","jetpack_sharing_enabled":true,"jetpack_shortlink":"https:\/\/wp.me\/p4lG08-c1h","jetpack-related-posts":[],"_links":{"self":[{"href":"https:\/\/www.alqueria.es\/blogs\/alqueriaamarillanaranja\/wp-json\/wp\/v2\/posts\/46207","targetHints":{"allow":["GET"]}}],"collection":[{"href":"https:\/\/www.alqueria.es\/blogs\/alqueriaamarillanaranja\/wp-json\/wp\/v2\/posts"}],"about":[{"href":"https:\/\/www.alqueria.es\/blogs\/alqueriaamarillanaranja\/wp-json\/wp\/v2\/types\/post"}],"author":[{"embeddable":true,"href":"https:\/\/www.alqueria.es\/blogs\/alqueriaamarillanaranja\/wp-json\/wp\/v2\/users\/23"}],"replies":[{"embeddable":true,"href":"https:\/\/www.alqueria.es\/blogs\/alqueriaamarillanaranja\/wp-json\/wp\/v2\/comments?post=46207"}],"version-history":[{"count":5,"href":"https:\/\/www.alqueria.es\/blogs\/alqueriaamarillanaranja\/wp-json\/wp\/v2\/posts\/46207\/revisions"}],"predecessor-version":[{"id":46212,"href":"https:\/\/www.alqueria.es\/blogs\/alqueriaamarillanaranja\/wp-json\/wp\/v2\/posts\/46207\/revisions\/46212"}],"wp:attachment":[{"href":"https:\/\/www.alqueria.es\/blogs\/alqueriaamarillanaranja\/wp-json\/wp\/v2\/media?parent=46207"}],"wp:term":[{"taxonomy":"category","embeddable":true,"href":"https:\/\/www.alqueria.es\/blogs\/alqueriaamarillanaranja\/wp-json\/wp\/v2\/categories?post=46207"},{"taxonomy":"post_tag","embeddable":true,"href":"https:\/\/www.alqueria.es\/blogs\/alqueriaamarillanaranja\/wp-json\/wp\/v2\/tags?post=46207"}],"curies":[{"name":"wp","href":"https:\/\/api.w.org\/{rel}","templated":true}]}}