{"id":46436,"date":"2020-12-15T20:35:52","date_gmt":"2020-12-15T19:35:52","guid":{"rendered":"http:\/\/www.alqueria.es\/blogs\/alqueriaamarillanaranja\/?p=46436"},"modified":"2020-12-16T15:36:17","modified_gmt":"2020-12-16T14:36:17","slug":"cuentos-de-navidad","status":"publish","type":"post","link":"https:\/\/www.alqueria.es\/blogs\/alqueriaamarillanaranja\/2020\/12\/15\/cuentos-de-navidad\/","title":{"rendered":"CUENTOS DE NAVIDAD"},"content":{"rendered":"<p>Comenzamos la ma\u00f1ana con el suelo de la clase repleto de aros de diferentes tama\u00f1os y colores. Tras un rato con mucho movimiento, las propuestas de juego que van surgiendo por la clase van acaparando la atenci\u00f3n de la mayor\u00eda : coches, animales, cocinita, beb\u00e9s&#8230;as\u00ed que toca recoger los aros a la vez que los clasificamos en grandes y peque\u00f1os.<\/p>\n<p>Un rato de juego antes de sentarnos en nuestro taller en el que trabajamos en nuestra tarjeta navide\u00f1a. Comenzamos \u00abescribiendo\u00bb, con l\u00e1piz y a nuestra manera unos buenos deseos para la Navidad, y despu\u00e9s estampamos nuestra mano en su portada para hacer una tarjeta navide\u00f1a muy nuestra&#8230;\u00a1 Con nuestras propias manos!.<\/p>\n<p class=\"jetpack-slideshow-noscript robots-nocontent\">El pase de diapositivas requiere JavaScript.<\/p><div id=\"gallery-46436-1-slideshow\" class=\"jetpack-slideshow-window jetpack-slideshow jetpack-slideshow-black\" data-trans=\"fade\" data-autostart=\"1\" data-gallery=\"[{&quot;src&quot;:&quot;https:\\\/\\\/cloud.alqueria.es\\\/wp-content\\\/uploads\\\/sites\\\/9\\\/2020\\\/12\\\/IMG_5297-300x225.jpg&quot;,&quot;id&quot;:&quot;46571&quot;,&quot;title&quot;:&quot;IMG_5297&quot;,&quot;alt&quot;:&quot;&quot;,&quot;caption&quot;:&quot;&quot;,&quot;itemprop&quot;:&quot;image&quot;},{&quot;src&quot;:&quot;https:\\\/\\\/cloud.alqueria.es\\\/wp-content\\\/uploads\\\/sites\\\/9\\\/2020\\\/12\\\/IMG_5296-300x225.jpg&quot;,&quot;id&quot;:&quot;46570&quot;,&quot;title&quot;:&quot;IMG_5296&quot;,&quot;alt&quot;:&quot;&quot;,&quot;caption&quot;:&quot;&quot;,&quot;itemprop&quot;:&quot;image&quot;},{&quot;src&quot;:&quot;https:\\\/\\\/cloud.alqueria.es\\\/wp-content\\\/uploads\\\/sites\\\/9\\\/2020\\\/12\\\/IMG_5295-300x225.jpg&quot;,&quot;id&quot;:&quot;46569&quot;,&quot;title&quot;:&quot;IMG_5295&quot;,&quot;alt&quot;:&quot;&quot;,&quot;caption&quot;:&quot;&quot;,&quot;itemprop&quot;:&quot;image&quot;},{&quot;src&quot;:&quot;https:\\\/\\\/cloud.alqueria.es\\\/wp-content\\\/uploads\\\/sites\\\/9\\\/2020\\\/12\\\/IMG_5294-300x225.jpg&quot;,&quot;id&quot;:&quot;46568&quot;,&quot;title&quot;:&quot;IMG_5294&quot;,&quot;alt&quot;:&quot;&quot;,&quot;caption&quot;:&quot;&quot;,&quot;itemprop&quot;:&quot;image&quot;},{&quot;src&quot;:&quot;https:\\\/\\\/cloud.alqueria.es\\\/wp-content\\\/uploads\\\/sites\\\/9\\\/2020\\\/12\\\/IMG_5293-300x225.jpg&quot;,&quot;id&quot;:&quot;46567&quot;,&quot;title&quot;:&quot;IMG_5293&quot;,&quot;alt&quot;:&quot;&quot;,&quot;caption&quot;:&quot;&quot;,&quot;itemprop&quot;:&quot;image&quot;},{&quot;src&quot;:&quot;https:\\\/\\\/cloud.alqueria.es\\\/wp-content\\\/uploads\\\/sites\\\/9\\\/2020\\\/12\\\/IMG_5292-300x225.jpg&quot;,&quot;id&quot;:&quot;46566&quot;,&quot;title&quot;:&quot;IMG_5292&quot;,&quot;alt&quot;:&quot;&quot;,&quot;caption&quot;:&quot;&quot;,&quot;itemprop&quot;:&quot;image&quot;},{&quot;src&quot;:&quot;https:\\\/\\\/cloud.alqueria.es\\\/wp-content\\\/uploads\\\/sites\\\/9\\\/2020\\\/12\\\/IMG_5291-300x225.jpg&quot;,&quot;id&quot;:&quot;46565&quot;,&quot;title&quot;:&quot;IMG_5291&quot;,&quot;alt&quot;:&quot;&quot;,&quot;caption&quot;:&quot;&quot;,&quot;itemprop&quot;:&quot;image&quot;},{&quot;src&quot;:&quot;https:\\\/\\\/cloud.alqueria.es\\\/wp-content\\\/uploads\\\/sites\\\/9\\\/2020\\\/12\\\/IMG_5289-300x225.jpg&quot;,&quot;id&quot;:&quot;46564&quot;,&quot;title&quot;:&quot;IMG_5289&quot;,&quot;alt&quot;:&quot;&quot;,&quot;caption&quot;:&quot;&quot;,&quot;itemprop&quot;:&quot;image&quot;}]\" itemscope itemtype=\"https:\/\/schema.org\/ImageGallery\"><\/div>\n<p>Asamblea de la fruta y nos preparamos, tras pasar por el aseo, para salir al parque a asistir a un cuenta-cuentos que nos han preparado.<\/p>\n<div class=\"tiled-gallery type-circle tiled-gallery-unresized\" data-original-width=\"474\" data-carousel-extra='{&quot;blog_id&quot;:9,&quot;permalink&quot;:&quot;https:\\\/\\\/www.alqueria.es\\\/blogs\\\/alqueriaamarillanaranja\\\/2020\\\/12\\\/15\\\/cuentos-de-navidad\\\/&quot;,&quot;likes_blog_id&quot;:64271688}' itemscope itemtype=\"http:\/\/schema.org\/ImageGallery\" > <div class=\"gallery-row\" style=\"width: 474px; height: 237px;\" data-original-width=\"474\" data-original-height=\"237\" > <div class=\"gallery-group\" style=\"width: 237px; height: 237px;\" data-original-width=\"237\" data-original-height=\"237\" > <div class=\"tiled-gallery-item \" itemprop=\"associatedMedia\" itemscope itemtype=\"http:\/\/schema.org\/ImageObject\"> <a href=\"https:\/\/www.alqueria.es\/blogs\/alqueriaamarillanaranja\/2020\/12\/15\/cuentos-de-navidad\/img_5299-2\/\" border=\"0\" itemprop=\"url\"> <meta itemprop=\"width\" content=\"233\"> <meta itemprop=\"height\" content=\"233\"> <img decoding=\"async\" class=\"\" data-attachment-id=\"46572\" data-orig-file=\"https:\/\/cloud.alqueria.es\/wp-content\/uploads\/sites\/9\/2020\/12\/IMG_5299.jpg\" data-orig-size=\"1024,768\" data-comments-opened=\"1\" data-image-meta=\"{&quot;aperture&quot;:&quot;0&quot;,&quot;credit&quot;:&quot;&quot;,&quot;camera&quot;:&quot;&quot;,&quot;caption&quot;:&quot;&quot;,&quot;created_timestamp&quot;:&quot;0&quot;,&quot;copyright&quot;:&quot;&quot;,&quot;focal_length&quot;:&quot;0&quot;,&quot;iso&quot;:&quot;0&quot;,&quot;shutter_speed&quot;:&quot;0&quot;,&quot;title&quot;:&quot;&quot;,&quot;orientation&quot;:&quot;0&quot;}\" data-image-title=\"IMG_5299\" data-image-description=\"\" data-medium-file=\"https:\/\/cloud.alqueria.es\/wp-content\/uploads\/sites\/9\/2020\/12\/IMG_5299-300x225.jpg\" data-large-file=\"https:\/\/cloud.alqueria.es\/wp-content\/uploads\/sites\/9\/2020\/12\/IMG_5299.jpg\" src=\"https:\/\/i0.wp.com\/cloud.alqueria.es\/wp-content\/uploads\/sites\/9\/2020\/12\/IMG_5299.jpg?w=233&#038;h=233&#038;crop=1&#038;ssl=1\" width=\"233\" height=\"233\" loading=\"lazy\" data-original-width=\"233\" data-original-height=\"233\" itemprop=\"http:\/\/schema.org\/image\" title=\"IMG_5299\" alt=\"IMG_5299\" style=\"width: 233px; height: 233px;\" \/> <\/a> <\/div> <\/div> <div class=\"gallery-group\" style=\"width: 237px; height: 237px;\" data-original-width=\"237\" data-original-height=\"237\" > <div class=\"tiled-gallery-item \" itemprop=\"associatedMedia\" itemscope itemtype=\"http:\/\/schema.org\/ImageObject\"> <a href=\"https:\/\/www.alqueria.es\/blogs\/alqueriaamarillanaranja\/2020\/12\/15\/cuentos-de-navidad\/img_5300-2\/\" border=\"0\" itemprop=\"url\"> <meta itemprop=\"width\" content=\"233\"> <meta itemprop=\"height\" content=\"233\"> <img decoding=\"async\" class=\"\" data-attachment-id=\"46573\" data-orig-file=\"https:\/\/cloud.alqueria.es\/wp-content\/uploads\/sites\/9\/2020\/12\/IMG_5300.jpg\" data-orig-size=\"1024,768\" data-comments-opened=\"1\" data-image-meta=\"{&quot;aperture&quot;:&quot;0&quot;,&quot;credit&quot;:&quot;&quot;,&quot;camera&quot;:&quot;&quot;,&quot;caption&quot;:&quot;&quot;,&quot;created_timestamp&quot;:&quot;0&quot;,&quot;copyright&quot;:&quot;&quot;,&quot;focal_length&quot;:&quot;0&quot;,&quot;iso&quot;:&quot;0&quot;,&quot;shutter_speed&quot;:&quot;0&quot;,&quot;title&quot;:&quot;&quot;,&quot;orientation&quot;:&quot;0&quot;}\" data-image-title=\"IMG_5300\" data-image-description=\"\" data-medium-file=\"https:\/\/cloud.alqueria.es\/wp-content\/uploads\/sites\/9\/2020\/12\/IMG_5300-300x225.jpg\" data-large-file=\"https:\/\/cloud.alqueria.es\/wp-content\/uploads\/sites\/9\/2020\/12\/IMG_5300.jpg\" src=\"https:\/\/i0.wp.com\/cloud.alqueria.es\/wp-content\/uploads\/sites\/9\/2020\/12\/IMG_5300.jpg?w=233&#038;h=233&#038;crop=1&#038;ssl=1\" width=\"233\" height=\"233\" loading=\"lazy\" data-original-width=\"233\" data-original-height=\"233\" itemprop=\"http:\/\/schema.org\/image\" title=\"IMG_5300\" alt=\"IMG_5300\" style=\"width: 233px; height: 233px;\" \/> <\/a> <\/div> <\/div> <\/div> <\/div>\n<p>Hemos recibido la visita de un grupo de alumnos\/as del grado superior de Educaci\u00f3n Infantil del centro Reina Isabel que han preparado especialmente para nosotros sus historias navide\u00f1as.<\/p>\n<p>Hemos estado atentos y hemos aplaudido y felicitado tras cada actuaci\u00f3n&#8230;\u00a1 Nos ha encantado! \u00a1Tres preciosas historias!&#8230;\u00a1 Gracias por vuestro trabajo que ha ilusionado a los m\u00e1s peque\u00f1os!<\/p>\n<p class=\"jetpack-slideshow-noscript robots-nocontent\">El pase de diapositivas requiere JavaScript.<\/p><div id=\"gallery-46436-2-slideshow\" class=\"jetpack-slideshow-window jetpack-slideshow jetpack-slideshow-black\" data-trans=\"fade\" data-autostart=\"1\" data-gallery=\"[{&quot;src&quot;:&quot;https:\\\/\\\/cloud.alqueria.es\\\/wp-content\\\/uploads\\\/sites\\\/9\\\/2020\\\/12\\\/IMG-20201215-WA0024-300x225.jpg&quot;,&quot;id&quot;:&quot;46548&quot;,&quot;title&quot;:&quot;IMG-20201215-WA0024&quot;,&quot;alt&quot;:&quot;&quot;,&quot;caption&quot;:&quot;&quot;,&quot;itemprop&quot;:&quot;image&quot;},{&quot;src&quot;:&quot;https:\\\/\\\/cloud.alqueria.es\\\/wp-content\\\/uploads\\\/sites\\\/9\\\/2020\\\/12\\\/IMG-20201215-WA0014-300x225.jpg&quot;,&quot;id&quot;:&quot;46547&quot;,&quot;title&quot;:&quot;IMG-20201215-WA0014&quot;,&quot;alt&quot;:&quot;&quot;,&quot;caption&quot;:&quot;&quot;,&quot;itemprop&quot;:&quot;image&quot;},{&quot;src&quot;:&quot;https:\\\/\\\/cloud.alqueria.es\\\/wp-content\\\/uploads\\\/sites\\\/9\\\/2020\\\/12\\\/IMG-20201215-WA0016-300x225.jpg&quot;,&quot;id&quot;:&quot;46546&quot;,&quot;title&quot;:&quot;IMG-20201215-WA0016&quot;,&quot;alt&quot;:&quot;&quot;,&quot;caption&quot;:&quot;&quot;,&quot;itemprop&quot;:&quot;image&quot;},{&quot;src&quot;:&quot;https:\\\/\\\/cloud.alqueria.es\\\/wp-content\\\/uploads\\\/sites\\\/9\\\/2020\\\/12\\\/IMG-20201215-WA0017-300x225.jpg&quot;,&quot;id&quot;:&quot;46545&quot;,&quot;title&quot;:&quot;IMG-20201215-WA0017&quot;,&quot;alt&quot;:&quot;&quot;,&quot;caption&quot;:&quot;&quot;,&quot;itemprop&quot;:&quot;image&quot;},{&quot;src&quot;:&quot;https:\\\/\\\/cloud.alqueria.es\\\/wp-content\\\/uploads\\\/sites\\\/9\\\/2020\\\/12\\\/IMG-20201215-WA0021-300x225.jpg&quot;,&quot;id&quot;:&quot;46550&quot;,&quot;title&quot;:&quot;IMG-20201215-WA0021&quot;,&quot;alt&quot;:&quot;&quot;,&quot;caption&quot;:&quot;&quot;,&quot;itemprop&quot;:&quot;image&quot;},{&quot;src&quot;:&quot;https:\\\/\\\/cloud.alqueria.es\\\/wp-content\\\/uploads\\\/sites\\\/9\\\/2020\\\/12\\\/IMG-20201215-WA0020-300x225.jpg&quot;,&quot;id&quot;:&quot;46551&quot;,&quot;title&quot;:&quot;IMG-20201215-WA0020&quot;,&quot;alt&quot;:&quot;&quot;,&quot;caption&quot;:&quot;&quot;,&quot;itemprop&quot;:&quot;image&quot;}]\" itemscope itemtype=\"https:\/\/schema.org\/ImageGallery\"><\/div>\n<p>Nos volvemos a la clase, y como a\u00fan tenemos ganas de movimiento, nos vamos directamente a la terraza a disfrutar de motos y corre-pasillos hasta la hora de la comida.<\/p>\n<p>Ma\u00f1ana nos esperan nuevas sorpresas con unas sesiones de teatro y una comida especial de Navidad que seguro nos va a encantar.<\/p>\n<p>Un abrazo.<\/p>\n<p>Nuria Garc\u00eda Pall\u00e1s.<\/p>\n<p>&nbsp;<\/p>\n","protected":false},"excerpt":{"rendered":"<p>Comenzamos la ma\u00f1ana con el suelo de la clase repleto de aros de diferentes tama\u00f1os y colores. Tras un rato con mucho movimiento, las propuestas de juego que van surgiendo por la clase van acaparando la atenci\u00f3n de la mayor\u00eda : coches, animales, cocinita, beb\u00e9s&#8230;as\u00ed que toca recoger los aros a la vez que los &hellip; <a href=\"https:\/\/www.alqueria.es\/blogs\/alqueriaamarillanaranja\/2020\/12\/15\/cuentos-de-navidad\/\" class=\"more-link\">Seguir leyendo <span class=\"screen-reader-text\">CUENTOS DE NAVIDAD<\/span> <span class=\"meta-nav\">&rarr;<\/span><\/a><\/p>\n","protected":false},"author":23,"featured_media":0,"comment_status":"open","ping_status":"open","sticky":false,"template":"","format":"standard","meta":{"jetpack_post_was_ever_published":false,"_jetpack_newsletter_access":"","_jetpack_dont_email_post_to_subs":false,"_jetpack_newsletter_tier_id":0,"_jetpack_memberships_contains_paywalled_content":false,"_jetpack_memberships_contains_paid_content":false,"footnotes":"","jetpack_publicize_message":"","jetpack_publicize_feature_enabled":true,"jetpack_social_post_already_shared":true,"jetpack_social_options":{"image_generator_settings":{"template":"highway","default_image_id":0,"font":"","enabled":false},"version":2}},"categories":[6,19],"tags":[609],"class_list":["post-46436","post","type-post","status-publish","format-standard","hentry","category-clase-amarilla","category-talleres-creativos","tag-cuenta-cuentos"],"jetpack_publicize_connections":[],"jetpack_featured_media_url":"","jetpack_sharing_enabled":true,"jetpack_shortlink":"https:\/\/wp.me\/p4lG08-c4Y","jetpack-related-posts":[],"_links":{"self":[{"href":"https:\/\/www.alqueria.es\/blogs\/alqueriaamarillanaranja\/wp-json\/wp\/v2\/posts\/46436","targetHints":{"allow":["GET"]}}],"collection":[{"href":"https:\/\/www.alqueria.es\/blogs\/alqueriaamarillanaranja\/wp-json\/wp\/v2\/posts"}],"about":[{"href":"https:\/\/www.alqueria.es\/blogs\/alqueriaamarillanaranja\/wp-json\/wp\/v2\/types\/post"}],"author":[{"embeddable":true,"href":"https:\/\/www.alqueria.es\/blogs\/alqueriaamarillanaranja\/wp-json\/wp\/v2\/users\/23"}],"replies":[{"embeddable":true,"href":"https:\/\/www.alqueria.es\/blogs\/alqueriaamarillanaranja\/wp-json\/wp\/v2\/comments?post=46436"}],"version-history":[{"count":4,"href":"https:\/\/www.alqueria.es\/blogs\/alqueriaamarillanaranja\/wp-json\/wp\/v2\/posts\/46436\/revisions"}],"predecessor-version":[{"id":46580,"href":"https:\/\/www.alqueria.es\/blogs\/alqueriaamarillanaranja\/wp-json\/wp\/v2\/posts\/46436\/revisions\/46580"}],"wp:attachment":[{"href":"https:\/\/www.alqueria.es\/blogs\/alqueriaamarillanaranja\/wp-json\/wp\/v2\/media?parent=46436"}],"wp:term":[{"taxonomy":"category","embeddable":true,"href":"https:\/\/www.alqueria.es\/blogs\/alqueriaamarillanaranja\/wp-json\/wp\/v2\/categories?post=46436"},{"taxonomy":"post_tag","embeddable":true,"href":"https:\/\/www.alqueria.es\/blogs\/alqueriaamarillanaranja\/wp-json\/wp\/v2\/tags?post=46436"}],"curies":[{"name":"wp","href":"https:\/\/api.w.org\/{rel}","templated":true}]}}