{"id":4696,"date":"2013-03-22T14:01:17","date_gmt":"2013-03-22T13:01:17","guid":{"rendered":"http:\/\/alqueriaamarillanaranja.wordpress.com\/?p=4696"},"modified":"2014-02-24T12:45:09","modified_gmt":"2014-02-24T12:45:09","slug":"fin-de-2o-trimestre","status":"publish","type":"post","link":"https:\/\/www.alqueria.es\/blogs\/alqueriaamarillanaranja\/2013\/03\/22\/fin-de-2o-trimestre\/","title":{"rendered":"FIN DE 2\u00ba TRIMESTRE"},"content":{"rendered":"<p style=\"text-align:justify\">Ya ha llegado el final de este trimestre en el que hemos compartido muchas experiencias con estos \u00abpeque\u00f1os\u00bb y hemos disfrutado mucho con ellos\/as.<\/p>\n<p style=\"text-align:justify\"><a href=\"http:\/\/alqueriaamarillanaranja.files.wordpress.com\/2013\/03\/ninos-disfrazados-magneticos1.jpg\"><img decoding=\"async\" data-attachment-id=\"4697\" data-permalink=\"https:\/\/www.alqueria.es\/blogs\/alqueriaamarillanaranja\/ninos-disfrazados-magneticos1\/\" data-orig-file=\"https:\/\/www.alqueria.es\/blogs\/alqueriaamarillanaranja\/wp-content\/uploads\/sites\/9\/2013\/03\/ninos-disfrazados-magneticos1.jpg\" data-orig-size=\"600,600\" data-comments-opened=\"1\" data-image-meta=\"{&quot;aperture&quot;:&quot;0&quot;,&quot;credit&quot;:&quot;&quot;,&quot;camera&quot;:&quot;&quot;,&quot;caption&quot;:&quot;&quot;,&quot;created_timestamp&quot;:&quot;0&quot;,&quot;copyright&quot;:&quot;&quot;,&quot;focal_length&quot;:&quot;0&quot;,&quot;iso&quot;:&quot;0&quot;,&quot;shutter_speed&quot;:&quot;0&quot;,&quot;title&quot;:&quot;&quot;}\" data-image-title=\"ninos-disfrazados-magneticos[1]\" data-image-description=\"\" data-image-caption=\"\" data-large-file=\"https:\/\/www.alqueria.es\/blogs\/alqueriaamarillanaranja\/wp-content\/uploads\/sites\/9\/2013\/03\/ninos-disfrazados-magneticos1.jpg\" class=\"alignleft size-thumbnail wp-image-4697\" alt=\"ninos-disfrazados-magneticos[1]\" src=\"https:\/\/cloud.alqueria.es\/wp-content\/uploads\/sites\/9\/2013\/03\/ninos-disfrazados-magneticos11.jpg\" width=\"150\" height=\"150\" \/><\/a>Hoy jugamos y nos disfrazamos con nuestro ba\u00fal de disfraces, cada uno elige aquello que se quiere poner y les ayudamos a vestirse: gorros, camisas, faldas, tacones&#8230;<\/p>\n<p style=\"text-align:justify\">Como hoy es un d\u00eda m\u00e1s \u00abespecial\u00bb (nos vamos de vacaciones), Lara trae gusanitos para repartirlos en la asamblea y se ponen locos de contentos.<\/p>\n<p style=\"text-align:justify\">Y muy prontito nos bajamos al patio a aprovechar el buen d\u00eda, \u00a1menos mal! porque ya est\u00e1n aqu\u00ed las nubes&#8230;.<\/p>\n<p style=\"text-align:justify\">Bueno me despido de vosotros hasta despu\u00e9s de Semana Santa, qu\u00e9 disfru\u00e9is de estos d\u00edas en familia.<\/p>\n<p style=\"text-align:justify\"><a href=\"http:\/\/alqueriaamarillanaranja.files.wordpress.com\/2013\/03\/vacaciones1.jpg\"><img decoding=\"async\" data-attachment-id=\"4698\" data-permalink=\"https:\/\/www.alqueria.es\/blogs\/alqueriaamarillanaranja\/vacaciones1\/\" data-orig-file=\"https:\/\/www.alqueria.es\/blogs\/alqueriaamarillanaranja\/wp-content\/uploads\/sites\/9\/2013\/03\/vacaciones1.jpg\" data-orig-size=\"1024,970\" data-comments-opened=\"1\" data-image-meta=\"{&quot;aperture&quot;:&quot;0&quot;,&quot;credit&quot;:&quot;&quot;,&quot;camera&quot;:&quot;&quot;,&quot;caption&quot;:&quot;&quot;,&quot;created_timestamp&quot;:&quot;0&quot;,&quot;copyright&quot;:&quot;&quot;,&quot;focal_length&quot;:&quot;0&quot;,&quot;iso&quot;:&quot;0&quot;,&quot;shutter_speed&quot;:&quot;0&quot;,&quot;title&quot;:&quot;&quot;}\" data-image-title=\"vacaciones[1]\" data-image-description=\"\" data-image-caption=\"\" data-large-file=\"https:\/\/www.alqueria.es\/blogs\/alqueriaamarillanaranja\/wp-content\/uploads\/sites\/9\/2013\/03\/vacaciones1-1024x970.jpg\" class=\"aligncenter size-medium wp-image-4698\" alt=\"vacaciones[1]\" src=\"https:\/\/cloud.alqueria.es\/wp-content\/uploads\/sites\/9\/2013\/03\/vacaciones11.jpg\" width=\"300\" height=\"284\" \/><\/a><\/p>\n<p style=\"text-align:justify\">Carmen Jim\u00e9nez<\/p>\n<p style=\"text-align:justify\">\u00a0<\/p>\n","protected":false},"excerpt":{"rendered":"<p>Ya ha llegado el final de este trimestre en el que hemos compartido muchas experiencias con estos \u00abpeque\u00f1os\u00bb y hemos disfrutado mucho con ellos\/as. Hoy jugamos y nos disfrazamos con nuestro ba\u00fal de disfraces, cada uno elige aquello que se quiere poner y les ayudamos a vestirse: gorros, camisas, faldas, tacones&#8230; Como hoy es un &hellip; <a href=\"https:\/\/www.alqueria.es\/blogs\/alqueriaamarillanaranja\/2013\/03\/22\/fin-de-2o-trimestre\/\" class=\"more-link\">Seguir leyendo <span class=\"screen-reader-text\">FIN DE 2\u00ba TRIMESTRE<\/span> <span class=\"meta-nav\">&rarr;<\/span><\/a><\/p>\n","protected":false},"author":23,"featured_media":0,"comment_status":"open","ping_status":"open","sticky":false,"template":"","format":"standard","meta":{"jetpack_post_was_ever_published":false,"_jetpack_newsletter_access":"","_jetpack_dont_email_post_to_subs":false,"_jetpack_newsletter_tier_id":0,"_jetpack_memberships_contains_paywalled_content":false,"_jetpack_memberships_contains_paid_content":false,"footnotes":"","jetpack_publicize_message":"","jetpack_publicize_feature_enabled":true,"jetpack_social_post_already_shared":true,"jetpack_social_options":{"image_generator_settings":{"template":"highway","default_image_id":0,"font":"","enabled":false},"version":2}},"categories":[6,9],"tags":[],"class_list":["post-4696","post","type-post","status-publish","format-standard","hentry","category-clase-amarilla","category-diario-clase-amarilla"],"jetpack_publicize_connections":[],"jetpack_featured_media_url":"","jetpack_sharing_enabled":true,"jetpack_shortlink":"https:\/\/wp.me\/p4lG08-1dK","jetpack-related-posts":[],"_links":{"self":[{"href":"https:\/\/www.alqueria.es\/blogs\/alqueriaamarillanaranja\/wp-json\/wp\/v2\/posts\/4696","targetHints":{"allow":["GET"]}}],"collection":[{"href":"https:\/\/www.alqueria.es\/blogs\/alqueriaamarillanaranja\/wp-json\/wp\/v2\/posts"}],"about":[{"href":"https:\/\/www.alqueria.es\/blogs\/alqueriaamarillanaranja\/wp-json\/wp\/v2\/types\/post"}],"author":[{"embeddable":true,"href":"https:\/\/www.alqueria.es\/blogs\/alqueriaamarillanaranja\/wp-json\/wp\/v2\/users\/23"}],"replies":[{"embeddable":true,"href":"https:\/\/www.alqueria.es\/blogs\/alqueriaamarillanaranja\/wp-json\/wp\/v2\/comments?post=4696"}],"version-history":[{"count":0,"href":"https:\/\/www.alqueria.es\/blogs\/alqueriaamarillanaranja\/wp-json\/wp\/v2\/posts\/4696\/revisions"}],"wp:attachment":[{"href":"https:\/\/www.alqueria.es\/blogs\/alqueriaamarillanaranja\/wp-json\/wp\/v2\/media?parent=4696"}],"wp:term":[{"taxonomy":"category","embeddable":true,"href":"https:\/\/www.alqueria.es\/blogs\/alqueriaamarillanaranja\/wp-json\/wp\/v2\/categories?post=4696"},{"taxonomy":"post_tag","embeddable":true,"href":"https:\/\/www.alqueria.es\/blogs\/alqueriaamarillanaranja\/wp-json\/wp\/v2\/tags?post=4696"}],"curies":[{"name":"wp","href":"https:\/\/api.w.org\/{rel}","templated":true}]}}