{"id":48025,"date":"2021-03-04T19:32:03","date_gmt":"2021-03-04T18:32:03","guid":{"rendered":"http:\/\/www.alqueria.es\/blogs\/alqueriaamarillanaranja\/?p=48025"},"modified":"2021-03-04T19:32:03","modified_gmt":"2021-03-04T18:32:03","slug":"yoga-al-aire-libre-y-cumpleanos-de-antonio","status":"publish","type":"post","link":"https:\/\/www.alqueria.es\/blogs\/alqueriaamarillanaranja\/2021\/03\/04\/yoga-al-aire-libre-y-cumpleanos-de-antonio\/","title":{"rendered":"YOGA AL AIRE LIBRE Y CUMPLEA\u00d1OS DE ANTONIO"},"content":{"rendered":"<p><strong>Hoy tenemos un d\u00eda repleto de actividades de significaci\u00f3n especial:<\/strong><\/p>\n<ul>\n<li><strong>El cole organiza una sesi\u00f3n especial de yoga en el patio para todo el alumnado del centro, a cargo de Isabel Carri\u00f3n, especialista de esta materia.<img decoding=\"async\" class=\"alignright\" src=\"https:\/\/th.bing.com\/th\/id\/R4ae79bb24e0310b96e550ebcbf42bfff?rik=W1%2bxqJFTXo7pFQ&amp;riu=http%3a%2f%2f4.bp.blogspot.com%2f-bOWS0Zuyvyk%2fU3201wVr95I%2fAAAAAAAAKSE%2f8ms8LEdaSn0%2fs1600%2fYoga%2bfor%2bKids.png&amp;ehk=GwpwbRcW5juzQW59n%2bgSqC6WPUoLwEuN3nU5aqBXE%2bg%3d&amp;risl=&amp;pid=ImgRaw\" alt=\"Ver las im\u00e1genes de origen\" \/><\/strong><\/li>\n<\/ul>\n<p><strong>Isabel se ha situado en el centro del patio de primaria, se ha marcado con tiza el lugar que deb\u00edan ocupar los diferentes grupos para as\u00ed garantizar el distanciamiento entre ellos. Dado el espacio y las circunstancias especiales, nuestros peque\u00f1os han utilizado su propio cuerpo como elemento \u00fanico de interacci\u00f3n.<\/strong><\/p>\n<p><strong>El primer turno ha sido para la clase amarilla, naranja, roja y verde. Tenemos la oportunidad de realizar algunas din\u00e1micas relacionadas con esta disciplina, que nos han permitido trabajar posturas, relajaci\u00f3n y estados de \u00e1nimo. Comenzamos con un peculiar saludo al sol&#8230;..<\/strong><\/p>\n<p class=\"jetpack-slideshow-noscript robots-nocontent\">El pase de diapositivas requiere JavaScript.<\/p><div id=\"gallery-48025-1-slideshow\" class=\"jetpack-slideshow-window jetpack-slideshow jetpack-slideshow-black\" data-trans=\"fade\" data-autostart=\"1\" data-gallery=\"[{&quot;src&quot;:&quot;https:\\\/\\\/cloud.alqueria.es\\\/wp-content\\\/uploads\\\/sites\\\/9\\\/2021\\\/03\\\/IMG-20210304-WA0053.jpg&quot;,&quot;id&quot;:&quot;48049&quot;,&quot;title&quot;:&quot;IMG-20210304-WA0053&quot;,&quot;alt&quot;:&quot;&quot;,&quot;caption&quot;:&quot;&quot;,&quot;itemprop&quot;:&quot;image&quot;},{&quot;src&quot;:&quot;https:\\\/\\\/cloud.alqueria.es\\\/wp-content\\\/uploads\\\/sites\\\/9\\\/2021\\\/03\\\/IMG-20210304-WA0059.jpg&quot;,&quot;id&quot;:&quot;48048&quot;,&quot;title&quot;:&quot;IMG-20210304-WA0059&quot;,&quot;alt&quot;:&quot;&quot;,&quot;caption&quot;:&quot;&quot;,&quot;itemprop&quot;:&quot;image&quot;},{&quot;src&quot;:&quot;https:\\\/\\\/cloud.alqueria.es\\\/wp-content\\\/uploads\\\/sites\\\/9\\\/2021\\\/03\\\/IMG-20210304-WA0056.jpg&quot;,&quot;id&quot;:&quot;48043&quot;,&quot;title&quot;:&quot;IMG-20210304-WA0056&quot;,&quot;alt&quot;:&quot;&quot;,&quot;caption&quot;:&quot;&quot;,&quot;itemprop&quot;:&quot;image&quot;},{&quot;src&quot;:&quot;https:\\\/\\\/cloud.alqueria.es\\\/wp-content\\\/uploads\\\/sites\\\/9\\\/2021\\\/03\\\/IMG-20210304-WA0055.jpg&quot;,&quot;id&quot;:&quot;48044&quot;,&quot;title&quot;:&quot;IMG-20210304-WA0055&quot;,&quot;alt&quot;:&quot;&quot;,&quot;caption&quot;:&quot;&quot;,&quot;itemprop&quot;:&quot;image&quot;},{&quot;src&quot;:&quot;https:\\\/\\\/cloud.alqueria.es\\\/wp-content\\\/uploads\\\/sites\\\/9\\\/2021\\\/03\\\/IMG-20210304-WA0035.jpg&quot;,&quot;id&quot;:&quot;48039&quot;,&quot;title&quot;:&quot;IMG-20210304-WA0035&quot;,&quot;alt&quot;:&quot;&quot;,&quot;caption&quot;:&quot;&quot;,&quot;itemprop&quot;:&quot;image&quot;},{&quot;src&quot;:&quot;https:\\\/\\\/cloud.alqueria.es\\\/wp-content\\\/uploads\\\/sites\\\/9\\\/2021\\\/03\\\/IMG-20210304-WA0027.jpg&quot;,&quot;id&quot;:&quot;48038&quot;,&quot;title&quot;:&quot;IMG-20210304-WA0027&quot;,&quot;alt&quot;:&quot;&quot;,&quot;caption&quot;:&quot;&quot;,&quot;itemprop&quot;:&quot;image&quot;},{&quot;src&quot;:&quot;https:\\\/\\\/cloud.alqueria.es\\\/wp-content\\\/uploads\\\/sites\\\/9\\\/2021\\\/03\\\/IMG-20210304-WA0057.jpg&quot;,&quot;id&quot;:&quot;48046&quot;,&quot;title&quot;:&quot;IMG-20210304-WA0057&quot;,&quot;alt&quot;:&quot;&quot;,&quot;caption&quot;:&quot;&quot;,&quot;itemprop&quot;:&quot;image&quot;},{&quot;src&quot;:&quot;https:\\\/\\\/cloud.alqueria.es\\\/wp-content\\\/uploads\\\/sites\\\/9\\\/2021\\\/03\\\/IMG-20210304-WA0058.jpg&quot;,&quot;id&quot;:&quot;48045&quot;,&quot;title&quot;:&quot;IMG-20210304-WA0058&quot;,&quot;alt&quot;:&quot;&quot;,&quot;caption&quot;:&quot;&quot;,&quot;itemprop&quot;:&quot;image&quot;},{&quot;src&quot;:&quot;https:\\\/\\\/cloud.alqueria.es\\\/wp-content\\\/uploads\\\/sites\\\/9\\\/2021\\\/03\\\/IMG-20210304-WA0024.jpg&quot;,&quot;id&quot;:&quot;48033&quot;,&quot;title&quot;:&quot;IMG-20210304-WA0024&quot;,&quot;alt&quot;:&quot;&quot;,&quot;caption&quot;:&quot;&quot;,&quot;itemprop&quot;:&quot;image&quot;},{&quot;src&quot;:&quot;https:\\\/\\\/cloud.alqueria.es\\\/wp-content\\\/uploads\\\/sites\\\/9\\\/2021\\\/03\\\/IMG-20210304-WA0023-1.jpg&quot;,&quot;id&quot;:&quot;48037&quot;,&quot;title&quot;:&quot;IMG-20210304-WA0023&quot;,&quot;alt&quot;:&quot;&quot;,&quot;caption&quot;:&quot;&quot;,&quot;itemprop&quot;:&quot;image&quot;}]\" itemscope itemtype=\"https:\/\/schema.org\/ImageGallery\"><\/div>\n<p style=\"text-align: center\"><strong>\u00a1Ha sido un placer verlos participar en esta actividad!Os animo a practicarlo en casa con ell@s.<\/strong><\/p>\n<ul>\n<li><strong>Hoy es el <span style=\"color: #ff00ff\">cumplea\u00f1os<\/span> de <span style=\"color: #ff00ff\">Antonio,<\/span> \u00a1Felicidades Antonio!\u00a1Qu\u00e9 ilusi\u00f3n! Saboreamos un riqu\u00edsimo bizcocho tras escuchar como le cantaban \u00abhappy birthday to you\u00bb todos los compa\u00f1eros por su cuarto cumplea\u00f1os.<\/strong><div class=\"tiled-gallery type-circle tiled-gallery-unresized\" data-original-width=\"474\" data-carousel-extra='{&quot;blog_id&quot;:9,&quot;permalink&quot;:&quot;https:\\\/\\\/www.alqueria.es\\\/blogs\\\/alqueriaamarillanaranja\\\/2021\\\/03\\\/04\\\/yoga-al-aire-libre-y-cumpleanos-de-antonio\\\/&quot;,&quot;likes_blog_id&quot;:64271688}' itemscope itemtype=\"http:\/\/schema.org\/ImageGallery\" > <div class=\"gallery-row\" style=\"width: 474px; height: 237px;\" data-original-width=\"474\" data-original-height=\"237\" > <div class=\"gallery-group\" style=\"width: 237px; height: 237px;\" data-original-width=\"237\" data-original-height=\"237\" > <div class=\"tiled-gallery-item \" itemprop=\"associatedMedia\" itemscope itemtype=\"http:\/\/schema.org\/ImageObject\"> <a href=\"https:\/\/www.alqueria.es\/blogs\/alqueriaamarillanaranja\/2021\/03\/04\/yoga-al-aire-libre-y-cumpleanos-de-antonio\/img_20210304_111728\/\" border=\"0\" itemprop=\"url\"> <meta itemprop=\"width\" content=\"233\"> <meta itemprop=\"height\" content=\"233\"> <img decoding=\"async\" class=\"\" data-attachment-id=\"48026\" data-orig-file=\"https:\/\/cloud.alqueria.es\/wp-content\/uploads\/sites\/9\/2021\/03\/IMG_20210304_111728.jpg\" data-orig-size=\"1024,769\" data-comments-opened=\"1\" data-image-meta=\"{&quot;aperture&quot;:&quot;1.89&quot;,&quot;credit&quot;:&quot;&quot;,&quot;camera&quot;:&quot;Redmi Note 8 Pro&quot;,&quot;caption&quot;:&quot;&quot;,&quot;created_timestamp&quot;:&quot;0&quot;,&quot;copyright&quot;:&quot;&quot;,&quot;focal_length&quot;:&quot;5.43&quot;,&quot;iso&quot;:&quot;257&quot;,&quot;shutter_speed&quot;:&quot;0.019998&quot;,&quot;title&quot;:&quot;&quot;,&quot;orientation&quot;:&quot;1&quot;}\" data-image-title=\"IMG_20210304_111728\" data-image-description=\"\" data-medium-file=\"https:\/\/cloud.alqueria.es\/wp-content\/uploads\/sites\/9\/2021\/03\/IMG_20210304_111728-300x225.jpg\" data-large-file=\"https:\/\/cloud.alqueria.es\/wp-content\/uploads\/sites\/9\/2021\/03\/IMG_20210304_111728.jpg\" src=\"https:\/\/i0.wp.com\/cloud.alqueria.es\/wp-content\/uploads\/sites\/9\/2021\/03\/IMG_20210304_111728.jpg?w=233&#038;h=233&#038;crop=1&#038;ssl=1\" width=\"233\" height=\"233\" loading=\"lazy\" data-original-width=\"233\" data-original-height=\"233\" itemprop=\"http:\/\/schema.org\/image\" title=\"IMG_20210304_111728\" alt=\"IMG_20210304_111728\" style=\"width: 233px; height: 233px;\" \/> <\/a> <\/div> <\/div> <div class=\"gallery-group\" style=\"width: 237px; height: 237px;\" data-original-width=\"237\" data-original-height=\"237\" > <div class=\"tiled-gallery-item \" itemprop=\"associatedMedia\" itemscope itemtype=\"http:\/\/schema.org\/ImageObject\"> <a href=\"https:\/\/www.alqueria.es\/blogs\/alqueriaamarillanaranja\/2021\/03\/04\/yoga-al-aire-libre-y-cumpleanos-de-antonio\/img_20210304_111934\/\" border=\"0\" itemprop=\"url\"> <meta itemprop=\"width\" content=\"233\"> <meta itemprop=\"height\" content=\"233\"> <img decoding=\"async\" class=\"\" data-attachment-id=\"48031\" data-orig-file=\"https:\/\/cloud.alqueria.es\/wp-content\/uploads\/sites\/9\/2021\/03\/IMG_20210304_111934.jpg\" data-orig-size=\"1024,769\" data-comments-opened=\"1\" data-image-meta=\"{&quot;aperture&quot;:&quot;1.89&quot;,&quot;credit&quot;:&quot;&quot;,&quot;camera&quot;:&quot;Redmi Note 8 Pro&quot;,&quot;caption&quot;:&quot;&quot;,&quot;created_timestamp&quot;:&quot;0&quot;,&quot;copyright&quot;:&quot;&quot;,&quot;focal_length&quot;:&quot;5.43&quot;,&quot;iso&quot;:&quot;100&quot;,&quot;shutter_speed&quot;:&quot;0.008997&quot;,&quot;title&quot;:&quot;&quot;,&quot;orientation&quot;:&quot;1&quot;}\" data-image-title=\"IMG_20210304_111934\" data-image-description=\"\" data-medium-file=\"https:\/\/cloud.alqueria.es\/wp-content\/uploads\/sites\/9\/2021\/03\/IMG_20210304_111934-300x225.jpg\" data-large-file=\"https:\/\/cloud.alqueria.es\/wp-content\/uploads\/sites\/9\/2021\/03\/IMG_20210304_111934.jpg\" src=\"https:\/\/i0.wp.com\/cloud.alqueria.es\/wp-content\/uploads\/sites\/9\/2021\/03\/IMG_20210304_111934.jpg?w=233&#038;h=233&#038;crop=1&#038;ssl=1\" width=\"233\" height=\"233\" loading=\"lazy\" data-original-width=\"233\" data-original-height=\"233\" itemprop=\"http:\/\/schema.org\/image\" title=\"IMG_20210304_111934\" alt=\"IMG_20210304_111934\" style=\"width: 233px; height: 233px;\" \/> <\/a> <\/div> <\/div> <\/div> <\/div>\n<p><strong>Le regalamos un simp\u00e1tico bloc con todos los dibujos del grupo. Bailamos y lo pasamos genial intentando estallar y pisar pompas de jab\u00f3n.<\/strong><\/p>\n<div class=\"tiled-gallery type-circle tiled-gallery-unresized\" data-original-width=\"474\" data-carousel-extra='{&quot;blog_id&quot;:9,&quot;permalink&quot;:&quot;https:\\\/\\\/www.alqueria.es\\\/blogs\\\/alqueriaamarillanaranja\\\/2021\\\/03\\\/04\\\/yoga-al-aire-libre-y-cumpleanos-de-antonio\\\/&quot;,&quot;likes_blog_id&quot;:64271688}' itemscope itemtype=\"http:\/\/schema.org\/ImageGallery\" > <div class=\"gallery-row\" style=\"width: 474px; height: 237px;\" data-original-width=\"474\" data-original-height=\"237\" > <div class=\"gallery-group\" style=\"width: 237px; height: 237px;\" data-original-width=\"237\" data-original-height=\"237\" > <div class=\"tiled-gallery-item \" itemprop=\"associatedMedia\" itemscope itemtype=\"http:\/\/schema.org\/ImageObject\"> <a href=\"https:\/\/www.alqueria.es\/blogs\/alqueriaamarillanaranja\/2021\/03\/04\/yoga-al-aire-libre-y-cumpleanos-de-antonio\/img_20210304_095300\/\" border=\"0\" itemprop=\"url\"> <meta itemprop=\"width\" content=\"233\"> <meta itemprop=\"height\" content=\"233\"> <img decoding=\"async\" class=\"\" data-attachment-id=\"48030\" data-orig-file=\"https:\/\/cloud.alqueria.es\/wp-content\/uploads\/sites\/9\/2021\/03\/IMG_20210304_095300.jpg\" data-orig-size=\"1024,769\" data-comments-opened=\"1\" data-image-meta=\"{&quot;aperture&quot;:&quot;1.89&quot;,&quot;credit&quot;:&quot;&quot;,&quot;camera&quot;:&quot;Redmi Note 8 Pro&quot;,&quot;caption&quot;:&quot;&quot;,&quot;created_timestamp&quot;:&quot;0&quot;,&quot;copyright&quot;:&quot;&quot;,&quot;focal_length&quot;:&quot;5.43&quot;,&quot;iso&quot;:&quot;237&quot;,&quot;shutter_speed&quot;:&quot;0.019998&quot;,&quot;title&quot;:&quot;&quot;,&quot;orientation&quot;:&quot;1&quot;}\" data-image-title=\"IMG_20210304_095300\" data-image-description=\"\" data-medium-file=\"https:\/\/cloud.alqueria.es\/wp-content\/uploads\/sites\/9\/2021\/03\/IMG_20210304_095300-300x225.jpg\" data-large-file=\"https:\/\/cloud.alqueria.es\/wp-content\/uploads\/sites\/9\/2021\/03\/IMG_20210304_095300.jpg\" src=\"https:\/\/i0.wp.com\/cloud.alqueria.es\/wp-content\/uploads\/sites\/9\/2021\/03\/IMG_20210304_095300.jpg?w=233&#038;h=233&#038;crop=1&#038;ssl=1\" width=\"233\" height=\"233\" loading=\"lazy\" data-original-width=\"233\" data-original-height=\"233\" itemprop=\"http:\/\/schema.org\/image\" title=\"IMG_20210304_095300\" alt=\"IMG_20210304_095300\" style=\"width: 233px; height: 233px;\" \/> <\/a> <\/div> <\/div> <div class=\"gallery-group\" style=\"width: 237px; height: 237px;\" data-original-width=\"237\" data-original-height=\"237\" > <div class=\"tiled-gallery-item \" itemprop=\"associatedMedia\" itemscope itemtype=\"http:\/\/schema.org\/ImageObject\"> <a href=\"https:\/\/www.alqueria.es\/blogs\/alqueriaamarillanaranja\/2021\/03\/04\/yoga-al-aire-libre-y-cumpleanos-de-antonio\/img_20210304_095156_burst1\/\" border=\"0\" itemprop=\"url\"> <meta itemprop=\"width\" content=\"233\"> <meta itemprop=\"height\" content=\"233\"> <img decoding=\"async\" class=\"\" data-attachment-id=\"48028\" data-orig-file=\"https:\/\/cloud.alqueria.es\/wp-content\/uploads\/sites\/9\/2021\/03\/IMG_20210304_095156_BURST1.jpg\" data-orig-size=\"1024,769\" data-comments-opened=\"1\" data-image-meta=\"{&quot;aperture&quot;:&quot;1.89&quot;,&quot;credit&quot;:&quot;&quot;,&quot;camera&quot;:&quot;Redmi Note 8 Pro&quot;,&quot;caption&quot;:&quot;&quot;,&quot;created_timestamp&quot;:&quot;0&quot;,&quot;copyright&quot;:&quot;&quot;,&quot;focal_length&quot;:&quot;5.43&quot;,&quot;iso&quot;:&quot;158&quot;,&quot;shutter_speed&quot;:&quot;0.019998&quot;,&quot;title&quot;:&quot;&quot;,&quot;orientation&quot;:&quot;1&quot;}\" data-image-title=\"IMG_20210304_095156_BURST1\" data-image-description=\"\" data-medium-file=\"https:\/\/cloud.alqueria.es\/wp-content\/uploads\/sites\/9\/2021\/03\/IMG_20210304_095156_BURST1-300x225.jpg\" data-large-file=\"https:\/\/cloud.alqueria.es\/wp-content\/uploads\/sites\/9\/2021\/03\/IMG_20210304_095156_BURST1.jpg\" src=\"https:\/\/i0.wp.com\/cloud.alqueria.es\/wp-content\/uploads\/sites\/9\/2021\/03\/IMG_20210304_095156_BURST1.jpg?w=233&#038;h=233&#038;crop=1&#038;ssl=1\" width=\"233\" height=\"233\" loading=\"lazy\" data-original-width=\"233\" data-original-height=\"233\" itemprop=\"http:\/\/schema.org\/image\" title=\"IMG_20210304_095156_BURST1\" alt=\"IMG_20210304_095156_BURST1\" style=\"width: 233px; height: 233px;\" \/> <\/a> <\/div> <\/div> <\/div> <\/div>\n<p><strong>Un gran d\u00eda. Namast\u00e9,<\/strong><\/p>\n<p>Silvia.<\/li>\n<\/ul>\n<p>&nbsp;<\/p>\n<p>&nbsp;<\/p>\n<p>&nbsp;<\/p>\n<p>&nbsp;<\/p>\n","protected":false},"excerpt":{"rendered":"<p>Hoy tenemos un d\u00eda repleto de actividades de significaci\u00f3n especial: El cole organiza una sesi\u00f3n especial de yoga en el patio para todo el alumnado del centro, a cargo de Isabel Carri\u00f3n, especialista de esta materia. Isabel se ha situado en el centro del patio de primaria, se ha marcado con tiza el lugar que &hellip; <a href=\"https:\/\/www.alqueria.es\/blogs\/alqueriaamarillanaranja\/2021\/03\/04\/yoga-al-aire-libre-y-cumpleanos-de-antonio\/\" class=\"more-link\">Seguir leyendo <span class=\"screen-reader-text\">YOGA AL AIRE LIBRE Y CUMPLEA\u00d1OS DE ANTONIO<\/span> <span class=\"meta-nav\">&rarr;<\/span><\/a><\/p>\n","protected":false},"author":23,"featured_media":0,"comment_status":"open","ping_status":"open","sticky":false,"template":"","format":"standard","meta":{"jetpack_post_was_ever_published":false,"_jetpack_newsletter_access":"","_jetpack_dont_email_post_to_subs":false,"_jetpack_newsletter_tier_id":0,"_jetpack_memberships_contains_paywalled_content":false,"_jetpack_memberships_contains_paid_content":false,"footnotes":"","jetpack_publicize_message":"","jetpack_publicize_feature_enabled":true,"jetpack_social_post_already_shared":true,"jetpack_social_options":{"image_generator_settings":{"template":"highway","default_image_id":0,"font":"","enabled":false},"version":2}},"categories":[7,8,10],"tags":[349,407],"class_list":["post-48025","post","type-post","status-publish","format-standard","hentry","category-clase-naranja","category-diario","category-especialistas","tag-fiesta-de-cumpleanos","tag-sesion-de-yoga"],"jetpack_publicize_connections":[],"jetpack_featured_media_url":"","jetpack_sharing_enabled":true,"jetpack_shortlink":"https:\/\/wp.me\/p4lG08-cuB","jetpack-related-posts":[],"_links":{"self":[{"href":"https:\/\/www.alqueria.es\/blogs\/alqueriaamarillanaranja\/wp-json\/wp\/v2\/posts\/48025","targetHints":{"allow":["GET"]}}],"collection":[{"href":"https:\/\/www.alqueria.es\/blogs\/alqueriaamarillanaranja\/wp-json\/wp\/v2\/posts"}],"about":[{"href":"https:\/\/www.alqueria.es\/blogs\/alqueriaamarillanaranja\/wp-json\/wp\/v2\/types\/post"}],"author":[{"embeddable":true,"href":"https:\/\/www.alqueria.es\/blogs\/alqueriaamarillanaranja\/wp-json\/wp\/v2\/users\/23"}],"replies":[{"embeddable":true,"href":"https:\/\/www.alqueria.es\/blogs\/alqueriaamarillanaranja\/wp-json\/wp\/v2\/comments?post=48025"}],"version-history":[{"count":9,"href":"https:\/\/www.alqueria.es\/blogs\/alqueriaamarillanaranja\/wp-json\/wp\/v2\/posts\/48025\/revisions"}],"predecessor-version":[{"id":48083,"href":"https:\/\/www.alqueria.es\/blogs\/alqueriaamarillanaranja\/wp-json\/wp\/v2\/posts\/48025\/revisions\/48083"}],"wp:attachment":[{"href":"https:\/\/www.alqueria.es\/blogs\/alqueriaamarillanaranja\/wp-json\/wp\/v2\/media?parent=48025"}],"wp:term":[{"taxonomy":"category","embeddable":true,"href":"https:\/\/www.alqueria.es\/blogs\/alqueriaamarillanaranja\/wp-json\/wp\/v2\/categories?post=48025"},{"taxonomy":"post_tag","embeddable":true,"href":"https:\/\/www.alqueria.es\/blogs\/alqueriaamarillanaranja\/wp-json\/wp\/v2\/tags?post=48025"}],"curies":[{"name":"wp","href":"https:\/\/api.w.org\/{rel}","templated":true}]}}