{"id":48585,"date":"2021-03-26T20:00:33","date_gmt":"2021-03-26T19:00:33","guid":{"rendered":"https:\/\/www.alqueria.es\/blogs\/alqueriaamarillanaranja\/?p=48585"},"modified":"2021-03-27T09:13:38","modified_gmt":"2021-03-27T08:13:38","slug":"concierto","status":"publish","type":"post","link":"https:\/\/www.alqueria.es\/blogs\/alqueriaamarillanaranja\/2021\/03\/26\/concierto\/","title":{"rendered":"CONCIERTO"},"content":{"rendered":"\r\n<p>\u00a0Llegamos al viernes de esta especial semana en la que damos por finalizado el segundo trimestre de este curso que estamos viviendo en la clase amarilla.<\/p>\r\n<p>Juego en la clase y asamblea haciendo tiempo para asistir a una actividad con la que cerramos el trimestre&#8230;\u00a1M\u00daSICA!<\/p>\r\n<p class=\"jetpack-slideshow-noscript robots-nocontent\">El pase de diapositivas requiere JavaScript.<\/p><div id=\"gallery-48585-1-slideshow\" class=\"jetpack-slideshow-window jetpack-slideshow jetpack-slideshow-black\" data-trans=\"fade\" data-autostart=\"1\" data-gallery=\"[{&quot;src&quot;:&quot;https:\\\/\\\/cloud.alqueria.es\\\/wp-content\\\/uploads\\\/sites\\\/9\\\/2021\\\/03\\\/IMG_6372-300x225.jpg&quot;,&quot;id&quot;:&quot;48648&quot;,&quot;title&quot;:&quot;IMG_6372&quot;,&quot;alt&quot;:&quot;&quot;,&quot;caption&quot;:&quot;&quot;,&quot;itemprop&quot;:&quot;image&quot;},{&quot;src&quot;:&quot;https:\\\/\\\/cloud.alqueria.es\\\/wp-content\\\/uploads\\\/sites\\\/9\\\/2021\\\/03\\\/IMG_6369-300x225.jpg&quot;,&quot;id&quot;:&quot;48646&quot;,&quot;title&quot;:&quot;IMG_6369&quot;,&quot;alt&quot;:&quot;&quot;,&quot;caption&quot;:&quot;&quot;,&quot;itemprop&quot;:&quot;image&quot;},{&quot;src&quot;:&quot;https:\\\/\\\/cloud.alqueria.es\\\/wp-content\\\/uploads\\\/sites\\\/9\\\/2021\\\/03\\\/IMG_6370-300x225.jpg&quot;,&quot;id&quot;:&quot;48647&quot;,&quot;title&quot;:&quot;IMG_6370&quot;,&quot;alt&quot;:&quot;&quot;,&quot;caption&quot;:&quot;&quot;,&quot;itemprop&quot;:&quot;image&quot;}]\" itemscope itemtype=\"https:\/\/schema.org\/ImageGallery\"><\/div>\r\n<p>Asistimos junto al resto de la etapa a un\u00a0 mini-concierto de viol\u00edn de dos grandes m\u00fasicos de la OCG, Alexis Aguado y Annika Berscheid, ambos componentes del \u00abD\u00fao Caf\u00e9 Tertulia\u00bb. \u00a1 Muchas gracias a los m\u00fasicos!\u00a0<\/p>\r\n<p><img decoding=\"async\" data-attachment-id=\"48649\" data-permalink=\"https:\/\/www.alqueria.es\/blogs\/alqueriaamarillanaranja\/2021\/03\/26\/concierto\/img_6373-2\/\" data-orig-file=\"https:\/\/cloud.alqueria.es\/wp-content\/uploads\/sites\/9\/2021\/03\/IMG_6373.jpg\" data-orig-size=\"1024,768\" data-comments-opened=\"1\" data-image-meta=\"{&quot;aperture&quot;:&quot;2.8&quot;,&quot;credit&quot;:&quot;&quot;,&quot;camera&quot;:&quot;Canon PowerShot A2500&quot;,&quot;caption&quot;:&quot;&quot;,&quot;created_timestamp&quot;:&quot;1395805288&quot;,&quot;copyright&quot;:&quot;&quot;,&quot;focal_length&quot;:&quot;5&quot;,&quot;iso&quot;:&quot;200&quot;,&quot;shutter_speed&quot;:&quot;0.0008&quot;,&quot;title&quot;:&quot;&quot;,&quot;orientation&quot;:&quot;1&quot;}\" data-image-title=\"IMG_6373\" data-image-description=\"\" data-image-caption=\"\" data-large-file=\"https:\/\/cloud.alqueria.es\/wp-content\/uploads\/sites\/9\/2021\/03\/IMG_6373.jpg\" class=\"alignleft size-medium wp-image-48649\" src=\"https:\/\/cloud.alqueria.es\/wp-content\/uploads\/sites\/9\/2021\/03\/IMG_6373-300x225.jpg\" alt=\"\" width=\"300\" height=\"225\" srcset=\"https:\/\/cloud.alqueria.es\/wp-content\/uploads\/sites\/9\/2021\/03\/IMG_6373-300x225.jpg 300w, https:\/\/cloud.alqueria.es\/wp-content\/uploads\/sites\/9\/2021\/03\/IMG_6373-768x576.jpg 768w, https:\/\/cloud.alqueria.es\/wp-content\/uploads\/sites\/9\/2021\/03\/IMG_6373.jpg 1024w\" sizes=\"(max-width: 300px) 100vw, 300px\" \/>Hemos disfrutado con los compa\u00f1eros de etapa, con la consiguiente distancia, de un muy especial concierto en donde escuchamos m\u00fasica sentados en el suelo y que ha conseguido emocionar a alg\u00fan compa\u00f1ero.\u00a1 Se han portado fenomenal!.<\/p>\r\n<p class=\"jetpack-slideshow-noscript robots-nocontent\">El pase de diapositivas requiere JavaScript.<\/p><div id=\"gallery-48585-2-slideshow\" class=\"jetpack-slideshow-window jetpack-slideshow jetpack-slideshow-black\" data-trans=\"fade\" data-autostart=\"1\" data-gallery=\"[{&quot;src&quot;:&quot;https:\\\/\\\/cloud.alqueria.es\\\/wp-content\\\/uploads\\\/sites\\\/9\\\/2021\\\/03\\\/IMG-20210326-WA0028-300x169.jpg&quot;,&quot;id&quot;:&quot;48637&quot;,&quot;title&quot;:&quot;IMG-20210326-WA0028&quot;,&quot;alt&quot;:&quot;&quot;,&quot;caption&quot;:&quot;Formulamos preguntas&quot;,&quot;itemprop&quot;:&quot;image&quot;},{&quot;src&quot;:&quot;https:\\\/\\\/cloud.alqueria.es\\\/wp-content\\\/uploads\\\/sites\\\/9\\\/2021\\\/03\\\/IMG-20210326-WA0017-2-300x225.jpg&quot;,&quot;id&quot;:&quot;48638&quot;,&quot;title&quot;:&quot;IMG-20210326-WA0017&quot;,&quot;alt&quot;:&quot;&quot;,&quot;caption&quot;:&quot;&quot;,&quot;itemprop&quot;:&quot;image&quot;},{&quot;src&quot;:&quot;https:\\\/\\\/cloud.alqueria.es\\\/wp-content\\\/uploads\\\/sites\\\/9\\\/2021\\\/03\\\/IMG_6375-300x225.jpg&quot;,&quot;id&quot;:&quot;48650&quot;,&quot;title&quot;:&quot;IMG_6375&quot;,&quot;alt&quot;:&quot;&quot;,&quot;caption&quot;:&quot;&quot;,&quot;itemprop&quot;:&quot;image&quot;},{&quot;src&quot;:&quot;https:\\\/\\\/cloud.alqueria.es\\\/wp-content\\\/uploads\\\/sites\\\/9\\\/2021\\\/03\\\/IMG-20210326-WA0013-300x225.jpg&quot;,&quot;id&quot;:&quot;48631&quot;,&quot;title&quot;:&quot;IMG-20210326-WA0013&quot;,&quot;alt&quot;:&quot;&quot;,&quot;caption&quot;:&quot;&quot;,&quot;itemprop&quot;:&quot;image&quot;},{&quot;src&quot;:&quot;https:\\\/\\\/cloud.alqueria.es\\\/wp-content\\\/uploads\\\/sites\\\/9\\\/2021\\\/03\\\/IMG-20210326-WA0025-300x169.jpg&quot;,&quot;id&quot;:&quot;48632&quot;,&quot;title&quot;:&quot;IMG-20210326-WA0025&quot;,&quot;alt&quot;:&quot;&quot;,&quot;caption&quot;:&quot;&quot;,&quot;itemprop&quot;:&quot;image&quot;}]\" itemscope itemtype=\"https:\/\/schema.org\/ImageGallery\"><\/div>\r\n<p>Volvemos a la terraza a estrenar la nueva arena en el arenero y a disfrutar de motos y corre-pasillos.<\/p>\r\n<div class=\"tiled-gallery type-circle tiled-gallery-unresized\" data-original-width=\"474\" data-carousel-extra='{&quot;blog_id&quot;:9,&quot;permalink&quot;:&quot;https:\\\/\\\/www.alqueria.es\\\/blogs\\\/alqueriaamarillanaranja\\\/2021\\\/03\\\/26\\\/concierto\\\/&quot;,&quot;likes_blog_id&quot;:64271688}' itemscope itemtype=\"http:\/\/schema.org\/ImageGallery\" > <div class=\"gallery-row\" style=\"width: 474px; height: 237px;\" data-original-width=\"474\" data-original-height=\"237\" > <div class=\"gallery-group\" style=\"width: 237px; height: 237px;\" data-original-width=\"237\" data-original-height=\"237\" > <div class=\"tiled-gallery-item \" itemprop=\"associatedMedia\" itemscope itemtype=\"http:\/\/schema.org\/ImageObject\"> <a href=\"https:\/\/www.alqueria.es\/blogs\/alqueriaamarillanaranja\/2021\/03\/26\/concierto\/img_6379\/\" border=\"0\" itemprop=\"url\"> <meta itemprop=\"width\" content=\"233\"> <meta itemprop=\"height\" content=\"233\"> <img decoding=\"async\" class=\"\" data-attachment-id=\"48653\" data-orig-file=\"https:\/\/cloud.alqueria.es\/wp-content\/uploads\/sites\/9\/2021\/03\/IMG_6379.jpg\" data-orig-size=\"1024,768\" data-comments-opened=\"1\" data-image-meta=\"{&quot;aperture&quot;:&quot;7.9&quot;,&quot;credit&quot;:&quot;&quot;,&quot;camera&quot;:&quot;Canon PowerShot A2500&quot;,&quot;caption&quot;:&quot;&quot;,&quot;created_timestamp&quot;:&quot;1395807530&quot;,&quot;copyright&quot;:&quot;&quot;,&quot;focal_length&quot;:&quot;5&quot;,&quot;iso&quot;:&quot;100&quot;,&quot;shutter_speed&quot;:&quot;0.005&quot;,&quot;title&quot;:&quot;&quot;,&quot;orientation&quot;:&quot;1&quot;}\" data-image-title=\"IMG_6379\" data-image-description=\"\" data-medium-file=\"https:\/\/cloud.alqueria.es\/wp-content\/uploads\/sites\/9\/2021\/03\/IMG_6379-300x225.jpg\" data-large-file=\"https:\/\/cloud.alqueria.es\/wp-content\/uploads\/sites\/9\/2021\/03\/IMG_6379.jpg\" src=\"https:\/\/i0.wp.com\/cloud.alqueria.es\/wp-content\/uploads\/sites\/9\/2021\/03\/IMG_6379.jpg?w=233&#038;h=233&#038;crop=1&#038;ssl=1\" width=\"233\" height=\"233\" loading=\"lazy\" data-original-width=\"233\" data-original-height=\"233\" itemprop=\"http:\/\/schema.org\/image\" title=\"IMG_6379\" alt=\"IMG_6379\" style=\"width: 233px; height: 233px;\" \/> <\/a> <\/div> <\/div> <div class=\"gallery-group\" style=\"width: 237px; height: 237px;\" data-original-width=\"237\" data-original-height=\"237\" > <div class=\"tiled-gallery-item \" itemprop=\"associatedMedia\" itemscope itemtype=\"http:\/\/schema.org\/ImageObject\"> <a href=\"https:\/\/www.alqueria.es\/blogs\/alqueriaamarillanaranja\/2021\/03\/26\/concierto\/img_6378\/\" border=\"0\" itemprop=\"url\"> <meta itemprop=\"width\" content=\"233\"> <meta itemprop=\"height\" content=\"233\"> <img decoding=\"async\" class=\"\" data-attachment-id=\"48652\" data-orig-file=\"https:\/\/cloud.alqueria.es\/wp-content\/uploads\/sites\/9\/2021\/03\/IMG_6378.jpg\" data-orig-size=\"1024,768\" data-comments-opened=\"1\" data-image-meta=\"{&quot;aperture&quot;:&quot;7.9&quot;,&quot;credit&quot;:&quot;&quot;,&quot;camera&quot;:&quot;Canon PowerShot A2500&quot;,&quot;caption&quot;:&quot;&quot;,&quot;created_timestamp&quot;:&quot;1395807521&quot;,&quot;copyright&quot;:&quot;&quot;,&quot;focal_length&quot;:&quot;5&quot;,&quot;iso&quot;:&quot;100&quot;,&quot;shutter_speed&quot;:&quot;0.004&quot;,&quot;title&quot;:&quot;&quot;,&quot;orientation&quot;:&quot;1&quot;}\" data-image-title=\"IMG_6378\" data-image-description=\"\" data-medium-file=\"https:\/\/cloud.alqueria.es\/wp-content\/uploads\/sites\/9\/2021\/03\/IMG_6378-300x225.jpg\" data-large-file=\"https:\/\/cloud.alqueria.es\/wp-content\/uploads\/sites\/9\/2021\/03\/IMG_6378.jpg\" src=\"https:\/\/i0.wp.com\/cloud.alqueria.es\/wp-content\/uploads\/sites\/9\/2021\/03\/IMG_6378.jpg?w=233&#038;h=233&#038;crop=1&#038;ssl=1\" width=\"233\" height=\"233\" loading=\"lazy\" data-original-width=\"233\" data-original-height=\"233\" itemprop=\"http:\/\/schema.org\/image\" title=\"IMG_6378\" alt=\"IMG_6378\" style=\"width: 233px; height: 233px;\" \/> <\/a> <\/div> <\/div> <\/div> <\/div>\r\n<p>Una jornada muy especial para despedirnos del trimestre&#8230;\u00a1 Nos vemos tras los d\u00edas de vacaciones!<\/p>\r\n<p>Os deseo unos felices d\u00edas en familia<\/p>\r\n<p>Un abrazo<\/p>\r\n<p>Nuria Garc\u00eda Pall\u00e1s.<\/p>\r\n","protected":false},"excerpt":{"rendered":"<p>\u00a0Llegamos al viernes de esta especial semana en la que damos por finalizado el segundo trimestre de este curso que estamos viviendo en la clase amarilla. Juego en la clase y asamblea haciendo tiempo para asistir a una actividad con la que cerramos el trimestre&#8230;\u00a1M\u00daSICA! Asistimos junto al resto de la etapa a un\u00a0 mini-concierto &hellip; <a href=\"https:\/\/www.alqueria.es\/blogs\/alqueriaamarillanaranja\/2021\/03\/26\/concierto\/\" class=\"more-link\">Seguir leyendo <span class=\"screen-reader-text\">CONCIERTO<\/span> <span class=\"meta-nav\">&rarr;<\/span><\/a><\/p>\n","protected":false},"author":23,"featured_media":0,"comment_status":"open","ping_status":"open","sticky":false,"template":"","format":"standard","meta":{"jetpack_post_was_ever_published":false,"_jetpack_newsletter_access":"","_jetpack_dont_email_post_to_subs":false,"_jetpack_newsletter_tier_id":0,"_jetpack_memberships_contains_paywalled_content":false,"_jetpack_memberships_contains_paid_content":false,"footnotes":"","jetpack_publicize_message":"","jetpack_publicize_feature_enabled":true,"jetpack_social_post_already_shared":true,"jetpack_social_options":{"image_generator_settings":{"template":"highway","default_image_id":0,"font":"","enabled":false},"version":2}},"categories":[6,312],"tags":[672,144],"class_list":["post-48585","post","type-post","status-publish","format-standard","hentry","category-clase-amarilla","category-musica","tag-concierto-violin","tag-musica"],"jetpack_publicize_connections":[],"jetpack_featured_media_url":"","jetpack_sharing_enabled":true,"jetpack_shortlink":"https:\/\/wp.me\/p4lG08-cDD","jetpack-related-posts":[],"_links":{"self":[{"href":"https:\/\/www.alqueria.es\/blogs\/alqueriaamarillanaranja\/wp-json\/wp\/v2\/posts\/48585","targetHints":{"allow":["GET"]}}],"collection":[{"href":"https:\/\/www.alqueria.es\/blogs\/alqueriaamarillanaranja\/wp-json\/wp\/v2\/posts"}],"about":[{"href":"https:\/\/www.alqueria.es\/blogs\/alqueriaamarillanaranja\/wp-json\/wp\/v2\/types\/post"}],"author":[{"embeddable":true,"href":"https:\/\/www.alqueria.es\/blogs\/alqueriaamarillanaranja\/wp-json\/wp\/v2\/users\/23"}],"replies":[{"embeddable":true,"href":"https:\/\/www.alqueria.es\/blogs\/alqueriaamarillanaranja\/wp-json\/wp\/v2\/comments?post=48585"}],"version-history":[{"count":3,"href":"https:\/\/www.alqueria.es\/blogs\/alqueriaamarillanaranja\/wp-json\/wp\/v2\/posts\/48585\/revisions"}],"predecessor-version":[{"id":48654,"href":"https:\/\/www.alqueria.es\/blogs\/alqueriaamarillanaranja\/wp-json\/wp\/v2\/posts\/48585\/revisions\/48654"}],"wp:attachment":[{"href":"https:\/\/www.alqueria.es\/blogs\/alqueriaamarillanaranja\/wp-json\/wp\/v2\/media?parent=48585"}],"wp:term":[{"taxonomy":"category","embeddable":true,"href":"https:\/\/www.alqueria.es\/blogs\/alqueriaamarillanaranja\/wp-json\/wp\/v2\/categories?post=48585"},{"taxonomy":"post_tag","embeddable":true,"href":"https:\/\/www.alqueria.es\/blogs\/alqueriaamarillanaranja\/wp-json\/wp\/v2\/tags?post=48585"}],"curies":[{"name":"wp","href":"https:\/\/api.w.org\/{rel}","templated":true}]}}