{"id":48628,"date":"2021-03-26T14:43:21","date_gmt":"2021-03-26T13:43:21","guid":{"rendered":"https:\/\/www.alqueria.es\/blogs\/alqueriaamarillanaranja\/?p=48628"},"modified":"2021-03-26T14:43:21","modified_gmt":"2021-03-26T13:43:21","slug":"cerramos-trimestre-2","status":"publish","type":"post","link":"https:\/\/www.alqueria.es\/blogs\/alqueriaamarillanaranja\/2021\/03\/26\/cerramos-trimestre-2\/","title":{"rendered":"Cerramos trimestre"},"content":{"rendered":"<p><strong>Cerramos trimestre y lo hacemos con la satisfacci\u00f3n de haber vivido muchas experiencias y aprendizajes juntos. El vinculo creado dentro del grupo naranja cada d\u00eda es m\u00e1s fuerte. Gracias\u00a0 y enhorabuena por vuestra labor.<\/strong><\/p>\n<p><strong>La ma\u00f1ana comienza con una mini-fiesta de PIES DESCALZOS. Masajeamos nuestros pies, es necesario cuidarlos.\u00a0<\/strong><\/p>\n<p><img decoding=\"async\" data-attachment-id=\"48634\" data-permalink=\"https:\/\/www.alqueria.es\/blogs\/alqueriaamarillanaranja\/img-20210326-wa0016\/\" data-orig-file=\"https:\/\/cloud.alqueria.es\/wp-content\/uploads\/sites\/9\/2021\/03\/IMG-20210326-WA0016.jpg\" data-orig-size=\"1024,769\" data-comments-opened=\"1\" data-image-meta=\"{&quot;aperture&quot;:&quot;0&quot;,&quot;credit&quot;:&quot;&quot;,&quot;camera&quot;:&quot;&quot;,&quot;caption&quot;:&quot;&quot;,&quot;created_timestamp&quot;:&quot;0&quot;,&quot;copyright&quot;:&quot;&quot;,&quot;focal_length&quot;:&quot;0&quot;,&quot;iso&quot;:&quot;0&quot;,&quot;shutter_speed&quot;:&quot;0&quot;,&quot;title&quot;:&quot;&quot;,&quot;orientation&quot;:&quot;0&quot;}\" data-image-title=\"IMG-20210326-WA0016\" data-image-description=\"\" data-image-caption=\"\" data-large-file=\"https:\/\/cloud.alqueria.es\/wp-content\/uploads\/sites\/9\/2021\/03\/IMG-20210326-WA0016.jpg\" class=\"size-medium wp-image-48634 aligncenter\" src=\"https:\/\/cloud.alqueria.es\/wp-content\/uploads\/sites\/9\/2021\/03\/IMG-20210326-WA0016-300x225.jpg\" alt=\"\" width=\"300\" height=\"225\" srcset=\"https:\/\/cloud.alqueria.es\/wp-content\/uploads\/sites\/9\/2021\/03\/IMG-20210326-WA0016-300x225.jpg 300w, https:\/\/cloud.alqueria.es\/wp-content\/uploads\/sites\/9\/2021\/03\/IMG-20210326-WA0016-768x577.jpg 768w, https:\/\/cloud.alqueria.es\/wp-content\/uploads\/sites\/9\/2021\/03\/IMG-20210326-WA0016.jpg 1024w\" sizes=\"(max-width: 300px) 100vw, 300px\" \/><\/p>\n<p><strong>El d\u00eda continua\u00a0 con una actividad cultural \/ art\u00edstica que viene a\u00a0 enriquecer\u00a0 las propuestas que a lo largo de los \u00faltimos meses se ha ofrecido a nuestros ni\u00f1os y ni\u00f1as. Asistimos junto al resto de la etapa a un\u00a0 mini-concierto de viol\u00edn de dos grandes m\u00fasicos de la OCG, Alexis Aguado y Annika Berscheid, ambos componentes del \u00abD\u00fao Caf\u00e9 Tertulia\u00bb.<\/strong><\/p>\n<p class=\"jetpack-slideshow-noscript robots-nocontent\">El pase de diapositivas requiere JavaScript.<\/p><div id=\"gallery-48628-1-slideshow\" class=\"jetpack-slideshow-window jetpack-slideshow jetpack-slideshow-black\" data-trans=\"fade\" data-autostart=\"1\" data-gallery=\"[{&quot;src&quot;:&quot;https:\\\/\\\/cloud.alqueria.es\\\/wp-content\\\/uploads\\\/sites\\\/9\\\/2021\\\/03\\\/IMG-20210326-WA0022.jpg&quot;,&quot;id&quot;:&quot;48630&quot;,&quot;title&quot;:&quot;IMG-20210326-WA0022&quot;,&quot;alt&quot;:&quot;&quot;,&quot;caption&quot;:&quot;Todo preparado\\u0026#8230;&quot;,&quot;itemprop&quot;:&quot;image&quot;},{&quot;src&quot;:&quot;https:\\\/\\\/cloud.alqueria.es\\\/wp-content\\\/uploads\\\/sites\\\/9\\\/2021\\\/03\\\/IMG-20210326-WA0018.jpg&quot;,&quot;id&quot;:&quot;48627&quot;,&quot;title&quot;:&quot;IMG-20210326-WA0018&quot;,&quot;alt&quot;:&quot;&quot;,&quot;caption&quot;:&quot;Etapa infantil&quot;,&quot;itemprop&quot;:&quot;image&quot;},{&quot;src&quot;:&quot;https:\\\/\\\/cloud.alqueria.es\\\/wp-content\\\/uploads\\\/sites\\\/9\\\/2021\\\/03\\\/IMG-20210326-WA0020.jpg&quot;,&quot;id&quot;:&quot;48629&quot;,&quot;title&quot;:&quot;IMG-20210326-WA0020&quot;,&quot;alt&quot;:&quot;&quot;,&quot;caption&quot;:&quot;Disfrutamos del concierto&quot;,&quot;itemprop&quot;:&quot;image&quot;},{&quot;src&quot;:&quot;https:\\\/\\\/cloud.alqueria.es\\\/wp-content\\\/uploads\\\/sites\\\/9\\\/2021\\\/03\\\/IMG-20210326-WA0013.jpg&quot;,&quot;id&quot;:&quot;48631&quot;,&quot;title&quot;:&quot;IMG-20210326-WA0013&quot;,&quot;alt&quot;:&quot;&quot;,&quot;caption&quot;:&quot;&quot;,&quot;itemprop&quot;:&quot;image&quot;},{&quot;src&quot;:&quot;https:\\\/\\\/cloud.alqueria.es\\\/wp-content\\\/uploads\\\/sites\\\/9\\\/2021\\\/03\\\/IMG-20210326-WA0025.jpg&quot;,&quot;id&quot;:&quot;48632&quot;,&quot;title&quot;:&quot;IMG-20210326-WA0025&quot;,&quot;alt&quot;:&quot;&quot;,&quot;caption&quot;:&quot;&quot;,&quot;itemprop&quot;:&quot;image&quot;},{&quot;src&quot;:&quot;https:\\\/\\\/cloud.alqueria.es\\\/wp-content\\\/uploads\\\/sites\\\/9\\\/2021\\\/03\\\/IMG-20210326-WA0028.jpg&quot;,&quot;id&quot;:&quot;48637&quot;,&quot;title&quot;:&quot;IMG-20210326-WA0028&quot;,&quot;alt&quot;:&quot;&quot;,&quot;caption&quot;:&quot;Formulamos preguntas&quot;,&quot;itemprop&quot;:&quot;image&quot;}]\" itemscope itemtype=\"https:\/\/schema.org\/ImageGallery\"><\/div>\n<p style=\"text-align: center\"><strong>Familia espero que disfrut\u00e9is de unos d\u00edas en familia. Ha sido un placer acompa\u00f1ar a vuestros hijos a lo largo del\u00a0 segundo trimestre.\u00a0<\/strong><\/p>\n<p><strong>Un fuerte beso,<\/strong><\/p>\n<p><strong>Silvia.<\/strong><\/p>\n<p>&nbsp;<\/p>\n","protected":false},"excerpt":{"rendered":"<p>Cerramos trimestre y lo hacemos con la satisfacci\u00f3n de haber vivido muchas experiencias y aprendizajes juntos. El vinculo creado dentro del grupo naranja cada d\u00eda es m\u00e1s fuerte. Gracias\u00a0 y enhorabuena por vuestra labor. La ma\u00f1ana comienza con una mini-fiesta de PIES DESCALZOS. Masajeamos nuestros pies, es necesario cuidarlos.\u00a0 El d\u00eda continua\u00a0 con una actividad &hellip; <a href=\"https:\/\/www.alqueria.es\/blogs\/alqueriaamarillanaranja\/2021\/03\/26\/cerramos-trimestre-2\/\" class=\"more-link\">Seguir leyendo <span class=\"screen-reader-text\">Cerramos trimestre<\/span> <span class=\"meta-nav\">&rarr;<\/span><\/a><\/p>\n","protected":false},"author":23,"featured_media":0,"comment_status":"open","ping_status":"open","sticky":false,"template":"","format":"standard","meta":{"jetpack_post_was_ever_published":false,"_jetpack_newsletter_access":"","_jetpack_dont_email_post_to_subs":false,"_jetpack_newsletter_tier_id":0,"_jetpack_memberships_contains_paywalled_content":false,"_jetpack_memberships_contains_paid_content":false,"footnotes":"","jetpack_publicize_message":"","jetpack_publicize_feature_enabled":true,"jetpack_social_post_already_shared":true,"jetpack_social_options":{"image_generator_settings":{"template":"highway","default_image_id":0,"font":"","enabled":false},"version":2}},"categories":[7,13],"tags":[672],"class_list":["post-48628","post","type-post","status-publish","format-standard","hentry","category-clase-naranja","category-fiestas-y-dias-de-significacion-especial","tag-concierto-violin"],"jetpack_publicize_connections":[],"jetpack_featured_media_url":"","jetpack_sharing_enabled":true,"jetpack_shortlink":"https:\/\/wp.me\/p4lG08-cEk","jetpack-related-posts":[],"_links":{"self":[{"href":"https:\/\/www.alqueria.es\/blogs\/alqueriaamarillanaranja\/wp-json\/wp\/v2\/posts\/48628","targetHints":{"allow":["GET"]}}],"collection":[{"href":"https:\/\/www.alqueria.es\/blogs\/alqueriaamarillanaranja\/wp-json\/wp\/v2\/posts"}],"about":[{"href":"https:\/\/www.alqueria.es\/blogs\/alqueriaamarillanaranja\/wp-json\/wp\/v2\/types\/post"}],"author":[{"embeddable":true,"href":"https:\/\/www.alqueria.es\/blogs\/alqueriaamarillanaranja\/wp-json\/wp\/v2\/users\/23"}],"replies":[{"embeddable":true,"href":"https:\/\/www.alqueria.es\/blogs\/alqueriaamarillanaranja\/wp-json\/wp\/v2\/comments?post=48628"}],"version-history":[{"count":5,"href":"https:\/\/www.alqueria.es\/blogs\/alqueriaamarillanaranja\/wp-json\/wp\/v2\/posts\/48628\/revisions"}],"predecessor-version":[{"id":48642,"href":"https:\/\/www.alqueria.es\/blogs\/alqueriaamarillanaranja\/wp-json\/wp\/v2\/posts\/48628\/revisions\/48642"}],"wp:attachment":[{"href":"https:\/\/www.alqueria.es\/blogs\/alqueriaamarillanaranja\/wp-json\/wp\/v2\/media?parent=48628"}],"wp:term":[{"taxonomy":"category","embeddable":true,"href":"https:\/\/www.alqueria.es\/blogs\/alqueriaamarillanaranja\/wp-json\/wp\/v2\/categories?post=48628"},{"taxonomy":"post_tag","embeddable":true,"href":"https:\/\/www.alqueria.es\/blogs\/alqueriaamarillanaranja\/wp-json\/wp\/v2\/tags?post=48628"}],"curies":[{"name":"wp","href":"https:\/\/api.w.org\/{rel}","templated":true}]}}