{"id":49082,"date":"2021-04-19T20:55:08","date_gmt":"2021-04-19T18:55:08","guid":{"rendered":"https:\/\/www.alqueria.es\/blogs\/alqueriaamarillanaranja\/?p=49082"},"modified":"2021-04-19T20:55:08","modified_gmt":"2021-04-19T18:55:08","slug":"semana-de-la-lectura-2021inauguracion","status":"publish","type":"post","link":"https:\/\/www.alqueria.es\/blogs\/alqueriaamarillanaranja\/2021\/04\/19\/semana-de-la-lectura-2021inauguracion\/","title":{"rendered":"SEMANA DE LA LECTURA 2021:INAUGURACI\u00d3N"},"content":{"rendered":"<p style=\"text-align: center\"><strong>Inauguramos la <span style=\"color: #ff00ff\">\u00abSemana de la lectura 2021\u00bb<\/span> en la etapa infantil.<\/strong><\/p>\n<p><img decoding=\"async\" src=\"https:\/\/th.bing.com\/th\/id\/Rbe1bb1aa04cb8142ce36bc7a60795f53?rik=UfP%2fTJEkXWqpNQ&amp;riu=http%3a%2f%2fwww.guiainfantil.com%2fuploads%2focio%2fCuentos%2fcuentos2015-p.jpg&amp;ehk=eZZ%2bu1DybFnPkoMqh98miXlco6WsBq%2b6QrKYHSRJuxg%3d&amp;risl=&amp;pid=ImgRaw\" alt=\"Ver las im\u00e1genes de origen\" \/><\/p>\n<p><strong>Los <span style=\"color: #ff00ff\">cuentos<\/span> son una parte muy importante del crecimiento de los ni\u00f1os, les permiten empatizar con el mundo, desarrollar su imaginaci\u00f3n y resolver conflictos. Cualquier momento es bueno para que les contemos un cuento, es una forma ideal de aprender. En la etapa de infantil los cuentos son un instrumento emocional y m\u00e1gico.<\/strong><\/p>\n<p><strong>A lo largo de la semana disfrutaremos de distintas actividades: teatro de sombras, cuento-motor, cuentos biling\u00fces, musical, escenificaci\u00f3n y por supuesto, las maravillosas narraciones de los abuelos y familias.<\/strong><\/p>\n<p><strong>La compa\u00f1\u00eda de teatro infantil \u00abEl Se\u00f1or Sapo\u00bb, dirigida por Zeleste y C\u00e9sar inauguran la semana de la lectura con la representaci\u00f3n teatral <span style=\"color: #ff00ff\">VAIV\u00c9N.<\/span><\/strong><\/p>\n<p><img decoding=\"async\" data-attachment-id=\"49106\" data-permalink=\"https:\/\/www.alqueria.es\/blogs\/alqueriaamarillanaranja\/2021\/04\/19\/semana-de-la-lectura-2021inauguracion\/img_20210419_143044\/\" data-orig-file=\"https:\/\/cloud.alqueria.es\/wp-content\/uploads\/sites\/9\/2021\/04\/IMG_20210419_143044.jpg\" data-orig-size=\"1024,832\" data-comments-opened=\"1\" data-image-meta=\"{&quot;aperture&quot;:&quot;0&quot;,&quot;credit&quot;:&quot;&quot;,&quot;camera&quot;:&quot;&quot;,&quot;caption&quot;:&quot;&quot;,&quot;created_timestamp&quot;:&quot;0&quot;,&quot;copyright&quot;:&quot;&quot;,&quot;focal_length&quot;:&quot;0&quot;,&quot;iso&quot;:&quot;0&quot;,&quot;shutter_speed&quot;:&quot;0&quot;,&quot;title&quot;:&quot;&quot;,&quot;orientation&quot;:&quot;0&quot;}\" data-image-title=\"IMG_20210419_143044\" data-image-description=\"\" data-image-caption=\"\" data-large-file=\"https:\/\/cloud.alqueria.es\/wp-content\/uploads\/sites\/9\/2021\/04\/IMG_20210419_143044.jpg\" class=\"size-medium wp-image-49106 aligncenter\" src=\"https:\/\/cloud.alqueria.es\/wp-content\/uploads\/sites\/9\/2021\/04\/IMG_20210419_143044-300x244.jpg\" alt=\"\" width=\"300\" height=\"244\" srcset=\"https:\/\/cloud.alqueria.es\/wp-content\/uploads\/sites\/9\/2021\/04\/IMG_20210419_143044-300x244.jpg 300w, https:\/\/cloud.alqueria.es\/wp-content\/uploads\/sites\/9\/2021\/04\/IMG_20210419_143044-768x624.jpg 768w, https:\/\/cloud.alqueria.es\/wp-content\/uploads\/sites\/9\/2021\/04\/IMG_20210419_143044.jpg 1024w\" sizes=\"(max-width: 300px) 100vw, 300px\" \/><\/p>\n<p><strong>Peque\u00f1os y mayores hemos disfrutado de una obra de teatro sensorial y llena\u00a0 de emociones, en la que todos y todas hemos viajado a trav\u00e9s del mar, del cielo y la tierra.<\/strong><\/p>\n<p class=\"jetpack-slideshow-noscript robots-nocontent\">El pase de diapositivas requiere JavaScript.<\/p><div id=\"gallery-49082-1-slideshow\" class=\"jetpack-slideshow-window jetpack-slideshow jetpack-slideshow-black\" data-trans=\"fade\" data-autostart=\"1\" data-gallery=\"[{&quot;src&quot;:&quot;https:\\\/\\\/cloud.alqueria.es\\\/wp-content\\\/uploads\\\/sites\\\/9\\\/2021\\\/04\\\/IMG-20210419-WA0011.jpg&quot;,&quot;id&quot;:&quot;49094&quot;,&quot;title&quot;:&quot;IMG-20210419-WA0011&quot;,&quot;alt&quot;:&quot;&quot;,&quot;caption&quot;:&quot;Loli inaugura la semana tan especial que viviremos estos d\\u00edas.&quot;,&quot;itemprop&quot;:&quot;image&quot;},{&quot;src&quot;:&quot;https:\\\/\\\/cloud.alqueria.es\\\/wp-content\\\/uploads\\\/sites\\\/9\\\/2021\\\/04\\\/IMG-20210419-WA0014.jpg&quot;,&quot;id&quot;:&quot;49091&quot;,&quot;title&quot;:&quot;IMG-20210419-WA0014&quot;,&quot;alt&quot;:&quot;&quot;,&quot;caption&quot;:&quot;&quot;,&quot;itemprop&quot;:&quot;image&quot;},{&quot;src&quot;:&quot;https:\\\/\\\/cloud.alqueria.es\\\/wp-content\\\/uploads\\\/sites\\\/9\\\/2021\\\/04\\\/IMG-20210419-WA0038.jpg&quot;,&quot;id&quot;:&quot;49101&quot;,&quot;title&quot;:&quot;IMG-20210419-WA0038&quot;,&quot;alt&quot;:&quot;&quot;,&quot;caption&quot;:&quot;&quot;,&quot;itemprop&quot;:&quot;image&quot;},{&quot;src&quot;:&quot;https:\\\/\\\/cloud.alqueria.es\\\/wp-content\\\/uploads\\\/sites\\\/9\\\/2021\\\/04\\\/IMG-20210419-WA0047.jpg&quot;,&quot;id&quot;:&quot;49105&quot;,&quot;title&quot;:&quot;IMG-20210419-WA0047&quot;,&quot;alt&quot;:&quot;&quot;,&quot;caption&quot;:&quot;&quot;,&quot;itemprop&quot;:&quot;image&quot;},{&quot;src&quot;:&quot;https:\\\/\\\/cloud.alqueria.es\\\/wp-content\\\/uploads\\\/sites\\\/9\\\/2021\\\/04\\\/IMG-20210419-WA0040.jpg&quot;,&quot;id&quot;:&quot;49097&quot;,&quot;title&quot;:&quot;IMG-20210419-WA0040&quot;,&quot;alt&quot;:&quot;&quot;,&quot;caption&quot;:&quot;&quot;,&quot;itemprop&quot;:&quot;image&quot;},{&quot;src&quot;:&quot;https:\\\/\\\/cloud.alqueria.es\\\/wp-content\\\/uploads\\\/sites\\\/9\\\/2021\\\/04\\\/IMG-20210419-WA0050.jpg&quot;,&quot;id&quot;:&quot;49096&quot;,&quot;title&quot;:&quot;IMG-20210419-WA0050&quot;,&quot;alt&quot;:&quot;&quot;,&quot;caption&quot;:&quot;&quot;,&quot;itemprop&quot;:&quot;image&quot;},{&quot;src&quot;:&quot;https:\\\/\\\/cloud.alqueria.es\\\/wp-content\\\/uploads\\\/sites\\\/9\\\/2021\\\/04\\\/IMG-20210419-WA0004.jpg&quot;,&quot;id&quot;:&quot;49086&quot;,&quot;title&quot;:&quot;IMG-20210419-WA0004&quot;,&quot;alt&quot;:&quot;&quot;,&quot;caption&quot;:&quot;&quot;,&quot;itemprop&quot;:&quot;image&quot;},{&quot;src&quot;:&quot;https:\\\/\\\/cloud.alqueria.es\\\/wp-content\\\/uploads\\\/sites\\\/9\\\/2021\\\/04\\\/IMG-20210419-WA0044.jpg&quot;,&quot;id&quot;:&quot;49087&quot;,&quot;title&quot;:&quot;IMG-20210419-WA0044&quot;,&quot;alt&quot;:&quot;&quot;,&quot;caption&quot;:&quot;&quot;,&quot;itemprop&quot;:&quot;image&quot;},{&quot;src&quot;:&quot;https:\\\/\\\/cloud.alqueria.es\\\/wp-content\\\/uploads\\\/sites\\\/9\\\/2021\\\/04\\\/IMG-20210419-WA0008.jpg&quot;,&quot;id&quot;:&quot;49083&quot;,&quot;title&quot;:&quot;IMG-20210419-WA0008&quot;,&quot;alt&quot;:&quot;&quot;,&quot;caption&quot;:&quot;&quot;,&quot;itemprop&quot;:&quot;image&quot;},{&quot;src&quot;:&quot;https:\\\/\\\/cloud.alqueria.es\\\/wp-content\\\/uploads\\\/sites\\\/9\\\/2021\\\/04\\\/IMG-20210419-WA0002.jpg&quot;,&quot;id&quot;:&quot;49090&quot;,&quot;title&quot;:&quot;IMG-20210419-WA0002&quot;,&quot;alt&quot;:&quot;&quot;,&quot;caption&quot;:&quot;&quot;,&quot;itemprop&quot;:&quot;image&quot;},{&quot;src&quot;:&quot;https:\\\/\\\/cloud.alqueria.es\\\/wp-content\\\/uploads\\\/sites\\\/9\\\/2021\\\/04\\\/IMG-20210419-WA0049.jpg&quot;,&quot;id&quot;:&quot;49102&quot;,&quot;title&quot;:&quot;IMG-20210419-WA0049&quot;,&quot;alt&quot;:&quot;&quot;,&quot;caption&quot;:&quot;&quot;,&quot;itemprop&quot;:&quot;image&quot;},{&quot;src&quot;:&quot;https:\\\/\\\/cloud.alqueria.es\\\/wp-content\\\/uploads\\\/sites\\\/9\\\/2021\\\/04\\\/IMG-20210419-WA0052.jpg&quot;,&quot;id&quot;:&quot;49089&quot;,&quot;title&quot;:&quot;IMG-20210419-WA0052&quot;,&quot;alt&quot;:&quot;&quot;,&quot;caption&quot;:&quot;&quot;,&quot;itemprop&quot;:&quot;image&quot;},{&quot;src&quot;:&quot;https:\\\/\\\/cloud.alqueria.es\\\/wp-content\\\/uploads\\\/sites\\\/9\\\/2021\\\/04\\\/IMG-20210419-WA0046.jpg&quot;,&quot;id&quot;:&quot;49103&quot;,&quot;title&quot;:&quot;IMG-20210419-WA0046&quot;,&quot;alt&quot;:&quot;&quot;,&quot;caption&quot;:&quot;\\u00a1Un gran aplauso!&quot;,&quot;itemprop&quot;:&quot;image&quot;}]\" itemscope itemtype=\"https:\/\/schema.org\/ImageGallery\"><\/div>\n<p><strong>Ha sido un viaje muy especial, nuestros peque\u00f1os han tenido la oportunidad de desarrollar su imaginaci\u00f3n y curiosidad, fomentando la escucha, y los sentidos. El sonido de las olas del mar, de las ranas croar, de los p\u00e1jaros cantar\u00a0 han llenado el jard\u00edn de caras de\u00a0 sorpresa y entusiasmo.<\/strong><\/p>\n<p><strong>El espect\u00e1culo ha sido adaptado para poder ser realizado al aire libre. Agradecemos enormemente a C\u00e9sar y Zeleste el esfuerzo realizado.\u00a0<\/strong><\/p>\n<p><strong>Volvemos a clase y elaboramos un\u00a0 divertido <span style=\"color: #ff00ff\">MARCA-P\u00c1GINAS :<\/span><\/strong><\/p>\n<div class=\"tiled-gallery type-rectangular tiled-gallery-unresized\" data-original-width=\"474\" data-carousel-extra='{&quot;blog_id&quot;:9,&quot;permalink&quot;:&quot;https:\\\/\\\/www.alqueria.es\\\/blogs\\\/alqueriaamarillanaranja\\\/2021\\\/04\\\/19\\\/semana-de-la-lectura-2021inauguracion\\\/&quot;,&quot;likes_blog_id&quot;:64271688}' itemscope itemtype=\"http:\/\/schema.org\/ImageGallery\" > <div class=\"gallery-row\" style=\"width: 474px; height: 230px;\" data-original-width=\"474\" data-original-height=\"230\" > <div class=\"gallery-group images-2\" style=\"width: 169px; height: 230px;\" data-original-width=\"169\" data-original-height=\"230\" > <div class=\"tiled-gallery-item tiled-gallery-item-small\" itemprop=\"associatedMedia\" itemscope itemtype=\"http:\/\/schema.org\/ImageObject\"> <a href=\"https:\/\/www.alqueria.es\/blogs\/alqueriaamarillanaranja\/2021\/04\/19\/semana-de-la-lectura-2021inauguracion\/img-20210419-wa0037\/\" border=\"0\" itemprop=\"url\"> <meta itemprop=\"width\" content=\"165\"> <meta itemprop=\"height\" content=\"124\"> <img decoding=\"async\" class=\"\" data-attachment-id=\"49099\" data-orig-file=\"https:\/\/cloud.alqueria.es\/wp-content\/uploads\/sites\/9\/2021\/04\/IMG-20210419-WA0037.jpg\" data-orig-size=\"1024,769\" data-comments-opened=\"1\" data-image-meta=\"{&quot;aperture&quot;:&quot;0&quot;,&quot;credit&quot;:&quot;&quot;,&quot;camera&quot;:&quot;&quot;,&quot;caption&quot;:&quot;&quot;,&quot;created_timestamp&quot;:&quot;0&quot;,&quot;copyright&quot;:&quot;&quot;,&quot;focal_length&quot;:&quot;0&quot;,&quot;iso&quot;:&quot;0&quot;,&quot;shutter_speed&quot;:&quot;0&quot;,&quot;title&quot;:&quot;&quot;,&quot;orientation&quot;:&quot;0&quot;}\" data-image-title=\"IMG-20210419-WA0037\" data-image-description=\"\" data-medium-file=\"https:\/\/cloud.alqueria.es\/wp-content\/uploads\/sites\/9\/2021\/04\/IMG-20210419-WA0037-300x225.jpg\" data-large-file=\"https:\/\/cloud.alqueria.es\/wp-content\/uploads\/sites\/9\/2021\/04\/IMG-20210419-WA0037.jpg\" src=\"https:\/\/i0.wp.com\/cloud.alqueria.es\/wp-content\/uploads\/sites\/9\/2021\/04\/IMG-20210419-WA0037.jpg?w=165&#038;h=124&#038;ssl=1\" srcset=\"https:\/\/cloud.alqueria.es\/wp-content\/uploads\/sites\/9\/2021\/04\/IMG-20210419-WA0037.jpg 1024w, https:\/\/cloud.alqueria.es\/wp-content\/uploads\/sites\/9\/2021\/04\/IMG-20210419-WA0037-300x225.jpg 300w, https:\/\/cloud.alqueria.es\/wp-content\/uploads\/sites\/9\/2021\/04\/IMG-20210419-WA0037-768x577.jpg 768w\" width=\"165\" height=\"124\" loading=\"lazy\" data-original-width=\"165\" data-original-height=\"124\" itemprop=\"http:\/\/schema.org\/image\" title=\"IMG-20210419-WA0037\" alt=\"IMG-20210419-WA0037\" style=\"width: 165px; height: 124px;\" \/> <\/a> <\/div> <div class=\"tiled-gallery-item tiled-gallery-item-small\" itemprop=\"associatedMedia\" itemscope itemtype=\"http:\/\/schema.org\/ImageObject\"> <a href=\"https:\/\/www.alqueria.es\/blogs\/alqueriaamarillanaranja\/2021\/04\/19\/semana-de-la-lectura-2021inauguracion\/img-20210419-wa0036\/\" border=\"0\" itemprop=\"url\"> <meta itemprop=\"width\" content=\"165\"> <meta itemprop=\"height\" content=\"98\"> <img decoding=\"async\" class=\"\" data-attachment-id=\"49104\" data-orig-file=\"https:\/\/cloud.alqueria.es\/wp-content\/uploads\/sites\/9\/2021\/04\/IMG-20210419-WA0036.jpg\" data-orig-size=\"1024,604\" data-comments-opened=\"1\" data-image-meta=\"{&quot;aperture&quot;:&quot;0&quot;,&quot;credit&quot;:&quot;&quot;,&quot;camera&quot;:&quot;&quot;,&quot;caption&quot;:&quot;&quot;,&quot;created_timestamp&quot;:&quot;0&quot;,&quot;copyright&quot;:&quot;&quot;,&quot;focal_length&quot;:&quot;0&quot;,&quot;iso&quot;:&quot;0&quot;,&quot;shutter_speed&quot;:&quot;0&quot;,&quot;title&quot;:&quot;&quot;,&quot;orientation&quot;:&quot;0&quot;}\" data-image-title=\"IMG-20210419-WA0036\" data-image-description=\"\" data-medium-file=\"https:\/\/cloud.alqueria.es\/wp-content\/uploads\/sites\/9\/2021\/04\/IMG-20210419-WA0036-300x177.jpg\" data-large-file=\"https:\/\/cloud.alqueria.es\/wp-content\/uploads\/sites\/9\/2021\/04\/IMG-20210419-WA0036.jpg\" src=\"https:\/\/i0.wp.com\/cloud.alqueria.es\/wp-content\/uploads\/sites\/9\/2021\/04\/IMG-20210419-WA0036.jpg?w=165&#038;h=98&#038;ssl=1\" srcset=\"https:\/\/cloud.alqueria.es\/wp-content\/uploads\/sites\/9\/2021\/04\/IMG-20210419-WA0036.jpg 1024w, https:\/\/cloud.alqueria.es\/wp-content\/uploads\/sites\/9\/2021\/04\/IMG-20210419-WA0036-300x177.jpg 300w, https:\/\/cloud.alqueria.es\/wp-content\/uploads\/sites\/9\/2021\/04\/IMG-20210419-WA0036-768x453.jpg 768w\" width=\"165\" height=\"98\" loading=\"lazy\" data-original-width=\"165\" data-original-height=\"98\" itemprop=\"http:\/\/schema.org\/image\" title=\"IMG-20210419-WA0036\" alt=\"IMG-20210419-WA0036\" style=\"width: 165px; height: 98px;\" \/> <\/a> <\/div> <\/div> <!-- close group --> <div class=\"gallery-group images-1\" style=\"width: 305px; height: 230px;\" data-original-width=\"305\" data-original-height=\"230\" > <div class=\"tiled-gallery-item tiled-gallery-item-large\" itemprop=\"associatedMedia\" itemscope itemtype=\"http:\/\/schema.org\/ImageObject\"> <a href=\"https:\/\/www.alqueria.es\/blogs\/alqueriaamarillanaranja\/2021\/04\/19\/semana-de-la-lectura-2021inauguracion\/img-20210419-wa0051\/\" border=\"0\" itemprop=\"url\"> <meta itemprop=\"width\" content=\"301\"> <meta itemprop=\"height\" content=\"226\"> <img decoding=\"async\" class=\"\" data-attachment-id=\"49098\" data-orig-file=\"https:\/\/cloud.alqueria.es\/wp-content\/uploads\/sites\/9\/2021\/04\/IMG-20210419-WA0051.jpg\" data-orig-size=\"1024,769\" data-comments-opened=\"1\" data-image-meta=\"{&quot;aperture&quot;:&quot;0&quot;,&quot;credit&quot;:&quot;&quot;,&quot;camera&quot;:&quot;&quot;,&quot;caption&quot;:&quot;&quot;,&quot;created_timestamp&quot;:&quot;0&quot;,&quot;copyright&quot;:&quot;&quot;,&quot;focal_length&quot;:&quot;0&quot;,&quot;iso&quot;:&quot;0&quot;,&quot;shutter_speed&quot;:&quot;0&quot;,&quot;title&quot;:&quot;&quot;,&quot;orientation&quot;:&quot;0&quot;}\" data-image-title=\"IMG-20210419-WA0051\" data-image-description=\"\" data-medium-file=\"https:\/\/cloud.alqueria.es\/wp-content\/uploads\/sites\/9\/2021\/04\/IMG-20210419-WA0051-300x225.jpg\" data-large-file=\"https:\/\/cloud.alqueria.es\/wp-content\/uploads\/sites\/9\/2021\/04\/IMG-20210419-WA0051.jpg\" src=\"https:\/\/i0.wp.com\/cloud.alqueria.es\/wp-content\/uploads\/sites\/9\/2021\/04\/IMG-20210419-WA0051.jpg?w=301&#038;h=226&#038;ssl=1\" srcset=\"https:\/\/cloud.alqueria.es\/wp-content\/uploads\/sites\/9\/2021\/04\/IMG-20210419-WA0051.jpg 1024w, https:\/\/cloud.alqueria.es\/wp-content\/uploads\/sites\/9\/2021\/04\/IMG-20210419-WA0051-300x225.jpg 300w, https:\/\/cloud.alqueria.es\/wp-content\/uploads\/sites\/9\/2021\/04\/IMG-20210419-WA0051-768x577.jpg 768w\" width=\"301\" height=\"226\" loading=\"lazy\" data-original-width=\"301\" data-original-height=\"226\" itemprop=\"http:\/\/schema.org\/image\" title=\"IMG-20210419-WA0051\" alt=\"IMG-20210419-WA0051\" style=\"width: 301px; height: 226px;\" \/> <\/a> <\/div> <\/div> <!-- close group --> <\/div> <!-- close row --> <\/div>\n<p><strong>Reciclamos los \u00abpapelitos de colores con diferentes formas geom\u00e9tricas\u00bb que sobran en nuestros talleres creativos y sobre un trozo de cartulina negra vamos elaborando un divertido y terror\u00edfico monstruo de colores.<\/strong><\/p>\n<p><strong>Resultado: una actividad muy atractiva para el grupo naranja.<\/strong><\/p>\n<p><img decoding=\"async\" data-attachment-id=\"49107\" data-permalink=\"https:\/\/www.alqueria.es\/blogs\/alqueriaamarillanaranja\/2021\/04\/19\/semana-de-la-lectura-2021inauguracion\/img_20210419_161251\/\" data-orig-file=\"https:\/\/cloud.alqueria.es\/wp-content\/uploads\/sites\/9\/2021\/04\/IMG_20210419_161251.jpg\" data-orig-size=\"1024,834\" data-comments-opened=\"1\" data-image-meta=\"{&quot;aperture&quot;:&quot;1.89&quot;,&quot;credit&quot;:&quot;&quot;,&quot;camera&quot;:&quot;Redmi Note 8 Pro&quot;,&quot;caption&quot;:&quot;&quot;,&quot;created_timestamp&quot;:&quot;0&quot;,&quot;copyright&quot;:&quot;&quot;,&quot;focal_length&quot;:&quot;5.43&quot;,&quot;iso&quot;:&quot;394&quot;,&quot;shutter_speed&quot;:&quot;0.029997&quot;,&quot;title&quot;:&quot;&quot;,&quot;orientation&quot;:&quot;1&quot;}\" data-image-title=\"IMG_20210419_161251\" data-image-description=\"\" data-image-caption=\"\" data-large-file=\"https:\/\/cloud.alqueria.es\/wp-content\/uploads\/sites\/9\/2021\/04\/IMG_20210419_161251.jpg\" class=\"size-medium wp-image-49107 aligncenter\" src=\"https:\/\/cloud.alqueria.es\/wp-content\/uploads\/sites\/9\/2021\/04\/IMG_20210419_161251-300x244.jpg\" alt=\"\" width=\"300\" height=\"244\" srcset=\"https:\/\/cloud.alqueria.es\/wp-content\/uploads\/sites\/9\/2021\/04\/IMG_20210419_161251-300x244.jpg 300w, https:\/\/cloud.alqueria.es\/wp-content\/uploads\/sites\/9\/2021\/04\/IMG_20210419_161251-768x626.jpg 768w, https:\/\/cloud.alqueria.es\/wp-content\/uploads\/sites\/9\/2021\/04\/IMG_20210419_161251.jpg 1024w\" sizes=\"(max-width: 300px) 100vw, 300px\" \/><\/p>\n<p><strong>Esperamos vuestros libros a lo largo de la semana.<\/strong><\/p>\n<p style=\"text-align: right\"><span style=\"color: #ff00ff\"><strong> \u00abUN LIBRO UNA FLOR\u00bb. <\/strong><\/span><\/p>\n<p><img decoding=\"async\" class=\"alignright\" src=\"https:\/\/thumbs.dreamstime.com\/b\/libro-de-las-flores-19992536.jpg\" alt=\"Ver las im\u00e1genes de origen\" width=\"214\" height=\"235\" \/><\/p>\n<p>&nbsp;<\/p>\n<p>&nbsp;<\/p>\n<p><strong>Nos vemos ma\u00f1ana de nuevo.<\/strong><\/p>\n<p><strong>Silvia.<\/strong><\/p>\n","protected":false},"excerpt":{"rendered":"<p>Inauguramos la \u00abSemana de la lectura 2021\u00bb en la etapa infantil. Los cuentos son una parte muy importante del crecimiento de los ni\u00f1os, les permiten empatizar con el mundo, desarrollar su imaginaci\u00f3n y resolver conflictos. Cualquier momento es bueno para que les contemos un cuento, es una forma ideal de aprender. En la etapa de &hellip; <a href=\"https:\/\/www.alqueria.es\/blogs\/alqueriaamarillanaranja\/2021\/04\/19\/semana-de-la-lectura-2021inauguracion\/\" class=\"more-link\">Seguir leyendo <span class=\"screen-reader-text\">SEMANA DE LA LECTURA 2021:INAUGURACI\u00d3N<\/span> <span class=\"meta-nav\">&rarr;<\/span><\/a><\/p>\n","protected":false},"author":23,"featured_media":0,"comment_status":"open","ping_status":"open","sticky":false,"template":"","format":"standard","meta":{"jetpack_post_was_ever_published":false,"_jetpack_newsletter_access":"","_jetpack_dont_email_post_to_subs":false,"_jetpack_newsletter_tier_id":0,"_jetpack_memberships_contains_paywalled_content":false,"_jetpack_memberships_contains_paid_content":false,"footnotes":"","jetpack_publicize_message":"","jetpack_publicize_feature_enabled":true,"jetpack_social_post_already_shared":true,"jetpack_social_options":{"image_generator_settings":{"template":"highway","default_image_id":0,"font":"","enabled":false},"version":2}},"categories":[7,13],"tags":[680],"class_list":["post-49082","post","type-post","status-publish","format-standard","hentry","category-clase-naranja","category-fiestas-y-dias-de-significacion-especial","tag-semana-lectura-infantil-2021"],"jetpack_publicize_connections":[],"jetpack_featured_media_url":"","jetpack_sharing_enabled":true,"jetpack_shortlink":"https:\/\/wp.me\/p4lG08-cLE","jetpack-related-posts":[],"_links":{"self":[{"href":"https:\/\/www.alqueria.es\/blogs\/alqueriaamarillanaranja\/wp-json\/wp\/v2\/posts\/49082","targetHints":{"allow":["GET"]}}],"collection":[{"href":"https:\/\/www.alqueria.es\/blogs\/alqueriaamarillanaranja\/wp-json\/wp\/v2\/posts"}],"about":[{"href":"https:\/\/www.alqueria.es\/blogs\/alqueriaamarillanaranja\/wp-json\/wp\/v2\/types\/post"}],"author":[{"embeddable":true,"href":"https:\/\/www.alqueria.es\/blogs\/alqueriaamarillanaranja\/wp-json\/wp\/v2\/users\/23"}],"replies":[{"embeddable":true,"href":"https:\/\/www.alqueria.es\/blogs\/alqueriaamarillanaranja\/wp-json\/wp\/v2\/comments?post=49082"}],"version-history":[{"count":4,"href":"https:\/\/www.alqueria.es\/blogs\/alqueriaamarillanaranja\/wp-json\/wp\/v2\/posts\/49082\/revisions"}],"predecessor-version":[{"id":49115,"href":"https:\/\/www.alqueria.es\/blogs\/alqueriaamarillanaranja\/wp-json\/wp\/v2\/posts\/49082\/revisions\/49115"}],"wp:attachment":[{"href":"https:\/\/www.alqueria.es\/blogs\/alqueriaamarillanaranja\/wp-json\/wp\/v2\/media?parent=49082"}],"wp:term":[{"taxonomy":"category","embeddable":true,"href":"https:\/\/www.alqueria.es\/blogs\/alqueriaamarillanaranja\/wp-json\/wp\/v2\/categories?post=49082"},{"taxonomy":"post_tag","embeddable":true,"href":"https:\/\/www.alqueria.es\/blogs\/alqueriaamarillanaranja\/wp-json\/wp\/v2\/tags?post=49082"}],"curies":[{"name":"wp","href":"https:\/\/api.w.org\/{rel}","templated":true}]}}