{"id":49110,"date":"2021-04-20T22:41:33","date_gmt":"2021-04-20T20:41:33","guid":{"rendered":"https:\/\/www.alqueria.es\/blogs\/alqueriaamarillanaranja\/?p=49110"},"modified":"2021-04-21T20:48:20","modified_gmt":"2021-04-21T18:48:20","slug":"semana-de-la-lectura-martes-2o-biblioteca-para-bebes","status":"publish","type":"post","link":"https:\/\/www.alqueria.es\/blogs\/alqueriaamarillanaranja\/2021\/04\/20\/semana-de-la-lectura-martes-2o-biblioteca-para-bebes\/","title":{"rendered":"SEMANA DE LA LECTURA.MARTES 2O. BIBLIOTECA PARA BEB\u00c9S."},"content":{"rendered":"\r\n<p>Continuamos con nuestras actividades especiales y siempre ligadas al libro, a la lectura, a los cuentos, narraciones&#8230;\u00a1 Nos lo estamos pasando genial!.<\/p>\r\n<p><img decoding=\"async\" data-attachment-id=\"49203\" data-permalink=\"https:\/\/www.alqueria.es\/blogs\/alqueriaamarillanaranja\/2021\/04\/21\/semana-de-la-lectura-miercoles-21\/img_6613\/\" data-orig-file=\"https:\/\/cloud.alqueria.es\/wp-content\/uploads\/sites\/9\/2021\/04\/IMG_6613.jpg\" data-orig-size=\"1024,768\" data-comments-opened=\"1\" data-image-meta=\"{&quot;aperture&quot;:&quot;2.8&quot;,&quot;credit&quot;:&quot;&quot;,&quot;camera&quot;:&quot;Canon PowerShot A2500&quot;,&quot;caption&quot;:&quot;&quot;,&quot;created_timestamp&quot;:&quot;1398042314&quot;,&quot;copyright&quot;:&quot;&quot;,&quot;focal_length&quot;:&quot;5&quot;,&quot;iso&quot;:&quot;125&quot;,&quot;shutter_speed&quot;:&quot;0.016666666666667&quot;,&quot;title&quot;:&quot;&quot;,&quot;orientation&quot;:&quot;1&quot;}\" data-image-title=\"IMG_6613\" data-image-description=\"\" data-image-caption=\"\" data-large-file=\"https:\/\/cloud.alqueria.es\/wp-content\/uploads\/sites\/9\/2021\/04\/IMG_6613.jpg\" class=\"alignleft wp-image-49203 size-medium\" src=\"https:\/\/cloud.alqueria.es\/wp-content\/uploads\/sites\/9\/2021\/04\/IMG_6613-300x225.jpg\" alt=\"\" width=\"300\" height=\"225\" srcset=\"https:\/\/cloud.alqueria.es\/wp-content\/uploads\/sites\/9\/2021\/04\/IMG_6613-300x225.jpg 300w, https:\/\/cloud.alqueria.es\/wp-content\/uploads\/sites\/9\/2021\/04\/IMG_6613-768x576.jpg 768w, https:\/\/cloud.alqueria.es\/wp-content\/uploads\/sites\/9\/2021\/04\/IMG_6613.jpg 1024w\" sizes=\"(max-width: 300px) 100vw, 300px\" \/>Tras nuestras rutinas ma\u00f1aneras de control de esf\u00ednteres, higiene, asamblea&#8230;nos enfrentamos con curiosidad y muy atentos a la primera actividad de la jornada. \u00a1<span style=\"color: #ff0000\"> LA\u00a0 PEQUE\u00d1A ORUGA GLOTONA<\/span>!&#8230;un cuento que todos conocemos en la clase pero que se engrandece y brilla de una forma especial en la gran pantalla de la clase. Isabel, nuestra compa\u00f1era de primaria, ha sido la encargada de crear un ambiente m\u00e1gico y relatar la bonita historia para los m\u00e1s peque\u00f1os.\u00a1 Gracias compa\u00f1era!.<\/p>\r\n<p>Nos salimos a la terraza unos minutos\u00a0 para dar tiempo y preparar en la clase de nuestros beb\u00e9s un fant\u00e1stico y especial espacio para la lectura\u00a0 \u00a1 Ha quedado precioso!&#8230;\u00a1 Nuestra biblioteca para beb\u00e9s!<\/p>\r\n<p class=\"jetpack-slideshow-noscript robots-nocontent\">El pase de diapositivas requiere JavaScript.<\/p><div id=\"gallery-49110-1-slideshow\" class=\"jetpack-slideshow-window jetpack-slideshow jetpack-slideshow-black\" data-trans=\"fade\" data-autostart=\"1\" data-gallery=\"[{&quot;src&quot;:&quot;https:\\\/\\\/cloud.alqueria.es\\\/wp-content\\\/uploads\\\/sites\\\/9\\\/2021\\\/04\\\/IMG_6592-300x225.jpg&quot;,&quot;id&quot;:&quot;49158&quot;,&quot;title&quot;:&quot;IMG_6592&quot;,&quot;alt&quot;:&quot;&quot;,&quot;caption&quot;:&quot;&quot;,&quot;itemprop&quot;:&quot;image&quot;},{&quot;src&quot;:&quot;https:\\\/\\\/cloud.alqueria.es\\\/wp-content\\\/uploads\\\/sites\\\/9\\\/2021\\\/04\\\/IMG_6591-300x225.jpg&quot;,&quot;id&quot;:&quot;49157&quot;,&quot;title&quot;:&quot;IMG_6591&quot;,&quot;alt&quot;:&quot;&quot;,&quot;caption&quot;:&quot;&quot;,&quot;itemprop&quot;:&quot;image&quot;},{&quot;src&quot;:&quot;https:\\\/\\\/cloud.alqueria.es\\\/wp-content\\\/uploads\\\/sites\\\/9\\\/2021\\\/04\\\/IMG_6590-300x225.jpg&quot;,&quot;id&quot;:&quot;49156&quot;,&quot;title&quot;:&quot;IMG_6590&quot;,&quot;alt&quot;:&quot;&quot;,&quot;caption&quot;:&quot;&quot;,&quot;itemprop&quot;:&quot;image&quot;},{&quot;src&quot;:&quot;https:\\\/\\\/cloud.alqueria.es\\\/wp-content\\\/uploads\\\/sites\\\/9\\\/2021\\\/04\\\/IMG_6588-300x225.jpg&quot;,&quot;id&quot;:&quot;49155&quot;,&quot;title&quot;:&quot;IMG_6588&quot;,&quot;alt&quot;:&quot;&quot;,&quot;caption&quot;:&quot;&quot;,&quot;itemprop&quot;:&quot;image&quot;}]\" itemscope itemtype=\"https:\/\/schema.org\/ImageGallery\"><\/div>\r\n<p>Nuestros ni\u00f1os y ni\u00f1as han podido disfrutar de los libros, cuenta-cuentos, juegos&#8230;y todo ello en compa\u00f1\u00eda de todos sus compa\u00f1eros.<\/p>\r\n<p class=\"jetpack-slideshow-noscript robots-nocontent\">El pase de diapositivas requiere JavaScript.<\/p><div id=\"gallery-49110-2-slideshow\" class=\"jetpack-slideshow-window jetpack-slideshow jetpack-slideshow-black\" data-trans=\"fade\" data-autostart=\"1\" data-gallery=\"[{&quot;src&quot;:&quot;https:\\\/\\\/cloud.alqueria.es\\\/wp-content\\\/uploads\\\/sites\\\/9\\\/2021\\\/04\\\/IMG_6608-300x225.jpg&quot;,&quot;id&quot;:&quot;49168&quot;,&quot;title&quot;:&quot;IMG_6608&quot;,&quot;alt&quot;:&quot;&quot;,&quot;caption&quot;:&quot;&quot;,&quot;itemprop&quot;:&quot;image&quot;},{&quot;src&quot;:&quot;https:\\\/\\\/cloud.alqueria.es\\\/wp-content\\\/uploads\\\/sites\\\/9\\\/2021\\\/04\\\/IMG_6606-300x225.jpg&quot;,&quot;id&quot;:&quot;49167&quot;,&quot;title&quot;:&quot;IMG_6606&quot;,&quot;alt&quot;:&quot;&quot;,&quot;caption&quot;:&quot;&quot;,&quot;itemprop&quot;:&quot;image&quot;},{&quot;src&quot;:&quot;https:\\\/\\\/cloud.alqueria.es\\\/wp-content\\\/uploads\\\/sites\\\/9\\\/2021\\\/04\\\/IMG_6605-300x225.jpg&quot;,&quot;id&quot;:&quot;49166&quot;,&quot;title&quot;:&quot;IMG_6605&quot;,&quot;alt&quot;:&quot;&quot;,&quot;caption&quot;:&quot;&quot;,&quot;itemprop&quot;:&quot;image&quot;},{&quot;src&quot;:&quot;https:\\\/\\\/cloud.alqueria.es\\\/wp-content\\\/uploads\\\/sites\\\/9\\\/2021\\\/04\\\/IMG_6603-300x225.jpg&quot;,&quot;id&quot;:&quot;49165&quot;,&quot;title&quot;:&quot;IMG_6603&quot;,&quot;alt&quot;:&quot;&quot;,&quot;caption&quot;:&quot;&quot;,&quot;itemprop&quot;:&quot;image&quot;},{&quot;src&quot;:&quot;https:\\\/\\\/cloud.alqueria.es\\\/wp-content\\\/uploads\\\/sites\\\/9\\\/2021\\\/04\\\/IMG_6602-300x225.jpg&quot;,&quot;id&quot;:&quot;49164&quot;,&quot;title&quot;:&quot;IMG_6602&quot;,&quot;alt&quot;:&quot;&quot;,&quot;caption&quot;:&quot;&quot;,&quot;itemprop&quot;:&quot;image&quot;},{&quot;src&quot;:&quot;https:\\\/\\\/cloud.alqueria.es\\\/wp-content\\\/uploads\\\/sites\\\/9\\\/2021\\\/04\\\/IMG_6600-300x225.jpg&quot;,&quot;id&quot;:&quot;49163&quot;,&quot;title&quot;:&quot;IMG_6600&quot;,&quot;alt&quot;:&quot;&quot;,&quot;caption&quot;:&quot;&quot;,&quot;itemprop&quot;:&quot;image&quot;},{&quot;src&quot;:&quot;https:\\\/\\\/cloud.alqueria.es\\\/wp-content\\\/uploads\\\/sites\\\/9\\\/2021\\\/04\\\/IMG_6599-300x225.jpg&quot;,&quot;id&quot;:&quot;49162&quot;,&quot;title&quot;:&quot;IMG_6599&quot;,&quot;alt&quot;:&quot;&quot;,&quot;caption&quot;:&quot;&quot;,&quot;itemprop&quot;:&quot;image&quot;},{&quot;src&quot;:&quot;https:\\\/\\\/cloud.alqueria.es\\\/wp-content\\\/uploads\\\/sites\\\/9\\\/2021\\\/04\\\/IMG_6598-300x225.jpg&quot;,&quot;id&quot;:&quot;49161&quot;,&quot;title&quot;:&quot;IMG_6598&quot;,&quot;alt&quot;:&quot;&quot;,&quot;caption&quot;:&quot;&quot;,&quot;itemprop&quot;:&quot;image&quot;},{&quot;src&quot;:&quot;https:\\\/\\\/cloud.alqueria.es\\\/wp-content\\\/uploads\\\/sites\\\/9\\\/2021\\\/04\\\/IMG_6597-300x225.jpg&quot;,&quot;id&quot;:&quot;49160&quot;,&quot;title&quot;:&quot;IMG_6597&quot;,&quot;alt&quot;:&quot;&quot;,&quot;caption&quot;:&quot;&quot;,&quot;itemprop&quot;:&quot;image&quot;},{&quot;src&quot;:&quot;https:\\\/\\\/cloud.alqueria.es\\\/wp-content\\\/uploads\\\/sites\\\/9\\\/2021\\\/04\\\/IMG_6595-300x225.jpg&quot;,&quot;id&quot;:&quot;49159&quot;,&quot;title&quot;:&quot;IMG_6595&quot;,&quot;alt&quot;:&quot;&quot;,&quot;caption&quot;:&quot;&quot;,&quot;itemprop&quot;:&quot;image&quot;}]\" itemscope itemtype=\"https:\/\/schema.org\/ImageGallery\"><\/div>\r\n<p>Color y fantas\u00eda que se unen a nuestros queridos cuentos de los que podemos disfrutar en un ambiente de lo m\u00e1s especial.<\/p>\r\n<p>\u00a1 Nos ha encantado la experiencia!.<\/p>\r\n<p>Se nos ha pasado la ma\u00f1ana casi sin darnos cuenta y aunque nos cuesta un poco dejar nuestra especial biblioteca de hoy, llega la hora de la comida y apetito si tenemos&#8230;\u00a1 A comer!.<\/p>\r\n<p>Por la tarde seguimos con nuestros cuentos mientras merendamos.<\/p>\r\n<p>Un estupendo martes.<\/p>\r\n<p>Un abrazo.<\/p>\r\n<p>Nuria Garc\u00eda Pall\u00e1s.<\/p>\r\n<p>&nbsp;<\/p>\r\n","protected":false},"excerpt":{"rendered":"<p>Continuamos con nuestras actividades especiales y siempre ligadas al libro, a la lectura, a los cuentos, narraciones&#8230;\u00a1 Nos lo estamos pasando genial!. Tras nuestras rutinas ma\u00f1aneras de control de esf\u00ednteres, higiene, asamblea&#8230;nos enfrentamos con curiosidad y muy atentos a la primera actividad de la jornada. \u00a1 LA\u00a0 PEQUE\u00d1A ORUGA GLOTONA!&#8230;un cuento que todos conocemos en &hellip; <a href=\"https:\/\/www.alqueria.es\/blogs\/alqueriaamarillanaranja\/2021\/04\/20\/semana-de-la-lectura-martes-2o-biblioteca-para-bebes\/\" class=\"more-link\">Seguir leyendo <span class=\"screen-reader-text\">SEMANA DE LA LECTURA.MARTES 2O. BIBLIOTECA PARA BEB\u00c9S.<\/span> <span class=\"meta-nav\">&rarr;<\/span><\/a><\/p>\n","protected":false},"author":23,"featured_media":0,"comment_status":"open","ping_status":"open","sticky":false,"template":"","format":"standard","meta":{"jetpack_post_was_ever_published":false,"_jetpack_newsletter_access":"","_jetpack_dont_email_post_to_subs":false,"_jetpack_newsletter_tier_id":0,"_jetpack_memberships_contains_paywalled_content":false,"_jetpack_memberships_contains_paid_content":false,"footnotes":"","jetpack_publicize_message":"","jetpack_publicize_feature_enabled":true,"jetpack_social_post_already_shared":true,"jetpack_social_options":{"image_generator_settings":{"template":"highway","default_image_id":0,"font":"","enabled":false},"version":2}},"categories":[6,682],"tags":[114],"class_list":["post-49110","post","type-post","status-publish","format-standard","hentry","category-clase-amarilla","category-semana-de-la-lectura","tag-semana-de-la-lectura"],"jetpack_publicize_connections":[],"jetpack_featured_media_url":"","jetpack_sharing_enabled":true,"jetpack_shortlink":"https:\/\/wp.me\/p4lG08-cM6","jetpack-related-posts":[],"_links":{"self":[{"href":"https:\/\/www.alqueria.es\/blogs\/alqueriaamarillanaranja\/wp-json\/wp\/v2\/posts\/49110","targetHints":{"allow":["GET"]}}],"collection":[{"href":"https:\/\/www.alqueria.es\/blogs\/alqueriaamarillanaranja\/wp-json\/wp\/v2\/posts"}],"about":[{"href":"https:\/\/www.alqueria.es\/blogs\/alqueriaamarillanaranja\/wp-json\/wp\/v2\/types\/post"}],"author":[{"embeddable":true,"href":"https:\/\/www.alqueria.es\/blogs\/alqueriaamarillanaranja\/wp-json\/wp\/v2\/users\/23"}],"replies":[{"embeddable":true,"href":"https:\/\/www.alqueria.es\/blogs\/alqueriaamarillanaranja\/wp-json\/wp\/v2\/comments?post=49110"}],"version-history":[{"count":5,"href":"https:\/\/www.alqueria.es\/blogs\/alqueriaamarillanaranja\/wp-json\/wp\/v2\/posts\/49110\/revisions"}],"predecessor-version":[{"id":49220,"href":"https:\/\/www.alqueria.es\/blogs\/alqueriaamarillanaranja\/wp-json\/wp\/v2\/posts\/49110\/revisions\/49220"}],"wp:attachment":[{"href":"https:\/\/www.alqueria.es\/blogs\/alqueriaamarillanaranja\/wp-json\/wp\/v2\/media?parent=49110"}],"wp:term":[{"taxonomy":"category","embeddable":true,"href":"https:\/\/www.alqueria.es\/blogs\/alqueriaamarillanaranja\/wp-json\/wp\/v2\/categories?post=49110"},{"taxonomy":"post_tag","embeddable":true,"href":"https:\/\/www.alqueria.es\/blogs\/alqueriaamarillanaranja\/wp-json\/wp\/v2\/tags?post=49110"}],"curies":[{"name":"wp","href":"https:\/\/api.w.org\/{rel}","templated":true}]}}