{"id":49154,"date":"2021-04-22T18:58:27","date_gmt":"2021-04-22T16:58:27","guid":{"rendered":"https:\/\/www.alqueria.es\/blogs\/alqueriaamarillanaranja\/?p=49154"},"modified":"2021-04-22T18:58:27","modified_gmt":"2021-04-22T16:58:27","slug":"semana-de-la-lectura-jueves-22-el-libro-viajero","status":"publish","type":"post","link":"https:\/\/www.alqueria.es\/blogs\/alqueriaamarillanaranja\/2021\/04\/22\/semana-de-la-lectura-jueves-22-el-libro-viajero\/","title":{"rendered":"SEMANA DE LA LECTURA. JUEVES 22.EL LIBRO VIAJERO"},"content":{"rendered":"\r\n<p>Seguimos muy contentos e inmersos en nuestras actividades especiales relacionadas con los libros y la lectura.<\/p>\r\n<p><img decoding=\"async\" data-attachment-id=\"49243\" data-permalink=\"https:\/\/www.alqueria.es\/blogs\/alqueriaamarillanaranja\/2021\/04\/22\/semana-de-la-lectura-jueves-22-el-libro-viajero\/img-20210422-wa0030\/\" data-orig-file=\"https:\/\/cloud.alqueria.es\/wp-content\/uploads\/sites\/9\/2021\/04\/IMG-20210422-WA0030.jpg\" data-orig-size=\"768,1024\" data-comments-opened=\"1\" data-image-meta=\"{&quot;aperture&quot;:&quot;0&quot;,&quot;credit&quot;:&quot;&quot;,&quot;camera&quot;:&quot;&quot;,&quot;caption&quot;:&quot;&quot;,&quot;created_timestamp&quot;:&quot;0&quot;,&quot;copyright&quot;:&quot;&quot;,&quot;focal_length&quot;:&quot;0&quot;,&quot;iso&quot;:&quot;0&quot;,&quot;shutter_speed&quot;:&quot;0&quot;,&quot;title&quot;:&quot;&quot;,&quot;orientation&quot;:&quot;0&quot;}\" data-image-title=\"IMG-20210422-WA0030\" data-image-description=\"\" data-image-caption=\"\" data-large-file=\"https:\/\/cloud.alqueria.es\/wp-content\/uploads\/sites\/9\/2021\/04\/IMG-20210422-WA0030.jpg\" class=\"alignleft wp-image-49243 size-thumbnail\" src=\"https:\/\/cloud.alqueria.es\/wp-content\/uploads\/sites\/9\/2021\/04\/IMG-20210422-WA0030-150x150.jpg\" alt=\"\" width=\"150\" height=\"150\" \/>Hoy ha llegado la hora de nuestro cuento biling\u00fce en ingl\u00e9s por parte de nuestra querida Lindley que con su cuento\u00a0 \u00a0 \u00a0\u00abWhere is green sheep ?\u00bbnos hace poner todos nuestros sentidos y entender una bonita historia de animales y color.<\/p>\r\n<p class=\"jetpack-slideshow-noscript robots-nocontent\">El pase de diapositivas requiere JavaScript.<\/p><div id=\"gallery-49154-1-slideshow\" class=\"jetpack-slideshow-window jetpack-slideshow jetpack-slideshow-black\" data-trans=\"fade\" data-autostart=\"1\" data-gallery=\"[{&quot;src&quot;:&quot;https:\\\/\\\/cloud.alqueria.es\\\/wp-content\\\/uploads\\\/sites\\\/9\\\/2021\\\/04\\\/IMG-20210422-WA0033-300x225.jpg&quot;,&quot;id&quot;:&quot;49250&quot;,&quot;title&quot;:&quot;IMG-20210422-WA0033&quot;,&quot;alt&quot;:&quot;&quot;,&quot;caption&quot;:&quot;&quot;,&quot;itemprop&quot;:&quot;image&quot;},{&quot;src&quot;:&quot;https:\\\/\\\/cloud.alqueria.es\\\/wp-content\\\/uploads\\\/sites\\\/9\\\/2021\\\/04\\\/IMG-20210422-WA0035-300x225.jpg&quot;,&quot;id&quot;:&quot;49249&quot;,&quot;title&quot;:&quot;IMG-20210422-WA0035&quot;,&quot;alt&quot;:&quot;&quot;,&quot;caption&quot;:&quot;&quot;,&quot;itemprop&quot;:&quot;image&quot;},{&quot;src&quot;:&quot;https:\\\/\\\/cloud.alqueria.es\\\/wp-content\\\/uploads\\\/sites\\\/9\\\/2021\\\/04\\\/IMG-20210422-WA0034-300x225.jpg&quot;,&quot;id&quot;:&quot;49248&quot;,&quot;title&quot;:&quot;IMG-20210422-WA0034&quot;,&quot;alt&quot;:&quot;&quot;,&quot;caption&quot;:&quot;&quot;,&quot;itemprop&quot;:&quot;image&quot;},{&quot;src&quot;:&quot;https:\\\/\\\/cloud.alqueria.es\\\/wp-content\\\/uploads\\\/sites\\\/9\\\/2021\\\/04\\\/IMG-20210422-WA0037-300x225.jpg&quot;,&quot;id&quot;:&quot;49247&quot;,&quot;title&quot;:&quot;IMG-20210422-WA0037&quot;,&quot;alt&quot;:&quot;&quot;,&quot;caption&quot;:&quot;&quot;,&quot;itemprop&quot;:&quot;image&quot;},{&quot;src&quot;:&quot;https:\\\/\\\/cloud.alqueria.es\\\/wp-content\\\/uploads\\\/sites\\\/9\\\/2021\\\/04\\\/IMG-20210422-WA0036-300x225.jpg&quot;,&quot;id&quot;:&quot;49246&quot;,&quot;title&quot;:&quot;IMG-20210422-WA0036&quot;,&quot;alt&quot;:&quot;&quot;,&quot;caption&quot;:&quot;&quot;,&quot;itemprop&quot;:&quot;image&quot;}]\" itemscope itemtype=\"https:\/\/schema.org\/ImageGallery\"><\/div>\r\n<p>Asamblea de la fruta y decidimos salir al parque antes de que aparezca la lluvia&#8230;\u00a1 Por poco!&#8230;Empieza a chispear cuando estamos de carreras en la pista de deportes&#8230;y a la carrera volvemos a la clase&#8230;\u00a1 Que llueveeee!<\/p>\r\n<div class=\"tiled-gallery type-circle tiled-gallery-unresized\" data-original-width=\"474\" data-carousel-extra='{&quot;blog_id&quot;:9,&quot;permalink&quot;:&quot;https:\\\/\\\/www.alqueria.es\\\/blogs\\\/alqueriaamarillanaranja\\\/2021\\\/04\\\/22\\\/semana-de-la-lectura-jueves-22-el-libro-viajero\\\/&quot;,&quot;likes_blog_id&quot;:64271688}' itemscope itemtype=\"http:\/\/schema.org\/ImageGallery\" > <div class=\"gallery-row\" style=\"width: 474px; height: 237px;\" data-original-width=\"474\" data-original-height=\"237\" > <div class=\"gallery-group\" style=\"width: 237px; height: 237px;\" data-original-width=\"237\" data-original-height=\"237\" > <div class=\"tiled-gallery-item \" itemprop=\"associatedMedia\" itemscope itemtype=\"http:\/\/schema.org\/ImageObject\"> <a href=\"https:\/\/www.alqueria.es\/blogs\/alqueriaamarillanaranja\/2021\/04\/22\/semana-de-la-lectura-jueves-22-el-libro-viajero\/img-20210422-wa0032\/\" border=\"0\" itemprop=\"url\"> <meta itemprop=\"width\" content=\"233\"> <meta itemprop=\"height\" content=\"233\"> <img decoding=\"async\" class=\"\" data-attachment-id=\"49252\" data-orig-file=\"https:\/\/cloud.alqueria.es\/wp-content\/uploads\/sites\/9\/2021\/04\/IMG-20210422-WA0032.jpg\" data-orig-size=\"1024,768\" data-comments-opened=\"1\" data-image-meta=\"{&quot;aperture&quot;:&quot;0&quot;,&quot;credit&quot;:&quot;&quot;,&quot;camera&quot;:&quot;&quot;,&quot;caption&quot;:&quot;&quot;,&quot;created_timestamp&quot;:&quot;0&quot;,&quot;copyright&quot;:&quot;&quot;,&quot;focal_length&quot;:&quot;0&quot;,&quot;iso&quot;:&quot;0&quot;,&quot;shutter_speed&quot;:&quot;0&quot;,&quot;title&quot;:&quot;&quot;,&quot;orientation&quot;:&quot;0&quot;}\" data-image-title=\"IMG-20210422-WA0032\" data-image-description=\"\" data-medium-file=\"https:\/\/cloud.alqueria.es\/wp-content\/uploads\/sites\/9\/2021\/04\/IMG-20210422-WA0032-300x225.jpg\" data-large-file=\"https:\/\/cloud.alqueria.es\/wp-content\/uploads\/sites\/9\/2021\/04\/IMG-20210422-WA0032.jpg\" src=\"https:\/\/i0.wp.com\/cloud.alqueria.es\/wp-content\/uploads\/sites\/9\/2021\/04\/IMG-20210422-WA0032.jpg?w=233&#038;h=233&#038;crop=1&#038;ssl=1\" width=\"233\" height=\"233\" loading=\"lazy\" data-original-width=\"233\" data-original-height=\"233\" itemprop=\"http:\/\/schema.org\/image\" title=\"IMG-20210422-WA0032\" alt=\"IMG-20210422-WA0032\" style=\"width: 233px; height: 233px;\" \/> <\/a> <\/div> <\/div> <div class=\"gallery-group\" style=\"width: 237px; height: 237px;\" data-original-width=\"237\" data-original-height=\"237\" > <div class=\"tiled-gallery-item \" itemprop=\"associatedMedia\" itemscope itemtype=\"http:\/\/schema.org\/ImageObject\"> <a href=\"https:\/\/www.alqueria.es\/blogs\/alqueriaamarillanaranja\/2021\/04\/22\/semana-de-la-lectura-jueves-22-el-libro-viajero\/img-20210422-wa0031\/\" border=\"0\" itemprop=\"url\"> <meta itemprop=\"width\" content=\"233\"> <meta itemprop=\"height\" content=\"233\"> <img decoding=\"async\" class=\"\" data-attachment-id=\"49251\" data-orig-file=\"https:\/\/cloud.alqueria.es\/wp-content\/uploads\/sites\/9\/2021\/04\/IMG-20210422-WA0031.jpg\" data-orig-size=\"1024,768\" data-comments-opened=\"1\" data-image-meta=\"{&quot;aperture&quot;:&quot;0&quot;,&quot;credit&quot;:&quot;&quot;,&quot;camera&quot;:&quot;&quot;,&quot;caption&quot;:&quot;&quot;,&quot;created_timestamp&quot;:&quot;0&quot;,&quot;copyright&quot;:&quot;&quot;,&quot;focal_length&quot;:&quot;0&quot;,&quot;iso&quot;:&quot;0&quot;,&quot;shutter_speed&quot;:&quot;0&quot;,&quot;title&quot;:&quot;&quot;,&quot;orientation&quot;:&quot;0&quot;}\" data-image-title=\"IMG-20210422-WA0031\" data-image-description=\"\" data-medium-file=\"https:\/\/cloud.alqueria.es\/wp-content\/uploads\/sites\/9\/2021\/04\/IMG-20210422-WA0031-300x225.jpg\" data-large-file=\"https:\/\/cloud.alqueria.es\/wp-content\/uploads\/sites\/9\/2021\/04\/IMG-20210422-WA0031.jpg\" src=\"https:\/\/i0.wp.com\/cloud.alqueria.es\/wp-content\/uploads\/sites\/9\/2021\/04\/IMG-20210422-WA0031.jpg?w=233&#038;h=233&#038;crop=1&#038;ssl=1\" width=\"233\" height=\"233\" loading=\"lazy\" data-original-width=\"233\" data-original-height=\"233\" itemprop=\"http:\/\/schema.org\/image\" title=\"IMG-20210422-WA0031\" alt=\"IMG-20210422-WA0031\" style=\"width: 233px; height: 233px;\" \/> <\/a> <\/div> <\/div> <\/div> <\/div>\r\n<p>Ya en la clase, todo juntos, vamos leyendo nuestro <span style=\"color: #0000ff\">\u00abLibro viajero\u00bb<span style=\"color: #000000\"> en donde cada uno tiene su p\u00e1gina y con cuya lectura vamos conociendo nuevas facetas de nuestros ni\u00f1os y ni\u00f1as&#8230;\u00a1 y a sus abuelos, primos, juguetes, aficiones&#8230;! PRECIOSO.<img decoding=\"async\" data-attachment-id=\"49256\" data-permalink=\"https:\/\/www.alqueria.es\/blogs\/alqueriaamarillanaranja\/2021\/04\/22\/semana-de-la-lectura-jueves-22-el-libro-viajero\/libroviajero\/\" data-orig-file=\"https:\/\/cloud.alqueria.es\/wp-content\/uploads\/sites\/9\/2021\/04\/libroviajero.jpg\" data-orig-size=\"564,663\" data-comments-opened=\"1\" data-image-meta=\"{&quot;aperture&quot;:&quot;0&quot;,&quot;credit&quot;:&quot;&quot;,&quot;camera&quot;:&quot;&quot;,&quot;caption&quot;:&quot;&quot;,&quot;created_timestamp&quot;:&quot;0&quot;,&quot;copyright&quot;:&quot;&quot;,&quot;focal_length&quot;:&quot;0&quot;,&quot;iso&quot;:&quot;0&quot;,&quot;shutter_speed&quot;:&quot;0&quot;,&quot;title&quot;:&quot;&quot;,&quot;orientation&quot;:&quot;0&quot;}\" data-image-title=\"libroviajero\" data-image-description=\"\" data-image-caption=\"\" data-large-file=\"https:\/\/cloud.alqueria.es\/wp-content\/uploads\/sites\/9\/2021\/04\/libroviajero.jpg\" class=\"alignleft size-medium wp-image-49256\" src=\"https:\/\/cloud.alqueria.es\/wp-content\/uploads\/sites\/9\/2021\/04\/libroviajero-255x300.jpg\" alt=\"\" width=\"255\" height=\"300\" srcset=\"https:\/\/cloud.alqueria.es\/wp-content\/uploads\/sites\/9\/2021\/04\/libroviajero-255x300.jpg 255w, https:\/\/cloud.alqueria.es\/wp-content\/uploads\/sites\/9\/2021\/04\/libroviajero.jpg 564w\" sizes=\"(max-width: 255px) 100vw, 255px\" \/><\/span><\/span><\/p>\r\n<p>Terminamos la ma\u00f1ana hojeando por turnos nuestro querido libro, en la cocinita, con los beb\u00e9s&#8230;<\/p>\r\n<p>Y ma\u00f1ana&#8230;.<\/p>\r\n<p>\u00a0<span style=\"color: #ff0000\">\u00abUn libro una flor\u00bb<\/span>es una actividad que cada a\u00f1o realizamos con nuestros ni\u00f1os y ni\u00f1as en el ciclo 0-3 de Infantil. Con ella celebramos la importancia de los libros y cuentos en nuestro d\u00eda a d\u00eda. Se trata de <img decoding=\"async\" data-attachment-id=\"49255\" data-permalink=\"https:\/\/www.alqueria.es\/blogs\/alqueriaamarillanaranja\/2021\/04\/22\/semana-de-la-lectura-jueves-22-el-libro-viajero\/descarga-121\/\" data-orig-file=\"https:\/\/cloud.alqueria.es\/wp-content\/uploads\/sites\/9\/2021\/04\/descarga.jpg\" data-orig-size=\"197,256\" data-comments-opened=\"1\" data-image-meta=\"{&quot;aperture&quot;:&quot;0&quot;,&quot;credit&quot;:&quot;&quot;,&quot;camera&quot;:&quot;&quot;,&quot;caption&quot;:&quot;&quot;,&quot;created_timestamp&quot;:&quot;0&quot;,&quot;copyright&quot;:&quot;&quot;,&quot;focal_length&quot;:&quot;0&quot;,&quot;iso&quot;:&quot;0&quot;,&quot;shutter_speed&quot;:&quot;0&quot;,&quot;title&quot;:&quot;&quot;,&quot;orientation&quot;:&quot;0&quot;}\" data-image-title=\"descarga\" data-image-description=\"\" data-image-caption=\"\" data-large-file=\"https:\/\/cloud.alqueria.es\/wp-content\/uploads\/sites\/9\/2021\/04\/descarga.jpg\" class=\"alignleft size-full wp-image-49255\" src=\"https:\/\/cloud.alqueria.es\/wp-content\/uploads\/sites\/9\/2021\/04\/descarga.jpg\" alt=\"\" width=\"197\" height=\"256\" \/>que cada alumno\/a traiga a clase un libro, adecuado a su edad, como aportaci\u00f3n a la biblioteca del aula; el libro puede ser nuevo (elegido para la ocasi\u00f3n) o uno de los que ya tengan en casa. Ese d\u00eda, en una gran asamblea, presentamos todos los libros que han llegado al aula y que desde ese momento formar\u00e1n parte de nuestras lecturas habituales de clase; a cambio, y como conmemoraci\u00f3n del d\u00eda del libro, cada uno se llevar\u00e1 a casa \u201cuna flor\u201d y\u00a0 (las flores y plantas que habremos preparado previamente). Con esta actividad, adem\u00e1s de promover el h\u00e1bito saludable de la lectura y el intercambio de libros, estamos trabajando en nuestros ni\u00f1os y ni\u00f1as el valor de compartir. En estas edades es muy dif\u00edcil todav\u00eda desprenderse de algo propio y a trav\u00e9s de ejercicios como el que proponemos con esta actividad vamos \u201cpracticando\u201d y haci\u00e9ndonos participes a la hora de tomar decisiones. Esta actividad est\u00e1 programada para ma\u00f1ana VIERNES, por tanto ese d\u00eda es el que hay que traer los libros a clase. Es muy interesante que los libros vengan con una dedicatoria que siempre nos recuerde quien lo aport\u00f3 a la biblioteca y en qu\u00e9 fecha.<\/p>\r\n<p>Un abrazo<\/p>\r\n<p>Nuria Garc\u00eda Pall\u00e1s.<\/p>\r\n","protected":false},"excerpt":{"rendered":"<p>Seguimos muy contentos e inmersos en nuestras actividades especiales relacionadas con los libros y la lectura. Hoy ha llegado la hora de nuestro cuento biling\u00fce en ingl\u00e9s por parte de nuestra querida Lindley que con su cuento\u00a0 \u00a0 \u00a0\u00abWhere is green sheep ?\u00bbnos hace poner todos nuestros sentidos y entender una bonita historia de animales &hellip; <a href=\"https:\/\/www.alqueria.es\/blogs\/alqueriaamarillanaranja\/2021\/04\/22\/semana-de-la-lectura-jueves-22-el-libro-viajero\/\" class=\"more-link\">Seguir leyendo <span class=\"screen-reader-text\">SEMANA DE LA LECTURA. JUEVES 22.EL LIBRO VIAJERO<\/span> <span class=\"meta-nav\">&rarr;<\/span><\/a><\/p>\n","protected":false},"author":23,"featured_media":0,"comment_status":"open","ping_status":"open","sticky":false,"template":"","format":"standard","meta":{"jetpack_post_was_ever_published":false,"_jetpack_newsletter_access":"","_jetpack_dont_email_post_to_subs":false,"_jetpack_newsletter_tier_id":0,"_jetpack_memberships_contains_paywalled_content":false,"_jetpack_memberships_contains_paid_content":false,"footnotes":"","jetpack_publicize_message":"","jetpack_publicize_feature_enabled":true,"jetpack_social_post_already_shared":true,"jetpack_social_options":{"image_generator_settings":{"template":"highway","default_image_id":0,"font":"","enabled":false},"version":2}},"categories":[6,682],"tags":[],"class_list":["post-49154","post","type-post","status-publish","format-standard","hentry","category-clase-amarilla","category-semana-de-la-lectura"],"jetpack_publicize_connections":[],"jetpack_featured_media_url":"","jetpack_sharing_enabled":true,"jetpack_shortlink":"https:\/\/wp.me\/p4lG08-cMO","jetpack-related-posts":[],"_links":{"self":[{"href":"https:\/\/www.alqueria.es\/blogs\/alqueriaamarillanaranja\/wp-json\/wp\/v2\/posts\/49154","targetHints":{"allow":["GET"]}}],"collection":[{"href":"https:\/\/www.alqueria.es\/blogs\/alqueriaamarillanaranja\/wp-json\/wp\/v2\/posts"}],"about":[{"href":"https:\/\/www.alqueria.es\/blogs\/alqueriaamarillanaranja\/wp-json\/wp\/v2\/types\/post"}],"author":[{"embeddable":true,"href":"https:\/\/www.alqueria.es\/blogs\/alqueriaamarillanaranja\/wp-json\/wp\/v2\/users\/23"}],"replies":[{"embeddable":true,"href":"https:\/\/www.alqueria.es\/blogs\/alqueriaamarillanaranja\/wp-json\/wp\/v2\/comments?post=49154"}],"version-history":[{"count":7,"href":"https:\/\/www.alqueria.es\/blogs\/alqueriaamarillanaranja\/wp-json\/wp\/v2\/posts\/49154\/revisions"}],"predecessor-version":[{"id":49274,"href":"https:\/\/www.alqueria.es\/blogs\/alqueriaamarillanaranja\/wp-json\/wp\/v2\/posts\/49154\/revisions\/49274"}],"wp:attachment":[{"href":"https:\/\/www.alqueria.es\/blogs\/alqueriaamarillanaranja\/wp-json\/wp\/v2\/media?parent=49154"}],"wp:term":[{"taxonomy":"category","embeddable":true,"href":"https:\/\/www.alqueria.es\/blogs\/alqueriaamarillanaranja\/wp-json\/wp\/v2\/categories?post=49154"},{"taxonomy":"post_tag","embeddable":true,"href":"https:\/\/www.alqueria.es\/blogs\/alqueriaamarillanaranja\/wp-json\/wp\/v2\/tags?post=49154"}],"curies":[{"name":"wp","href":"https:\/\/api.w.org\/{rel}","templated":true}]}}