{"id":49185,"date":"2021-04-21T23:26:43","date_gmt":"2021-04-21T21:26:43","guid":{"rendered":"https:\/\/www.alqueria.es\/blogs\/alqueriaamarillanaranja\/?p=49185"},"modified":"2021-04-24T11:00:42","modified_gmt":"2021-04-24T09:00:42","slug":"semana-de-la-lectura-3a-jornada","status":"publish","type":"post","link":"https:\/\/www.alqueria.es\/blogs\/alqueriaamarillanaranja\/2021\/04\/21\/semana-de-la-lectura-3a-jornada\/","title":{"rendered":"SEMANA DE LA LECTURA. 3\u00aa JORNADA"},"content":{"rendered":"<p><strong>A pesar de que este a\u00f1o no se ha podido llevar a cabo la participaci\u00f3n presencial de las familias en la Semana de la Lectura, el grupo naranja hoy disfruta de sus\u00a0 lecturas familiares a trav\u00e9s de los videos enviados con\u00a0 los cuentos escogidos\u00a0 para la ocasi\u00f3n.\u00a0<\/strong><\/p>\n<p><strong>Mam\u00e1s, pap\u00e1s, hermanos, abuelas, abuelos, primas e incluso algunos compa\u00f1eros han conseguido que la clase se llene de\u00a0 momentos entra\u00f1ables y m\u00e1gicos para nuestros peques en un d\u00eda tan especial. G R A C I A S.<\/strong><\/p>\n<p><strong><span style=\"color: #ff6600\">La abuela de Luc\u00eda ,<span style=\"color: #ff00ff\">Conchi,<\/span><\/span> interpreta junto a sus nietas Luc\u00eda, Aroa y L\u00eda el tradicional <img decoding=\"async\" data-attachment-id=\"49197\" data-permalink=\"https:\/\/www.alqueria.es\/blogs\/alqueriaamarillanaranja\/2021\/04\/21\/semana-de-la-lectura-3a-jornada\/img_20210421_201254\/\" data-orig-file=\"https:\/\/cloud.alqueria.es\/wp-content\/uploads\/sites\/9\/2021\/04\/IMG_20210421_201254.jpg\" data-orig-size=\"1024,1013\" data-comments-opened=\"1\" data-image-meta=\"{&quot;aperture&quot;:&quot;1.89&quot;,&quot;credit&quot;:&quot;&quot;,&quot;camera&quot;:&quot;Redmi Note 8 Pro&quot;,&quot;caption&quot;:&quot;&quot;,&quot;created_timestamp&quot;:&quot;0&quot;,&quot;copyright&quot;:&quot;&quot;,&quot;focal_length&quot;:&quot;5.43&quot;,&quot;iso&quot;:&quot;1088&quot;,&quot;shutter_speed&quot;:&quot;0.040004&quot;,&quot;title&quot;:&quot;&quot;,&quot;orientation&quot;:&quot;1&quot;}\" data-image-title=\"IMG_20210421_201254\" data-image-description=\"\" data-image-caption=\"\" data-large-file=\"https:\/\/cloud.alqueria.es\/wp-content\/uploads\/sites\/9\/2021\/04\/IMG_20210421_201254.jpg\" class=\" wp-image-49197 alignright\" src=\"https:\/\/cloud.alqueria.es\/wp-content\/uploads\/sites\/9\/2021\/04\/IMG_20210421_201254-300x297.jpg\" alt=\"\" width=\"185\" height=\"183\" srcset=\"https:\/\/cloud.alqueria.es\/wp-content\/uploads\/sites\/9\/2021\/04\/IMG_20210421_201254-300x297.jpg 300w, https:\/\/cloud.alqueria.es\/wp-content\/uploads\/sites\/9\/2021\/04\/IMG_20210421_201254-768x760.jpg 768w, https:\/\/cloud.alqueria.es\/wp-content\/uploads\/sites\/9\/2021\/04\/IMG_20210421_201254.jpg 1024w\" sizes=\"(max-width: 185px) 100vw, 185px\" \/>cuento de los <span style=\"color: #ff00ff\">\u00abTres cerditos y el Lobo\u00bb.<\/span> Con mucho \u00absalero\u00bb, Conchi, saluda personalmente a cada uno de nuestros naranjitas provocando la atenci\u00f3n y\u00a0 sonrisas del grupo.<\/strong><\/p>\n<p>&nbsp;<\/p>\n<p><strong><span style=\"color: #ff6600\">Las abuelas de Luisa, <span style=\"color: #ff00ff\">Guadalupe y Krystyna,<\/span><\/span> con\u00a0 marionetas de <img decoding=\"async\" data-attachment-id=\"49201\" data-permalink=\"https:\/\/www.alqueria.es\/blogs\/alqueriaamarillanaranja\/2021\/04\/21\/semana-de-la-lectura-3a-jornada\/img-20210421-wa0031\/\" data-orig-file=\"https:\/\/cloud.alqueria.es\/wp-content\/uploads\/sites\/9\/2021\/04\/IMG-20210421-WA0031.jpg\" data-orig-size=\"1024,559\" data-comments-opened=\"1\" data-image-meta=\"{&quot;aperture&quot;:&quot;0&quot;,&quot;credit&quot;:&quot;&quot;,&quot;camera&quot;:&quot;&quot;,&quot;caption&quot;:&quot;&quot;,&quot;created_timestamp&quot;:&quot;0&quot;,&quot;copyright&quot;:&quot;&quot;,&quot;focal_length&quot;:&quot;0&quot;,&quot;iso&quot;:&quot;0&quot;,&quot;shutter_speed&quot;:&quot;0&quot;,&quot;title&quot;:&quot;&quot;,&quot;orientation&quot;:&quot;0&quot;}\" data-image-title=\"IMG-20210421-WA0031\" data-image-description=\"\" data-image-caption=\"\" data-large-file=\"https:\/\/cloud.alqueria.es\/wp-content\/uploads\/sites\/9\/2021\/04\/IMG-20210421-WA0031.jpg\" class=\"alignleft size-medium wp-image-49201\" src=\"https:\/\/cloud.alqueria.es\/wp-content\/uploads\/sites\/9\/2021\/04\/IMG-20210421-WA0031-300x164.jpg\" alt=\"\" width=\"300\" height=\"164\" srcset=\"https:\/\/cloud.alqueria.es\/wp-content\/uploads\/sites\/9\/2021\/04\/IMG-20210421-WA0031-300x164.jpg 300w, https:\/\/cloud.alqueria.es\/wp-content\/uploads\/sites\/9\/2021\/04\/IMG-20210421-WA0031-768x419.jpg 768w, https:\/\/cloud.alqueria.es\/wp-content\/uploads\/sites\/9\/2021\/04\/IMG-20210421-WA0031.jpg 1024w\" sizes=\"(max-width: 300px) 100vw, 300px\" \/>papel ilustran la preciosa historia\u00a0 <span style=\"color: #ff00ff\">\u00bfA qu\u00e9 sabe<\/span> <span style=\"color: #ff00ff\">la luna?<\/span> Me consta que ha colaborado toda la familia en el montaje, \u00a1gran equipo!<\/strong><\/p>\n<p><strong><span style=\"color: #ff6600\"><span style=\"color: #ff00ff\">Felipe y Charo,<\/span> abuelos de Antonio,<\/span> acompa\u00f1ados por m\u00fasica de guitarra nos<img decoding=\"async\" data-attachment-id=\"49196\" data-permalink=\"https:\/\/www.alqueria.es\/blogs\/alqueriaamarillanaranja\/2021\/04\/21\/semana-de-la-lectura-3a-jornada\/img_20210421_201519\/\" data-orig-file=\"https:\/\/cloud.alqueria.es\/wp-content\/uploads\/sites\/9\/2021\/04\/IMG_20210421_201519-e1619035286833.jpg\" data-orig-size=\"788,478\" data-comments-opened=\"1\" data-image-meta=\"{&quot;aperture&quot;:&quot;1.89&quot;,&quot;credit&quot;:&quot;&quot;,&quot;camera&quot;:&quot;Redmi Note 8 Pro&quot;,&quot;caption&quot;:&quot;&quot;,&quot;created_timestamp&quot;:&quot;0&quot;,&quot;copyright&quot;:&quot;&quot;,&quot;focal_length&quot;:&quot;5.43&quot;,&quot;iso&quot;:&quot;1290&quot;,&quot;shutter_speed&quot;:&quot;0.029997&quot;,&quot;title&quot;:&quot;&quot;,&quot;orientation&quot;:&quot;1&quot;}\" data-image-title=\"IMG_20210421_201519\" data-image-description=\"\" data-image-caption=\"\" data-large-file=\"https:\/\/cloud.alqueria.es\/wp-content\/uploads\/sites\/9\/2021\/04\/IMG_20210421_201519-e1619035286833.jpg\" class=\"alignleft size-medium wp-image-49196\" src=\"https:\/\/cloud.alqueria.es\/wp-content\/uploads\/sites\/9\/2021\/04\/IMG_20210421_201519-300x167.jpg\" alt=\"\" width=\"300\" height=\"167\" srcset=\"https:\/\/cloud.alqueria.es\/wp-content\/uploads\/sites\/9\/2021\/04\/IMG_20210421_201519-300x167.jpg 300w, https:\/\/cloud.alqueria.es\/wp-content\/uploads\/sites\/9\/2021\/04\/IMG_20210421_201519-768x427.jpg 768w, https:\/\/cloud.alqueria.es\/wp-content\/uploads\/sites\/9\/2021\/04\/IMG_20210421_201519-672x372.jpg 672w\" sizes=\"(max-width: 300px) 100vw, 300px\" \/> cantan <span style=\"color: #ff00ff\">\u00abErase una vez\u00bb de Paco Ib\u00e1\u00f1ez.<\/span> Cari\u00f1osamente se despiden con un bonito mensaje: \u00ab<em>Naranjitas, los abuelos os quieren mucho&#8230; como la trucha al trucho\u00bb,ja,ja,ja.<\/em><\/strong><\/p>\n<p style=\"text-align: center\"><strong>Otro<img decoding=\"async\" data-attachment-id=\"49198\" data-permalink=\"https:\/\/www.alqueria.es\/blogs\/alqueriaamarillanaranja\/2021\/04\/21\/semana-de-la-lectura-3a-jornada\/img_20210421_201427\/\" data-orig-file=\"https:\/\/cloud.alqueria.es\/wp-content\/uploads\/sites\/9\/2021\/04\/IMG_20210421_201427-e1619035232766.jpg\" data-orig-size=\"752,844\" data-comments-opened=\"1\" data-image-meta=\"{&quot;aperture&quot;:&quot;1.89&quot;,&quot;credit&quot;:&quot;&quot;,&quot;camera&quot;:&quot;Redmi Note 8 Pro&quot;,&quot;caption&quot;:&quot;&quot;,&quot;created_timestamp&quot;:&quot;0&quot;,&quot;copyright&quot;:&quot;&quot;,&quot;focal_length&quot;:&quot;5.43&quot;,&quot;iso&quot;:&quot;1147&quot;,&quot;shutter_speed&quot;:&quot;0.029997&quot;,&quot;title&quot;:&quot;&quot;,&quot;orientation&quot;:&quot;1&quot;}\" data-image-title=\"IMG_20210421_201427\" data-image-description=\"\" data-image-caption=\"\" data-large-file=\"https:\/\/cloud.alqueria.es\/wp-content\/uploads\/sites\/9\/2021\/04\/IMG_20210421_201427-e1619035232766.jpg\" class=\" wp-image-49198 alignright\" src=\"https:\/\/cloud.alqueria.es\/wp-content\/uploads\/sites\/9\/2021\/04\/IMG_20210421_201427-e1619035232766-267x300.jpg\" alt=\"\" width=\"169\" height=\"190\" srcset=\"https:\/\/cloud.alqueria.es\/wp-content\/uploads\/sites\/9\/2021\/04\/IMG_20210421_201427-e1619035232766-267x300.jpg 267w, https:\/\/cloud.alqueria.es\/wp-content\/uploads\/sites\/9\/2021\/04\/IMG_20210421_201427-e1619035232766.jpg 752w\" sizes=\"(max-width: 169px) 100vw, 169px\" \/> momento especial y m\u00e1gico de la ma\u00f1ana, <span style=\"color: #ff00ff\">Mar\u00eda Luisa,<\/span> nosotros y el cuento. La abuelita de <span style=\"color: #ff6600\">Gael<\/span> nos cuenta la historia de <span style=\"color: #ff00ff\">\u00abGarbancito\u00bb<\/span> &#8230;pachin,pachan,pachin&#8230;<\/strong><\/p>\n<p>&nbsp;<\/p>\n<p><strong>El broche de oro lo ponen las <em><span style=\"color: #ff00ff\">\u00a0familias del grupo naranja<\/span><\/em>.\u00a0 El grupo naranja y su se\u00f1o quedamos perplejos con la maravillosa puesta en escena del cuento <span style=\"color: #ff00ff\">\u00abEl monstruo de colores\u00bb.<\/span> \u00a1Enhorabuena!<\/strong><\/p>\n<div class=\"tiled-gallery type-rectangular tiled-gallery-unresized\" data-original-width=\"474\" data-carousel-extra='{&quot;blog_id&quot;:9,&quot;permalink&quot;:&quot;https:\\\/\\\/www.alqueria.es\\\/blogs\\\/alqueriaamarillanaranja\\\/2021\\\/04\\\/21\\\/semana-de-la-lectura-3a-jornada\\\/&quot;,&quot;likes_blog_id&quot;:64271688}' itemscope itemtype=\"http:\/\/schema.org\/ImageGallery\" > <div class=\"gallery-row\" style=\"width: 474px; height: 238px;\" data-original-width=\"474\" data-original-height=\"238\" > <div class=\"gallery-group images-2\" style=\"width: 171px; height: 238px;\" data-original-width=\"171\" data-original-height=\"238\" > <div class=\"tiled-gallery-item tiled-gallery-item-small\" itemprop=\"associatedMedia\" itemscope itemtype=\"http:\/\/schema.org\/ImageObject\"> <a href=\"https:\/\/www.alqueria.es\/blogs\/alqueriaamarillanaranja\/2021\/04\/21\/semana-de-la-lectura-3a-jornada\/img-20210421-wa0032\/\" border=\"0\" itemprop=\"url\"> <meta itemprop=\"width\" content=\"167\"> <meta itemprop=\"height\" content=\"130\"> <img decoding=\"async\" class=\"\" data-attachment-id=\"49199\" data-orig-file=\"https:\/\/cloud.alqueria.es\/wp-content\/uploads\/sites\/9\/2021\/04\/IMG-20210421-WA0032.jpg\" data-orig-size=\"1024,795\" data-comments-opened=\"1\" data-image-meta=\"{&quot;aperture&quot;:&quot;0&quot;,&quot;credit&quot;:&quot;&quot;,&quot;camera&quot;:&quot;&quot;,&quot;caption&quot;:&quot;&quot;,&quot;created_timestamp&quot;:&quot;0&quot;,&quot;copyright&quot;:&quot;&quot;,&quot;focal_length&quot;:&quot;0&quot;,&quot;iso&quot;:&quot;0&quot;,&quot;shutter_speed&quot;:&quot;0&quot;,&quot;title&quot;:&quot;&quot;,&quot;orientation&quot;:&quot;0&quot;}\" data-image-title=\"IMG-20210421-WA0032\" data-image-description=\"\" data-medium-file=\"https:\/\/cloud.alqueria.es\/wp-content\/uploads\/sites\/9\/2021\/04\/IMG-20210421-WA0032-300x233.jpg\" data-large-file=\"https:\/\/cloud.alqueria.es\/wp-content\/uploads\/sites\/9\/2021\/04\/IMG-20210421-WA0032.jpg\" src=\"https:\/\/i0.wp.com\/cloud.alqueria.es\/wp-content\/uploads\/sites\/9\/2021\/04\/IMG-20210421-WA0032.jpg?w=167&#038;h=130&#038;ssl=1\" srcset=\"https:\/\/cloud.alqueria.es\/wp-content\/uploads\/sites\/9\/2021\/04\/IMG-20210421-WA0032.jpg 1024w, https:\/\/cloud.alqueria.es\/wp-content\/uploads\/sites\/9\/2021\/04\/IMG-20210421-WA0032-300x233.jpg 300w, https:\/\/cloud.alqueria.es\/wp-content\/uploads\/sites\/9\/2021\/04\/IMG-20210421-WA0032-768x596.jpg 768w\" width=\"167\" height=\"130\" loading=\"lazy\" data-original-width=\"167\" data-original-height=\"130\" itemprop=\"http:\/\/schema.org\/image\" title=\"IMG-20210421-WA0032\" alt=\"IMG-20210421-WA0032\" style=\"width: 167px; height: 130px;\" \/> <\/a> <\/div> <div class=\"tiled-gallery-item tiled-gallery-item-small\" itemprop=\"associatedMedia\" itemscope itemtype=\"http:\/\/schema.org\/ImageObject\"> <a href=\"https:\/\/www.alqueria.es\/blogs\/alqueriaamarillanaranja\/2021\/04\/21\/semana-de-la-lectura-3a-jornada\/img-20210421-wa0030\/\" border=\"0\" itemprop=\"url\"> <meta itemprop=\"width\" content=\"167\"> <meta itemprop=\"height\" content=\"100\"> <img decoding=\"async\" class=\"\" data-attachment-id=\"49200\" data-orig-file=\"https:\/\/cloud.alqueria.es\/wp-content\/uploads\/sites\/9\/2021\/04\/IMG-20210421-WA0030.jpg\" data-orig-size=\"1024,610\" data-comments-opened=\"1\" data-image-meta=\"{&quot;aperture&quot;:&quot;0&quot;,&quot;credit&quot;:&quot;&quot;,&quot;camera&quot;:&quot;&quot;,&quot;caption&quot;:&quot;&quot;,&quot;created_timestamp&quot;:&quot;0&quot;,&quot;copyright&quot;:&quot;&quot;,&quot;focal_length&quot;:&quot;0&quot;,&quot;iso&quot;:&quot;0&quot;,&quot;shutter_speed&quot;:&quot;0&quot;,&quot;title&quot;:&quot;&quot;,&quot;orientation&quot;:&quot;0&quot;}\" data-image-title=\"IMG-20210421-WA0030\" data-image-description=\"\" data-medium-file=\"https:\/\/cloud.alqueria.es\/wp-content\/uploads\/sites\/9\/2021\/04\/IMG-20210421-WA0030-300x179.jpg\" data-large-file=\"https:\/\/cloud.alqueria.es\/wp-content\/uploads\/sites\/9\/2021\/04\/IMG-20210421-WA0030.jpg\" src=\"https:\/\/i0.wp.com\/cloud.alqueria.es\/wp-content\/uploads\/sites\/9\/2021\/04\/IMG-20210421-WA0030.jpg?w=167&#038;h=100&#038;ssl=1\" srcset=\"https:\/\/cloud.alqueria.es\/wp-content\/uploads\/sites\/9\/2021\/04\/IMG-20210421-WA0030.jpg 1024w, https:\/\/cloud.alqueria.es\/wp-content\/uploads\/sites\/9\/2021\/04\/IMG-20210421-WA0030-300x179.jpg 300w, https:\/\/cloud.alqueria.es\/wp-content\/uploads\/sites\/9\/2021\/04\/IMG-20210421-WA0030-768x458.jpg 768w\" width=\"167\" height=\"100\" loading=\"lazy\" data-original-width=\"167\" data-original-height=\"100\" itemprop=\"http:\/\/schema.org\/image\" title=\"IMG-20210421-WA0030\" alt=\"IMG-20210421-WA0030\" style=\"width: 167px; height: 100px;\" \/> <\/a> <\/div> <\/div> <!-- close group --> <div class=\"gallery-group images-1\" style=\"width: 303px; height: 238px;\" data-original-width=\"303\" data-original-height=\"238\" > <div class=\"tiled-gallery-item tiled-gallery-item-large\" itemprop=\"associatedMedia\" itemscope itemtype=\"http:\/\/schema.org\/ImageObject\"> <a href=\"https:\/\/www.alqueria.es\/blogs\/alqueriaamarillanaranja\/2021\/04\/21\/semana-de-la-lectura-3a-jornada\/img_20210421_201649\/\" border=\"0\" itemprop=\"url\"> <meta itemprop=\"width\" content=\"299\"> <meta itemprop=\"height\" content=\"234\"> <img decoding=\"async\" class=\"\" data-attachment-id=\"49195\" data-orig-file=\"https:\/\/cloud.alqueria.es\/wp-content\/uploads\/sites\/9\/2021\/04\/IMG_20210421_201649.jpg\" data-orig-size=\"1024,802\" data-comments-opened=\"1\" data-image-meta=\"{&quot;aperture&quot;:&quot;1.89&quot;,&quot;credit&quot;:&quot;&quot;,&quot;camera&quot;:&quot;Redmi Note 8 Pro&quot;,&quot;caption&quot;:&quot;&quot;,&quot;created_timestamp&quot;:&quot;0&quot;,&quot;copyright&quot;:&quot;&quot;,&quot;focal_length&quot;:&quot;5.43&quot;,&quot;iso&quot;:&quot;349&quot;,&quot;shutter_speed&quot;:&quot;0.029997&quot;,&quot;title&quot;:&quot;&quot;,&quot;orientation&quot;:&quot;1&quot;}\" data-image-title=\"IMG_20210421_201649\" data-image-description=\"\" data-medium-file=\"https:\/\/cloud.alqueria.es\/wp-content\/uploads\/sites\/9\/2021\/04\/IMG_20210421_201649-300x235.jpg\" data-large-file=\"https:\/\/cloud.alqueria.es\/wp-content\/uploads\/sites\/9\/2021\/04\/IMG_20210421_201649.jpg\" src=\"https:\/\/i0.wp.com\/cloud.alqueria.es\/wp-content\/uploads\/sites\/9\/2021\/04\/IMG_20210421_201649.jpg?w=299&#038;h=234&#038;ssl=1\" srcset=\"https:\/\/cloud.alqueria.es\/wp-content\/uploads\/sites\/9\/2021\/04\/IMG_20210421_201649.jpg 1024w, https:\/\/cloud.alqueria.es\/wp-content\/uploads\/sites\/9\/2021\/04\/IMG_20210421_201649-300x235.jpg 300w, https:\/\/cloud.alqueria.es\/wp-content\/uploads\/sites\/9\/2021\/04\/IMG_20210421_201649-768x602.jpg 768w\" width=\"299\" height=\"234\" loading=\"lazy\" data-original-width=\"299\" data-original-height=\"234\" itemprop=\"http:\/\/schema.org\/image\" title=\"IMG_20210421_201649\" alt=\"IMG_20210421_201649\" style=\"width: 299px; height: 234px;\" \/> <\/a> <\/div> <\/div> <!-- close group --> <\/div> <!-- close row --> <\/div>\n<p><strong><span style=\"color: #ff00ff\">Gracias familias, hab\u00e9is\u00a0 convertido un momento especial en \u00fanico.<\/span> Gracias por la participaci\u00f3n, implicaci\u00f3n y el entusiasmo demostrado. Ha sido una\u00a0 sorpresa para los peques. Gran trabajo en equipo, \u00abCOMPARTIR ES VIVIR\u00bb.<\/strong><\/p>\n<p><strong>Otro momento especial del d\u00eda ha sido protagonizado por los compa\u00f1eros del grupo de 5-6a\u00f1os .<\/strong><img decoding=\"async\" data-attachment-id=\"49190\" data-permalink=\"https:\/\/www.alqueria.es\/blogs\/alqueriaamarillanaranja\/2021\/04\/21\/semana-de-la-lectura-3a-jornada\/img-20210421-wa0001\/\" data-orig-file=\"https:\/\/cloud.alqueria.es\/wp-content\/uploads\/sites\/9\/2021\/04\/IMG-20210421-WA0001.jpg\" data-orig-size=\"1024,502\" data-comments-opened=\"1\" data-image-meta=\"{&quot;aperture&quot;:&quot;0&quot;,&quot;credit&quot;:&quot;&quot;,&quot;camera&quot;:&quot;&quot;,&quot;caption&quot;:&quot;&quot;,&quot;created_timestamp&quot;:&quot;0&quot;,&quot;copyright&quot;:&quot;&quot;,&quot;focal_length&quot;:&quot;0&quot;,&quot;iso&quot;:&quot;0&quot;,&quot;shutter_speed&quot;:&quot;0&quot;,&quot;title&quot;:&quot;&quot;,&quot;orientation&quot;:&quot;0&quot;}\" data-image-title=\"IMG-20210421-WA0001\" data-image-description=\"\" data-image-caption=\"\" data-large-file=\"https:\/\/cloud.alqueria.es\/wp-content\/uploads\/sites\/9\/2021\/04\/IMG-20210421-WA0001.jpg\" class=\"size-medium wp-image-49190 alignright\" src=\"https:\/\/cloud.alqueria.es\/wp-content\/uploads\/sites\/9\/2021\/04\/IMG-20210421-WA0001-300x147.jpg\" alt=\"\" width=\"300\" height=\"147\" srcset=\"https:\/\/cloud.alqueria.es\/wp-content\/uploads\/sites\/9\/2021\/04\/IMG-20210421-WA0001-300x147.jpg 300w, https:\/\/cloud.alqueria.es\/wp-content\/uploads\/sites\/9\/2021\/04\/IMG-20210421-WA0001-768x377.jpg 768w, https:\/\/cloud.alqueria.es\/wp-content\/uploads\/sites\/9\/2021\/04\/IMG-20210421-WA0001.jpg 1024w\" sizes=\"(max-width: 300px) 100vw, 300px\" \/><\/p>\n<p><strong>Maravillo estreno de la representaci\u00f3n teatral <span style=\"color: #ff00ff\">\u00abLAS ENSE\u00d1ANZAS DE LA LLUVIA\u00bb<\/span> de la mano del grupo verde. Como aut\u00e9nticos profesionales han interpretado una bonita historia basada en una leyenda africana que fomenta valores como la amabilidad, el compartir y el respeto a la naturaleza.\u00a0<\/strong><\/p>\n<p class=\"jetpack-slideshow-noscript robots-nocontent\">El pase de diapositivas requiere JavaScript.<\/p><div id=\"gallery-49185-1-slideshow\" class=\"jetpack-slideshow-window jetpack-slideshow jetpack-slideshow-black\" data-trans=\"fade\" data-autostart=\"1\" data-gallery=\"[{&quot;src&quot;:&quot;https:\\\/\\\/cloud.alqueria.es\\\/wp-content\\\/uploads\\\/sites\\\/9\\\/2021\\\/04\\\/IMG-20210421-WA0004.jpg&quot;,&quot;id&quot;:&quot;49188&quot;,&quot;title&quot;:&quot;IMG-20210421-WA0004&quot;,&quot;alt&quot;:&quot;&quot;,&quot;caption&quot;:&quot;Etapa 0-6&quot;,&quot;itemprop&quot;:&quot;image&quot;},{&quot;src&quot;:&quot;https:\\\/\\\/cloud.alqueria.es\\\/wp-content\\\/uploads\\\/sites\\\/9\\\/2021\\\/04\\\/IMG-20210421-WA0008.jpg&quot;,&quot;id&quot;:&quot;49186&quot;,&quot;title&quot;:&quot;IMG-20210421-WA0008&quot;,&quot;alt&quot;:&quot;&quot;,&quot;caption&quot;:&quot;&quot;,&quot;itemprop&quot;:&quot;image&quot;},{&quot;src&quot;:&quot;https:\\\/\\\/cloud.alqueria.es\\\/wp-content\\\/uploads\\\/sites\\\/9\\\/2021\\\/04\\\/IMG-20210421-WA0009.jpg&quot;,&quot;id&quot;:&quot;49187&quot;,&quot;title&quot;:&quot;IMG-20210421-WA0009&quot;,&quot;alt&quot;:&quot;&quot;,&quot;caption&quot;:&quot;&quot;,&quot;itemprop&quot;:&quot;image&quot;},{&quot;src&quot;:&quot;https:\\\/\\\/cloud.alqueria.es\\\/wp-content\\\/uploads\\\/sites\\\/9\\\/2021\\\/04\\\/IMG-20210421-WA0013.jpg&quot;,&quot;id&quot;:&quot;49189&quot;,&quot;title&quot;:&quot;IMG-20210421-WA0013&quot;,&quot;alt&quot;:&quot;&quot;,&quot;caption&quot;:&quot;&quot;,&quot;itemprop&quot;:&quot;image&quot;},{&quot;src&quot;:&quot;https:\\\/\\\/cloud.alqueria.es\\\/wp-content\\\/uploads\\\/sites\\\/9\\\/2021\\\/04\\\/IMG_6644.jpg&quot;,&quot;id&quot;:&quot;49215&quot;,&quot;title&quot;:&quot;IMG_6644&quot;,&quot;alt&quot;:&quot;&quot;,&quot;caption&quot;:&quot;&quot;,&quot;itemprop&quot;:&quot;image&quot;}]\" itemscope itemtype=\"https:\/\/schema.org\/ImageGallery\"><\/div>\n<p>&nbsp;<\/p>\n<p><strong>Un merecido aplauso a la interpretaci\u00f3n y a todo el trabajo realizado a lo largo de varias semanas de ensayos , creaci\u00f3n de decorados, caretas y puestas en com\u00fan. \u00a1Enhorabuena verdes!<\/strong><\/p>\n<p style=\"text-align: center\"><strong>\u00a1GRACIAS A TODOS Y TODAS POR VUESTRA PARTICIPACI\u00d3N, OS HEMOS SENTIDO MUY CERCA!<\/strong><\/p>\n<p><strong>Hay muchas razones para leer&#8230;<\/strong><\/p>\n<p><img decoding=\"async\" src=\"https:\/\/www.filepicker.io\/api\/file\/mMcxE7WEQpels7PSbj2p\" alt=\"Ver las im\u00e1genes de origen\" \/><\/p>\n<p><strong>Hasta ma\u00f1ana familias.\u00a0<\/strong><\/p>\n<p><strong>Besos de coraz\u00f3n para Pablo y Alba.<\/strong><\/p>\n<p><strong>Silvia.<\/strong><\/p>\n","protected":false},"excerpt":{"rendered":"<p>A pesar de que este a\u00f1o no se ha podido llevar a cabo la participaci\u00f3n presencial de las familias en la Semana de la Lectura, el grupo naranja hoy disfruta de sus\u00a0 lecturas familiares a trav\u00e9s de los videos enviados con\u00a0 los cuentos escogidos\u00a0 para la ocasi\u00f3n.\u00a0 Mam\u00e1s, pap\u00e1s, hermanos, abuelas, abuelos, primas e incluso &hellip; <a href=\"https:\/\/www.alqueria.es\/blogs\/alqueriaamarillanaranja\/2021\/04\/21\/semana-de-la-lectura-3a-jornada\/\" class=\"more-link\">Seguir leyendo <span class=\"screen-reader-text\">SEMANA DE LA LECTURA. 3\u00aa JORNADA<\/span> <span class=\"meta-nav\">&rarr;<\/span><\/a><\/p>\n","protected":false},"author":23,"featured_media":0,"comment_status":"open","ping_status":"open","sticky":false,"template":"","format":"standard","meta":{"jetpack_post_was_ever_published":false,"_jetpack_newsletter_access":"","_jetpack_dont_email_post_to_subs":false,"_jetpack_newsletter_tier_id":0,"_jetpack_memberships_contains_paywalled_content":false,"_jetpack_memberships_contains_paid_content":false,"footnotes":"","jetpack_publicize_message":"","jetpack_publicize_feature_enabled":true,"jetpack_social_post_already_shared":true,"jetpack_social_options":{"image_generator_settings":{"template":"highway","default_image_id":0,"font":"","enabled":false},"version":2}},"categories":[7,14],"tags":[680],"class_list":["post-49185","post","type-post","status-publish","format-standard","hentry","category-clase-naranja","category-fiestas-y-dias-especiales","tag-semana-lectura-infantil-2021"],"jetpack_publicize_connections":[],"jetpack_featured_media_url":"","jetpack_sharing_enabled":true,"jetpack_shortlink":"https:\/\/wp.me\/p4lG08-cNj","jetpack-related-posts":[],"_links":{"self":[{"href":"https:\/\/www.alqueria.es\/blogs\/alqueriaamarillanaranja\/wp-json\/wp\/v2\/posts\/49185","targetHints":{"allow":["GET"]}}],"collection":[{"href":"https:\/\/www.alqueria.es\/blogs\/alqueriaamarillanaranja\/wp-json\/wp\/v2\/posts"}],"about":[{"href":"https:\/\/www.alqueria.es\/blogs\/alqueriaamarillanaranja\/wp-json\/wp\/v2\/types\/post"}],"author":[{"embeddable":true,"href":"https:\/\/www.alqueria.es\/blogs\/alqueriaamarillanaranja\/wp-json\/wp\/v2\/users\/23"}],"replies":[{"embeddable":true,"href":"https:\/\/www.alqueria.es\/blogs\/alqueriaamarillanaranja\/wp-json\/wp\/v2\/comments?post=49185"}],"version-history":[{"count":8,"href":"https:\/\/www.alqueria.es\/blogs\/alqueriaamarillanaranja\/wp-json\/wp\/v2\/posts\/49185\/revisions"}],"predecessor-version":[{"id":49338,"href":"https:\/\/www.alqueria.es\/blogs\/alqueriaamarillanaranja\/wp-json\/wp\/v2\/posts\/49185\/revisions\/49338"}],"wp:attachment":[{"href":"https:\/\/www.alqueria.es\/blogs\/alqueriaamarillanaranja\/wp-json\/wp\/v2\/media?parent=49185"}],"wp:term":[{"taxonomy":"category","embeddable":true,"href":"https:\/\/www.alqueria.es\/blogs\/alqueriaamarillanaranja\/wp-json\/wp\/v2\/categories?post=49185"},{"taxonomy":"post_tag","embeddable":true,"href":"https:\/\/www.alqueria.es\/blogs\/alqueriaamarillanaranja\/wp-json\/wp\/v2\/tags?post=49185"}],"curies":[{"name":"wp","href":"https:\/\/api.w.org\/{rel}","templated":true}]}}