{"id":49230,"date":"2021-04-22T22:29:16","date_gmt":"2021-04-22T20:29:16","guid":{"rendered":"https:\/\/www.alqueria.es\/blogs\/alqueriaamarillanaranja\/?p=49230"},"modified":"2021-04-22T22:29:16","modified_gmt":"2021-04-22T20:29:16","slug":"semana-de-la-lectura-4a-jornada","status":"publish","type":"post","link":"https:\/\/www.alqueria.es\/blogs\/alqueriaamarillanaranja\/2021\/04\/22\/semana-de-la-lectura-4a-jornada\/","title":{"rendered":"SEMANA DE LA LECTURA. 4\u00aa JORNADA"},"content":{"rendered":"<p><strong>Celebramos otra jornada especial en torno a los textos escritos.<\/strong><\/p>\n<p><strong>La participaci\u00f3n de las familias en el d\u00eda de ayer quedar\u00e1 grabada en nuestra memoria, no hay nada mejor que transmitir a los peques el gusto por la lectura de la mano de sus personas m\u00e1s cercanas \u00abla familia\u00bb.<\/strong><\/p>\n<p><strong>Las actividades que han tenido lugar en el d\u00eda de hoy han sido:<\/strong><\/p>\n<ul>\n<li><strong>CUENTOS MULTILING\u00dcES y MUSICAL<\/strong><\/li>\n<\/ul>\n<p><strong>Las profesoras del departamento de idiomas, <span style=\"color: #ff00ff\">Lindley<\/span> y <span style=\"color: #ff00ff\">\u00c1ngela,<\/span> han sido las encargadas de contarnos dos historias narradas en ingl\u00e9s y franc\u00e9s.<\/strong><\/p>\n<p><strong><span style=\"color: #ff00ff\">Lindle<img decoding=\"async\" class=\"alignright\" src=\"https:\/\/i.pinimg.com\/originals\/9d\/4a\/26\/9d4a263f8a02098c21ae549e280da341.jpg\" alt=\"Ver las im\u00e1genes de origen\" width=\"144\" height=\"197\" \/>y<\/span> consigue mantener la atenci\u00f3n de nuestro p\u00fablico con una simp\u00e1tica historia protagonizada por\u00a0 un elefante y un cerdito, <span style=\"color: #ff00ff\">\u00abWe are in a book\u00bb.<\/span><\/strong><\/p>\n<p><strong><span style=\"color: #ff00ff\"><img decoding=\"async\" data-attachment-id=\"49233\" data-permalink=\"https:\/\/www.alqueria.es\/blogs\/alqueriaamarillanaranja\/2021\/04\/22\/semana-de-la-lectura-4a-jornada\/img_20210422_104652\/\" data-orig-file=\"https:\/\/cloud.alqueria.es\/wp-content\/uploads\/sites\/9\/2021\/04\/IMG_20210422_104652.jpg\" data-orig-size=\"1024,769\" data-comments-opened=\"1\" data-image-meta=\"{&quot;aperture&quot;:&quot;1.89&quot;,&quot;credit&quot;:&quot;&quot;,&quot;camera&quot;:&quot;Redmi Note 8 Pro&quot;,&quot;caption&quot;:&quot;&quot;,&quot;created_timestamp&quot;:&quot;0&quot;,&quot;copyright&quot;:&quot;&quot;,&quot;focal_length&quot;:&quot;5.43&quot;,&quot;iso&quot;:&quot;163&quot;,&quot;shutter_speed&quot;:&quot;0.009999&quot;,&quot;title&quot;:&quot;&quot;,&quot;orientation&quot;:&quot;1&quot;}\" data-image-title=\"IMG_20210422_104652\" data-image-description=\"\" data-image-caption=\"\" data-large-file=\"https:\/\/cloud.alqueria.es\/wp-content\/uploads\/sites\/9\/2021\/04\/IMG_20210422_104652.jpg\" class=\"alignleft size-thumbnail wp-image-49233\" src=\"https:\/\/cloud.alqueria.es\/wp-content\/uploads\/sites\/9\/2021\/04\/IMG_20210422_104652-150x150.jpg\" alt=\"\" width=\"150\" height=\"150\" \/>\u00c1ngela<\/span> elige el tradicional cuento <span style=\"color: #ff00ff\">\u00abLos tres cerditos y el Lobo\u00bb<\/span> para escenificar en franc\u00e9s la historia que tanto nos gusta.<\/strong><\/p>\n<p>\u00a1<strong>G r a c i a s\u00a0 \u00a0c o m p a \u00f1 e r a s!<\/strong><\/p>\n<p><strong>Seguimos en la zona del tejadillo del cole para recibir a <span style=\"color: #ff00ff\">Loli.<\/span> Loli,\u00a0 adem\u00e1s de ser la persona responsable de la Direcci\u00f3n de centro, forma parte de los profesores de infantil del centro. Con una relajante <span style=\"color: #ff00ff\">m\u00fasica<\/span> de flauta travesera de<\/strong><strong> <img decoding=\"async\" class=\"alignleft\" src=\"https:\/\/cloud.alqueria.es\/wp-content\/uploads\/sites\/8\/2021\/04\/Cuento-las-tres-hijas.jpg?resize=260%2C272&amp;ssl=1\" width=\"119\" height=\"125\" \/>fondo, el ciclo 3-6 disfruta\u00a0 de la peculiar historia de\u00a0 \u00abtres hijas que se metieron en tres vasijas&#8230;.\u00bb.\u00a0 \u00a1Se han quedado encandilados!\u00a1Gracias Loli!<\/strong><\/p>\n<p>&nbsp;<\/p>\n<p class=\"jetpack-slideshow-noscript robots-nocontent\">El pase de diapositivas requiere JavaScript.<\/p><div id=\"gallery-49230-1-slideshow\" class=\"jetpack-slideshow-window jetpack-slideshow jetpack-slideshow-black\" data-trans=\"fade\" data-autostart=\"1\" data-gallery=\"[{&quot;src&quot;:&quot;https:\\\/\\\/cloud.alqueria.es\\\/wp-content\\\/uploads\\\/sites\\\/9\\\/2021\\\/04\\\/IMG_20210422_104509.jpg&quot;,&quot;id&quot;:&quot;49237&quot;,&quot;title&quot;:&quot;IMG_20210422_104509&quot;,&quot;alt&quot;:&quot;&quot;,&quot;caption&quot;:&quot;&quot;,&quot;itemprop&quot;:&quot;image&quot;},{&quot;src&quot;:&quot;https:\\\/\\\/cloud.alqueria.es\\\/wp-content\\\/uploads\\\/sites\\\/9\\\/2021\\\/04\\\/IMG_20210422_103951.jpg&quot;,&quot;id&quot;:&quot;49235&quot;,&quot;title&quot;:&quot;IMG_20210422_103951&quot;,&quot;alt&quot;:&quot;&quot;,&quot;caption&quot;:&quot;&quot;,&quot;itemprop&quot;:&quot;image&quot;},{&quot;src&quot;:&quot;https:\\\/\\\/cloud.alqueria.es\\\/wp-content\\\/uploads\\\/sites\\\/9\\\/2021\\\/04\\\/IMG_20210422_105857.jpg&quot;,&quot;id&quot;:&quot;49231&quot;,&quot;title&quot;:&quot;IMG_20210422_105857&quot;,&quot;alt&quot;:&quot;&quot;,&quot;caption&quot;:&quot;&quot;,&quot;itemprop&quot;:&quot;image&quot;},{&quot;src&quot;:&quot;https:\\\/\\\/cloud.alqueria.es\\\/wp-content\\\/uploads\\\/sites\\\/9\\\/2021\\\/04\\\/IMG_20210422_110205.jpg&quot;,&quot;id&quot;:&quot;49239&quot;,&quot;title&quot;:&quot;IMG_20210422_110205&quot;,&quot;alt&quot;:&quot;&quot;,&quot;caption&quot;:&quot;&quot;,&quot;itemprop&quot;:&quot;image&quot;},{&quot;src&quot;:&quot;https:\\\/\\\/cloud.alqueria.es\\\/wp-content\\\/uploads\\\/sites\\\/9\\\/2021\\\/04\\\/IMG_20210422_110733.jpg&quot;,&quot;id&quot;:&quot;49236&quot;,&quot;title&quot;:&quot;IMG_20210422_110733&quot;,&quot;alt&quot;:&quot;&quot;,&quot;caption&quot;:&quot;&quot;,&quot;itemprop&quot;:&quot;image&quot;},{&quot;src&quot;:&quot;https:\\\/\\\/cloud.alqueria.es\\\/wp-content\\\/uploads\\\/sites\\\/9\\\/2021\\\/04\\\/IMG_20210422_112251.jpg&quot;,&quot;id&quot;:&quot;49232&quot;,&quot;title&quot;:&quot;IMG_20210422_112251&quot;,&quot;alt&quot;:&quot;&quot;,&quot;caption&quot;:&quot;&quot;,&quot;itemprop&quot;:&quot;image&quot;},{&quot;src&quot;:&quot;https:\\\/\\\/cloud.alqueria.es\\\/wp-content\\\/uploads\\\/sites\\\/9\\\/2021\\\/04\\\/IMG_20210422_110332.jpg&quot;,&quot;id&quot;:&quot;49278&quot;,&quot;title&quot;:&quot;IMG_20210422_110332&quot;,&quot;alt&quot;:&quot;&quot;,&quot;caption&quot;:&quot;&quot;,&quot;itemprop&quot;:&quot;image&quot;}]\" itemscope itemtype=\"https:\/\/schema.org\/ImageGallery\"><\/div>\n<ul>\n<li><strong>PRESENTACI\u00d3N EN CICLO DE LOS <span style=\"color: #ff00ff\">PROYECTOS DE AULA<\/span><\/strong><\/li>\n<\/ul>\n<p><strong><span style=\"color: #008000\">Verdes,<\/span> <span style=\"color: #ff0000\">rojos<\/span> y <span style=\"color: #ff6600\">naranjitas<\/span> nos reunimos en el jard\u00edn para presentar los proyectos que cada grupo ha trabajado con motivo de la <em>Semana de la Lectura.<\/em><\/strong><img decoding=\"async\" data-attachment-id=\"49257\" data-permalink=\"https:\/\/www.alqueria.es\/blogs\/alqueriaamarillanaranja\/2021\/04\/22\/semana-de-la-lectura-4a-jornada\/img-20210422-wa0040\/\" data-orig-file=\"https:\/\/cloud.alqueria.es\/wp-content\/uploads\/sites\/9\/2021\/04\/IMG-20210422-WA0040.jpg\" data-orig-size=\"1024,576\" data-comments-opened=\"1\" data-image-meta=\"{&quot;aperture&quot;:&quot;0&quot;,&quot;credit&quot;:&quot;&quot;,&quot;camera&quot;:&quot;&quot;,&quot;caption&quot;:&quot;&quot;,&quot;created_timestamp&quot;:&quot;0&quot;,&quot;copyright&quot;:&quot;&quot;,&quot;focal_length&quot;:&quot;0&quot;,&quot;iso&quot;:&quot;0&quot;,&quot;shutter_speed&quot;:&quot;0&quot;,&quot;title&quot;:&quot;&quot;,&quot;orientation&quot;:&quot;0&quot;}\" data-image-title=\"IMG-20210422-WA0040\" data-image-description=\"\" data-image-caption=\"\" data-large-file=\"https:\/\/cloud.alqueria.es\/wp-content\/uploads\/sites\/9\/2021\/04\/IMG-20210422-WA0040.jpg\" class=\"wp-image-49257 aligncenter\" src=\"https:\/\/cloud.alqueria.es\/wp-content\/uploads\/sites\/9\/2021\/04\/IMG-20210422-WA0040-300x169.jpg\" alt=\"\" width=\"355\" height=\"200\" srcset=\"https:\/\/cloud.alqueria.es\/wp-content\/uploads\/sites\/9\/2021\/04\/IMG-20210422-WA0040-300x169.jpg 300w, https:\/\/cloud.alqueria.es\/wp-content\/uploads\/sites\/9\/2021\/04\/IMG-20210422-WA0040-768x432.jpg 768w, https:\/\/cloud.alqueria.es\/wp-content\/uploads\/sites\/9\/2021\/04\/IMG-20210422-WA0040.jpg 1024w\" sizes=\"(max-width: 355px) 100vw, 355px\" \/><\/p>\n<p><strong>Nuestros <span style=\"color: #ff6600\">naranjitas<\/span> presentan al resto de compa\u00f1eros\u00a0 <span style=\"color: #ff6600\">\u00abMi cuento<\/span> <span style=\"color: #ff6600\">favorito\u00bb.<\/span> Cuentan el proceso que han seguido para la creaci\u00f3n de sus cuentos. <img decoding=\"async\" data-attachment-id=\"49258\" data-permalink=\"https:\/\/www.alqueria.es\/blogs\/alqueriaamarillanaranja\/2021\/04\/22\/semana-de-la-lectura-4a-jornada\/img-20210422-wa0041\/\" data-orig-file=\"https:\/\/cloud.alqueria.es\/wp-content\/uploads\/sites\/9\/2021\/04\/IMG-20210422-WA0041.jpg\" data-orig-size=\"768,1024\" data-comments-opened=\"1\" data-image-meta=\"{&quot;aperture&quot;:&quot;0&quot;,&quot;credit&quot;:&quot;&quot;,&quot;camera&quot;:&quot;&quot;,&quot;caption&quot;:&quot;&quot;,&quot;created_timestamp&quot;:&quot;0&quot;,&quot;copyright&quot;:&quot;&quot;,&quot;focal_length&quot;:&quot;0&quot;,&quot;iso&quot;:&quot;0&quot;,&quot;shutter_speed&quot;:&quot;0&quot;,&quot;title&quot;:&quot;&quot;,&quot;orientation&quot;:&quot;0&quot;}\" data-image-title=\"IMG-20210422-WA0041\" data-image-description=\"\" data-image-caption=\"\" data-large-file=\"https:\/\/cloud.alqueria.es\/wp-content\/uploads\/sites\/9\/2021\/04\/IMG-20210422-WA0041.jpg\" class=\"alignleft size-thumbnail wp-image-49258\" src=\"https:\/\/cloud.alqueria.es\/wp-content\/uploads\/sites\/9\/2021\/04\/IMG-20210422-WA0041-150x150.jpg\" alt=\"\" width=\"150\" height=\"150\" \/>La ilustraci\u00f3n del personaje favorito de su cuento y el trabajo alfab\u00e9tico \u00aba su manera\u00bb de la frase m\u00e1s significativa para cada uno. Ma\u00f1ana expondr\u00e9 las im\u00e1genes de todo el grupo. \u00a1Han quedado geniales!<\/strong><\/p>\n<p><strong>El grupo <span style=\"color: #ff0000\">rojo<\/span> muestra el proyecto sobre los <span style=\"color: #ff0000\">comic<\/span> y el grupo <span style=\"color: #008000\">verde\u00a0<\/span>parte del proyecto que ha surgido tras el estreno de la obra de teatro <span style=\"color: #008000\">\u00abLas ense\u00f1anzas de la lluvia\u00bb.\u00a0<\/span><\/strong><\/p>\n<p><strong>Ma\u00f1ana celebramos el <span style=\"color: #ff00ff\">D\u00eda del Libro,<\/span> as\u00ed que trasplantamos nuestras <img decoding=\"async\" data-attachment-id=\"49259\" data-permalink=\"https:\/\/www.alqueria.es\/blogs\/alqueriaamarillanaranja\/2021\/04\/22\/semana-de-la-lectura-4a-jornada\/img-20210422-wa0027\/\" data-orig-file=\"https:\/\/cloud.alqueria.es\/wp-content\/uploads\/sites\/9\/2021\/04\/IMG-20210422-WA0027.jpg\" data-orig-size=\"1024,768\" data-comments-opened=\"1\" data-image-meta=\"{&quot;aperture&quot;:&quot;0&quot;,&quot;credit&quot;:&quot;&quot;,&quot;camera&quot;:&quot;&quot;,&quot;caption&quot;:&quot;&quot;,&quot;created_timestamp&quot;:&quot;0&quot;,&quot;copyright&quot;:&quot;&quot;,&quot;focal_length&quot;:&quot;0&quot;,&quot;iso&quot;:&quot;0&quot;,&quot;shutter_speed&quot;:&quot;0&quot;,&quot;title&quot;:&quot;&quot;,&quot;orientation&quot;:&quot;0&quot;}\" data-image-title=\"IMG-20210422-WA0027\" data-image-description=\"\" data-image-caption=\"\" data-large-file=\"https:\/\/cloud.alqueria.es\/wp-content\/uploads\/sites\/9\/2021\/04\/IMG-20210422-WA0027.jpg\" class=\"size-thumbnail wp-image-49259 alignright\" src=\"https:\/\/cloud.alqueria.es\/wp-content\/uploads\/sites\/9\/2021\/04\/IMG-20210422-WA0027-150x150.jpg\" alt=\"\" width=\"150\" height=\"150\" \/>plantas a los maceteros que nos han regalado los compa\u00f1eros y compa\u00f1eras\u00a0 de 3\u00ba y 6\u00ba EPO. <\/strong><\/p>\n<p>&nbsp;<\/p>\n<p>&nbsp;<\/p>\n<p style=\"text-align: center\"><strong><span style=\"color: #ff00ff\">\u00abUN LIBRO UNA FLOR\u00bb<\/span><\/strong><\/p>\n<p><img decoding=\"async\" class=\"aligncenter\" src=\"https:\/\/1.bp.blogspot.com\/-qt8wsJS3HNc\/Vxuj7Dfe45I\/AAAAAAAACOQ\/FpWd_O8qqicS9-7rUGC1ysfFauPB25LNwCLcB\/s1600\/LibroFlor.jpg\" alt=\"Ver las im\u00e1genes de origen\" width=\"354\" height=\"207\" \/><\/p>\n<p><strong>Presentaremos todos los libros que han llegado a clase (faltan algunos, no olvid\u00e9is vuestro libro) ya que formar\u00e1n parte de las lecturas diarias del grupo. Cada uno se llevar\u00e1 a casa las CRASAS que plantamos hace dos semanas.<\/strong><\/p>\n<p><strong>\u00a1Ma\u00f1ana tendremos una clausura muy especial!<\/strong><\/p>\n<p><strong>Silvia.<\/strong><\/p>\n<p>&nbsp;<\/p>\n<p>&nbsp;<\/p>\n","protected":false},"excerpt":{"rendered":"<p>Celebramos otra jornada especial en torno a los textos escritos. La participaci\u00f3n de las familias en el d\u00eda de ayer quedar\u00e1 grabada en nuestra memoria, no hay nada mejor que transmitir a los peques el gusto por la lectura de la mano de sus personas m\u00e1s cercanas \u00abla familia\u00bb. Las actividades que han tenido lugar &hellip; <a href=\"https:\/\/www.alqueria.es\/blogs\/alqueriaamarillanaranja\/2021\/04\/22\/semana-de-la-lectura-4a-jornada\/\" class=\"more-link\">Seguir leyendo <span class=\"screen-reader-text\">SEMANA DE LA LECTURA. 4\u00aa JORNADA<\/span> <span class=\"meta-nav\">&rarr;<\/span><\/a><\/p>\n","protected":false},"author":23,"featured_media":0,"comment_status":"open","ping_status":"open","sticky":false,"template":"","format":"standard","meta":{"jetpack_post_was_ever_published":false,"_jetpack_newsletter_access":"","_jetpack_dont_email_post_to_subs":false,"_jetpack_newsletter_tier_id":0,"_jetpack_memberships_contains_paywalled_content":false,"_jetpack_memberships_contains_paid_content":false,"footnotes":"","jetpack_publicize_message":"","jetpack_publicize_feature_enabled":true,"jetpack_social_post_already_shared":true,"jetpack_social_options":{"image_generator_settings":{"template":"highway","default_image_id":0,"font":"","enabled":false},"version":2}},"categories":[7,13],"tags":[680],"class_list":["post-49230","post","type-post","status-publish","format-standard","hentry","category-clase-naranja","category-fiestas-y-dias-de-significacion-especial","tag-semana-lectura-infantil-2021"],"jetpack_publicize_connections":[],"jetpack_featured_media_url":"","jetpack_sharing_enabled":true,"jetpack_shortlink":"https:\/\/wp.me\/p4lG08-cO2","jetpack-related-posts":[],"_links":{"self":[{"href":"https:\/\/www.alqueria.es\/blogs\/alqueriaamarillanaranja\/wp-json\/wp\/v2\/posts\/49230","targetHints":{"allow":["GET"]}}],"collection":[{"href":"https:\/\/www.alqueria.es\/blogs\/alqueriaamarillanaranja\/wp-json\/wp\/v2\/posts"}],"about":[{"href":"https:\/\/www.alqueria.es\/blogs\/alqueriaamarillanaranja\/wp-json\/wp\/v2\/types\/post"}],"author":[{"embeddable":true,"href":"https:\/\/www.alqueria.es\/blogs\/alqueriaamarillanaranja\/wp-json\/wp\/v2\/users\/23"}],"replies":[{"embeddable":true,"href":"https:\/\/www.alqueria.es\/blogs\/alqueriaamarillanaranja\/wp-json\/wp\/v2\/comments?post=49230"}],"version-history":[{"count":10,"href":"https:\/\/www.alqueria.es\/blogs\/alqueriaamarillanaranja\/wp-json\/wp\/v2\/posts\/49230\/revisions"}],"predecessor-version":[{"id":49287,"href":"https:\/\/www.alqueria.es\/blogs\/alqueriaamarillanaranja\/wp-json\/wp\/v2\/posts\/49230\/revisions\/49287"}],"wp:attachment":[{"href":"https:\/\/www.alqueria.es\/blogs\/alqueriaamarillanaranja\/wp-json\/wp\/v2\/media?parent=49230"}],"wp:term":[{"taxonomy":"category","embeddable":true,"href":"https:\/\/www.alqueria.es\/blogs\/alqueriaamarillanaranja\/wp-json\/wp\/v2\/categories?post=49230"},{"taxonomy":"post_tag","embeddable":true,"href":"https:\/\/www.alqueria.es\/blogs\/alqueriaamarillanaranja\/wp-json\/wp\/v2\/tags?post=49230"}],"curies":[{"name":"wp","href":"https:\/\/api.w.org\/{rel}","templated":true}]}}