{"id":50379,"date":"2021-05-29T18:27:26","date_gmt":"2021-05-29T16:27:26","guid":{"rendered":"https:\/\/www.alqueria.es\/blogs\/alqueriaamarillanaranja\/?p=50379"},"modified":"2021-05-29T18:27:26","modified_gmt":"2021-05-29T16:27:26","slug":"un-dia-en-la-granja","status":"publish","type":"post","link":"https:\/\/www.alqueria.es\/blogs\/alqueriaamarillanaranja\/2021\/05\/29\/un-dia-en-la-granja\/","title":{"rendered":"UN D\u00cdA EN LA GRANJA"},"content":{"rendered":"<p style=\"text-align: left\"><strong>Hola familias,<\/strong><\/p>\n<p><strong>Ayer el grupo naranja comparti\u00f3 un maravilloso d\u00eda en la Granja Escuela Malpasillo. Sus caras lo dec\u00edan todo desde muy temprano, era su primera salida fuera del centro.\u00a0<\/strong><\/p>\n<p><strong>El trabajo realizado durante las semanas previas sobre los animales de la granja y el mundo rural se ha visto culminado con nuestra\u00a0 salida. Para nuestros peques no solo ha sido una experiencia divertida,\u00a0 han podido curiosear y descubrir de forma directa como viven los animales y el trabajo que all\u00ed se realiza.<\/strong><\/p>\n<p><strong>A lo largo de toda la jornada nos acompa\u00f1\u00f3 <span style=\"color: #339966\">Teresa,<\/span> monitora de la Finca Malpasillo. Os resumo el itinerario:<\/strong><\/p>\n<ul>\n<li><strong>Descubrimos que con los <span style=\"color: #008000\">gansos<\/span> son los que mandan en el estanque. A su llegada gallinas y patos abandonan el lugar para dejarles sitio. \u00a1Cu\u00e1ntas especies conocimos!<\/strong><\/li>\n<li><strong>Interaccionamos con los animales peque\u00f1os de la granja, <span style=\"color: #339966\">gazapos, cabritillos, tortugas<\/span> y <span style=\"color: #339966\">gatos.<\/span><\/strong><\/li>\n<li><strong>Visita a los establos, <span style=\"color: #008000\">ponis, ovejas<\/span>, <span style=\"color: #008000\">cabras,<\/span> <span style=\"color: #008000\">burros, yeguas, potranca, cerdos.<\/span><\/strong><\/li>\n<li><strong>Visita al museo etnol\u00f3gico de la granja. Teresa nos mostr\u00f3 las formas de vida y como se llevaban a cabo las producciones agr\u00edcolas hace mucho mucho tiempo.<\/strong><\/li>\n<li><strong>Tras el tentempi\u00e9( galletas y pececitos salados), paseo a <span style=\"color: #339966\">caballo.<\/span> Reconozco que no fue capaz de hacerlo, prometo volver a intentarlo en la pr\u00f3xima salida,jajaja.<\/strong><\/li>\n<li><strong>Visitamos el huerto, berenjenas, lechugas, tomates.<\/strong><\/li>\n<li><strong>Lleg\u00f3 la hora de la comida. Nuestras cocineras( Loli y Carmen) prepararon un delicioso almuerzo que nos hizo reponer de nueva\u00a0 pilas, tomate ali\u00f1ado, queso, carne empanada, tortilla y yogurt.\u00a0<\/strong><\/li>\n<li><strong>Visita a la cueva del <span style=\"color: #339966\">duende,<\/span> \u00a1qu\u00e9 valientes! Algunos lo vieron de lejos. Descubrimos su casa tras adentrarnos en un laberinto secreto.<\/strong><\/li>\n<li><strong>Ruta por los alrededores de la granja y asamblea en una cueva, en la que compartimos chistes, historias, bailes y muchas risas.<\/strong><\/li>\n<li><strong>Taller creativo de reciclaje, <span style=\"color: #339966\">bolsitos<\/span> con Brik de cart\u00f3n para guardar nuestros tesoros.<\/strong><\/li>\n<li><strong>Merendola con zumos y bizcocho casero, y bailes en grupo para recibir a las familias.<\/strong><\/li>\n<\/ul>\n<p><strong>\u00a1Qu\u00e9 bien lo pasamos! <\/strong><strong>Os muestro\u00a0 algunos de los momentos m\u00e1s significativos de la jornada de ayer.\u00a0<\/strong><\/p>\n<p><div class=\"a25-CTUOC-hidding-box\" data-original-content=\"&lt;iframe loading=&quot;lazy&quot; title=&quot;Untitled&quot; src=&quot;https:\/\/player.vimeo.com\/video\/556535850?dnt=1&amp;amp;app_id=122963&quot; width=&quot;474&quot; height=&quot;474&quot; frameborder=&quot;0&quot; allow=&quot;autoplay; fullscreen; picture-in-picture; clipboard-write&quot;&gt;&lt;\/iframe&gt;\">Esta p\u00e1gina incluye contenido multimedia que requiere aceptar todas las cookies. Pulse aqu\u00ed para abrir la configuraci\u00f3n de cookies.<\/div><\/p>\n<p><strong>Buen fin de semana.<\/strong><\/p>\n<p><strong>Silvia.<\/strong><\/p>\n","protected":false},"excerpt":{"rendered":"<p>Hola familias, Ayer el grupo naranja comparti\u00f3 un maravilloso d\u00eda en la Granja Escuela Malpasillo. Sus caras lo dec\u00edan todo desde muy temprano, era su primera salida fuera del centro.\u00a0 El trabajo realizado durante las semanas previas sobre los animales de la granja y el mundo rural se ha visto culminado con nuestra\u00a0 salida. Para &hellip; <a href=\"https:\/\/www.alqueria.es\/blogs\/alqueriaamarillanaranja\/2021\/05\/29\/un-dia-en-la-granja\/\" class=\"more-link\">Seguir leyendo <span class=\"screen-reader-text\">UN D\u00cdA EN LA GRANJA<\/span> <span class=\"meta-nav\">&rarr;<\/span><\/a><\/p>\n","protected":false},"author":23,"featured_media":0,"comment_status":"open","ping_status":"open","sticky":false,"template":"","format":"standard","meta":{"jetpack_post_was_ever_published":false,"_jetpack_newsletter_access":"","_jetpack_dont_email_post_to_subs":false,"_jetpack_newsletter_tier_id":0,"_jetpack_memberships_contains_paywalled_content":false,"_jetpack_memberships_contains_paid_content":false,"footnotes":"","jetpack_publicize_message":"","jetpack_publicize_feature_enabled":true,"jetpack_social_post_already_shared":true,"jetpack_social_options":{"image_generator_settings":{"template":"highway","default_image_id":0,"font":"","enabled":false},"version":2}},"categories":[7,13,694],"tags":[110,695],"class_list":["post-50379","post","type-post","status-publish","format-standard","hentry","category-clase-naranja","category-fiestas-y-dias-de-significacion-especial","category-salidas-clase-naranja","tag-salida-granja-escuela","tag-visita-malpasillo"],"jetpack_publicize_connections":[],"jetpack_featured_media_url":"","jetpack_sharing_enabled":true,"jetpack_shortlink":"https:\/\/wp.me\/p4lG08-d6z","jetpack-related-posts":[],"_links":{"self":[{"href":"https:\/\/www.alqueria.es\/blogs\/alqueriaamarillanaranja\/wp-json\/wp\/v2\/posts\/50379","targetHints":{"allow":["GET"]}}],"collection":[{"href":"https:\/\/www.alqueria.es\/blogs\/alqueriaamarillanaranja\/wp-json\/wp\/v2\/posts"}],"about":[{"href":"https:\/\/www.alqueria.es\/blogs\/alqueriaamarillanaranja\/wp-json\/wp\/v2\/types\/post"}],"author":[{"embeddable":true,"href":"https:\/\/www.alqueria.es\/blogs\/alqueriaamarillanaranja\/wp-json\/wp\/v2\/users\/23"}],"replies":[{"embeddable":true,"href":"https:\/\/www.alqueria.es\/blogs\/alqueriaamarillanaranja\/wp-json\/wp\/v2\/comments?post=50379"}],"version-history":[{"count":7,"href":"https:\/\/www.alqueria.es\/blogs\/alqueriaamarillanaranja\/wp-json\/wp\/v2\/posts\/50379\/revisions"}],"predecessor-version":[{"id":50386,"href":"https:\/\/www.alqueria.es\/blogs\/alqueriaamarillanaranja\/wp-json\/wp\/v2\/posts\/50379\/revisions\/50386"}],"wp:attachment":[{"href":"https:\/\/www.alqueria.es\/blogs\/alqueriaamarillanaranja\/wp-json\/wp\/v2\/media?parent=50379"}],"wp:term":[{"taxonomy":"category","embeddable":true,"href":"https:\/\/www.alqueria.es\/blogs\/alqueriaamarillanaranja\/wp-json\/wp\/v2\/categories?post=50379"},{"taxonomy":"post_tag","embeddable":true,"href":"https:\/\/www.alqueria.es\/blogs\/alqueriaamarillanaranja\/wp-json\/wp\/v2\/tags?post=50379"}],"curies":[{"name":"wp","href":"https:\/\/api.w.org\/{rel}","templated":true}]}}