{"id":51159,"date":"2021-09-24T17:40:37","date_gmt":"2021-09-24T15:40:37","guid":{"rendered":"https:\/\/www.alqueria.es\/blogs\/alqueriaamarillanaranja\/?p=51159"},"modified":"2021-09-26T10:46:55","modified_gmt":"2021-09-26T08:46:55","slug":"feliz-fin-de-semana","status":"publish","type":"post","link":"https:\/\/www.alqueria.es\/blogs\/alqueriaamarillanaranja\/2021\/09\/24\/feliz-fin-de-semana\/","title":{"rendered":"\u00a1Feliz fin de semana!"},"content":{"rendered":"<p>Buenas tardes, familias,<\/p>\n<p>hoy nuestros <em><span style=\"color: #ff6600\">naranjitas<\/span><\/em> han tenido d\u00eda de especialistas, por lo que la asamblea de la ma\u00f1ana, a parte de seguir con los buenos d\u00edas y la fecha, ha sido destinada a hablar un poquito de los especialistas, recordarles que ellos tambi\u00e9n son profes y deben escucharles igual de bien que a la tutora. Es muy importante que les vean tambi\u00e9n como figuras de referencia en su d\u00eda a d\u00eda.<\/p>\n<p><img decoding=\"async\" data-attachment-id=\"51180\" data-permalink=\"https:\/\/www.alqueria.es\/blogs\/alqueriaamarillanaranja\/2021\/09\/24\/feliz-fin-de-semana\/unnamed-6\/\" data-orig-file=\"https:\/\/cloud.alqueria.es\/wp-content\/uploads\/sites\/9\/2021\/09\/unnamed.jpg\" data-orig-size=\"512,288\" data-comments-opened=\"1\" data-image-meta=\"{&quot;aperture&quot;:&quot;0&quot;,&quot;credit&quot;:&quot;&quot;,&quot;camera&quot;:&quot;&quot;,&quot;caption&quot;:&quot;&quot;,&quot;created_timestamp&quot;:&quot;0&quot;,&quot;copyright&quot;:&quot;&quot;,&quot;focal_length&quot;:&quot;0&quot;,&quot;iso&quot;:&quot;0&quot;,&quot;shutter_speed&quot;:&quot;0&quot;,&quot;title&quot;:&quot;&quot;,&quot;orientation&quot;:&quot;0&quot;}\" data-image-title=\"unnamed\" data-image-description=\"\" data-image-caption=\"\" data-large-file=\"https:\/\/cloud.alqueria.es\/wp-content\/uploads\/sites\/9\/2021\/09\/unnamed.jpg\" class=\"alignleft size-medium wp-image-51180\" src=\"https:\/\/cloud.alqueria.es\/wp-content\/uploads\/sites\/9\/2021\/09\/unnamed-300x169.jpg\" alt=\"\" width=\"300\" height=\"169\" srcset=\"https:\/\/cloud.alqueria.es\/wp-content\/uploads\/sites\/9\/2021\/09\/unnamed-300x169.jpg 300w, https:\/\/cloud.alqueria.es\/wp-content\/uploads\/sites\/9\/2021\/09\/unnamed.jpg 512w\" sizes=\"(max-width: 300px) 100vw, 300px\" \/>Hoy en <span style=\"color: #ff6600\">M\u00fasica<span style=\"color: #000000\">, con Elena,\u00a0<\/span><\/span> han escuchado las cuatro estaciones de Vivaldi, en espaecial la del Oto\u00f1o, ya que acabamos de entrar en la estaci\u00f3n, cosa que tambi\u00e9n les llama mucho la atenci\u00f3n a los m\u00e1s peques.<\/p>\n<p>Despu\u00e9s en <span style=\"color: #ff6600\">E. F\u00edsica<\/span> se lo han pasado genial, han bajado a la pista de deporte con Alberto y han hecho variedad de juegos de motricidad, \u00a1se lo han pasado pipa!<\/p>\n<p>Durante nuestro tiempo de patio nos hemos asomado al <span style=\"color: #008000\">HUERTO<\/span>, donde Esther, la tutora de la clase verde, nos ha explicado qu\u00e9 plantas hab\u00eda y c\u00f3mo vamos acuidar el huerto entre todos. Nos ha ense\u00f1ado la mata de hierbabuena y ha cortado unos esquejes para que nos llevemos a casa, por lo que llevan una muestra dentro de una bolsita.<\/p>\n<p>Os dejo las fotos de la sesi\u00f3n de zumba que os dije ayer, en la cual disfrutaron un mont\u00f3n.<\/p>\n<p class=\"jetpack-slideshow-noscript robots-nocontent\">El pase de diapositivas requiere JavaScript.<\/p><div id=\"gallery-51159-1-slideshow\" class=\"jetpack-slideshow-window jetpack-slideshow jetpack-slideshow-black\" data-trans=\"fade\" data-autostart=\"1\" data-gallery=\"[{&quot;src&quot;:&quot;https:\\\/\\\/cloud.alqueria.es\\\/wp-content\\\/uploads\\\/sites\\\/9\\\/2021\\\/09\\\/WhatsApp-Image-2021-09-24-at-14.20.48.jpeg&quot;,&quot;id&quot;:&quot;51163&quot;,&quot;title&quot;:&quot;WhatsApp Image 2021-09-24 at 14.20.48&quot;,&quot;alt&quot;:&quot;&quot;,&quot;caption&quot;:&quot;&quot;,&quot;itemprop&quot;:&quot;image&quot;},{&quot;src&quot;:&quot;https:\\\/\\\/cloud.alqueria.es\\\/wp-content\\\/uploads\\\/sites\\\/9\\\/2021\\\/09\\\/WhatsApp-Image-2021-09-24-at-14.21.18.jpeg&quot;,&quot;id&quot;:&quot;51162&quot;,&quot;title&quot;:&quot;WhatsApp Image 2021-09-24 at 14.21.18&quot;,&quot;alt&quot;:&quot;&quot;,&quot;caption&quot;:&quot;&quot;,&quot;itemprop&quot;:&quot;image&quot;},{&quot;src&quot;:&quot;https:\\\/\\\/cloud.alqueria.es\\\/wp-content\\\/uploads\\\/sites\\\/9\\\/2021\\\/09\\\/WhatsApp-Image-2021-09-24-at-14.21.48.jpeg&quot;,&quot;id&quot;:&quot;51161&quot;,&quot;title&quot;:&quot;WhatsApp Image 2021-09-24 at 14.21.48&quot;,&quot;alt&quot;:&quot;&quot;,&quot;caption&quot;:&quot;&quot;,&quot;itemprop&quot;:&quot;image&quot;},{&quot;src&quot;:&quot;https:\\\/\\\/cloud.alqueria.es\\\/wp-content\\\/uploads\\\/sites\\\/9\\\/2021\\\/09\\\/WhatsApp-Image-2021-09-24-at-14.21.49.jpeg&quot;,&quot;id&quot;:&quot;51160&quot;,&quot;title&quot;:&quot;WhatsApp Image 2021-09-24 at 14.21.49&quot;,&quot;alt&quot;:&quot;&quot;,&quot;caption&quot;:&quot;&quot;,&quot;itemprop&quot;:&quot;image&quot;}]\" itemscope itemtype=\"https:\/\/schema.org\/ImageGallery\"><\/div>\n<p>Esperamos que disfrut\u00e9is mucho del fin de semana, que los llen\u00e9is de buenos momentos y que nos lo cont\u00e9is el lunes&#8230; \u00a1y, por supuesto, que descans\u00e9is! Que las primeras semans de cole siempre son las m\u00e1s duras.<\/p>\n<p>Un abrazo,<\/p>\n<p>Mar\u00eda<\/p>\n<p>&nbsp;<\/p>\n<p>&nbsp;<\/p>\n<p>&nbsp;<\/p>\n","protected":false},"excerpt":{"rendered":"<p>Buenas tardes, familias, hoy nuestros naranjitas han tenido d\u00eda de especialistas, por lo que la asamblea de la ma\u00f1ana, a parte de seguir con los buenos d\u00edas y la fecha, ha sido destinada a hablar un poquito de los especialistas, recordarles que ellos tambi\u00e9n son profes y deben escucharles igual de bien que a la &hellip; <a href=\"https:\/\/www.alqueria.es\/blogs\/alqueriaamarillanaranja\/2021\/09\/24\/feliz-fin-de-semana\/\" class=\"more-link\">Seguir leyendo <span class=\"screen-reader-text\">\u00a1Feliz fin de semana!<\/span> <span class=\"meta-nav\">&rarr;<\/span><\/a><\/p>\n","protected":false},"author":23,"featured_media":0,"comment_status":"open","ping_status":"open","sticky":false,"template":"","format":"standard","meta":{"jetpack_post_was_ever_published":false,"_jetpack_newsletter_access":"","_jetpack_dont_email_post_to_subs":false,"_jetpack_newsletter_tier_id":0,"_jetpack_memberships_contains_paywalled_content":false,"_jetpack_memberships_contains_paid_content":false,"footnotes":"","jetpack_publicize_message":"","jetpack_publicize_feature_enabled":true,"jetpack_social_post_already_shared":true,"jetpack_social_options":{"image_generator_settings":{"template":"highway","default_image_id":0,"font":"","enabled":false},"version":2}},"categories":[383,7,8,10,312],"tags":[],"class_list":["post-51159","post","type-post","status-publish","format-standard","hentry","category-adaptacion","category-clase-naranja","category-diario","category-especialistas","category-musica"],"jetpack_publicize_connections":[],"jetpack_featured_media_url":"","jetpack_sharing_enabled":true,"jetpack_shortlink":"https:\/\/wp.me\/p4lG08-dj9","jetpack-related-posts":[],"_links":{"self":[{"href":"https:\/\/www.alqueria.es\/blogs\/alqueriaamarillanaranja\/wp-json\/wp\/v2\/posts\/51159","targetHints":{"allow":["GET"]}}],"collection":[{"href":"https:\/\/www.alqueria.es\/blogs\/alqueriaamarillanaranja\/wp-json\/wp\/v2\/posts"}],"about":[{"href":"https:\/\/www.alqueria.es\/blogs\/alqueriaamarillanaranja\/wp-json\/wp\/v2\/types\/post"}],"author":[{"embeddable":true,"href":"https:\/\/www.alqueria.es\/blogs\/alqueriaamarillanaranja\/wp-json\/wp\/v2\/users\/23"}],"replies":[{"embeddable":true,"href":"https:\/\/www.alqueria.es\/blogs\/alqueriaamarillanaranja\/wp-json\/wp\/v2\/comments?post=51159"}],"version-history":[{"count":2,"href":"https:\/\/www.alqueria.es\/blogs\/alqueriaamarillanaranja\/wp-json\/wp\/v2\/posts\/51159\/revisions"}],"predecessor-version":[{"id":51181,"href":"https:\/\/www.alqueria.es\/blogs\/alqueriaamarillanaranja\/wp-json\/wp\/v2\/posts\/51159\/revisions\/51181"}],"wp:attachment":[{"href":"https:\/\/www.alqueria.es\/blogs\/alqueriaamarillanaranja\/wp-json\/wp\/v2\/media?parent=51159"}],"wp:term":[{"taxonomy":"category","embeddable":true,"href":"https:\/\/www.alqueria.es\/blogs\/alqueriaamarillanaranja\/wp-json\/wp\/v2\/categories?post=51159"},{"taxonomy":"post_tag","embeddable":true,"href":"https:\/\/www.alqueria.es\/blogs\/alqueriaamarillanaranja\/wp-json\/wp\/v2\/tags?post=51159"}],"curies":[{"name":"wp","href":"https:\/\/api.w.org\/{rel}","templated":true}]}}