{"id":51166,"date":"2021-09-24T16:41:18","date_gmt":"2021-09-24T14:41:18","guid":{"rendered":"https:\/\/www.alqueria.es\/blogs\/alqueriaamarillanaranja\/?p=51166"},"modified":"2021-09-24T16:41:18","modified_gmt":"2021-09-24T14:41:18","slug":"viernes-muy-completo-en-la-clase-amarilla","status":"publish","type":"post","link":"https:\/\/www.alqueria.es\/blogs\/alqueriaamarillanaranja\/2021\/09\/24\/viernes-muy-completo-en-la-clase-amarilla\/","title":{"rendered":"\u00a1\u00a1VIERNES MUY COMPLETO EN LA CLASE AMARILLA!!"},"content":{"rendered":"<p>Hola familias,<\/p>\n<p>Llegamos al final de la semana con un d\u00eda muy completo en cuanto a actividades se refiere.<\/p>\n<p><img decoding=\"async\" data-attachment-id=\"51167\" data-permalink=\"https:\/\/www.alqueria.es\/blogs\/alqueriaamarillanaranja\/2021\/09\/24\/viernes-muy-completo-en-la-clase-amarilla\/img-20210924-wa0035\/\" data-orig-file=\"https:\/\/cloud.alqueria.es\/wp-content\/uploads\/sites\/9\/2021\/09\/IMG-20210924-WA0035.jpg\" data-orig-size=\"1024,576\" data-comments-opened=\"1\" data-image-meta=\"{&quot;aperture&quot;:&quot;0&quot;,&quot;credit&quot;:&quot;&quot;,&quot;camera&quot;:&quot;&quot;,&quot;caption&quot;:&quot;&quot;,&quot;created_timestamp&quot;:&quot;0&quot;,&quot;copyright&quot;:&quot;&quot;,&quot;focal_length&quot;:&quot;0&quot;,&quot;iso&quot;:&quot;0&quot;,&quot;shutter_speed&quot;:&quot;0&quot;,&quot;title&quot;:&quot;&quot;,&quot;orientation&quot;:&quot;0&quot;}\" data-image-title=\"IMG-20210924-WA0035\" data-image-description=\"\" data-image-caption=\"\" data-large-file=\"https:\/\/cloud.alqueria.es\/wp-content\/uploads\/sites\/9\/2021\/09\/IMG-20210924-WA0035.jpg\" class=\"alignright size-medium wp-image-51167\" src=\"https:\/\/cloud.alqueria.es\/wp-content\/uploads\/sites\/9\/2021\/09\/IMG-20210924-WA0035-300x169.jpg\" alt=\"\" width=\"300\" height=\"169\" srcset=\"https:\/\/cloud.alqueria.es\/wp-content\/uploads\/sites\/9\/2021\/09\/IMG-20210924-WA0035-300x169.jpg 300w, https:\/\/cloud.alqueria.es\/wp-content\/uploads\/sites\/9\/2021\/09\/IMG-20210924-WA0035-768x432.jpg 768w, https:\/\/cloud.alqueria.es\/wp-content\/uploads\/sites\/9\/2021\/09\/IMG-20210924-WA0035.jpg 1024w\" sizes=\"(max-width: 300px) 100vw, 300px\" \/><img decoding=\"async\" data-attachment-id=\"51171\" data-permalink=\"https:\/\/www.alqueria.es\/blogs\/alqueriaamarillanaranja\/2021\/09\/24\/viernes-muy-completo-en-la-clase-amarilla\/img-20210924-wa0032\/\" data-orig-file=\"https:\/\/cloud.alqueria.es\/wp-content\/uploads\/sites\/9\/2021\/09\/IMG-20210924-WA0032.jpg\" data-orig-size=\"1024,576\" data-comments-opened=\"1\" data-image-meta=\"{&quot;aperture&quot;:&quot;0&quot;,&quot;credit&quot;:&quot;&quot;,&quot;camera&quot;:&quot;&quot;,&quot;caption&quot;:&quot;&quot;,&quot;created_timestamp&quot;:&quot;0&quot;,&quot;copyright&quot;:&quot;&quot;,&quot;focal_length&quot;:&quot;0&quot;,&quot;iso&quot;:&quot;0&quot;,&quot;shutter_speed&quot;:&quot;0&quot;,&quot;title&quot;:&quot;&quot;,&quot;orientation&quot;:&quot;0&quot;}\" data-image-title=\"IMG-20210924-WA0032\" data-image-description=\"\" data-image-caption=\"\" data-large-file=\"https:\/\/cloud.alqueria.es\/wp-content\/uploads\/sites\/9\/2021\/09\/IMG-20210924-WA0032.jpg\" class=\"alignleft size-thumbnail wp-image-51171\" src=\"https:\/\/cloud.alqueria.es\/wp-content\/uploads\/sites\/9\/2021\/09\/IMG-20210924-WA0032-150x150.jpg\" alt=\"\" width=\"150\" height=\"150\" \/>Mientras se ha ido incorporando todo el grupo, tenemos un ratito de <strong><span style=\"color: #ff00ff\">trabajo motriz<\/span> <\/strong>con tableros de madera para seguir el trazo, con ellos desarrollamos la coordinaci\u00f3n \u00f3culo-manual y la habilidad manual. Tambi\u00e9n juegos para relacionar los colores con las formas y las cantidades.<\/p>\n<p>Una vez que se ha perdido el inter\u00e9s les propongo una <strong><span style=\"color: #ff00ff\">actividad sensorial<\/span><\/strong> con papel de celof\u00e1n en el que experimentamos con los diferentes colores mirando a trav\u00e9s de ellos, los arrugamos y nos gusta el sonido que producen y tambi\u00e9n probamos a pintar sobre ellos con tizas y ceras blandas.<\/p>\n<div class=\"tiled-gallery type-rectangular tiled-gallery-unresized\" data-original-width=\"474\" data-carousel-extra='{&quot;blog_id&quot;:9,&quot;permalink&quot;:&quot;https:\\\/\\\/www.alqueria.es\\\/blogs\\\/alqueriaamarillanaranja\\\/2021\\\/09\\\/24\\\/viernes-muy-completo-en-la-clase-amarilla\\\/&quot;,&quot;likes_blog_id&quot;:64271688}' itemscope itemtype=\"http:\/\/schema.org\/ImageGallery\" > <div class=\"gallery-row\" style=\"width: 474px; height: 109px;\" data-original-width=\"474\" data-original-height=\"109\" > <div class=\"gallery-group images-2\" style=\"width: 94px; height: 109px;\" data-original-width=\"94\" data-original-height=\"109\" > <div class=\"tiled-gallery-item tiled-gallery-item-small\" itemprop=\"associatedMedia\" itemscope itemtype=\"http:\/\/schema.org\/ImageObject\"> <a href=\"https:\/\/www.alqueria.es\/blogs\/alqueriaamarillanaranja\/2021\/09\/24\/viernes-muy-completo-en-la-clase-amarilla\/img-20210924-wa0028\/\" border=\"0\" itemprop=\"url\"> <meta itemprop=\"width\" content=\"90\"> <meta itemprop=\"height\" content=\"51\"> <img decoding=\"async\" class=\"\" data-attachment-id=\"51175\" data-orig-file=\"https:\/\/cloud.alqueria.es\/wp-content\/uploads\/sites\/9\/2021\/09\/IMG-20210924-WA0028.jpg\" data-orig-size=\"1024,576\" data-comments-opened=\"1\" data-image-meta=\"{&quot;aperture&quot;:&quot;0&quot;,&quot;credit&quot;:&quot;&quot;,&quot;camera&quot;:&quot;&quot;,&quot;caption&quot;:&quot;&quot;,&quot;created_timestamp&quot;:&quot;0&quot;,&quot;copyright&quot;:&quot;&quot;,&quot;focal_length&quot;:&quot;0&quot;,&quot;iso&quot;:&quot;0&quot;,&quot;shutter_speed&quot;:&quot;0&quot;,&quot;title&quot;:&quot;&quot;,&quot;orientation&quot;:&quot;0&quot;}\" data-image-title=\"IMG-20210924-WA0028\" data-image-description=\"\" data-medium-file=\"https:\/\/cloud.alqueria.es\/wp-content\/uploads\/sites\/9\/2021\/09\/IMG-20210924-WA0028-300x169.jpg\" data-large-file=\"https:\/\/cloud.alqueria.es\/wp-content\/uploads\/sites\/9\/2021\/09\/IMG-20210924-WA0028.jpg\" src=\"https:\/\/i0.wp.com\/cloud.alqueria.es\/wp-content\/uploads\/sites\/9\/2021\/09\/IMG-20210924-WA0028.jpg?w=90&#038;h=51&#038;ssl=1\" srcset=\"https:\/\/cloud.alqueria.es\/wp-content\/uploads\/sites\/9\/2021\/09\/IMG-20210924-WA0028.jpg 1024w, https:\/\/cloud.alqueria.es\/wp-content\/uploads\/sites\/9\/2021\/09\/IMG-20210924-WA0028-300x169.jpg 300w, https:\/\/cloud.alqueria.es\/wp-content\/uploads\/sites\/9\/2021\/09\/IMG-20210924-WA0028-768x432.jpg 768w, https:\/\/cloud.alqueria.es\/wp-content\/uploads\/sites\/9\/2021\/09\/IMG-20210924-WA0028-672x372.jpg 672w\" width=\"90\" height=\"51\" loading=\"lazy\" data-original-width=\"90\" data-original-height=\"51\" itemprop=\"http:\/\/schema.org\/image\" title=\"IMG-20210924-WA0028\" alt=\"IMG-20210924-WA0028\" style=\"width: 90px; height: 51px;\" \/> <\/a> <\/div> <div class=\"tiled-gallery-item tiled-gallery-item-small\" itemprop=\"associatedMedia\" itemscope itemtype=\"http:\/\/schema.org\/ImageObject\"> <a href=\"https:\/\/www.alqueria.es\/blogs\/alqueriaamarillanaranja\/2021\/09\/24\/viernes-muy-completo-en-la-clase-amarilla\/img-20210924-wa0029\/\" border=\"0\" itemprop=\"url\"> <meta itemprop=\"width\" content=\"90\"> <meta itemprop=\"height\" content=\"50\"> <img decoding=\"async\" class=\"\" data-attachment-id=\"51174\" data-orig-file=\"https:\/\/cloud.alqueria.es\/wp-content\/uploads\/sites\/9\/2021\/09\/IMG-20210924-WA0029.jpg\" data-orig-size=\"1024,576\" data-comments-opened=\"1\" data-image-meta=\"{&quot;aperture&quot;:&quot;0&quot;,&quot;credit&quot;:&quot;&quot;,&quot;camera&quot;:&quot;&quot;,&quot;caption&quot;:&quot;&quot;,&quot;created_timestamp&quot;:&quot;0&quot;,&quot;copyright&quot;:&quot;&quot;,&quot;focal_length&quot;:&quot;0&quot;,&quot;iso&quot;:&quot;0&quot;,&quot;shutter_speed&quot;:&quot;0&quot;,&quot;title&quot;:&quot;&quot;,&quot;orientation&quot;:&quot;0&quot;}\" data-image-title=\"IMG-20210924-WA0029\" data-image-description=\"\" data-medium-file=\"https:\/\/cloud.alqueria.es\/wp-content\/uploads\/sites\/9\/2021\/09\/IMG-20210924-WA0029-300x169.jpg\" data-large-file=\"https:\/\/cloud.alqueria.es\/wp-content\/uploads\/sites\/9\/2021\/09\/IMG-20210924-WA0029.jpg\" src=\"https:\/\/i0.wp.com\/cloud.alqueria.es\/wp-content\/uploads\/sites\/9\/2021\/09\/IMG-20210924-WA0029.jpg?w=90&#038;h=50&#038;ssl=1\" srcset=\"https:\/\/cloud.alqueria.es\/wp-content\/uploads\/sites\/9\/2021\/09\/IMG-20210924-WA0029.jpg 1024w, https:\/\/cloud.alqueria.es\/wp-content\/uploads\/sites\/9\/2021\/09\/IMG-20210924-WA0029-300x169.jpg 300w, https:\/\/cloud.alqueria.es\/wp-content\/uploads\/sites\/9\/2021\/09\/IMG-20210924-WA0029-768x432.jpg 768w, https:\/\/cloud.alqueria.es\/wp-content\/uploads\/sites\/9\/2021\/09\/IMG-20210924-WA0029-672x372.jpg 672w\" width=\"90\" height=\"50\" loading=\"lazy\" data-original-width=\"90\" data-original-height=\"50\" itemprop=\"http:\/\/schema.org\/image\" title=\"IMG-20210924-WA0029\" alt=\"IMG-20210924-WA0029\" style=\"width: 90px; height: 50px;\" \/> <\/a> <\/div> <\/div> <!-- close group --> <div class=\"gallery-group images-1\" style=\"width: 190px; height: 109px;\" data-original-width=\"190\" data-original-height=\"109\" > <div class=\"tiled-gallery-item tiled-gallery-item-small\" itemprop=\"associatedMedia\" itemscope itemtype=\"http:\/\/schema.org\/ImageObject\"> <a href=\"https:\/\/www.alqueria.es\/blogs\/alqueriaamarillanaranja\/2021\/09\/24\/viernes-muy-completo-en-la-clase-amarilla\/img-20210924-wa0031\/\" border=\"0\" itemprop=\"url\"> <meta itemprop=\"width\" content=\"186\"> <meta itemprop=\"height\" content=\"105\"> <img decoding=\"async\" class=\"\" data-attachment-id=\"51172\" data-orig-file=\"https:\/\/cloud.alqueria.es\/wp-content\/uploads\/sites\/9\/2021\/09\/IMG-20210924-WA0031.jpg\" data-orig-size=\"1024,576\" data-comments-opened=\"1\" data-image-meta=\"{&quot;aperture&quot;:&quot;0&quot;,&quot;credit&quot;:&quot;&quot;,&quot;camera&quot;:&quot;&quot;,&quot;caption&quot;:&quot;&quot;,&quot;created_timestamp&quot;:&quot;0&quot;,&quot;copyright&quot;:&quot;&quot;,&quot;focal_length&quot;:&quot;0&quot;,&quot;iso&quot;:&quot;0&quot;,&quot;shutter_speed&quot;:&quot;0&quot;,&quot;title&quot;:&quot;&quot;,&quot;orientation&quot;:&quot;0&quot;}\" data-image-title=\"IMG-20210924-WA0031\" data-image-description=\"\" data-medium-file=\"https:\/\/cloud.alqueria.es\/wp-content\/uploads\/sites\/9\/2021\/09\/IMG-20210924-WA0031-300x169.jpg\" data-large-file=\"https:\/\/cloud.alqueria.es\/wp-content\/uploads\/sites\/9\/2021\/09\/IMG-20210924-WA0031.jpg\" src=\"https:\/\/i0.wp.com\/cloud.alqueria.es\/wp-content\/uploads\/sites\/9\/2021\/09\/IMG-20210924-WA0031.jpg?w=186&#038;h=105&#038;ssl=1\" srcset=\"https:\/\/cloud.alqueria.es\/wp-content\/uploads\/sites\/9\/2021\/09\/IMG-20210924-WA0031.jpg 1024w, https:\/\/cloud.alqueria.es\/wp-content\/uploads\/sites\/9\/2021\/09\/IMG-20210924-WA0031-300x169.jpg 300w, https:\/\/cloud.alqueria.es\/wp-content\/uploads\/sites\/9\/2021\/09\/IMG-20210924-WA0031-768x432.jpg 768w\" width=\"186\" height=\"105\" loading=\"lazy\" data-original-width=\"186\" data-original-height=\"105\" itemprop=\"http:\/\/schema.org\/image\" title=\"IMG-20210924-WA0031\" alt=\"IMG-20210924-WA0031\" style=\"width: 186px; height: 105px;\" \/> <\/a> <\/div> <\/div> <!-- close group --> <div class=\"gallery-group images-1\" style=\"width: 190px; height: 109px;\" data-original-width=\"190\" data-original-height=\"109\" > <div class=\"tiled-gallery-item tiled-gallery-item-small\" itemprop=\"associatedMedia\" itemscope itemtype=\"http:\/\/schema.org\/ImageObject\"> <a href=\"https:\/\/www.alqueria.es\/blogs\/alqueriaamarillanaranja\/2021\/09\/24\/viernes-muy-completo-en-la-clase-amarilla\/img-20210924-wa0034\/\" border=\"0\" itemprop=\"url\"> <meta itemprop=\"width\" content=\"186\"> <meta itemprop=\"height\" content=\"105\"> <img decoding=\"async\" class=\"\" data-attachment-id=\"51170\" data-orig-file=\"https:\/\/cloud.alqueria.es\/wp-content\/uploads\/sites\/9\/2021\/09\/IMG-20210924-WA0034.jpg\" data-orig-size=\"1024,576\" data-comments-opened=\"1\" data-image-meta=\"{&quot;aperture&quot;:&quot;0&quot;,&quot;credit&quot;:&quot;&quot;,&quot;camera&quot;:&quot;&quot;,&quot;caption&quot;:&quot;&quot;,&quot;created_timestamp&quot;:&quot;0&quot;,&quot;copyright&quot;:&quot;&quot;,&quot;focal_length&quot;:&quot;0&quot;,&quot;iso&quot;:&quot;0&quot;,&quot;shutter_speed&quot;:&quot;0&quot;,&quot;title&quot;:&quot;&quot;,&quot;orientation&quot;:&quot;0&quot;}\" data-image-title=\"IMG-20210924-WA0034\" data-image-description=\"\" data-medium-file=\"https:\/\/cloud.alqueria.es\/wp-content\/uploads\/sites\/9\/2021\/09\/IMG-20210924-WA0034-300x169.jpg\" data-large-file=\"https:\/\/cloud.alqueria.es\/wp-content\/uploads\/sites\/9\/2021\/09\/IMG-20210924-WA0034.jpg\" src=\"https:\/\/i0.wp.com\/cloud.alqueria.es\/wp-content\/uploads\/sites\/9\/2021\/09\/IMG-20210924-WA0034.jpg?w=186&#038;h=105&#038;ssl=1\" srcset=\"https:\/\/cloud.alqueria.es\/wp-content\/uploads\/sites\/9\/2021\/09\/IMG-20210924-WA0034.jpg 1024w, https:\/\/cloud.alqueria.es\/wp-content\/uploads\/sites\/9\/2021\/09\/IMG-20210924-WA0034-300x169.jpg 300w, https:\/\/cloud.alqueria.es\/wp-content\/uploads\/sites\/9\/2021\/09\/IMG-20210924-WA0034-768x432.jpg 768w\" width=\"186\" height=\"105\" loading=\"lazy\" data-original-width=\"186\" data-original-height=\"105\" itemprop=\"http:\/\/schema.org\/image\" title=\"IMG-20210924-WA0034\" alt=\"IMG-20210924-WA0034\" style=\"width: 186px; height: 105px;\" \/> <\/a> <\/div> <\/div> <!-- close group --> <\/div> <!-- close row --> <\/div>\n<p><img decoding=\"async\" data-attachment-id=\"51173\" data-permalink=\"https:\/\/www.alqueria.es\/blogs\/alqueriaamarillanaranja\/2021\/09\/24\/viernes-muy-completo-en-la-clase-amarilla\/img-20210924-wa0030\/\" data-orig-file=\"https:\/\/cloud.alqueria.es\/wp-content\/uploads\/sites\/9\/2021\/09\/IMG-20210924-WA0030.jpg\" data-orig-size=\"1024,576\" data-comments-opened=\"1\" data-image-meta=\"{&quot;aperture&quot;:&quot;0&quot;,&quot;credit&quot;:&quot;&quot;,&quot;camera&quot;:&quot;&quot;,&quot;caption&quot;:&quot;&quot;,&quot;created_timestamp&quot;:&quot;0&quot;,&quot;copyright&quot;:&quot;&quot;,&quot;focal_length&quot;:&quot;0&quot;,&quot;iso&quot;:&quot;0&quot;,&quot;shutter_speed&quot;:&quot;0&quot;,&quot;title&quot;:&quot;&quot;,&quot;orientation&quot;:&quot;0&quot;}\" data-image-title=\"IMG-20210924-WA0030\" data-image-description=\"\" data-image-caption=\"\" data-large-file=\"https:\/\/cloud.alqueria.es\/wp-content\/uploads\/sites\/9\/2021\/09\/IMG-20210924-WA0030.jpg\" class=\"alignleft size-medium wp-image-51173\" src=\"https:\/\/cloud.alqueria.es\/wp-content\/uploads\/sites\/9\/2021\/09\/IMG-20210924-WA0030-300x169.jpg\" alt=\"\" width=\"300\" height=\"169\" srcset=\"https:\/\/cloud.alqueria.es\/wp-content\/uploads\/sites\/9\/2021\/09\/IMG-20210924-WA0030-300x169.jpg 300w, https:\/\/cloud.alqueria.es\/wp-content\/uploads\/sites\/9\/2021\/09\/IMG-20210924-WA0030-768x432.jpg 768w, https:\/\/cloud.alqueria.es\/wp-content\/uploads\/sites\/9\/2021\/09\/IMG-20210924-WA0030.jpg 1024w\" sizes=\"(max-width: 300px) 100vw, 300px\" \/>Sus trabajos han quedado expuestos en las ventanas y en el momento que han entrado los rayos del sol, se han dado cuenta que hab\u00eda colores en el suelo \u00a1\u00a1OHHHHH!! Qu\u00e9 bonita se ve nuestra clase con tanto colorido.<\/p>\n<p>Nuestra <strong><span style=\"color: #0000ff\">Asamblea<\/span><\/strong> adem\u00e1s de\u00a0 para tomarnos la fruta, que hoy reparte <span style=\"color: #ff00ff\">ELVIRA,<span style=\"color: #333333\"> es un momento para cantar canciones, recitar poes\u00edas, hablar de las emociones o de cosas que a ellos se les ocurren. Hoy ponemos en nuestro corcho una poes\u00eda muy bonita del Oto\u00f1o ( estaci\u00f3n que nos acompa\u00f1ar\u00e1 durante este primer trimestre) y que aprender\u00e1n poco a poco.<\/span><\/span><\/p>\n<p><img decoding=\"async\" data-attachment-id=\"51168\" data-permalink=\"https:\/\/www.alqueria.es\/blogs\/alqueriaamarillanaranja\/2021\/09\/24\/viernes-muy-completo-en-la-clase-amarilla\/img-20210924-wa0033\/\" data-orig-file=\"https:\/\/cloud.alqueria.es\/wp-content\/uploads\/sites\/9\/2021\/09\/IMG-20210924-WA0033.jpg\" data-orig-size=\"1024,576\" data-comments-opened=\"1\" data-image-meta=\"{&quot;aperture&quot;:&quot;0&quot;,&quot;credit&quot;:&quot;&quot;,&quot;camera&quot;:&quot;&quot;,&quot;caption&quot;:&quot;&quot;,&quot;created_timestamp&quot;:&quot;0&quot;,&quot;copyright&quot;:&quot;&quot;,&quot;focal_length&quot;:&quot;0&quot;,&quot;iso&quot;:&quot;0&quot;,&quot;shutter_speed&quot;:&quot;0&quot;,&quot;title&quot;:&quot;&quot;,&quot;orientation&quot;:&quot;0&quot;}\" data-image-title=\"IMG-20210924-WA0033\" data-image-description=\"\" data-image-caption=\"\" data-large-file=\"https:\/\/cloud.alqueria.es\/wp-content\/uploads\/sites\/9\/2021\/09\/IMG-20210924-WA0033.jpg\" class=\"aligncenter size-full wp-image-51168\" src=\"https:\/\/cloud.alqueria.es\/wp-content\/uploads\/sites\/9\/2021\/09\/IMG-20210924-WA0033.jpg\" alt=\"\" width=\"1024\" height=\"576\" srcset=\"https:\/\/cloud.alqueria.es\/wp-content\/uploads\/sites\/9\/2021\/09\/IMG-20210924-WA0033.jpg 1024w, https:\/\/cloud.alqueria.es\/wp-content\/uploads\/sites\/9\/2021\/09\/IMG-20210924-WA0033-300x169.jpg 300w, https:\/\/cloud.alqueria.es\/wp-content\/uploads\/sites\/9\/2021\/09\/IMG-20210924-WA0033-768x432.jpg 768w\" sizes=\"(max-width: 1024px) 100vw, 1024px\" \/><\/p>\n<p>Para terminar os cuento que hemos completado nuestro rinc\u00f3n de las estaciones y las fechas de cumplea\u00f1os, para que cada uno sepa en qu\u00e9 estaci\u00f3n celebraremos este d\u00eda tan especial.<\/p>\n<p><img decoding=\"async\" data-attachment-id=\"51169\" data-permalink=\"https:\/\/www.alqueria.es\/blogs\/alqueriaamarillanaranja\/2021\/09\/24\/viernes-muy-completo-en-la-clase-amarilla\/img-20210924-wa0027\/\" data-orig-file=\"https:\/\/cloud.alqueria.es\/wp-content\/uploads\/sites\/9\/2021\/09\/IMG-20210924-WA0027.jpg\" data-orig-size=\"1024,576\" data-comments-opened=\"1\" data-image-meta=\"{&quot;aperture&quot;:&quot;0&quot;,&quot;credit&quot;:&quot;&quot;,&quot;camera&quot;:&quot;&quot;,&quot;caption&quot;:&quot;&quot;,&quot;created_timestamp&quot;:&quot;0&quot;,&quot;copyright&quot;:&quot;&quot;,&quot;focal_length&quot;:&quot;0&quot;,&quot;iso&quot;:&quot;0&quot;,&quot;shutter_speed&quot;:&quot;0&quot;,&quot;title&quot;:&quot;&quot;,&quot;orientation&quot;:&quot;0&quot;}\" data-image-title=\"IMG-20210924-WA0027\" data-image-description=\"\" data-image-caption=\"\" data-large-file=\"https:\/\/cloud.alqueria.es\/wp-content\/uploads\/sites\/9\/2021\/09\/IMG-20210924-WA0027.jpg\" class=\"aligncenter size-full wp-image-51169\" src=\"https:\/\/cloud.alqueria.es\/wp-content\/uploads\/sites\/9\/2021\/09\/IMG-20210924-WA0027.jpg\" alt=\"\" width=\"1024\" height=\"576\" srcset=\"https:\/\/cloud.alqueria.es\/wp-content\/uploads\/sites\/9\/2021\/09\/IMG-20210924-WA0027.jpg 1024w, https:\/\/cloud.alqueria.es\/wp-content\/uploads\/sites\/9\/2021\/09\/IMG-20210924-WA0027-300x169.jpg 300w, https:\/\/cloud.alqueria.es\/wp-content\/uploads\/sites\/9\/2021\/09\/IMG-20210924-WA0027-768x432.jpg 768w\" sizes=\"(max-width: 1024px) 100vw, 1024px\" \/><\/p>\n<p>Me despido con esta foto en la que pod\u00e9is ver lo mayores que son haciendo el tren para desplazarnos por los espacios exteriores.<\/p>\n<p><img decoding=\"async\" data-attachment-id=\"51176\" data-permalink=\"https:\/\/www.alqueria.es\/blogs\/alqueriaamarillanaranja\/2021\/09\/24\/viernes-muy-completo-en-la-clase-amarilla\/img-20210924-wa0026\/\" data-orig-file=\"https:\/\/cloud.alqueria.es\/wp-content\/uploads\/sites\/9\/2021\/09\/IMG-20210924-WA0026.jpg\" data-orig-size=\"576,1024\" data-comments-opened=\"1\" data-image-meta=\"{&quot;aperture&quot;:&quot;0&quot;,&quot;credit&quot;:&quot;&quot;,&quot;camera&quot;:&quot;&quot;,&quot;caption&quot;:&quot;&quot;,&quot;created_timestamp&quot;:&quot;0&quot;,&quot;copyright&quot;:&quot;&quot;,&quot;focal_length&quot;:&quot;0&quot;,&quot;iso&quot;:&quot;0&quot;,&quot;shutter_speed&quot;:&quot;0&quot;,&quot;title&quot;:&quot;&quot;,&quot;orientation&quot;:&quot;0&quot;}\" data-image-title=\"IMG-20210924-WA0026\" data-image-description=\"\" data-image-caption=\"\" data-large-file=\"https:\/\/cloud.alqueria.es\/wp-content\/uploads\/sites\/9\/2021\/09\/IMG-20210924-WA0026.jpg\" class=\"aligncenter size-full wp-image-51176\" src=\"https:\/\/cloud.alqueria.es\/wp-content\/uploads\/sites\/9\/2021\/09\/IMG-20210924-WA0026.jpg\" alt=\"\" width=\"576\" height=\"1024\" srcset=\"https:\/\/cloud.alqueria.es\/wp-content\/uploads\/sites\/9\/2021\/09\/IMG-20210924-WA0026.jpg 576w, https:\/\/cloud.alqueria.es\/wp-content\/uploads\/sites\/9\/2021\/09\/IMG-20210924-WA0026-169x300.jpg 169w\" sizes=\"(max-width: 576px) 100vw, 576px\" \/><\/p>\n<p>\u00a1\u00a1BUEN FIN DE SEMANA!!<\/p>\n<p>VOLVEMOS EL LUNES.<\/p>\n<p>Saludos<\/p>\n<p>Carmen Jim\u00e9nez<\/p>\n","protected":false},"excerpt":{"rendered":"<p>Hola familias, Llegamos al final de la semana con un d\u00eda muy completo en cuanto a actividades se refiere. Mientras se ha ido incorporando todo el grupo, tenemos un ratito de trabajo motriz con tableros de madera para seguir el trazo, con ellos desarrollamos la coordinaci\u00f3n \u00f3culo-manual y la habilidad manual. Tambi\u00e9n juegos para relacionar &hellip; <a href=\"https:\/\/www.alqueria.es\/blogs\/alqueriaamarillanaranja\/2021\/09\/24\/viernes-muy-completo-en-la-clase-amarilla\/\" class=\"more-link\">Seguir leyendo <span class=\"screen-reader-text\">\u00a1\u00a1VIERNES MUY COMPLETO EN LA CLASE AMARILLA!!<\/span> <span class=\"meta-nav\">&rarr;<\/span><\/a><\/p>\n","protected":false},"author":23,"featured_media":0,"comment_status":"open","ping_status":"open","sticky":false,"template":"","format":"standard","meta":{"jetpack_post_was_ever_published":false,"_jetpack_newsletter_access":"","_jetpack_dont_email_post_to_subs":false,"_jetpack_newsletter_tier_id":0,"_jetpack_memberships_contains_paywalled_content":false,"_jetpack_memberships_contains_paid_content":false,"footnotes":"","jetpack_publicize_message":"","jetpack_publicize_feature_enabled":true,"jetpack_social_post_already_shared":true,"jetpack_social_options":{"image_generator_settings":{"template":"highway","default_image_id":0,"font":"","enabled":false},"version":2}},"categories":[383,6,9],"tags":[292,604,706],"class_list":["post-51166","post","type-post","status-publish","format-standard","hentry","category-adaptacion","category-clase-amarilla","category-diario-clase-amarilla","tag-actividades-psicomotrices","tag-actividades-sensoriales","tag-preescritura"],"jetpack_publicize_connections":[],"jetpack_featured_media_url":"","jetpack_sharing_enabled":true,"jetpack_shortlink":"https:\/\/wp.me\/p4lG08-djg","jetpack-related-posts":[],"_links":{"self":[{"href":"https:\/\/www.alqueria.es\/blogs\/alqueriaamarillanaranja\/wp-json\/wp\/v2\/posts\/51166","targetHints":{"allow":["GET"]}}],"collection":[{"href":"https:\/\/www.alqueria.es\/blogs\/alqueriaamarillanaranja\/wp-json\/wp\/v2\/posts"}],"about":[{"href":"https:\/\/www.alqueria.es\/blogs\/alqueriaamarillanaranja\/wp-json\/wp\/v2\/types\/post"}],"author":[{"embeddable":true,"href":"https:\/\/www.alqueria.es\/blogs\/alqueriaamarillanaranja\/wp-json\/wp\/v2\/users\/23"}],"replies":[{"embeddable":true,"href":"https:\/\/www.alqueria.es\/blogs\/alqueriaamarillanaranja\/wp-json\/wp\/v2\/comments?post=51166"}],"version-history":[{"count":3,"href":"https:\/\/www.alqueria.es\/blogs\/alqueriaamarillanaranja\/wp-json\/wp\/v2\/posts\/51166\/revisions"}],"predecessor-version":[{"id":51179,"href":"https:\/\/www.alqueria.es\/blogs\/alqueriaamarillanaranja\/wp-json\/wp\/v2\/posts\/51166\/revisions\/51179"}],"wp:attachment":[{"href":"https:\/\/www.alqueria.es\/blogs\/alqueriaamarillanaranja\/wp-json\/wp\/v2\/media?parent=51166"}],"wp:term":[{"taxonomy":"category","embeddable":true,"href":"https:\/\/www.alqueria.es\/blogs\/alqueriaamarillanaranja\/wp-json\/wp\/v2\/categories?post=51166"},{"taxonomy":"post_tag","embeddable":true,"href":"https:\/\/www.alqueria.es\/blogs\/alqueriaamarillanaranja\/wp-json\/wp\/v2\/tags?post=51166"}],"curies":[{"name":"wp","href":"https:\/\/api.w.org\/{rel}","templated":true}]}}