{"id":52116,"date":"2021-11-02T17:34:47","date_gmt":"2021-11-02T16:34:47","guid":{"rendered":"https:\/\/www.alqueria.es\/blogs\/alqueriaamarillanaranja\/?p=52116"},"modified":"2021-11-02T17:34:47","modified_gmt":"2021-11-02T16:34:47","slug":"cartel-fiesta-de-otono-2","status":"publish","type":"post","link":"https:\/\/www.alqueria.es\/blogs\/alqueriaamarillanaranja\/2021\/11\/02\/cartel-fiesta-de-otono-2\/","title":{"rendered":"CARTEL: \u00abFIESTA DE OTO\u00d1O\u00bb"},"content":{"rendered":"<p>Buenas tardes familias,<\/p>\n<p>Estamos inmersos en los preparativos y decoraci\u00f3n para el viernes que ser\u00e1 nuestra FIESTA DEL OTO\u00d1O.<\/p>\n<p>Hoy el grupo amarillo tiene mucho trabajo por hacer desde primera hora de la ma\u00f1ana.<\/p>\n<p>Comenzamos con las <strong><span style=\"color: #ff6600\">propuestas de juego<\/span><\/strong>: los <span style=\"color: #ff6600\">beb\u00e9s<\/span> y la <span style=\"color: #ff6600\">cocinita<\/span> ha sido lo que m\u00e1s han preferido y alg\u00fan que otro coche. Es sorprendente como se organizan en el momento de juego y se agrupan en peque\u00f1os grupos o en paralelo. Sus interacciones tambi\u00e9n van aumentando y se comunican oralmente entre ellos y ellas \u00a1\u00a1QU\u00c9 MAYORES!!<\/p>\n<p class=\"jetpack-slideshow-noscript robots-nocontent\">El pase de diapositivas requiere JavaScript.<\/p><div id=\"gallery-52116-1-slideshow\" class=\"jetpack-slideshow-window jetpack-slideshow jetpack-slideshow-black\" data-trans=\"fade\" data-autostart=\"1\" data-gallery=\"[{&quot;src&quot;:&quot;https:\\\/\\\/cloud.alqueria.es\\\/wp-content\\\/uploads\\\/sites\\\/9\\\/2021\\\/11\\\/IMG-20211102-WA0025.jpg&quot;,&quot;id&quot;:&quot;52146&quot;,&quot;title&quot;:&quot;IMG-20211102-WA0025&quot;,&quot;alt&quot;:&quot;&quot;,&quot;caption&quot;:&quot;&quot;,&quot;itemprop&quot;:&quot;image&quot;},{&quot;src&quot;:&quot;https:\\\/\\\/cloud.alqueria.es\\\/wp-content\\\/uploads\\\/sites\\\/9\\\/2021\\\/11\\\/IMG-20211102-WA0023.jpg&quot;,&quot;id&quot;:&quot;52144&quot;,&quot;title&quot;:&quot;IMG-20211102-WA0023&quot;,&quot;alt&quot;:&quot;&quot;,&quot;caption&quot;:&quot;&quot;,&quot;itemprop&quot;:&quot;image&quot;},{&quot;src&quot;:&quot;https:\\\/\\\/cloud.alqueria.es\\\/wp-content\\\/uploads\\\/sites\\\/9\\\/2021\\\/11\\\/IMG-20211102-WA0021.jpg&quot;,&quot;id&quot;:&quot;52142&quot;,&quot;title&quot;:&quot;IMG-20211102-WA0021&quot;,&quot;alt&quot;:&quot;&quot;,&quot;caption&quot;:&quot;&quot;,&quot;itemprop&quot;:&quot;image&quot;},{&quot;src&quot;:&quot;https:\\\/\\\/cloud.alqueria.es\\\/wp-content\\\/uploads\\\/sites\\\/9\\\/2021\\\/11\\\/IMG-20211102-WA0019.jpg&quot;,&quot;id&quot;:&quot;52140&quot;,&quot;title&quot;:&quot;IMG-20211102-WA0019&quot;,&quot;alt&quot;:&quot;&quot;,&quot;caption&quot;:&quot;&quot;,&quot;itemprop&quot;:&quot;image&quot;},{&quot;src&quot;:&quot;https:\\\/\\\/cloud.alqueria.es\\\/wp-content\\\/uploads\\\/sites\\\/9\\\/2021\\\/11\\\/IMG-20211102-WA0018.jpg&quot;,&quot;id&quot;:&quot;52139&quot;,&quot;title&quot;:&quot;IMG-20211102-WA0018&quot;,&quot;alt&quot;:&quot;&quot;,&quot;caption&quot;:&quot;&quot;,&quot;itemprop&quot;:&quot;image&quot;},{&quot;src&quot;:&quot;https:\\\/\\\/cloud.alqueria.es\\\/wp-content\\\/uploads\\\/sites\\\/9\\\/2021\\\/11\\\/IMG-20211102-WA0017.jpg&quot;,&quot;id&quot;:&quot;52138&quot;,&quot;title&quot;:&quot;IMG-20211102-WA0017&quot;,&quot;alt&quot;:&quot;&quot;,&quot;caption&quot;:&quot;&quot;,&quot;itemprop&quot;:&quot;image&quot;}]\" itemscope itemtype=\"https:\/\/schema.org\/ImageGallery\"><\/div>\n<p>Despu\u00e9s de recoger, realizamos la <strong><span style=\"color: #ff6600\">Asamblea de la fruta<\/span><\/strong>, en la que leemos las cartas del fin de semana aportadas por Elena, Aimar, Ana y Maya. Les hace mucha ilusi\u00f3n que\u00a0 las lea y les vaya preguntando cosas, se quedan muy sorprendidos y\u00a0 saben responder perfectamente. Tambi\u00e9n vemos unas hojas de oto\u00f1o de color rojo que les traigo para decorar la clase y cantamos la canci\u00f3n del oto\u00f1o. Hoy reparte la fruta como S\u00faper <span style=\"color: #ff00ff\">Elena<\/span>.<\/p>\n<p>Aqu\u00ed os dejo un v\u00eddeo del momento de la asamblea:<\/p>\n<p>https:\/\/vimeo.com\/641523444<\/p>\n<p>Tras este momento, llevamos a cabo un <strong><span style=\"color: #ff6600\">taller cooperativo<\/span><\/strong>\u00a0 junto al grupo azul en el que pintamos con rodillos el fondo del cartel que nos anuncia el d\u00eda de nuestra fiesta de Oto\u00f1o. Los colores utilizados son los propios de esta estaci\u00f3n que nos acompa\u00f1a y que ya s\u00ed notamos en el ambiente m\u00e1s fr\u00edo y lluvioso.<\/p>\n<p>Han trabajado mucho y con mucha atenci\u00f3n a la actividad. Les encanta pintar con los rodillos, siendo \u00e9ste un material muy apropiado para estas edades.<\/p>\n<div class=\"tiled-gallery type-rectangular tiled-gallery-unresized\" data-original-width=\"474\" data-carousel-extra='{&quot;blog_id&quot;:9,&quot;permalink&quot;:&quot;https:\\\/\\\/www.alqueria.es\\\/blogs\\\/alqueriaamarillanaranja\\\/2021\\\/11\\\/02\\\/cartel-fiesta-de-otono-2\\\/&quot;,&quot;likes_blog_id&quot;:64271688}' itemscope itemtype=\"http:\/\/schema.org\/ImageGallery\" > <div class=\"gallery-row\" style=\"width: 474px; height: 180px;\" data-original-width=\"474\" data-original-height=\"180\" > <div class=\"gallery-group images-2\" style=\"width: 157px; height: 180px;\" data-original-width=\"157\" data-original-height=\"180\" > <div class=\"tiled-gallery-item tiled-gallery-item-small\" itemprop=\"associatedMedia\" itemscope itemtype=\"http:\/\/schema.org\/ImageObject\"> <a href=\"https:\/\/www.alqueria.es\/blogs\/alqueriaamarillanaranja\/2021\/11\/02\/cartel-fiesta-de-otono-2\/img-20211102-wa0024\/\" border=\"0\" itemprop=\"url\"> <meta itemprop=\"width\" content=\"153\"> <meta itemprop=\"height\" content=\"86\"> <img decoding=\"async\" class=\"\" data-attachment-id=\"52145\" data-orig-file=\"https:\/\/cloud.alqueria.es\/wp-content\/uploads\/sites\/9\/2021\/11\/IMG-20211102-WA0024.jpg\" data-orig-size=\"2048,1152\" data-comments-opened=\"1\" data-image-meta=\"{&quot;aperture&quot;:&quot;0&quot;,&quot;credit&quot;:&quot;&quot;,&quot;camera&quot;:&quot;&quot;,&quot;caption&quot;:&quot;&quot;,&quot;created_timestamp&quot;:&quot;0&quot;,&quot;copyright&quot;:&quot;&quot;,&quot;focal_length&quot;:&quot;0&quot;,&quot;iso&quot;:&quot;0&quot;,&quot;shutter_speed&quot;:&quot;0&quot;,&quot;title&quot;:&quot;&quot;,&quot;orientation&quot;:&quot;0&quot;}\" data-image-title=\"IMG-20211102-WA0024\" data-image-description=\"\" data-medium-file=\"https:\/\/cloud.alqueria.es\/wp-content\/uploads\/sites\/9\/2021\/11\/IMG-20211102-WA0024-300x169.jpg\" data-large-file=\"https:\/\/cloud.alqueria.es\/wp-content\/uploads\/sites\/9\/2021\/11\/IMG-20211102-WA0024-1024x576.jpg\" src=\"https:\/\/i0.wp.com\/cloud.alqueria.es\/wp-content\/uploads\/sites\/9\/2021\/11\/IMG-20211102-WA0024.jpg?w=153&#038;h=86&#038;ssl=1\" srcset=\"https:\/\/cloud.alqueria.es\/wp-content\/uploads\/sites\/9\/2021\/11\/IMG-20211102-WA0024.jpg 2048w, https:\/\/cloud.alqueria.es\/wp-content\/uploads\/sites\/9\/2021\/11\/IMG-20211102-WA0024-300x169.jpg 300w, https:\/\/cloud.alqueria.es\/wp-content\/uploads\/sites\/9\/2021\/11\/IMG-20211102-WA0024-1024x576.jpg 1024w, https:\/\/cloud.alqueria.es\/wp-content\/uploads\/sites\/9\/2021\/11\/IMG-20211102-WA0024-768x432.jpg 768w, https:\/\/cloud.alqueria.es\/wp-content\/uploads\/sites\/9\/2021\/11\/IMG-20211102-WA0024-1536x864.jpg 1536w, https:\/\/cloud.alqueria.es\/wp-content\/uploads\/sites\/9\/2021\/11\/IMG-20211102-WA0024-672x372.jpg 672w, https:\/\/cloud.alqueria.es\/wp-content\/uploads\/sites\/9\/2021\/11\/IMG-20211102-WA0024-1038x576.jpg 1038w\" width=\"153\" height=\"86\" loading=\"lazy\" data-original-width=\"153\" data-original-height=\"86\" itemprop=\"http:\/\/schema.org\/image\" title=\"IMG-20211102-WA0024\" alt=\"IMG-20211102-WA0024\" style=\"width: 153px; height: 86px;\" \/> <\/a> <\/div> <div class=\"tiled-gallery-item tiled-gallery-item-small\" itemprop=\"associatedMedia\" itemscope itemtype=\"http:\/\/schema.org\/ImageObject\"> <a href=\"https:\/\/www.alqueria.es\/blogs\/alqueriaamarillanaranja\/2021\/11\/02\/cartel-fiesta-de-otono-2\/img-20211102-wa0022\/\" border=\"0\" itemprop=\"url\"> <meta itemprop=\"width\" content=\"153\"> <meta itemprop=\"height\" content=\"86\"> <img decoding=\"async\" class=\"\" data-attachment-id=\"52143\" data-orig-file=\"https:\/\/cloud.alqueria.es\/wp-content\/uploads\/sites\/9\/2021\/11\/IMG-20211102-WA0022.jpg\" data-orig-size=\"2048,1152\" data-comments-opened=\"1\" data-image-meta=\"{&quot;aperture&quot;:&quot;0&quot;,&quot;credit&quot;:&quot;&quot;,&quot;camera&quot;:&quot;&quot;,&quot;caption&quot;:&quot;&quot;,&quot;created_timestamp&quot;:&quot;0&quot;,&quot;copyright&quot;:&quot;&quot;,&quot;focal_length&quot;:&quot;0&quot;,&quot;iso&quot;:&quot;0&quot;,&quot;shutter_speed&quot;:&quot;0&quot;,&quot;title&quot;:&quot;&quot;,&quot;orientation&quot;:&quot;0&quot;}\" data-image-title=\"IMG-20211102-WA0022\" data-image-description=\"\" data-medium-file=\"https:\/\/cloud.alqueria.es\/wp-content\/uploads\/sites\/9\/2021\/11\/IMG-20211102-WA0022-300x169.jpg\" data-large-file=\"https:\/\/cloud.alqueria.es\/wp-content\/uploads\/sites\/9\/2021\/11\/IMG-20211102-WA0022-1024x576.jpg\" src=\"https:\/\/i0.wp.com\/cloud.alqueria.es\/wp-content\/uploads\/sites\/9\/2021\/11\/IMG-20211102-WA0022.jpg?w=153&#038;h=86&#038;ssl=1\" srcset=\"https:\/\/cloud.alqueria.es\/wp-content\/uploads\/sites\/9\/2021\/11\/IMG-20211102-WA0022.jpg 2048w, https:\/\/cloud.alqueria.es\/wp-content\/uploads\/sites\/9\/2021\/11\/IMG-20211102-WA0022-300x169.jpg 300w, https:\/\/cloud.alqueria.es\/wp-content\/uploads\/sites\/9\/2021\/11\/IMG-20211102-WA0022-1024x576.jpg 1024w, https:\/\/cloud.alqueria.es\/wp-content\/uploads\/sites\/9\/2021\/11\/IMG-20211102-WA0022-768x432.jpg 768w, https:\/\/cloud.alqueria.es\/wp-content\/uploads\/sites\/9\/2021\/11\/IMG-20211102-WA0022-1536x864.jpg 1536w, https:\/\/cloud.alqueria.es\/wp-content\/uploads\/sites\/9\/2021\/11\/IMG-20211102-WA0022-672x372.jpg 672w, https:\/\/cloud.alqueria.es\/wp-content\/uploads\/sites\/9\/2021\/11\/IMG-20211102-WA0022-1038x576.jpg 1038w\" width=\"153\" height=\"86\" loading=\"lazy\" data-original-width=\"153\" data-original-height=\"86\" itemprop=\"http:\/\/schema.org\/image\" title=\"IMG-20211102-WA0022\" alt=\"IMG-20211102-WA0022\" style=\"width: 153px; height: 86px;\" \/> <\/a> <\/div> <\/div> <!-- close group --> <div class=\"gallery-group images-1\" style=\"width: 317px; height: 180px;\" data-original-width=\"317\" data-original-height=\"180\" > <div class=\"tiled-gallery-item tiled-gallery-item-large\" itemprop=\"associatedMedia\" itemscope itemtype=\"http:\/\/schema.org\/ImageObject\"> <a href=\"https:\/\/www.alqueria.es\/blogs\/alqueriaamarillanaranja\/2021\/11\/02\/cartel-fiesta-de-otono-2\/img-20211102-wa0020\/\" border=\"0\" itemprop=\"url\"> <meta itemprop=\"width\" content=\"313\"> <meta itemprop=\"height\" content=\"176\"> <img decoding=\"async\" class=\"\" data-attachment-id=\"52141\" data-orig-file=\"https:\/\/cloud.alqueria.es\/wp-content\/uploads\/sites\/9\/2021\/11\/IMG-20211102-WA0020.jpg\" data-orig-size=\"2048,1152\" data-comments-opened=\"1\" data-image-meta=\"{&quot;aperture&quot;:&quot;0&quot;,&quot;credit&quot;:&quot;&quot;,&quot;camera&quot;:&quot;&quot;,&quot;caption&quot;:&quot;&quot;,&quot;created_timestamp&quot;:&quot;0&quot;,&quot;copyright&quot;:&quot;&quot;,&quot;focal_length&quot;:&quot;0&quot;,&quot;iso&quot;:&quot;0&quot;,&quot;shutter_speed&quot;:&quot;0&quot;,&quot;title&quot;:&quot;&quot;,&quot;orientation&quot;:&quot;0&quot;}\" data-image-title=\"IMG-20211102-WA0020\" data-image-description=\"\" data-medium-file=\"https:\/\/cloud.alqueria.es\/wp-content\/uploads\/sites\/9\/2021\/11\/IMG-20211102-WA0020-300x169.jpg\" data-large-file=\"https:\/\/cloud.alqueria.es\/wp-content\/uploads\/sites\/9\/2021\/11\/IMG-20211102-WA0020-1024x576.jpg\" src=\"https:\/\/i0.wp.com\/cloud.alqueria.es\/wp-content\/uploads\/sites\/9\/2021\/11\/IMG-20211102-WA0020.jpg?w=313&#038;h=176&#038;ssl=1\" srcset=\"https:\/\/cloud.alqueria.es\/wp-content\/uploads\/sites\/9\/2021\/11\/IMG-20211102-WA0020.jpg 2048w, https:\/\/cloud.alqueria.es\/wp-content\/uploads\/sites\/9\/2021\/11\/IMG-20211102-WA0020-300x169.jpg 300w, https:\/\/cloud.alqueria.es\/wp-content\/uploads\/sites\/9\/2021\/11\/IMG-20211102-WA0020-1024x576.jpg 1024w, https:\/\/cloud.alqueria.es\/wp-content\/uploads\/sites\/9\/2021\/11\/IMG-20211102-WA0020-768x432.jpg 768w, https:\/\/cloud.alqueria.es\/wp-content\/uploads\/sites\/9\/2021\/11\/IMG-20211102-WA0020-1536x864.jpg 1536w\" width=\"313\" height=\"176\" loading=\"lazy\" data-original-width=\"313\" data-original-height=\"176\" itemprop=\"http:\/\/schema.org\/image\" title=\"IMG-20211102-WA0020\" alt=\"IMG-20211102-WA0020\" style=\"width: 313px; height: 176px;\" \/> <\/a> <\/div> <\/div> <!-- close group --> <\/div> <!-- close row --> <\/div>\n<p>Como no podemos salir al Parque porque estaba muy mojado de la lluvia del fin de semana, nos quedamos en clase compartiendo canciones y juegos con el grupo azul hasta la hora de la comida.<\/p>\n<p><img decoding=\"async\" data-attachment-id=\"52147\" data-permalink=\"https:\/\/www.alqueria.es\/blogs\/alqueriaamarillanaranja\/2021\/11\/02\/cartel-fiesta-de-otono-2\/img-20211102-wa0026\/\" data-orig-file=\"https:\/\/cloud.alqueria.es\/wp-content\/uploads\/sites\/9\/2021\/11\/IMG-20211102-WA0026.jpg\" data-orig-size=\"2048,1051\" data-comments-opened=\"1\" data-image-meta=\"{&quot;aperture&quot;:&quot;0&quot;,&quot;credit&quot;:&quot;&quot;,&quot;camera&quot;:&quot;&quot;,&quot;caption&quot;:&quot;&quot;,&quot;created_timestamp&quot;:&quot;0&quot;,&quot;copyright&quot;:&quot;&quot;,&quot;focal_length&quot;:&quot;0&quot;,&quot;iso&quot;:&quot;0&quot;,&quot;shutter_speed&quot;:&quot;0&quot;,&quot;title&quot;:&quot;&quot;,&quot;orientation&quot;:&quot;0&quot;}\" data-image-title=\"IMG-20211102-WA0026\" data-image-description=\"\" data-image-caption=\"\" data-large-file=\"https:\/\/cloud.alqueria.es\/wp-content\/uploads\/sites\/9\/2021\/11\/IMG-20211102-WA0026-1024x526.jpg\" class=\"aligncenter size-full wp-image-52147\" src=\"https:\/\/cloud.alqueria.es\/wp-content\/uploads\/sites\/9\/2021\/11\/IMG-20211102-WA0026.jpg\" alt=\"\" width=\"2048\" height=\"1051\" srcset=\"https:\/\/cloud.alqueria.es\/wp-content\/uploads\/sites\/9\/2021\/11\/IMG-20211102-WA0026.jpg 2048w, https:\/\/cloud.alqueria.es\/wp-content\/uploads\/sites\/9\/2021\/11\/IMG-20211102-WA0026-300x154.jpg 300w, https:\/\/cloud.alqueria.es\/wp-content\/uploads\/sites\/9\/2021\/11\/IMG-20211102-WA0026-1024x526.jpg 1024w, https:\/\/cloud.alqueria.es\/wp-content\/uploads\/sites\/9\/2021\/11\/IMG-20211102-WA0026-768x394.jpg 768w, https:\/\/cloud.alqueria.es\/wp-content\/uploads\/sites\/9\/2021\/11\/IMG-20211102-WA0026-1536x788.jpg 1536w\" sizes=\"(max-width: 2048px) 100vw, 2048px\" \/><\/p>\n<p>Por la tarde, tras la siesta, puzles y merienda.<\/p>\n<p>Ma\u00f1ana m\u00e1s&#8230;.<\/p>\n<p>Que pas\u00e9is una buena tarde.<\/p>\n<p>Un saludo<\/p>\n<p>Carmen Jim\u00e9nez<\/p>\n<p>&nbsp;<\/p>\n","protected":false},"excerpt":{"rendered":"<p>Buenas tardes familias, Estamos inmersos en los preparativos y decoraci\u00f3n para el viernes que ser\u00e1 nuestra FIESTA DEL OTO\u00d1O. Hoy el grupo amarillo tiene mucho trabajo por hacer desde primera hora de la ma\u00f1ana. Comenzamos con las propuestas de juego: los beb\u00e9s y la cocinita ha sido lo que m\u00e1s han preferido y alg\u00fan que &hellip; <a href=\"https:\/\/www.alqueria.es\/blogs\/alqueriaamarillanaranja\/2021\/11\/02\/cartel-fiesta-de-otono-2\/\" class=\"more-link\">Seguir leyendo <span class=\"screen-reader-text\">CARTEL: \u00abFIESTA DE OTO\u00d1O\u00bb<\/span> <span class=\"meta-nav\">&rarr;<\/span><\/a><\/p>\n","protected":false},"author":23,"featured_media":0,"comment_status":"open","ping_status":"open","sticky":false,"template":"","format":"standard","meta":{"jetpack_post_was_ever_published":false,"_jetpack_newsletter_access":"","_jetpack_dont_email_post_to_subs":false,"_jetpack_newsletter_tier_id":0,"_jetpack_memberships_contains_paywalled_content":false,"_jetpack_memberships_contains_paid_content":false,"footnotes":"","jetpack_publicize_message":"","jetpack_publicize_feature_enabled":true,"jetpack_social_post_already_shared":true,"jetpack_social_options":{"image_generator_settings":{"template":"highway","default_image_id":0,"font":"","enabled":false},"version":2}},"categories":[383,6,9,18],"tags":[466,726,358],"class_list":["post-52116","post","type-post","status-publish","format-standard","hentry","category-adaptacion","category-clase-amarilla","category-diario-clase-amarilla","category-talleres","tag-cartel-de-otono","tag-pintamos-con-rodillo","tag-taller-cooperativo"],"jetpack_publicize_connections":[],"jetpack_featured_media_url":"","jetpack_sharing_enabled":true,"jetpack_shortlink":"https:\/\/wp.me\/p4lG08-dyA","jetpack-related-posts":[],"_links":{"self":[{"href":"https:\/\/www.alqueria.es\/blogs\/alqueriaamarillanaranja\/wp-json\/wp\/v2\/posts\/52116","targetHints":{"allow":["GET"]}}],"collection":[{"href":"https:\/\/www.alqueria.es\/blogs\/alqueriaamarillanaranja\/wp-json\/wp\/v2\/posts"}],"about":[{"href":"https:\/\/www.alqueria.es\/blogs\/alqueriaamarillanaranja\/wp-json\/wp\/v2\/types\/post"}],"author":[{"embeddable":true,"href":"https:\/\/www.alqueria.es\/blogs\/alqueriaamarillanaranja\/wp-json\/wp\/v2\/users\/23"}],"replies":[{"embeddable":true,"href":"https:\/\/www.alqueria.es\/blogs\/alqueriaamarillanaranja\/wp-json\/wp\/v2\/comments?post=52116"}],"version-history":[{"count":3,"href":"https:\/\/www.alqueria.es\/blogs\/alqueriaamarillanaranja\/wp-json\/wp\/v2\/posts\/52116\/revisions"}],"predecessor-version":[{"id":52149,"href":"https:\/\/www.alqueria.es\/blogs\/alqueriaamarillanaranja\/wp-json\/wp\/v2\/posts\/52116\/revisions\/52149"}],"wp:attachment":[{"href":"https:\/\/www.alqueria.es\/blogs\/alqueriaamarillanaranja\/wp-json\/wp\/v2\/media?parent=52116"}],"wp:term":[{"taxonomy":"category","embeddable":true,"href":"https:\/\/www.alqueria.es\/blogs\/alqueriaamarillanaranja\/wp-json\/wp\/v2\/categories?post=52116"},{"taxonomy":"post_tag","embeddable":true,"href":"https:\/\/www.alqueria.es\/blogs\/alqueriaamarillanaranja\/wp-json\/wp\/v2\/tags?post=52116"}],"curies":[{"name":"wp","href":"https:\/\/api.w.org\/{rel}","templated":true}]}}