{"id":53227,"date":"2021-12-14T17:49:17","date_gmt":"2021-12-14T16:49:17","guid":{"rendered":"https:\/\/www.alqueria.es\/blogs\/alqueriaamarillanaranja\/?p=53227"},"modified":"2021-12-14T17:49:17","modified_gmt":"2021-12-14T16:49:17","slug":"sesion-de-yoga-ciclo-0-3-anos","status":"publish","type":"post","link":"https:\/\/www.alqueria.es\/blogs\/alqueriaamarillanaranja\/2021\/12\/14\/sesion-de-yoga-ciclo-0-3-anos\/","title":{"rendered":"SESI\u00d3N DE YOGA: ciclo 0-3 a\u00f1os"},"content":{"rendered":"<p>Hola familias,<\/p>\n<p>Hoy hemos disfrutado de nuestra primera<strong><span style=\"color: #ff00ff\"> sesi\u00f3n de Yoga<\/span> <\/strong>con Patricia, la especialista en esta disciplina.<\/p>\n<p>Cada trimestre vamos a tener un peque\u00f1o acercamiento a esta pr\u00e1ctica que tiene muchos beneficios tanto a nivel f\u00edsico como mental, y que\u00a0 en el cole est\u00e1 incluida dentro del \u00e1rea de Educaci\u00f3n f\u00edsica, a partir de la Etapa de Primaria.<\/p>\n<p>Patricia ha comenzado la sesi\u00f3n quit\u00e1ndose los zapatos y todos la hemos imitado demostrando nuestra autonom\u00eda ( \u00a1\u00a1nos encanta ponernos descalzos!!).<\/p>\n<p>Comienza con una canci\u00f3n y movimientos de brazos para captar la atenci\u00f3n de nuestros peque\u00f1os. En estas edades es importante conocer el nivel de atenci\u00f3n que pueden llegar a tener y la capacidad de concentrarse ante una actividad que requiere imitaci\u00f3n de movimientos y posturas corporales.<\/p>\n<p>Los ha llevado a la realizaci\u00f3n de diferentes posturas de Yoga a trav\u00e9s de un cuento que les ha despertado la curiosidad: la serpiente, el \u00e1rbol, el zorro, el guerrero&#8230;.<\/p>\n<p>Y para terminar, nos relajamos\u00a0 tumbados en el suelo con otra canci\u00f3n muy bonita, que nos ha dejado tranquilitos durante unos minutos.<\/p>\n<p>Nos hemos portado muy bien y hemos sido unos aut\u00e9nticos yoguis ja, ja, ja<\/p>\n<p class=\"jetpack-slideshow-noscript robots-nocontent\">El pase de diapositivas requiere JavaScript.<\/p><div id=\"gallery-53227-1-slideshow\" class=\"jetpack-slideshow-window jetpack-slideshow jetpack-slideshow-black\" data-trans=\"fade\" data-autostart=\"1\" data-gallery=\"[{&quot;src&quot;:&quot;https:\\\/\\\/cloud.alqueria.es\\\/wp-content\\\/uploads\\\/sites\\\/9\\\/2021\\\/12\\\/IMG-20211214-WA0022.jpg&quot;,&quot;id&quot;:&quot;53238&quot;,&quot;title&quot;:&quot;IMG-20211214-WA0022&quot;,&quot;alt&quot;:&quot;&quot;,&quot;caption&quot;:&quot;&quot;,&quot;itemprop&quot;:&quot;image&quot;},{&quot;src&quot;:&quot;https:\\\/\\\/cloud.alqueria.es\\\/wp-content\\\/uploads\\\/sites\\\/9\\\/2021\\\/12\\\/IMG-20211214-WA0023.jpg&quot;,&quot;id&quot;:&quot;53237&quot;,&quot;title&quot;:&quot;IMG-20211214-WA0023&quot;,&quot;alt&quot;:&quot;&quot;,&quot;caption&quot;:&quot;&quot;,&quot;itemprop&quot;:&quot;image&quot;},{&quot;src&quot;:&quot;https:\\\/\\\/cloud.alqueria.es\\\/wp-content\\\/uploads\\\/sites\\\/9\\\/2021\\\/12\\\/IMG-20211214-WA0024.jpg&quot;,&quot;id&quot;:&quot;53236&quot;,&quot;title&quot;:&quot;IMG-20211214-WA0024&quot;,&quot;alt&quot;:&quot;&quot;,&quot;caption&quot;:&quot;&quot;,&quot;itemprop&quot;:&quot;image&quot;},{&quot;src&quot;:&quot;https:\\\/\\\/cloud.alqueria.es\\\/wp-content\\\/uploads\\\/sites\\\/9\\\/2021\\\/12\\\/IMG-20211214-WA0025.jpg&quot;,&quot;id&quot;:&quot;53235&quot;,&quot;title&quot;:&quot;IMG-20211214-WA0025&quot;,&quot;alt&quot;:&quot;&quot;,&quot;caption&quot;:&quot;&quot;,&quot;itemprop&quot;:&quot;image&quot;},{&quot;src&quot;:&quot;https:\\\/\\\/cloud.alqueria.es\\\/wp-content\\\/uploads\\\/sites\\\/9\\\/2021\\\/12\\\/IMG-20211214-WA0026.jpg&quot;,&quot;id&quot;:&quot;53234&quot;,&quot;title&quot;:&quot;IMG-20211214-WA0026&quot;,&quot;alt&quot;:&quot;&quot;,&quot;caption&quot;:&quot;&quot;,&quot;itemprop&quot;:&quot;image&quot;},{&quot;src&quot;:&quot;https:\\\/\\\/cloud.alqueria.es\\\/wp-content\\\/uploads\\\/sites\\\/9\\\/2021\\\/12\\\/IMG-20211214-WA0027.jpg&quot;,&quot;id&quot;:&quot;53233&quot;,&quot;title&quot;:&quot;IMG-20211214-WA0027&quot;,&quot;alt&quot;:&quot;&quot;,&quot;caption&quot;:&quot;&quot;,&quot;itemprop&quot;:&quot;image&quot;},{&quot;src&quot;:&quot;https:\\\/\\\/cloud.alqueria.es\\\/wp-content\\\/uploads\\\/sites\\\/9\\\/2021\\\/12\\\/IMG-20211214-WA0028.jpg&quot;,&quot;id&quot;:&quot;53232&quot;,&quot;title&quot;:&quot;IMG-20211214-WA0028&quot;,&quot;alt&quot;:&quot;&quot;,&quot;caption&quot;:&quot;&quot;,&quot;itemprop&quot;:&quot;image&quot;},{&quot;src&quot;:&quot;https:\\\/\\\/cloud.alqueria.es\\\/wp-content\\\/uploads\\\/sites\\\/9\\\/2021\\\/12\\\/IMG-20211214-WA0030.jpg&quot;,&quot;id&quot;:&quot;53230&quot;,&quot;title&quot;:&quot;IMG-20211214-WA0030&quot;,&quot;alt&quot;:&quot;&quot;,&quot;caption&quot;:&quot;&quot;,&quot;itemprop&quot;:&quot;image&quot;},{&quot;src&quot;:&quot;https:\\\/\\\/cloud.alqueria.es\\\/wp-content\\\/uploads\\\/sites\\\/9\\\/2021\\\/12\\\/IMG-20211214-WA0031.jpg&quot;,&quot;id&quot;:&quot;53229&quot;,&quot;title&quot;:&quot;IMG-20211214-WA0031&quot;,&quot;alt&quot;:&quot;&quot;,&quot;caption&quot;:&quot;&quot;,&quot;itemprop&quot;:&quot;image&quot;},{&quot;src&quot;:&quot;https:\\\/\\\/cloud.alqueria.es\\\/wp-content\\\/uploads\\\/sites\\\/9\\\/2021\\\/12\\\/IMG-20211214-WA0032.jpg&quot;,&quot;id&quot;:&quot;53228&quot;,&quot;title&quot;:&quot;IMG-20211214-WA0032&quot;,&quot;alt&quot;:&quot;&quot;,&quot;caption&quot;:&quot;&quot;,&quot;itemprop&quot;:&quot;image&quot;},{&quot;src&quot;:&quot;https:\\\/\\\/cloud.alqueria.es\\\/wp-content\\\/uploads\\\/sites\\\/9\\\/2021\\\/12\\\/IMG-20211214-WA0029.jpg&quot;,&quot;id&quot;:&quot;53231&quot;,&quot;title&quot;:&quot;IMG-20211214-WA0029&quot;,&quot;alt&quot;:&quot;&quot;,&quot;caption&quot;:&quot;&quot;,&quot;itemprop&quot;:&quot;image&quot;}]\" itemscope itemtype=\"https:\/\/schema.org\/ImageGallery\"><\/div>\n<p>Nos despedimos de Patricia y le damos las gracias por este buen ratito que nos ha hecho pasar.<\/p>\n<p>La s\u00faper de hoy ha sido <strong><span style=\"color: #ff00ff\">Elvira<\/span><\/strong> que con gran desparpajo reparte la fruta para los dos grupos.<\/p>\n<p>Que disfrut\u00e9is de la tarde.<\/p>\n<p>Saludos<\/p>\n<p>Carmen Jim\u00e9nez<\/p>\n<p>&nbsp;<\/p>\n<p>&nbsp;<\/p>\n<p>&nbsp;<\/p>\n<p>&nbsp;<\/p>\n<p>&nbsp;<\/p>\n<p>&nbsp;<\/p>\n","protected":false},"excerpt":{"rendered":"<p>Hola familias, Hoy hemos disfrutado de nuestra primera sesi\u00f3n de Yoga con Patricia, la especialista en esta disciplina. Cada trimestre vamos a tener un peque\u00f1o acercamiento a esta pr\u00e1ctica que tiene muchos beneficios tanto a nivel f\u00edsico como mental, y que\u00a0 en el cole est\u00e1 incluida dentro del \u00e1rea de Educaci\u00f3n f\u00edsica, a partir de &hellip; <a href=\"https:\/\/www.alqueria.es\/blogs\/alqueriaamarillanaranja\/2021\/12\/14\/sesion-de-yoga-ciclo-0-3-anos\/\" class=\"more-link\">Seguir leyendo <span class=\"screen-reader-text\">SESI\u00d3N DE YOGA: ciclo 0-3 a\u00f1os<\/span> <span class=\"meta-nav\">&rarr;<\/span><\/a><\/p>\n","protected":false},"author":23,"featured_media":0,"comment_status":"open","ping_status":"open","sticky":false,"template":"","format":"standard","meta":{"jetpack_post_was_ever_published":false,"_jetpack_newsletter_access":"","_jetpack_dont_email_post_to_subs":false,"_jetpack_newsletter_tier_id":0,"_jetpack_memberships_contains_paywalled_content":false,"_jetpack_memberships_contains_paid_content":false,"footnotes":"","jetpack_publicize_message":"","jetpack_publicize_feature_enabled":true,"jetpack_social_post_already_shared":true,"jetpack_social_options":{"image_generator_settings":{"template":"highway","default_image_id":0,"font":"","enabled":false},"version":2}},"categories":[6,9,18],"tags":[407],"class_list":["post-53227","post","type-post","status-publish","format-standard","hentry","category-clase-amarilla","category-diario-clase-amarilla","category-talleres","tag-sesion-de-yoga"],"jetpack_publicize_connections":[],"jetpack_featured_media_url":"","jetpack_sharing_enabled":true,"jetpack_shortlink":"https:\/\/wp.me\/p4lG08-dQv","jetpack-related-posts":[],"_links":{"self":[{"href":"https:\/\/www.alqueria.es\/blogs\/alqueriaamarillanaranja\/wp-json\/wp\/v2\/posts\/53227","targetHints":{"allow":["GET"]}}],"collection":[{"href":"https:\/\/www.alqueria.es\/blogs\/alqueriaamarillanaranja\/wp-json\/wp\/v2\/posts"}],"about":[{"href":"https:\/\/www.alqueria.es\/blogs\/alqueriaamarillanaranja\/wp-json\/wp\/v2\/types\/post"}],"author":[{"embeddable":true,"href":"https:\/\/www.alqueria.es\/blogs\/alqueriaamarillanaranja\/wp-json\/wp\/v2\/users\/23"}],"replies":[{"embeddable":true,"href":"https:\/\/www.alqueria.es\/blogs\/alqueriaamarillanaranja\/wp-json\/wp\/v2\/comments?post=53227"}],"version-history":[{"count":3,"href":"https:\/\/www.alqueria.es\/blogs\/alqueriaamarillanaranja\/wp-json\/wp\/v2\/posts\/53227\/revisions"}],"predecessor-version":[{"id":53241,"href":"https:\/\/www.alqueria.es\/blogs\/alqueriaamarillanaranja\/wp-json\/wp\/v2\/posts\/53227\/revisions\/53241"}],"wp:attachment":[{"href":"https:\/\/www.alqueria.es\/blogs\/alqueriaamarillanaranja\/wp-json\/wp\/v2\/media?parent=53227"}],"wp:term":[{"taxonomy":"category","embeddable":true,"href":"https:\/\/www.alqueria.es\/blogs\/alqueriaamarillanaranja\/wp-json\/wp\/v2\/categories?post=53227"},{"taxonomy":"post_tag","embeddable":true,"href":"https:\/\/www.alqueria.es\/blogs\/alqueriaamarillanaranja\/wp-json\/wp\/v2\/tags?post=53227"}],"curies":[{"name":"wp","href":"https:\/\/api.w.org\/{rel}","templated":true}]}}