{"id":53521,"date":"2021-12-23T18:01:48","date_gmt":"2021-12-23T17:01:48","guid":{"rendered":"https:\/\/www.alqueria.es\/blogs\/alqueriaamarillanaranja\/?p=53521"},"modified":"2021-12-23T18:01:48","modified_gmt":"2021-12-23T17:01:48","slug":"fiesta-de-invierno","status":"publish","type":"post","link":"https:\/\/www.alqueria.es\/blogs\/alqueriaamarillanaranja\/2021\/12\/23\/fiesta-de-invierno\/","title":{"rendered":"\u00a1\u00a1FIESTA DE INVIERNO!!"},"content":{"rendered":"<p><span style=\"color: #0000ff\">Estimadas familias,<\/span><\/p>\n<p><span style=\"color: #0000ff\">Finalizamos este primer trimestre con la celebraci\u00f3n de la llegada del invierno y el inicio de las vacaciones de navidad.<\/span><\/p>\n<p><span style=\"color: #0000ff\">Desde primera hora la sorpresa se hac\u00eda esperar tras la puerta que separa las dos clases. Conforme iban llegando llevamos a cabo nuestra rutina de control de esf\u00ednteres y despu\u00e9s nos maquillamos para la ocasi\u00f3n, con purpurina y todo.<\/span><\/p>\n<p><span style=\"color: #ff99cc\">Una vez que estaban la mayor\u00eda, pasamos a la clase y nos encontramos todo lleno de globos blancos y azules y tiras blancas que colgaban de nuestros adornos navide\u00f1os. Todo con un ambiente muy invernal y amenizado con m\u00fasica de villancicos tradicionales.<\/span><\/p>\n<p><span style=\"color: #ff99cc\">Lo han pasado fenomenal jugando con los globos y tocando las panderetas.<\/span><\/p>\n<p><span style=\"color: #800080\">Como hoy era un d\u00eda especial, en lugar de fruta tomamos galletitas saladas de peces antes de bajar a disfrutar del certamen de villancicos a cargo de los compa\u00f1eros y compa\u00f1eras de las clases naranja, roja y verde, que lo han hecho fenomenal y nos han dejado con la boca abierta.<\/span><\/p>\n<p><span style=\"color: #0000ff\">Y como no podemos estar en\u00a0 nuestro parque por encontrarse muy mojado, volvemos a la clase para seguir jugando y recoger todos los globos \u00a1\u00a1Mucha tarea!! ( aunque hemos explotado muchos je, je, je)<\/span><\/p>\n<p>https:\/\/vimeo.com\/659670622<\/p>\n<p><span style=\"color: #0000ff\">Ha sido una ma\u00f1ana muy emocionante y espero este v\u00eddeo les ayude a contaros lo vivenciado.<\/span><\/p>\n<p style=\"text-align: center\"><span style=\"color: #0000ff\">\u00a1\u00a1Me despido deseando que pas\u00e9is unas felices fiestas y una buena entrada de a\u00f1o!!<\/span><\/p>\n<p><span style=\"color: #0000ff\">Muchos besos<\/span><\/p>\n<p><span style=\"color: #0000ff\">Carmen Jim\u00e9nez<\/span><\/p>\n<p>&nbsp;<\/p>\n","protected":false},"excerpt":{"rendered":"<p>Estimadas familias, Finalizamos este primer trimestre con la celebraci\u00f3n de la llegada del invierno y el inicio de las vacaciones de navidad. Desde primera hora la sorpresa se hac\u00eda esperar tras la puerta que separa las dos clases. Conforme iban llegando llevamos a cabo nuestra rutina de control de esf\u00ednteres y despu\u00e9s nos maquillamos para &hellip; <a href=\"https:\/\/www.alqueria.es\/blogs\/alqueriaamarillanaranja\/2021\/12\/23\/fiesta-de-invierno\/\" class=\"more-link\">Seguir leyendo <span class=\"screen-reader-text\">\u00a1\u00a1FIESTA DE INVIERNO!!<\/span> <span class=\"meta-nav\">&rarr;<\/span><\/a><\/p>\n","protected":false},"author":23,"featured_media":0,"comment_status":"open","ping_status":"open","sticky":false,"template":"","format":"standard","meta":{"jetpack_post_was_ever_published":false,"_jetpack_newsletter_access":"","_jetpack_dont_email_post_to_subs":false,"_jetpack_newsletter_tier_id":0,"_jetpack_memberships_contains_paywalled_content":false,"_jetpack_memberships_contains_paid_content":false,"footnotes":"","jetpack_publicize_message":"","jetpack_publicize_feature_enabled":true,"jetpack_social_post_already_shared":true,"jetpack_social_options":{"image_generator_settings":{"template":"highway","default_image_id":0,"font":"","enabled":false},"version":2}},"categories":[6,14],"tags":[416,45],"class_list":["post-53521","post","type-post","status-publish","format-standard","hentry","category-clase-amarilla","category-fiestas-y-dias-especiales","tag-celebracion-del-invierno","tag-dias-de-significacion-especial"],"jetpack_publicize_connections":[],"jetpack_featured_media_url":"","jetpack_sharing_enabled":true,"jetpack_shortlink":"https:\/\/wp.me\/p4lG08-dVf","jetpack-related-posts":[],"_links":{"self":[{"href":"https:\/\/www.alqueria.es\/blogs\/alqueriaamarillanaranja\/wp-json\/wp\/v2\/posts\/53521","targetHints":{"allow":["GET"]}}],"collection":[{"href":"https:\/\/www.alqueria.es\/blogs\/alqueriaamarillanaranja\/wp-json\/wp\/v2\/posts"}],"about":[{"href":"https:\/\/www.alqueria.es\/blogs\/alqueriaamarillanaranja\/wp-json\/wp\/v2\/types\/post"}],"author":[{"embeddable":true,"href":"https:\/\/www.alqueria.es\/blogs\/alqueriaamarillanaranja\/wp-json\/wp\/v2\/users\/23"}],"replies":[{"embeddable":true,"href":"https:\/\/www.alqueria.es\/blogs\/alqueriaamarillanaranja\/wp-json\/wp\/v2\/comments?post=53521"}],"version-history":[{"count":5,"href":"https:\/\/www.alqueria.es\/blogs\/alqueriaamarillanaranja\/wp-json\/wp\/v2\/posts\/53521\/revisions"}],"predecessor-version":[{"id":53526,"href":"https:\/\/www.alqueria.es\/blogs\/alqueriaamarillanaranja\/wp-json\/wp\/v2\/posts\/53521\/revisions\/53526"}],"wp:attachment":[{"href":"https:\/\/www.alqueria.es\/blogs\/alqueriaamarillanaranja\/wp-json\/wp\/v2\/media?parent=53521"}],"wp:term":[{"taxonomy":"category","embeddable":true,"href":"https:\/\/www.alqueria.es\/blogs\/alqueriaamarillanaranja\/wp-json\/wp\/v2\/categories?post=53521"},{"taxonomy":"post_tag","embeddable":true,"href":"https:\/\/www.alqueria.es\/blogs\/alqueriaamarillanaranja\/wp-json\/wp\/v2\/tags?post=53521"}],"curies":[{"name":"wp","href":"https:\/\/api.w.org\/{rel}","templated":true}]}}