{"id":54043,"date":"2022-01-26T20:42:16","date_gmt":"2022-01-26T19:42:16","guid":{"rendered":"https:\/\/www.alqueria.es\/blogs\/alqueriaamarillanaranja\/?p=54043"},"modified":"2022-01-26T20:42:16","modified_gmt":"2022-01-26T19:42:16","slug":"disfrutamos-el-dia-en-la-clase","status":"publish","type":"post","link":"https:\/\/www.alqueria.es\/blogs\/alqueriaamarillanaranja\/2022\/01\/26\/disfrutamos-el-dia-en-la-clase\/","title":{"rendered":"DISFRUTAMOS EL D\u00cdA EN LA CLASE"},"content":{"rendered":"<hr \/>\n<p>Hola familias,<\/p>\n<p>\u00bfQu\u00e9 tal el d\u00eda?<\/p>\n<p>El grupo amarillo se va completando poco a poco y estamos muy contentos de que as\u00ed sea.<\/p>\n<p>Hoy como el tiempo estaba lluvioso, pasamos la mayor\u00eda del tiempo en el aula, con juegos, motricidad, asamblea&#8230;.<\/p>\n<p>Para ellos, el mi\u00e9rcoles es muy especial porque les encantan las sesiones de motricidad con Alberto. En ellas se divierten al mismo tiempo que trabajan todo el cuerpo as\u00ed como las habilidades b\u00e1sicas en estas edades.<\/p>\n<p>Comenzando por un recorrido con los bloques y colchonetas para favorecer distintos desplazamientos (gateo, de pie, rodar sobre el propio cuerpo, saltos&#8230;), siguiendo con lanzamientos para derribar una gran torre y juegos de pelota para botar, golpear, recibir etc.<\/p>\n<p class=\"jetpack-slideshow-noscript robots-nocontent\">El pase de diapositivas requiere JavaScript.<\/p><div id=\"gallery-54043-1-slideshow\" class=\"jetpack-slideshow-window jetpack-slideshow jetpack-slideshow-black\" data-trans=\"fade\" data-autostart=\"1\" data-gallery=\"[{&quot;src&quot;:&quot;https:\\\/\\\/cloud.alqueria.es\\\/wp-content\\\/uploads\\\/sites\\\/9\\\/2022\\\/01\\\/20220126_101158.jpg&quot;,&quot;id&quot;:&quot;54045&quot;,&quot;title&quot;:&quot;20220126_101158&quot;,&quot;alt&quot;:&quot;&quot;,&quot;caption&quot;:&quot;&quot;,&quot;itemprop&quot;:&quot;image&quot;},{&quot;src&quot;:&quot;https:\\\/\\\/cloud.alqueria.es\\\/wp-content\\\/uploads\\\/sites\\\/9\\\/2022\\\/01\\\/20220126_095616.jpg&quot;,&quot;id&quot;:&quot;54052&quot;,&quot;title&quot;:&quot;20220126_095616&quot;,&quot;alt&quot;:&quot;&quot;,&quot;caption&quot;:&quot;&quot;,&quot;itemprop&quot;:&quot;image&quot;},{&quot;src&quot;:&quot;https:\\\/\\\/cloud.alqueria.es\\\/wp-content\\\/uploads\\\/sites\\\/9\\\/2022\\\/01\\\/20220126_095645.jpg&quot;,&quot;id&quot;:&quot;54051&quot;,&quot;title&quot;:&quot;20220126_095645&quot;,&quot;alt&quot;:&quot;&quot;,&quot;caption&quot;:&quot;&quot;,&quot;itemprop&quot;:&quot;image&quot;},{&quot;src&quot;:&quot;https:\\\/\\\/cloud.alqueria.es\\\/wp-content\\\/uploads\\\/sites\\\/9\\\/2022\\\/01\\\/20220126_095650.jpg&quot;,&quot;id&quot;:&quot;54049&quot;,&quot;title&quot;:&quot;20220126_095650&quot;,&quot;alt&quot;:&quot;&quot;,&quot;caption&quot;:&quot;&quot;,&quot;itemprop&quot;:&quot;image&quot;},{&quot;src&quot;:&quot;https:\\\/\\\/cloud.alqueria.es\\\/wp-content\\\/uploads\\\/sites\\\/9\\\/2022\\\/01\\\/20220126_095652.jpg&quot;,&quot;id&quot;:&quot;54048&quot;,&quot;title&quot;:&quot;20220126_095652&quot;,&quot;alt&quot;:&quot;&quot;,&quot;caption&quot;:&quot;&quot;,&quot;itemprop&quot;:&quot;image&quot;},{&quot;src&quot;:&quot;https:\\\/\\\/cloud.alqueria.es\\\/wp-content\\\/uploads\\\/sites\\\/9\\\/2022\\\/01\\\/20220126_095704.jpg&quot;,&quot;id&quot;:&quot;54047&quot;,&quot;title&quot;:&quot;20220126_095704&quot;,&quot;alt&quot;:&quot;&quot;,&quot;caption&quot;:&quot;&quot;,&quot;itemprop&quot;:&quot;image&quot;},{&quot;src&quot;:&quot;https:\\\/\\\/cloud.alqueria.es\\\/wp-content\\\/uploads\\\/sites\\\/9\\\/2022\\\/01\\\/20220126_095953.jpg&quot;,&quot;id&quot;:&quot;54046&quot;,&quot;title&quot;:&quot;20220126_095953&quot;,&quot;alt&quot;:&quot;&quot;,&quot;caption&quot;:&quot;&quot;,&quot;itemprop&quot;:&quot;image&quot;}]\" itemscope itemtype=\"https:\/\/schema.org\/ImageGallery\"><\/div>\n<p>Despu\u00e9s de tanto ejercicio llega el momento de volver a la calma, con la Asamblea. Hoy hablamos de muchas cosas importantes que van a suceder en las pr\u00f3ximos d\u00edas y semanas:<\/p>\n<ul>\n<li>El <span style=\"color: #ff00ff\">viernes<\/span> celebramos <strong><span style=\"color: #ff00ff\">el d\u00eda de la Paz<\/span> <\/strong>( para ellos es algo muy abstracto pero s\u00ed\u00a0 hemos hablado de\u00a0 lo que es ser amable, respetar a los dem\u00e1s, portarse bien, cumplir las normas&#8230;.) y para ello ma\u00f1ana vamos a realizar un taller creativo en el que tambi\u00e9n participar\u00e1 el grupo azul.<\/li>\n<li>Comentamos que se acerca nuestra <strong><span style=\"color: #ff00ff\">Fiesta de Carnaval<\/span> <\/strong>(viernes, 18 de febrero) y para ese d\u00eda vamos a crear nuestro propio disfraz con las camisetas que ten\u00e9is que traer en estos d\u00edas y estamos preparando\u00a0 una chirigota que cada d\u00eda ensayaremos para nuestra actuaci\u00f3n.<\/li>\n<\/ul>\n<p><img decoding=\"async\" data-attachment-id=\"54044\" data-permalink=\"https:\/\/www.alqueria.es\/blogs\/alqueriaamarillanaranja\/2022\/01\/26\/disfrutamos-el-dia-en-la-clase\/20220126_121657\/\" data-orig-file=\"https:\/\/cloud.alqueria.es\/wp-content\/uploads\/sites\/9\/2022\/01\/20220126_121657.jpg\" data-orig-size=\"1600,1200\" data-comments-opened=\"1\" data-image-meta=\"{&quot;aperture&quot;:&quot;2&quot;,&quot;credit&quot;:&quot;&quot;,&quot;camera&quot;:&quot;SM-A127F&quot;,&quot;caption&quot;:&quot;&quot;,&quot;created_timestamp&quot;:&quot;1643199416&quot;,&quot;copyright&quot;:&quot;&quot;,&quot;focal_length&quot;:&quot;4.6&quot;,&quot;iso&quot;:&quot;320&quot;,&quot;shutter_speed&quot;:&quot;0.02&quot;,&quot;title&quot;:&quot;&quot;,&quot;orientation&quot;:&quot;1&quot;}\" data-image-title=\"20220126_121657\" data-image-description=\"\" data-image-caption=\"\" data-large-file=\"https:\/\/cloud.alqueria.es\/wp-content\/uploads\/sites\/9\/2022\/01\/20220126_121657-1024x768.jpg\" class=\"alignleft size-medium wp-image-54044\" src=\"https:\/\/cloud.alqueria.es\/wp-content\/uploads\/sites\/9\/2022\/01\/20220126_121657-300x225.jpg\" alt=\"\" width=\"300\" height=\"225\" srcset=\"https:\/\/cloud.alqueria.es\/wp-content\/uploads\/sites\/9\/2022\/01\/20220126_121657-300x225.jpg 300w, https:\/\/cloud.alqueria.es\/wp-content\/uploads\/sites\/9\/2022\/01\/20220126_121657-1024x768.jpg 1024w, https:\/\/cloud.alqueria.es\/wp-content\/uploads\/sites\/9\/2022\/01\/20220126_121657-768x576.jpg 768w, https:\/\/cloud.alqueria.es\/wp-content\/uploads\/sites\/9\/2022\/01\/20220126_121657-1536x1152.jpg 1536w, https:\/\/cloud.alqueria.es\/wp-content\/uploads\/sites\/9\/2022\/01\/20220126_121657.jpg 1600w\" sizes=\"(max-width: 300px) 100vw, 300px\" \/>Retomamos nuestras rutinas y h\u00e1bitos, siendo muy importante recordarles que como no tenemos babero hay que ser cuidadosos y no mancharnos, para ello tenemos que estar muy atentas al manejo de la cuchara, usar la servilleta y controlar la postura.<\/p>\n<p>A cuidarse mucho.<\/p>\n<p>Saludos<\/p>\n<p>Carmen<\/p>\n<p>&nbsp;<\/p>\n","protected":false},"excerpt":{"rendered":"<p>Hola familias, \u00bfQu\u00e9 tal el d\u00eda? El grupo amarillo se va completando poco a poco y estamos muy contentos de que as\u00ed sea. Hoy como el tiempo estaba lluvioso, pasamos la mayor\u00eda del tiempo en el aula, con juegos, motricidad, asamblea&#8230;. Para ellos, el mi\u00e9rcoles es muy especial porque les encantan las sesiones de motricidad &hellip; <a href=\"https:\/\/www.alqueria.es\/blogs\/alqueriaamarillanaranja\/2022\/01\/26\/disfrutamos-el-dia-en-la-clase\/\" class=\"more-link\">Seguir leyendo <span class=\"screen-reader-text\">DISFRUTAMOS EL D\u00cdA EN LA CLASE<\/span> <span class=\"meta-nav\">&rarr;<\/span><\/a><\/p>\n","protected":false},"author":23,"featured_media":0,"comment_status":"open","ping_status":"open","sticky":false,"template":"","format":"standard","meta":{"jetpack_post_was_ever_published":false,"_jetpack_newsletter_access":"","_jetpack_dont_email_post_to_subs":false,"_jetpack_newsletter_tier_id":0,"_jetpack_memberships_contains_paywalled_content":false,"_jetpack_memberships_contains_paid_content":false,"footnotes":"","jetpack_publicize_message":"","jetpack_publicize_feature_enabled":true,"jetpack_social_post_already_shared":true,"jetpack_social_options":{"image_generator_settings":{"template":"highway","default_image_id":0,"font":"","enabled":false},"version":2}},"categories":[6,9],"tags":[760,750],"class_list":["post-54043","post","type-post","status-publish","format-standard","hentry","category-clase-amarilla","category-diario-clase-amarilla","tag-juego-y-movimiento","tag-sesiones-de-motricidad"],"jetpack_publicize_connections":[],"jetpack_featured_media_url":"","jetpack_sharing_enabled":true,"jetpack_shortlink":"https:\/\/wp.me\/p4lG08-e3F","jetpack-related-posts":[],"_links":{"self":[{"href":"https:\/\/www.alqueria.es\/blogs\/alqueriaamarillanaranja\/wp-json\/wp\/v2\/posts\/54043","targetHints":{"allow":["GET"]}}],"collection":[{"href":"https:\/\/www.alqueria.es\/blogs\/alqueriaamarillanaranja\/wp-json\/wp\/v2\/posts"}],"about":[{"href":"https:\/\/www.alqueria.es\/blogs\/alqueriaamarillanaranja\/wp-json\/wp\/v2\/types\/post"}],"author":[{"embeddable":true,"href":"https:\/\/www.alqueria.es\/blogs\/alqueriaamarillanaranja\/wp-json\/wp\/v2\/users\/23"}],"replies":[{"embeddable":true,"href":"https:\/\/www.alqueria.es\/blogs\/alqueriaamarillanaranja\/wp-json\/wp\/v2\/comments?post=54043"}],"version-history":[{"count":4,"href":"https:\/\/www.alqueria.es\/blogs\/alqueriaamarillanaranja\/wp-json\/wp\/v2\/posts\/54043\/revisions"}],"predecessor-version":[{"id":54055,"href":"https:\/\/www.alqueria.es\/blogs\/alqueriaamarillanaranja\/wp-json\/wp\/v2\/posts\/54043\/revisions\/54055"}],"wp:attachment":[{"href":"https:\/\/www.alqueria.es\/blogs\/alqueriaamarillanaranja\/wp-json\/wp\/v2\/media?parent=54043"}],"wp:term":[{"taxonomy":"category","embeddable":true,"href":"https:\/\/www.alqueria.es\/blogs\/alqueriaamarillanaranja\/wp-json\/wp\/v2\/categories?post=54043"},{"taxonomy":"post_tag","embeddable":true,"href":"https:\/\/www.alqueria.es\/blogs\/alqueriaamarillanaranja\/wp-json\/wp\/v2\/tags?post=54043"}],"curies":[{"name":"wp","href":"https:\/\/api.w.org\/{rel}","templated":true}]}}