{"id":5464,"date":"2013-05-09T15:02:43","date_gmt":"2013-05-09T13:02:43","guid":{"rendered":"http:\/\/alqueriaamarillanaranja.wordpress.com\/?p=5464"},"modified":"2014-02-24T12:49:41","modified_gmt":"2014-02-24T12:49:41","slug":"las-emociones","status":"publish","type":"post","link":"https:\/\/www.alqueria.es\/blogs\/alqueriaamarillanaranja\/2013\/05\/09\/las-emociones\/","title":{"rendered":"\u00abLAS EMOCIONES\u00bb"},"content":{"rendered":"<p style=\"text-align:justify\"><span style=\"color:#800080\">Pasamos una ma\u00f1ana muy tranquilos\/as jugando con las maderas, la cocinita y los beb\u00e9s. Su juego es cada vez m\u00e1s en peque\u00f1os grupos aunque a\u00fan hay quien prefiere ir a su aire. <\/span><\/p>\n<p style=\"text-align:justify\"><span style=\"color:#800080\">Hoy me ha venido como \u00abanillo al dedo\u00bb un cuento muy bonito que ha traido Guillermo de su casa. Trata el tema de las emociones, cuando estamos tristes, contentos, enfadados, tenemos miedo&#8230; Y ha dado la casualidad que dentro del grupo hoy una de ellas ten\u00eda un poco de tristeza por su mam\u00e1, as\u00ed que tratamos el tema a trav\u00e9s del cuento, dando importancia a que no pasa nada que estemos tristes o enfadados&#8230;.que hay que expresar lo que sentimos y si hay que llorar se llora. C\u00f3mo se nos quita la tristeza, pues con cari\u00f1o, mimos, besos&#8230;.\u00a0Algunos sin yo decirles nada se han acercado a darle besos, abrazos&#8230; \u00a1Son geniales!.\u00a0Y otros se han unido a esa tristeza de a\u00f1oranza por su mam\u00e1.<\/span><\/p>\n<p style=\"text-align:justify\"><a href=\"http:\/\/alqueriaamarillanaranja.files.wordpress.com\/2013\/05\/81iesf4r7al-_aa1500_1.jpg\"><img decoding=\"async\" data-attachment-id=\"5466\" data-permalink=\"https:\/\/www.alqueria.es\/blogs\/alqueriaamarillanaranja\/81iesf4r7al-_aa1500_1\/\" data-orig-file=\"https:\/\/www.alqueria.es\/blogs\/alqueriaamarillanaranja\/wp-content\/uploads\/sites\/9\/2013\/05\/81iesf4r7al-_aa1500_1.jpg\" data-orig-size=\"1024,1024\" data-comments-opened=\"1\" data-image-meta=\"{&quot;aperture&quot;:&quot;0&quot;,&quot;credit&quot;:&quot;&quot;,&quot;camera&quot;:&quot;&quot;,&quot;caption&quot;:&quot;&quot;,&quot;created_timestamp&quot;:&quot;0&quot;,&quot;copyright&quot;:&quot;&quot;,&quot;focal_length&quot;:&quot;0&quot;,&quot;iso&quot;:&quot;0&quot;,&quot;shutter_speed&quot;:&quot;0&quot;,&quot;title&quot;:&quot;&quot;}\" data-image-title=\"81IEsf4R7aL._AA1500_[1]\" data-image-description=\"\" data-image-caption=\"\" data-large-file=\"https:\/\/www.alqueria.es\/blogs\/alqueriaamarillanaranja\/wp-content\/uploads\/sites\/9\/2013\/05\/81iesf4r7al-_aa1500_1-1024x1024.jpg\" class=\"alignleft size-medium wp-image-5466\" alt=\"81IEsf4R7aL._AA1500_[1]\" src=\"https:\/\/cloud.alqueria.es\/wp-content\/uploads\/sites\/9\/2013\/05\/81iesf4r7al-_aa1500_11.jpg\" width=\"300\" height=\"300\" \/><\/a><\/p>\n<p style=\"text-align:justify\">Estamos decorando nuestra clase con las mariposas tan bonitas que pintaron. Les encantan ver sus trabajos colgados.<\/p>\n<p style=\"text-align:justify\">\u00a1QU\u00c9 BONITO, QU\u00c9 BONITO!<\/p>\n<p style=\"text-align:justify\">Reparte la fruta como s\u00faper <strong>GUILLERMO.<\/strong><\/p>\n","protected":false},"excerpt":{"rendered":"<p>Pasamos una ma\u00f1ana muy tranquilos\/as jugando con las maderas, la cocinita y los beb\u00e9s. Su juego es cada vez m\u00e1s en peque\u00f1os grupos aunque a\u00fan hay quien prefiere ir a su aire. Hoy me ha venido como \u00abanillo al dedo\u00bb un cuento muy bonito que ha traido Guillermo de su casa. Trata el tema de &hellip; <a href=\"https:\/\/www.alqueria.es\/blogs\/alqueriaamarillanaranja\/2013\/05\/09\/las-emociones\/\" class=\"more-link\">Seguir leyendo <span class=\"screen-reader-text\">\u00abLAS EMOCIONES\u00bb<\/span> <span class=\"meta-nav\">&rarr;<\/span><\/a><\/p>\n","protected":false},"author":23,"featured_media":0,"comment_status":"open","ping_status":"open","sticky":false,"template":"","format":"standard","meta":{"jetpack_post_was_ever_published":false,"_jetpack_newsletter_access":"","_jetpack_dont_email_post_to_subs":false,"_jetpack_newsletter_tier_id":0,"_jetpack_memberships_contains_paywalled_content":false,"_jetpack_memberships_contains_paid_content":false,"footnotes":"","jetpack_publicize_message":"","jetpack_publicize_feature_enabled":true,"jetpack_social_post_already_shared":true,"jetpack_social_options":{"image_generator_settings":{"template":"highway","default_image_id":0,"font":"","enabled":false},"version":2}},"categories":[6,9],"tags":[],"class_list":["post-5464","post","type-post","status-publish","format-standard","hentry","category-clase-amarilla","category-diario-clase-amarilla"],"jetpack_publicize_connections":[],"jetpack_featured_media_url":"","jetpack_sharing_enabled":true,"jetpack_shortlink":"https:\/\/wp.me\/p4lG08-1q8","jetpack-related-posts":[],"_links":{"self":[{"href":"https:\/\/www.alqueria.es\/blogs\/alqueriaamarillanaranja\/wp-json\/wp\/v2\/posts\/5464","targetHints":{"allow":["GET"]}}],"collection":[{"href":"https:\/\/www.alqueria.es\/blogs\/alqueriaamarillanaranja\/wp-json\/wp\/v2\/posts"}],"about":[{"href":"https:\/\/www.alqueria.es\/blogs\/alqueriaamarillanaranja\/wp-json\/wp\/v2\/types\/post"}],"author":[{"embeddable":true,"href":"https:\/\/www.alqueria.es\/blogs\/alqueriaamarillanaranja\/wp-json\/wp\/v2\/users\/23"}],"replies":[{"embeddable":true,"href":"https:\/\/www.alqueria.es\/blogs\/alqueriaamarillanaranja\/wp-json\/wp\/v2\/comments?post=5464"}],"version-history":[{"count":0,"href":"https:\/\/www.alqueria.es\/blogs\/alqueriaamarillanaranja\/wp-json\/wp\/v2\/posts\/5464\/revisions"}],"wp:attachment":[{"href":"https:\/\/www.alqueria.es\/blogs\/alqueriaamarillanaranja\/wp-json\/wp\/v2\/media?parent=5464"}],"wp:term":[{"taxonomy":"category","embeddable":true,"href":"https:\/\/www.alqueria.es\/blogs\/alqueriaamarillanaranja\/wp-json\/wp\/v2\/categories?post=5464"},{"taxonomy":"post_tag","embeddable":true,"href":"https:\/\/www.alqueria.es\/blogs\/alqueriaamarillanaranja\/wp-json\/wp\/v2\/tags?post=5464"}],"curies":[{"name":"wp","href":"https:\/\/api.w.org\/{rel}","templated":true}]}}