{"id":55826,"date":"2022-04-25T17:08:27","date_gmt":"2022-04-25T15:08:27","guid":{"rendered":"https:\/\/www.alqueria.es\/blogs\/alqueriaamarillanaranja\/?p=55826"},"modified":"2022-04-25T17:08:27","modified_gmt":"2022-04-25T15:08:27","slug":"inauguracion-semana-de-la-lectura-2","status":"publish","type":"post","link":"https:\/\/www.alqueria.es\/blogs\/alqueriaamarillanaranja\/2022\/04\/25\/inauguracion-semana-de-la-lectura-2\/","title":{"rendered":"INAUGURACI\u00d3N SEMANA DE LA LECTURA"},"content":{"rendered":"<p>Buenas tardes familias,<\/p>\n<p>\u00bfQu\u00e9 tal el fin de semana?<\/p>\n<p>Por aqu\u00ed estamos muy contentos porque hoy ha dado\u00a0 comienzo nuestra <strong><span style=\"color: #ff00ff\">SEMANA DE LA LECTURA<\/span><\/strong> y para inaugurarla contamos con la colaboraci\u00f3n de <span style=\"color: #ff00ff\">Isabel<\/span>\u00a0 (profe de Yoga del cole). A trav\u00e9s de un cuento <strong>\u00abLa tribu de los Butanix, los habitantes de But\u00e1n\u00bb<\/strong> y\u00a0 algunas canciones nos ha ido mostrando diferentes posturas de yoga&#x1f9d8;&#x200d;&#x2642;&#xfe0f; que nosotros hemos\u00a0 imitado.<\/p>\n<p class=\"jetpack-slideshow-noscript robots-nocontent\">El pase de diapositivas requiere JavaScript.<\/p><div id=\"gallery-55826-1-slideshow\" class=\"jetpack-slideshow-window jetpack-slideshow jetpack-slideshow-black\" data-trans=\"fade\" data-autostart=\"1\" data-gallery=\"[{&quot;src&quot;:&quot;https:\\\/\\\/cloud.alqueria.es\\\/wp-content\\\/uploads\\\/sites\\\/9\\\/2022\\\/04\\\/20220425_104015.jpg&quot;,&quot;id&quot;:&quot;55827&quot;,&quot;title&quot;:&quot;20220425_104015&quot;,&quot;alt&quot;:&quot;&quot;,&quot;caption&quot;:&quot;&quot;,&quot;itemprop&quot;:&quot;image&quot;},{&quot;src&quot;:&quot;https:\\\/\\\/cloud.alqueria.es\\\/wp-content\\\/uploads\\\/sites\\\/9\\\/2022\\\/04\\\/20220425_105153.jpg&quot;,&quot;id&quot;:&quot;55828&quot;,&quot;title&quot;:&quot;20220425_105153&quot;,&quot;alt&quot;:&quot;&quot;,&quot;caption&quot;:&quot;&quot;,&quot;itemprop&quot;:&quot;image&quot;},{&quot;src&quot;:&quot;https:\\\/\\\/cloud.alqueria.es\\\/wp-content\\\/uploads\\\/sites\\\/9\\\/2022\\\/04\\\/20220425_104734.jpg&quot;,&quot;id&quot;:&quot;55829&quot;,&quot;title&quot;:&quot;20220425_104734&quot;,&quot;alt&quot;:&quot;&quot;,&quot;caption&quot;:&quot;&quot;,&quot;itemprop&quot;:&quot;image&quot;},{&quot;src&quot;:&quot;https:\\\/\\\/cloud.alqueria.es\\\/wp-content\\\/uploads\\\/sites\\\/9\\\/2022\\\/04\\\/20220425_105758.jpg&quot;,&quot;id&quot;:&quot;55830&quot;,&quot;title&quot;:&quot;20220425_105758&quot;,&quot;alt&quot;:&quot;&quot;,&quot;caption&quot;:&quot;&quot;,&quot;itemprop&quot;:&quot;image&quot;},{&quot;src&quot;:&quot;https:\\\/\\\/cloud.alqueria.es\\\/wp-content\\\/uploads\\\/sites\\\/9\\\/2022\\\/04\\\/20220425_110201.jpg&quot;,&quot;id&quot;:&quot;55831&quot;,&quot;title&quot;:&quot;20220425_110201&quot;,&quot;alt&quot;:&quot;&quot;,&quot;caption&quot;:&quot;&quot;,&quot;itemprop&quot;:&quot;image&quot;},{&quot;src&quot;:&quot;https:\\\/\\\/cloud.alqueria.es\\\/wp-content\\\/uploads\\\/sites\\\/9\\\/2022\\\/04\\\/20220425_110346.jpg&quot;,&quot;id&quot;:&quot;55832&quot;,&quot;title&quot;:&quot;20220425_110346&quot;,&quot;alt&quot;:&quot;&quot;,&quot;caption&quot;:&quot;&quot;,&quot;itemprop&quot;:&quot;image&quot;},{&quot;src&quot;:&quot;https:\\\/\\\/cloud.alqueria.es\\\/wp-content\\\/uploads\\\/sites\\\/9\\\/2022\\\/04\\\/20220425_110914.jpg&quot;,&quot;id&quot;:&quot;55833&quot;,&quot;title&quot;:&quot;20220425_110914&quot;,&quot;alt&quot;:&quot;&quot;,&quot;caption&quot;:&quot;&quot;,&quot;itemprop&quot;:&quot;image&quot;},{&quot;src&quot;:&quot;https:\\\/\\\/cloud.alqueria.es\\\/wp-content\\\/uploads\\\/sites\\\/9\\\/2022\\\/04\\\/20220425_110944.jpg&quot;,&quot;id&quot;:&quot;55834&quot;,&quot;title&quot;:&quot;20220425_110944&quot;,&quot;alt&quot;:&quot;&quot;,&quot;caption&quot;:&quot;&quot;,&quot;itemprop&quot;:&quot;image&quot;},{&quot;src&quot;:&quot;https:\\\/\\\/cloud.alqueria.es\\\/wp-content\\\/uploads\\\/sites\\\/9\\\/2022\\\/04\\\/IMG-20220425-WA0006.jpg&quot;,&quot;id&quot;:&quot;55837&quot;,&quot;title&quot;:&quot;IMG-20220425-WA0006&quot;,&quot;alt&quot;:&quot;&quot;,&quot;caption&quot;:&quot;&quot;,&quot;itemprop&quot;:&quot;image&quot;},{&quot;src&quot;:&quot;https:\\\/\\\/cloud.alqueria.es\\\/wp-content\\\/uploads\\\/sites\\\/9\\\/2022\\\/04\\\/IMG-20220425-WA0001.jpg&quot;,&quot;id&quot;:&quot;55838&quot;,&quot;title&quot;:&quot;IMG-20220425-WA0001&quot;,&quot;alt&quot;:&quot;&quot;,&quot;caption&quot;:&quot;&quot;,&quot;itemprop&quot;:&quot;image&quot;}]\" itemscope itemtype=\"https:\/\/schema.org\/ImageGallery\"><\/div>\n<p>El buen tiempo nos ha acompa\u00f1ado durante la ma\u00f1ana y lo hemos pasado muy bien. Aqu\u00ed os dejo estos v\u00eddeos del momento:<\/p>\n<p>https:\/\/vimeo.com\/702829928<\/p>\n<p>https:\/\/vimeo.com\/702829409<\/p>\n<p>Despu\u00e9s tenemos juegos en el exterior antes del momento de la comida en la que vamos siendo cada vez m\u00e1s aut\u00f3nomos y aut\u00f3nomas.<\/p>\n<div class=\"tiled-gallery type-circle tiled-gallery-unresized\" data-original-width=\"474\" data-carousel-extra='{&quot;blog_id&quot;:9,&quot;permalink&quot;:&quot;https:\\\/\\\/www.alqueria.es\\\/blogs\\\/alqueriaamarillanaranja\\\/2022\\\/04\\\/25\\\/inauguracion-semana-de-la-lectura-2\\\/&quot;,&quot;likes_blog_id&quot;:64271688}' itemscope itemtype=\"http:\/\/schema.org\/ImageGallery\" > <div class=\"gallery-row\" style=\"width: 474px; height: 237px;\" data-original-width=\"474\" data-original-height=\"237\" > <div class=\"gallery-group\" style=\"width: 237px; height: 237px;\" data-original-width=\"237\" data-original-height=\"237\" > <div class=\"tiled-gallery-item \" itemprop=\"associatedMedia\" itemscope itemtype=\"http:\/\/schema.org\/ImageObject\"> <a href=\"https:\/\/www.alqueria.es\/blogs\/alqueriaamarillanaranja\/2022\/04\/25\/inauguracion-semana-de-la-lectura-2\/20220425_122448\/\" border=\"0\" itemprop=\"url\"> <meta itemprop=\"width\" content=\"233\"> <meta itemprop=\"height\" content=\"233\"> <img decoding=\"async\" class=\"\" data-attachment-id=\"55835\" data-orig-file=\"https:\/\/cloud.alqueria.es\/wp-content\/uploads\/sites\/9\/2022\/04\/20220425_122448.jpg\" data-orig-size=\"1440,900\" data-comments-opened=\"1\" data-image-meta=\"{&quot;aperture&quot;:&quot;2&quot;,&quot;credit&quot;:&quot;&quot;,&quot;camera&quot;:&quot;SM-A127F&quot;,&quot;caption&quot;:&quot;&quot;,&quot;created_timestamp&quot;:&quot;1650889487&quot;,&quot;copyright&quot;:&quot;&quot;,&quot;focal_length&quot;:&quot;4.6&quot;,&quot;iso&quot;:&quot;64&quot;,&quot;shutter_speed&quot;:&quot;0.02&quot;,&quot;title&quot;:&quot;&quot;,&quot;orientation&quot;:&quot;1&quot;}\" data-image-title=\"20220425_122448\" data-image-description=\"\" data-medium-file=\"https:\/\/cloud.alqueria.es\/wp-content\/uploads\/sites\/9\/2022\/04\/20220425_122448-300x188.jpg\" data-large-file=\"https:\/\/cloud.alqueria.es\/wp-content\/uploads\/sites\/9\/2022\/04\/20220425_122448-1024x640.jpg\" src=\"https:\/\/i0.wp.com\/cloud.alqueria.es\/wp-content\/uploads\/sites\/9\/2022\/04\/20220425_122448.jpg?w=233&#038;h=233&#038;crop=1&#038;ssl=1\" width=\"233\" height=\"233\" loading=\"lazy\" data-original-width=\"233\" data-original-height=\"233\" itemprop=\"http:\/\/schema.org\/image\" title=\"20220425_122448\" alt=\"20220425_122448\" style=\"width: 233px; height: 233px;\" \/> <\/a> <\/div> <\/div> <div class=\"gallery-group\" style=\"width: 237px; height: 237px;\" data-original-width=\"237\" data-original-height=\"237\" > <div class=\"tiled-gallery-item \" itemprop=\"associatedMedia\" itemscope itemtype=\"http:\/\/schema.org\/ImageObject\"> <a href=\"https:\/\/www.alqueria.es\/blogs\/alqueriaamarillanaranja\/2022\/04\/25\/inauguracion-semana-de-la-lectura-2\/20220425_122518\/\" border=\"0\" itemprop=\"url\"> <meta itemprop=\"width\" content=\"233\"> <meta itemprop=\"height\" content=\"233\"> <img decoding=\"async\" class=\"\" data-attachment-id=\"55836\" data-orig-file=\"https:\/\/cloud.alqueria.es\/wp-content\/uploads\/sites\/9\/2022\/04\/20220425_122518.jpg\" data-orig-size=\"1380,900\" data-comments-opened=\"1\" data-image-meta=\"{&quot;aperture&quot;:&quot;2&quot;,&quot;credit&quot;:&quot;&quot;,&quot;camera&quot;:&quot;SM-A127F&quot;,&quot;caption&quot;:&quot;&quot;,&quot;created_timestamp&quot;:&quot;1650889516&quot;,&quot;copyright&quot;:&quot;&quot;,&quot;focal_length&quot;:&quot;4.6&quot;,&quot;iso&quot;:&quot;100&quot;,&quot;shutter_speed&quot;:&quot;0.02&quot;,&quot;title&quot;:&quot;&quot;,&quot;orientation&quot;:&quot;1&quot;}\" data-image-title=\"20220425_122518\" data-image-description=\"\" data-medium-file=\"https:\/\/cloud.alqueria.es\/wp-content\/uploads\/sites\/9\/2022\/04\/20220425_122518-300x196.jpg\" data-large-file=\"https:\/\/cloud.alqueria.es\/wp-content\/uploads\/sites\/9\/2022\/04\/20220425_122518-1024x668.jpg\" src=\"https:\/\/i0.wp.com\/cloud.alqueria.es\/wp-content\/uploads\/sites\/9\/2022\/04\/20220425_122518.jpg?w=233&#038;h=233&#038;crop=1&#038;ssl=1\" width=\"233\" height=\"233\" loading=\"lazy\" data-original-width=\"233\" data-original-height=\"233\" itemprop=\"http:\/\/schema.org\/image\" title=\"20220425_122518\" alt=\"20220425_122518\" style=\"width: 233px; height: 233px;\" \/> <\/a> <\/div> <\/div> <\/div> <\/div>\n<p>Por la tarde, tras la siesta, contamos con la participaci\u00f3n de <span style=\"color: #ff00ff\">Irene<\/span> (alumna de cuarto de primaria) que nos cuenta el cuento: <span style=\"color: #ff00ff\">\u00abOnce damas atrevidas\u00bb<\/span>. Han estado s\u00faper atentos y atentas a la historia.<\/p>\n<p><img decoding=\"async\" data-attachment-id=\"55842\" data-permalink=\"https:\/\/www.alqueria.es\/blogs\/alqueriaamarillanaranja\/2022\/04\/25\/inauguracion-semana-de-la-lectura-2\/20220425_160918\/\" data-orig-file=\"https:\/\/cloud.alqueria.es\/wp-content\/uploads\/sites\/9\/2022\/04\/20220425_160918.jpg\" data-orig-size=\"1360,900\" data-comments-opened=\"1\" data-image-meta=\"{&quot;aperture&quot;:&quot;2&quot;,&quot;credit&quot;:&quot;&quot;,&quot;camera&quot;:&quot;SM-A127F&quot;,&quot;caption&quot;:&quot;&quot;,&quot;created_timestamp&quot;:&quot;1650902957&quot;,&quot;copyright&quot;:&quot;&quot;,&quot;focal_length&quot;:&quot;4.6&quot;,&quot;iso&quot;:&quot;200&quot;,&quot;shutter_speed&quot;:&quot;0.02&quot;,&quot;title&quot;:&quot;&quot;,&quot;orientation&quot;:&quot;1&quot;}\" data-image-title=\"20220425_160918\" data-image-description=\"\" data-image-caption=\"\" data-large-file=\"https:\/\/cloud.alqueria.es\/wp-content\/uploads\/sites\/9\/2022\/04\/20220425_160918-1024x678.jpg\" class=\"aligncenter size-full wp-image-55842\" src=\"https:\/\/cloud.alqueria.es\/wp-content\/uploads\/sites\/9\/2022\/04\/20220425_160918.jpg\" alt=\"\" width=\"1360\" height=\"900\" srcset=\"https:\/\/cloud.alqueria.es\/wp-content\/uploads\/sites\/9\/2022\/04\/20220425_160918.jpg 1360w, https:\/\/cloud.alqueria.es\/wp-content\/uploads\/sites\/9\/2022\/04\/20220425_160918-300x199.jpg 300w, https:\/\/cloud.alqueria.es\/wp-content\/uploads\/sites\/9\/2022\/04\/20220425_160918-1024x678.jpg 1024w, https:\/\/cloud.alqueria.es\/wp-content\/uploads\/sites\/9\/2022\/04\/20220425_160918-768x508.jpg 768w\" sizes=\"(max-width: 1360px) 100vw, 1360px\" \/><\/p>\n<p>En el tabl\u00f3n pod\u00e9is ver los marcap\u00e1ginas que hicimos la semana pasada en nuestro taller creativo.<\/p>\n<p>Ma\u00f1ana m\u00e1s<\/p>\n<p>Saludos<\/p>\n<p>Carmen<\/p>\n","protected":false},"excerpt":{"rendered":"<p>Buenas tardes familias, \u00bfQu\u00e9 tal el fin de semana? Por aqu\u00ed estamos muy contentos porque hoy ha dado\u00a0 comienzo nuestra SEMANA DE LA LECTURA y para inaugurarla contamos con la colaboraci\u00f3n de Isabel\u00a0 (profe de Yoga del cole). A trav\u00e9s de un cuento \u00abLa tribu de los Butanix, los habitantes de But\u00e1n\u00bb y\u00a0 algunas canciones &hellip; <a href=\"https:\/\/www.alqueria.es\/blogs\/alqueriaamarillanaranja\/2022\/04\/25\/inauguracion-semana-de-la-lectura-2\/\" class=\"more-link\">Seguir leyendo <span class=\"screen-reader-text\">INAUGURACI\u00d3N SEMANA DE LA LECTURA<\/span> <span class=\"meta-nav\">&rarr;<\/span><\/a><\/p>\n","protected":false},"author":23,"featured_media":0,"comment_status":"open","ping_status":"open","sticky":false,"template":"","format":"standard","meta":{"jetpack_post_was_ever_published":false,"_jetpack_newsletter_access":"","_jetpack_dont_email_post_to_subs":false,"_jetpack_newsletter_tier_id":0,"_jetpack_memberships_contains_paywalled_content":false,"_jetpack_memberships_contains_paid_content":false,"footnotes":"","jetpack_publicize_message":"","jetpack_publicize_feature_enabled":true,"jetpack_social_post_already_shared":true,"jetpack_social_options":{"image_generator_settings":{"template":"highway","default_image_id":0,"font":"","enabled":false},"version":2}},"categories":[6,9],"tags":[802,801],"class_list":["post-55826","post","type-post","status-publish","format-standard","hentry","category-clase-amarilla","category-diario-clase-amarilla","tag-inauguracion-semana-de-la-lectura","tag-semana-de-la-lectura-2022"],"jetpack_publicize_connections":[],"jetpack_featured_media_url":"","jetpack_sharing_enabled":true,"jetpack_shortlink":"https:\/\/wp.me\/p4lG08-ewq","jetpack-related-posts":[],"_links":{"self":[{"href":"https:\/\/www.alqueria.es\/blogs\/alqueriaamarillanaranja\/wp-json\/wp\/v2\/posts\/55826","targetHints":{"allow":["GET"]}}],"collection":[{"href":"https:\/\/www.alqueria.es\/blogs\/alqueriaamarillanaranja\/wp-json\/wp\/v2\/posts"}],"about":[{"href":"https:\/\/www.alqueria.es\/blogs\/alqueriaamarillanaranja\/wp-json\/wp\/v2\/types\/post"}],"author":[{"embeddable":true,"href":"https:\/\/www.alqueria.es\/blogs\/alqueriaamarillanaranja\/wp-json\/wp\/v2\/users\/23"}],"replies":[{"embeddable":true,"href":"https:\/\/www.alqueria.es\/blogs\/alqueriaamarillanaranja\/wp-json\/wp\/v2\/comments?post=55826"}],"version-history":[{"count":5,"href":"https:\/\/www.alqueria.es\/blogs\/alqueriaamarillanaranja\/wp-json\/wp\/v2\/posts\/55826\/revisions"}],"predecessor-version":[{"id":55844,"href":"https:\/\/www.alqueria.es\/blogs\/alqueriaamarillanaranja\/wp-json\/wp\/v2\/posts\/55826\/revisions\/55844"}],"wp:attachment":[{"href":"https:\/\/www.alqueria.es\/blogs\/alqueriaamarillanaranja\/wp-json\/wp\/v2\/media?parent=55826"}],"wp:term":[{"taxonomy":"category","embeddable":true,"href":"https:\/\/www.alqueria.es\/blogs\/alqueriaamarillanaranja\/wp-json\/wp\/v2\/categories?post=55826"},{"taxonomy":"post_tag","embeddable":true,"href":"https:\/\/www.alqueria.es\/blogs\/alqueriaamarillanaranja\/wp-json\/wp\/v2\/tags?post=55826"}],"curies":[{"name":"wp","href":"https:\/\/api.w.org\/{rel}","templated":true}]}}