{"id":5586,"date":"2013-05-17T15:26:31","date_gmt":"2013-05-17T13:26:31","guid":{"rendered":"http:\/\/alqueriaamarillanaranja.wordpress.com\/?p=5586"},"modified":"2014-02-24T12:50:31","modified_gmt":"2014-02-24T12:50:31","slug":"los-naranjitas-vamos-a-huerto-alegre","status":"publish","type":"post","link":"https:\/\/www.alqueria.es\/blogs\/alqueriaamarillanaranja\/2013\/05\/17\/los-naranjitas-vamos-a-huerto-alegre\/","title":{"rendered":"Los naranjitas vamos a Huerto Alegre"},"content":{"rendered":"<p><a href=\"http:\/\/alqueriaamarillanaranja.files.wordpress.com\/2013\/05\/granja1.jpg\"><img decoding=\"async\" data-attachment-id=\"5587\" data-permalink=\"https:\/\/www.alqueria.es\/blogs\/alqueriaamarillanaranja\/granja1\/\" data-orig-file=\"https:\/\/www.alqueria.es\/blogs\/alqueriaamarillanaranja\/wp-content\/uploads\/sites\/9\/2013\/05\/granja1.jpg\" data-orig-size=\"400,299\" data-comments-opened=\"1\" data-image-meta=\"{&quot;aperture&quot;:&quot;0&quot;,&quot;credit&quot;:&quot;&quot;,&quot;camera&quot;:&quot;&quot;,&quot;caption&quot;:&quot;&quot;,&quot;created_timestamp&quot;:&quot;0&quot;,&quot;copyright&quot;:&quot;&quot;,&quot;focal_length&quot;:&quot;0&quot;,&quot;iso&quot;:&quot;0&quot;,&quot;shutter_speed&quot;:&quot;0&quot;,&quot;title&quot;:&quot;&quot;}\" data-image-title=\"granja[1]\" data-image-description=\"\" data-image-caption=\"\" data-large-file=\"https:\/\/www.alqueria.es\/blogs\/alqueriaamarillanaranja\/wp-content\/uploads\/sites\/9\/2013\/05\/granja1.jpg\" class=\"alignright size-medium wp-image-5587\" alt=\"granja[1]\" src=\"https:\/\/cloud.alqueria.es\/wp-content\/uploads\/sites\/9\/2013\/05\/granja11.jpg\" width=\"300\" height=\"224\" \/><\/a><span style=\"color:#800080\">\u00a1Vamos de excursi\u00f3n! Esta ma\u00f1ana todos est\u00e1bamos emocionados con la idea del buen d\u00eda que nos esperaba.<\/span><\/p>\n<p><span style=\"color:#800080\">A primera hora nos preparamos y salimos tempranito en el autob\u00fas, una de las cosas que m\u00e1s les gusta. El trayecto ha ido muy bien, todos contentos vamos mirando el paisaje. Y cuando llegamos ya est\u00e1n esper\u00e1ndonos para tomar un poquito de fruta y algunas galletas mientras nos cuentan en qu\u00e9 va a consistir nuestro d\u00eda en la granja escuela.<\/span><\/p>\n<p><a href=\"http:\/\/alqueriaamarillanaranja.files.wordpress.com\/2013\/05\/u8_pd4anos_baja-pdf-adobereader-21.jpg\"><img decoding=\"async\" data-attachment-id=\"5592\" data-permalink=\"https:\/\/www.alqueria.es\/blogs\/alqueriaamarillanaranja\/u8_pd4anos_baja-pdf-adobereader-21\/\" data-orig-file=\"https:\/\/www.alqueria.es\/blogs\/alqueriaamarillanaranja\/wp-content\/uploads\/sites\/9\/2013\/05\/u8_pd4anos_baja-pdf-adobereader-21.jpg\" data-orig-size=\"400,294\" data-comments-opened=\"1\" data-image-meta=\"{&quot;aperture&quot;:&quot;0&quot;,&quot;credit&quot;:&quot;&quot;,&quot;camera&quot;:&quot;&quot;,&quot;caption&quot;:&quot;&quot;,&quot;created_timestamp&quot;:&quot;0&quot;,&quot;copyright&quot;:&quot;&quot;,&quot;focal_length&quot;:&quot;0&quot;,&quot;iso&quot;:&quot;0&quot;,&quot;shutter_speed&quot;:&quot;0&quot;,&quot;title&quot;:&quot;&quot;}\" data-image-title=\"u8_pd4anos_baja.pdf+-+adobe+reader-2[1]\" data-image-description=\"\" data-image-caption=\"\" data-large-file=\"https:\/\/www.alqueria.es\/blogs\/alqueriaamarillanaranja\/wp-content\/uploads\/sites\/9\/2013\/05\/u8_pd4anos_baja-pdf-adobereader-21.jpg\" class=\"alignleft size-medium wp-image-5592\" alt=\"u8_pd4anos_baja.pdf+-+adobe+reader-2[1]\" src=\"https:\/\/cloud.alqueria.es\/wp-content\/uploads\/sites\/9\/2013\/05\/u8_pd4anos_baja-pdf-adobereader-211.jpg\" width=\"300\" height=\"220\" \/><\/a><\/p>\n<p><span style=\"color:#800080\">Hemos pasado un d\u00eda estupendo con los animales, el huerto, el taller de pan, el cuentacuentos&#8230;&#8230;&#8230;&#8230;A la vuelta, como ya comprobar\u00e9is casi todos se han dormido porque vienen agotados por la actividad y por las emociones.<\/span><\/p>\n<p><span style=\"color:#800080\">Los <a href=\"mailto:ni\u00f1@s\">ni\u00f1@s<\/a> se han portado estupendamente y han sido capaces de realizar todas las actividades propuestas por los monitores con motivaci\u00f3n y entusiasmo, \u00a1son unos campeones!.<\/span><\/p>\n<p><span style=\"color:#800080\">\u00a0El lunes ya os contar\u00e9 con m\u00e1s detalle y os pondr\u00e9 algunas fotograf\u00edas de este d\u00eda inolvidable.<\/span><\/p>\n<p><span style=\"color:#800080\">Os deseo un buen fin de semana, y sobre todo&#8230;..que descans\u00e9is. \u00a1Hasta el lunes!<\/span><\/p>\n","protected":false},"excerpt":{"rendered":"<p>\u00a1Vamos de excursi\u00f3n! Esta ma\u00f1ana todos est\u00e1bamos emocionados con la idea del buen d\u00eda que nos esperaba. A primera hora nos preparamos y salimos tempranito en el autob\u00fas, una de las cosas que m\u00e1s les gusta. El trayecto ha ido muy bien, todos contentos vamos mirando el paisaje. Y cuando llegamos ya est\u00e1n esper\u00e1ndonos para &hellip; <a href=\"https:\/\/www.alqueria.es\/blogs\/alqueriaamarillanaranja\/2013\/05\/17\/los-naranjitas-vamos-a-huerto-alegre\/\" class=\"more-link\">Seguir leyendo <span class=\"screen-reader-text\">Los naranjitas vamos a Huerto Alegre<\/span> <span class=\"meta-nav\">&rarr;<\/span><\/a><\/p>\n","protected":false},"author":23,"featured_media":0,"comment_status":"open","ping_status":"open","sticky":false,"template":"","format":"standard","meta":{"jetpack_post_was_ever_published":false,"_jetpack_newsletter_access":"","_jetpack_dont_email_post_to_subs":false,"_jetpack_newsletter_tier_id":0,"_jetpack_memberships_contains_paywalled_content":false,"_jetpack_memberships_contains_paid_content":false,"footnotes":"","jetpack_publicize_message":"","jetpack_publicize_feature_enabled":true,"jetpack_social_post_already_shared":true,"jetpack_social_options":{"image_generator_settings":{"template":"highway","default_image_id":0,"font":"","enabled":false},"version":2}},"categories":[7,11],"tags":[110],"class_list":["post-5586","post","type-post","status-publish","format-standard","hentry","category-clase-naranja","category-excursiones","tag-salida-granja-escuela"],"jetpack_publicize_connections":[],"jetpack_featured_media_url":"","jetpack_sharing_enabled":true,"jetpack_shortlink":"https:\/\/wp.me\/p4lG08-1s6","jetpack-related-posts":[],"_links":{"self":[{"href":"https:\/\/www.alqueria.es\/blogs\/alqueriaamarillanaranja\/wp-json\/wp\/v2\/posts\/5586","targetHints":{"allow":["GET"]}}],"collection":[{"href":"https:\/\/www.alqueria.es\/blogs\/alqueriaamarillanaranja\/wp-json\/wp\/v2\/posts"}],"about":[{"href":"https:\/\/www.alqueria.es\/blogs\/alqueriaamarillanaranja\/wp-json\/wp\/v2\/types\/post"}],"author":[{"embeddable":true,"href":"https:\/\/www.alqueria.es\/blogs\/alqueriaamarillanaranja\/wp-json\/wp\/v2\/users\/23"}],"replies":[{"embeddable":true,"href":"https:\/\/www.alqueria.es\/blogs\/alqueriaamarillanaranja\/wp-json\/wp\/v2\/comments?post=5586"}],"version-history":[{"count":0,"href":"https:\/\/www.alqueria.es\/blogs\/alqueriaamarillanaranja\/wp-json\/wp\/v2\/posts\/5586\/revisions"}],"wp:attachment":[{"href":"https:\/\/www.alqueria.es\/blogs\/alqueriaamarillanaranja\/wp-json\/wp\/v2\/media?parent=5586"}],"wp:term":[{"taxonomy":"category","embeddable":true,"href":"https:\/\/www.alqueria.es\/blogs\/alqueriaamarillanaranja\/wp-json\/wp\/v2\/categories?post=5586"},{"taxonomy":"post_tag","embeddable":true,"href":"https:\/\/www.alqueria.es\/blogs\/alqueriaamarillanaranja\/wp-json\/wp\/v2\/tags?post=5586"}],"curies":[{"name":"wp","href":"https:\/\/api.w.org\/{rel}","templated":true}]}}