{"id":5610,"date":"2013-05-20T15:54:34","date_gmt":"2013-05-20T13:54:34","guid":{"rendered":"http:\/\/alqueriaamarillanaranja.wordpress.com\/?p=5610"},"modified":"2014-02-24T12:55:50","modified_gmt":"2014-02-24T12:55:50","slug":"taller-creativo-2","status":"publish","type":"post","link":"https:\/\/www.alqueria.es\/blogs\/alqueriaamarillanaranja\/2013\/05\/20\/taller-creativo-2\/","title":{"rendered":"TALLER CREATIVO"},"content":{"rendered":"<p style=\"text-align:justify\">Comenzamos una nueva semana en la clase amarilla, en la que el Miercoles tenemos nuestra salida al campo. A ver si el tiempo nos acompa\u00f1a&#8230;<\/p>\n<p style=\"text-align:justify\">Despu\u00e9s del juego libre con las herramientas, la cocinita y los beb\u00e9s, nos sentamos para hacer una actividad pl\u00e1stica. Utilizamos como soporte un folio doblado por la mitad. Trabajamos los colores (red, yellow, green and orange),\u00a0echamos en medio unas gotitas de cada color, lo doblamos, le pasan la mano por encima mezclando los colores y el resultado les ha fascinado&#8230;. Cada uno interpreta su dibujo: \u00abuna mariposa\u00bb, \u00abun caballo\u00bb, \u00abun capullo\u00bb&#8230;.<\/p>\n<p class=\"jetpack-slideshow-noscript robots-nocontent\">El pase de diapositivas requiere JavaScript.<\/p><div id=\"gallery-5610-1-slideshow\" class=\"jetpack-slideshow-window jetpack-slideshow jetpack-slideshow-black\" data-trans=\"fade\" data-autostart=\"1\" data-gallery=\"[{&quot;src&quot;:&quot;https:\\\/\\\/www.alqueria.es\\\/blogs\\\/alqueriaamarillanaranja\\\/wp-content\\\/uploads\\\/sites\\\/9\\\/2013\\\/05\\\/foto2579.jpg&quot;,&quot;id&quot;:&quot;5626&quot;,&quot;title&quot;:&quot;Foto2579&quot;,&quot;alt&quot;:&quot;&quot;,&quot;caption&quot;:&quot;&quot;,&quot;itemprop&quot;:&quot;image&quot;},{&quot;src&quot;:&quot;https:\\\/\\\/www.alqueria.es\\\/blogs\\\/alqueriaamarillanaranja\\\/wp-content\\\/uploads\\\/sites\\\/9\\\/2013\\\/05\\\/foto2578.jpg&quot;,&quot;id&quot;:&quot;5625&quot;,&quot;title&quot;:&quot;Foto2578&quot;,&quot;alt&quot;:&quot;&quot;,&quot;caption&quot;:&quot;&quot;,&quot;itemprop&quot;:&quot;image&quot;},{&quot;src&quot;:&quot;https:\\\/\\\/www.alqueria.es\\\/blogs\\\/alqueriaamarillanaranja\\\/wp-content\\\/uploads\\\/sites\\\/9\\\/2013\\\/05\\\/foto2577.jpg&quot;,&quot;id&quot;:&quot;5624&quot;,&quot;title&quot;:&quot;Foto2577&quot;,&quot;alt&quot;:&quot;&quot;,&quot;caption&quot;:&quot;&quot;,&quot;itemprop&quot;:&quot;image&quot;},{&quot;src&quot;:&quot;https:\\\/\\\/www.alqueria.es\\\/blogs\\\/alqueriaamarillanaranja\\\/wp-content\\\/uploads\\\/sites\\\/9\\\/2013\\\/05\\\/foto2576.jpg&quot;,&quot;id&quot;:&quot;5623&quot;,&quot;title&quot;:&quot;Foto2576&quot;,&quot;alt&quot;:&quot;&quot;,&quot;caption&quot;:&quot;&quot;,&quot;itemprop&quot;:&quot;image&quot;},{&quot;src&quot;:&quot;https:\\\/\\\/www.alqueria.es\\\/blogs\\\/alqueriaamarillanaranja\\\/wp-content\\\/uploads\\\/sites\\\/9\\\/2013\\\/05\\\/foto2575.jpg&quot;,&quot;id&quot;:&quot;5622&quot;,&quot;title&quot;:&quot;Foto2575&quot;,&quot;alt&quot;:&quot;&quot;,&quot;caption&quot;:&quot;&quot;,&quot;itemprop&quot;:&quot;image&quot;},{&quot;src&quot;:&quot;https:\\\/\\\/www.alqueria.es\\\/blogs\\\/alqueriaamarillanaranja\\\/wp-content\\\/uploads\\\/sites\\\/9\\\/2013\\\/05\\\/foto2574.jpg&quot;,&quot;id&quot;:&quot;5621&quot;,&quot;title&quot;:&quot;Foto2574&quot;,&quot;alt&quot;:&quot;&quot;,&quot;caption&quot;:&quot;&quot;,&quot;itemprop&quot;:&quot;image&quot;},{&quot;src&quot;:&quot;https:\\\/\\\/www.alqueria.es\\\/blogs\\\/alqueriaamarillanaranja\\\/wp-content\\\/uploads\\\/sites\\\/9\\\/2013\\\/05\\\/foto2573.jpg&quot;,&quot;id&quot;:&quot;5620&quot;,&quot;title&quot;:&quot;Foto2573&quot;,&quot;alt&quot;:&quot;&quot;,&quot;caption&quot;:&quot;&quot;,&quot;itemprop&quot;:&quot;image&quot;},{&quot;src&quot;:&quot;https:\\\/\\\/www.alqueria.es\\\/blogs\\\/alqueriaamarillanaranja\\\/wp-content\\\/uploads\\\/sites\\\/9\\\/2013\\\/05\\\/foto2572.jpg&quot;,&quot;id&quot;:&quot;5619&quot;,&quot;title&quot;:&quot;Foto2572&quot;,&quot;alt&quot;:&quot;&quot;,&quot;caption&quot;:&quot;&quot;,&quot;itemprop&quot;:&quot;image&quot;},{&quot;src&quot;:&quot;https:\\\/\\\/www.alqueria.es\\\/blogs\\\/alqueriaamarillanaranja\\\/wp-content\\\/uploads\\\/sites\\\/9\\\/2013\\\/05\\\/foto2571.jpg&quot;,&quot;id&quot;:&quot;5618&quot;,&quot;title&quot;:&quot;Foto2571&quot;,&quot;alt&quot;:&quot;&quot;,&quot;caption&quot;:&quot;&quot;,&quot;itemprop&quot;:&quot;image&quot;},{&quot;src&quot;:&quot;https:\\\/\\\/www.alqueria.es\\\/blogs\\\/alqueriaamarillanaranja\\\/wp-content\\\/uploads\\\/sites\\\/9\\\/2013\\\/05\\\/foto2570.jpg&quot;,&quot;id&quot;:&quot;5617&quot;,&quot;title&quot;:&quot;Foto2570&quot;,&quot;alt&quot;:&quot;&quot;,&quot;caption&quot;:&quot;&quot;,&quot;itemprop&quot;:&quot;image&quot;},{&quot;src&quot;:&quot;https:\\\/\\\/www.alqueria.es\\\/blogs\\\/alqueriaamarillanaranja\\\/wp-content\\\/uploads\\\/sites\\\/9\\\/2013\\\/05\\\/foto2568.jpg&quot;,&quot;id&quot;:&quot;5616&quot;,&quot;title&quot;:&quot;Foto2568&quot;,&quot;alt&quot;:&quot;&quot;,&quot;caption&quot;:&quot;&quot;,&quot;itemprop&quot;:&quot;image&quot;},{&quot;src&quot;:&quot;https:\\\/\\\/www.alqueria.es\\\/blogs\\\/alqueriaamarillanaranja\\\/wp-content\\\/uploads\\\/sites\\\/9\\\/2013\\\/05\\\/foto2565.jpg&quot;,&quot;id&quot;:&quot;5615&quot;,&quot;title&quot;:&quot;Foto2565&quot;,&quot;alt&quot;:&quot;&quot;,&quot;caption&quot;:&quot;&quot;,&quot;itemprop&quot;:&quot;image&quot;},{&quot;src&quot;:&quot;https:\\\/\\\/www.alqueria.es\\\/blogs\\\/alqueriaamarillanaranja\\\/wp-content\\\/uploads\\\/sites\\\/9\\\/2013\\\/05\\\/foto2564.jpg&quot;,&quot;id&quot;:&quot;5614&quot;,&quot;title&quot;:&quot;Foto2564&quot;,&quot;alt&quot;:&quot;&quot;,&quot;caption&quot;:&quot;&quot;,&quot;itemprop&quot;:&quot;image&quot;},{&quot;src&quot;:&quot;https:\\\/\\\/www.alqueria.es\\\/blogs\\\/alqueriaamarillanaranja\\\/wp-content\\\/uploads\\\/sites\\\/9\\\/2013\\\/05\\\/foto2561.jpg&quot;,&quot;id&quot;:&quot;5613&quot;,&quot;title&quot;:&quot;Foto2561&quot;,&quot;alt&quot;:&quot;&quot;,&quot;caption&quot;:&quot;&quot;,&quot;itemprop&quot;:&quot;image&quot;},{&quot;src&quot;:&quot;https:\\\/\\\/www.alqueria.es\\\/blogs\\\/alqueriaamarillanaranja\\\/wp-content\\\/uploads\\\/sites\\\/9\\\/2013\\\/05\\\/foto2560.jpg&quot;,&quot;id&quot;:&quot;5612&quot;,&quot;title&quot;:&quot;Foto2560&quot;,&quot;alt&quot;:&quot;&quot;,&quot;caption&quot;:&quot;&quot;,&quot;itemprop&quot;:&quot;image&quot;}]\" itemscope itemtype=\"https:\/\/schema.org\/ImageGallery\"><\/div>\n<p style=\"text-align:justify\">En la asamblea contamos <strong>qu\u00e9 hemos hecho el fin de semana <\/strong>y<a href=\"http:\/\/alqueriaamarillanaranja.files.wordpress.com\/2013\/05\/foto2580.jpg\"><img decoding=\"async\" data-attachment-id=\"5627\" data-permalink=\"https:\/\/www.alqueria.es\/blogs\/alqueriaamarillanaranja\/foto2580\/\" data-orig-file=\"https:\/\/www.alqueria.es\/blogs\/alqueriaamarillanaranja\/wp-content\/uploads\/sites\/9\/2013\/05\/foto2580.jpg\" data-orig-size=\"768,1024\" data-comments-opened=\"1\" data-image-meta=\"{&quot;aperture&quot;:&quot;0&quot;,&quot;credit&quot;:&quot;&quot;,&quot;camera&quot;:&quot;&quot;,&quot;caption&quot;:&quot;&quot;,&quot;created_timestamp&quot;:&quot;0&quot;,&quot;copyright&quot;:&quot;&quot;,&quot;focal_length&quot;:&quot;0&quot;,&quot;iso&quot;:&quot;0&quot;,&quot;shutter_speed&quot;:&quot;0&quot;,&quot;title&quot;:&quot;&quot;}\" data-image-title=\"Foto2580\" data-image-description=\"\" data-image-caption=\"\" data-large-file=\"https:\/\/www.alqueria.es\/blogs\/alqueriaamarillanaranja\/wp-content\/uploads\/sites\/9\/2013\/05\/foto2580-768x1024.jpg\" class=\"alignright size-thumbnail wp-image-5627\" alt=\"Foto2580\" src=\"https:\/\/cloud.alqueria.es\/wp-content\/uploads\/sites\/9\/2013\/05\/foto25801.jpg\" width=\"112\" height=\"150\" \/><\/a> un cuento muy divertido que trae Estela de su casa, en \u00e9l\u00a0te van diciendo lo que tienes que hacer con unos c\u00edrculos de colores\u00a0y van ocurriendo distintas cosas con ellos: se multiplican, se ordenan, se desordenan&#8230;. Y le ha tocado a ella tambi\u00e9n ser la s\u00faper del d\u00eda y repartir la fruta.<\/p>\n<p style=\"text-align:justify\">Salimos al patio y compartimos nuestro juego al aire libre con el grupo azul.<\/p>\n<p style=\"text-align:justify\">\u00a0<\/p>\n","protected":false},"excerpt":{"rendered":"<p>Comenzamos una nueva semana en la clase amarilla, en la que el Miercoles tenemos nuestra salida al campo. A ver si el tiempo nos acompa\u00f1a&#8230; Despu\u00e9s del juego libre con las herramientas, la cocinita y los beb\u00e9s, nos sentamos para hacer una actividad pl\u00e1stica. Utilizamos como soporte un folio doblado por la mitad. Trabajamos los &hellip; <a href=\"https:\/\/www.alqueria.es\/blogs\/alqueriaamarillanaranja\/2013\/05\/20\/taller-creativo-2\/\" class=\"more-link\">Seguir leyendo <span class=\"screen-reader-text\">TALLER CREATIVO<\/span> <span class=\"meta-nav\">&rarr;<\/span><\/a><\/p>\n","protected":false},"author":23,"featured_media":0,"comment_status":"open","ping_status":"open","sticky":false,"template":"","format":"standard","meta":{"jetpack_post_was_ever_published":false,"_jetpack_newsletter_access":"","_jetpack_dont_email_post_to_subs":false,"_jetpack_newsletter_tier_id":0,"_jetpack_memberships_contains_paywalled_content":false,"_jetpack_memberships_contains_paid_content":false,"footnotes":"","jetpack_publicize_message":"","jetpack_publicize_feature_enabled":true,"jetpack_social_post_already_shared":true,"jetpack_social_options":{"image_generator_settings":{"template":"highway","default_image_id":0,"font":"","enabled":false},"version":2}},"categories":[6,9,18],"tags":[289],"class_list":["post-5610","post","type-post","status-publish","format-standard","hentry","category-clase-amarilla","category-diario-clase-amarilla","category-talleres","tag-talleres-creativos"],"jetpack_publicize_connections":[],"jetpack_featured_media_url":"","jetpack_sharing_enabled":true,"jetpack_shortlink":"https:\/\/wp.me\/p4lG08-1su","jetpack-related-posts":[],"_links":{"self":[{"href":"https:\/\/www.alqueria.es\/blogs\/alqueriaamarillanaranja\/wp-json\/wp\/v2\/posts\/5610","targetHints":{"allow":["GET"]}}],"collection":[{"href":"https:\/\/www.alqueria.es\/blogs\/alqueriaamarillanaranja\/wp-json\/wp\/v2\/posts"}],"about":[{"href":"https:\/\/www.alqueria.es\/blogs\/alqueriaamarillanaranja\/wp-json\/wp\/v2\/types\/post"}],"author":[{"embeddable":true,"href":"https:\/\/www.alqueria.es\/blogs\/alqueriaamarillanaranja\/wp-json\/wp\/v2\/users\/23"}],"replies":[{"embeddable":true,"href":"https:\/\/www.alqueria.es\/blogs\/alqueriaamarillanaranja\/wp-json\/wp\/v2\/comments?post=5610"}],"version-history":[{"count":0,"href":"https:\/\/www.alqueria.es\/blogs\/alqueriaamarillanaranja\/wp-json\/wp\/v2\/posts\/5610\/revisions"}],"wp:attachment":[{"href":"https:\/\/www.alqueria.es\/blogs\/alqueriaamarillanaranja\/wp-json\/wp\/v2\/media?parent=5610"}],"wp:term":[{"taxonomy":"category","embeddable":true,"href":"https:\/\/www.alqueria.es\/blogs\/alqueriaamarillanaranja\/wp-json\/wp\/v2\/categories?post=5610"},{"taxonomy":"post_tag","embeddable":true,"href":"https:\/\/www.alqueria.es\/blogs\/alqueriaamarillanaranja\/wp-json\/wp\/v2\/tags?post=5610"}],"curies":[{"name":"wp","href":"https:\/\/api.w.org\/{rel}","templated":true}]}}