{"id":57722,"date":"2022-09-27T18:11:15","date_gmt":"2022-09-27T16:11:15","guid":{"rendered":"https:\/\/www.alqueria.es\/blogs\/alqueriaamarillanaranja\/?p=57722"},"modified":"2022-10-11T21:49:33","modified_gmt":"2022-10-11T19:49:33","slug":"un-dia-muy-productivo","status":"publish","type":"post","link":"https:\/\/www.alqueria.es\/blogs\/alqueriaamarillanaranja\/2022\/09\/27\/un-dia-muy-productivo\/","title":{"rendered":"UN D\u00cdA MUY PRODUCTIVO."},"content":{"rendered":"<p>Hola familias, la clase naranjita hemos tenido un d\u00eda muy completo. Nada m\u00e1s llegar al colegio hemos pasado por el aseo y hemos dado comienzo a nuestra <span style=\"color: #ff6600\"><strong>Asamblea<\/strong><\/span>, les he mostrado unas pi\u00f1as que recog\u00ed en el bosque el fin de semana, y hemos decidido ponerlas en un cesto, antes hemos contado cu\u00e1ntas hab\u00eda, qu\u00e9 tama\u00f1o ten\u00edan, etc. \u00a0y hemos acordado traernos cada uno m\u00e1s cosas del oto\u00f1o!!<\/p>\n<p>A continuaci\u00f3n hemos recitado una <strong><span style=\"color: #ff6600\">poes\u00eda<\/span><\/strong>, que poco a poco iremos aprendiendo y hemos cantado algunas canciones con esta tem\u00e1tica.<\/p>\n<p><img decoding=\"async\" data-attachment-id=\"57723\" data-permalink=\"https:\/\/www.alqueria.es\/blogs\/alqueriaamarillanaranja\/2022\/09\/27\/un-dia-muy-productivo\/photo-2022-09-27-17-53-05\/\" data-orig-file=\"https:\/\/cloud.alqueria.es\/wp-content\/uploads\/sites\/9\/2022\/09\/PHOTO-2022-09-27-17-53-05.jpg\" data-orig-size=\"768,1024\" data-comments-opened=\"1\" data-image-meta=\"{&quot;aperture&quot;:&quot;0&quot;,&quot;credit&quot;:&quot;&quot;,&quot;camera&quot;:&quot;&quot;,&quot;caption&quot;:&quot;&quot;,&quot;created_timestamp&quot;:&quot;0&quot;,&quot;copyright&quot;:&quot;&quot;,&quot;focal_length&quot;:&quot;0&quot;,&quot;iso&quot;:&quot;0&quot;,&quot;shutter_speed&quot;:&quot;0&quot;,&quot;title&quot;:&quot;&quot;,&quot;orientation&quot;:&quot;0&quot;}\" data-image-title=\"PHOTO-2022-09-27-17-53-05\" data-image-description=\"\" data-image-caption=\"\" data-large-file=\"https:\/\/cloud.alqueria.es\/wp-content\/uploads\/sites\/9\/2022\/09\/PHOTO-2022-09-27-17-53-05.jpg\" class=\"aligncenter size-medium wp-image-57723\" src=\"https:\/\/cloud.alqueria.es\/wp-content\/uploads\/sites\/9\/2022\/09\/PHOTO-2022-09-27-17-53-05-225x300.jpg\" alt=\"\" width=\"225\" height=\"300\" srcset=\"https:\/\/cloud.alqueria.es\/wp-content\/uploads\/sites\/9\/2022\/09\/PHOTO-2022-09-27-17-53-05-225x300.jpg 225w, https:\/\/cloud.alqueria.es\/wp-content\/uploads\/sites\/9\/2022\/09\/PHOTO-2022-09-27-17-53-05.jpg 768w\" sizes=\"(max-width: 225px) 100vw, 225px\" \/><\/p>\n<p>Nuestra <strong><span style=\"color: #ff6600\">S\u00faper\u00a0 Ayudante<\/span><\/strong> de hoy ha sido Elena, ha cambiado el d\u00eda de la semana, hoy era martes&#8230;.y hemos recordado: \u00bfQu\u00e9 nombres de la clase empiezan por MAR? A lo que han respondido Marco, Mart\u00edn.<\/p>\n<p>Despu\u00e9s ha contado cu\u00e1ntos hab\u00edamos venido hoy, y cu\u00e1ntos compa\u00f1eros faltaban.<\/p>\n<div data-carousel-extra='{&quot;blog_id&quot;:9,&quot;permalink&quot;:&quot;https:\/\/www.alqueria.es\/blogs\/alqueriaamarillanaranja\/2022\/09\/27\/un-dia-muy-productivo\/&quot;}' id='gallery-1' class='gallery galleryid-57722 gallery-columns-3 gallery-size-thumbnail'><figure class='gallery-item'>\n\t\t\t<div class='gallery-icon portrait'>\n\t\t\t\t<a href='https:\/\/www.alqueria.es\/blogs\/alqueriaamarillanaranja\/2022\/09\/27\/un-dia-muy-productivo\/photo-2022-09-27-17-53-06\/'><img decoding=\"async\" width=\"150\" height=\"150\" src=\"https:\/\/cloud.alqueria.es\/wp-content\/uploads\/sites\/9\/2022\/09\/PHOTO-2022-09-27-17-53-06-150x150.jpg\" class=\"attachment-thumbnail size-thumbnail\" alt=\"\" data-attachment-id=\"57729\" data-permalink=\"https:\/\/www.alqueria.es\/blogs\/alqueriaamarillanaranja\/2022\/09\/27\/un-dia-muy-productivo\/photo-2022-09-27-17-53-06\/\" data-orig-file=\"https:\/\/cloud.alqueria.es\/wp-content\/uploads\/sites\/9\/2022\/09\/PHOTO-2022-09-27-17-53-06.jpg\" data-orig-size=\"768,1024\" data-comments-opened=\"1\" data-image-meta=\"{&quot;aperture&quot;:&quot;0&quot;,&quot;credit&quot;:&quot;&quot;,&quot;camera&quot;:&quot;&quot;,&quot;caption&quot;:&quot;&quot;,&quot;created_timestamp&quot;:&quot;0&quot;,&quot;copyright&quot;:&quot;&quot;,&quot;focal_length&quot;:&quot;0&quot;,&quot;iso&quot;:&quot;0&quot;,&quot;shutter_speed&quot;:&quot;0&quot;,&quot;title&quot;:&quot;&quot;,&quot;orientation&quot;:&quot;0&quot;}\" data-image-title=\"PHOTO-2022-09-27-17-53-06\" data-image-description=\"\" data-image-caption=\"\" data-large-file=\"https:\/\/cloud.alqueria.es\/wp-content\/uploads\/sites\/9\/2022\/09\/PHOTO-2022-09-27-17-53-06.jpg\" \/><\/a>\n\t\t\t<\/div><\/figure><figure class='gallery-item'>\n\t\t\t<div class='gallery-icon landscape'>\n\t\t\t\t<a href='https:\/\/www.alqueria.es\/blogs\/alqueriaamarillanaranja\/2022\/09\/27\/un-dia-muy-productivo\/photo-2022-09-27-17-53-06-2\/'><img decoding=\"async\" width=\"150\" height=\"150\" src=\"https:\/\/cloud.alqueria.es\/wp-content\/uploads\/sites\/9\/2022\/09\/PHOTO-2022-09-27-17-53-06-2-150x150.jpg\" class=\"attachment-thumbnail size-thumbnail\" alt=\"\" data-attachment-id=\"57724\" data-permalink=\"https:\/\/www.alqueria.es\/blogs\/alqueriaamarillanaranja\/2022\/09\/27\/un-dia-muy-productivo\/photo-2022-09-27-17-53-06-2\/\" data-orig-file=\"https:\/\/cloud.alqueria.es\/wp-content\/uploads\/sites\/9\/2022\/09\/PHOTO-2022-09-27-17-53-06-2.jpg\" data-orig-size=\"1024,768\" data-comments-opened=\"1\" data-image-meta=\"{&quot;aperture&quot;:&quot;0&quot;,&quot;credit&quot;:&quot;&quot;,&quot;camera&quot;:&quot;&quot;,&quot;caption&quot;:&quot;&quot;,&quot;created_timestamp&quot;:&quot;0&quot;,&quot;copyright&quot;:&quot;&quot;,&quot;focal_length&quot;:&quot;0&quot;,&quot;iso&quot;:&quot;0&quot;,&quot;shutter_speed&quot;:&quot;0&quot;,&quot;title&quot;:&quot;&quot;,&quot;orientation&quot;:&quot;0&quot;}\" data-image-title=\"PHOTO-2022-09-27-17-53-06 2\" data-image-description=\"\" data-image-caption=\"\" data-large-file=\"https:\/\/cloud.alqueria.es\/wp-content\/uploads\/sites\/9\/2022\/09\/PHOTO-2022-09-27-17-53-06-2.jpg\" \/><\/a>\n\t\t\t<\/div><\/figure>\n\t\t<\/div>\n\n<p>Tras esto hemos pasado a nuestro <strong><span style=\"color: #ff6600\">M\u00e9todo de Propuestas: \u00a0<\/span><\/strong>la tem\u00e1tica m\u00e1s votada ha sido animales y m\u00e9dicos, por lo que hemos acordado que los \u00a0m\u00e9dicos pod\u00edan ser veterinarios y curar a los animales.<\/p>\n<p><img decoding=\"async\" data-attachment-id=\"57725\" data-permalink=\"https:\/\/www.alqueria.es\/blogs\/alqueriaamarillanaranja\/2022\/09\/27\/un-dia-muy-productivo\/photo-2022-09-27-17-53-06-4\/\" data-orig-file=\"https:\/\/cloud.alqueria.es\/wp-content\/uploads\/sites\/9\/2022\/09\/PHOTO-2022-09-27-17-53-06-4.jpg\" data-orig-size=\"768,1024\" data-comments-opened=\"1\" data-image-meta=\"{&quot;aperture&quot;:&quot;0&quot;,&quot;credit&quot;:&quot;&quot;,&quot;camera&quot;:&quot;&quot;,&quot;caption&quot;:&quot;&quot;,&quot;created_timestamp&quot;:&quot;0&quot;,&quot;copyright&quot;:&quot;&quot;,&quot;focal_length&quot;:&quot;0&quot;,&quot;iso&quot;:&quot;0&quot;,&quot;shutter_speed&quot;:&quot;0&quot;,&quot;title&quot;:&quot;&quot;,&quot;orientation&quot;:&quot;0&quot;}\" data-image-title=\"PHOTO-2022-09-27-17-53-06 4\" data-image-description=\"\" data-image-caption=\"\" data-large-file=\"https:\/\/cloud.alqueria.es\/wp-content\/uploads\/sites\/9\/2022\/09\/PHOTO-2022-09-27-17-53-06-4.jpg\" class=\"aligncenter size-medium wp-image-57725\" src=\"https:\/\/cloud.alqueria.es\/wp-content\/uploads\/sites\/9\/2022\/09\/PHOTO-2022-09-27-17-53-06-4-225x300.jpg\" alt=\"\" width=\"225\" height=\"300\" srcset=\"https:\/\/cloud.alqueria.es\/wp-content\/uploads\/sites\/9\/2022\/09\/PHOTO-2022-09-27-17-53-06-4-225x300.jpg 225w, https:\/\/cloud.alqueria.es\/wp-content\/uploads\/sites\/9\/2022\/09\/PHOTO-2022-09-27-17-53-06-4.jpg 768w\" sizes=\"(max-width: 225px) 100vw, 225px\" \/><\/p>\n<p>De forma paralela, y por peque\u00f1os grupos hemos realizado nuestro <strong><span style=\"color: #ff6600\">taller creativo<\/span><\/strong>\u00a0con tem\u00e1tica del Oto\u00f1o, hemos elaborado unos preciosos \u00e1rboles con hojas de las tonalidades de esta estaci\u00f3n. Para esta ocasi\u00f3n hemos utilizado temperas y bastoncillos para estampar. Han quedado preciosos!!<\/p>\n<div data-carousel-extra='{&quot;blog_id&quot;:9,&quot;permalink&quot;:&quot;https:\/\/www.alqueria.es\/blogs\/alqueriaamarillanaranja\/2022\/09\/27\/un-dia-muy-productivo\/&quot;}' id='gallery-2' class='gallery galleryid-57722 gallery-columns-3 gallery-size-thumbnail'><figure class='gallery-item'>\n\t\t\t<div class='gallery-icon portrait'>\n\t\t\t\t<a href='https:\/\/www.alqueria.es\/blogs\/alqueriaamarillanaranja\/2022\/09\/27\/un-dia-muy-productivo\/photo-2022-09-27-17-53-06-5\/'><img decoding=\"async\" width=\"150\" height=\"150\" src=\"https:\/\/cloud.alqueria.es\/wp-content\/uploads\/sites\/9\/2022\/09\/PHOTO-2022-09-27-17-53-06-5-150x150.jpg\" class=\"attachment-thumbnail size-thumbnail\" alt=\"\" data-attachment-id=\"57726\" data-permalink=\"https:\/\/www.alqueria.es\/blogs\/alqueriaamarillanaranja\/2022\/09\/27\/un-dia-muy-productivo\/photo-2022-09-27-17-53-06-5\/\" data-orig-file=\"https:\/\/cloud.alqueria.es\/wp-content\/uploads\/sites\/9\/2022\/09\/PHOTO-2022-09-27-17-53-06-5.jpg\" data-orig-size=\"768,1024\" data-comments-opened=\"1\" data-image-meta=\"{&quot;aperture&quot;:&quot;0&quot;,&quot;credit&quot;:&quot;&quot;,&quot;camera&quot;:&quot;&quot;,&quot;caption&quot;:&quot;&quot;,&quot;created_timestamp&quot;:&quot;0&quot;,&quot;copyright&quot;:&quot;&quot;,&quot;focal_length&quot;:&quot;0&quot;,&quot;iso&quot;:&quot;0&quot;,&quot;shutter_speed&quot;:&quot;0&quot;,&quot;title&quot;:&quot;&quot;,&quot;orientation&quot;:&quot;0&quot;}\" data-image-title=\"PHOTO-2022-09-27-17-53-06 5\" data-image-description=\"\" data-image-caption=\"\" data-large-file=\"https:\/\/cloud.alqueria.es\/wp-content\/uploads\/sites\/9\/2022\/09\/PHOTO-2022-09-27-17-53-06-5.jpg\" \/><\/a>\n\t\t\t<\/div><\/figure><figure class='gallery-item'>\n\t\t\t<div class='gallery-icon landscape'>\n\t\t\t\t<a href='https:\/\/www.alqueria.es\/blogs\/alqueriaamarillanaranja\/2022\/09\/27\/un-dia-muy-productivo\/photo-2022-09-27-17-53-06-3\/'><img decoding=\"async\" width=\"150\" height=\"150\" src=\"https:\/\/cloud.alqueria.es\/wp-content\/uploads\/sites\/9\/2022\/09\/PHOTO-2022-09-27-17-53-06-3-150x150.jpg\" class=\"attachment-thumbnail size-thumbnail\" alt=\"\" data-attachment-id=\"57728\" data-permalink=\"https:\/\/www.alqueria.es\/blogs\/alqueriaamarillanaranja\/2022\/09\/27\/un-dia-muy-productivo\/photo-2022-09-27-17-53-06-3\/\" data-orig-file=\"https:\/\/cloud.alqueria.es\/wp-content\/uploads\/sites\/9\/2022\/09\/PHOTO-2022-09-27-17-53-06-3.jpg\" data-orig-size=\"1024,768\" data-comments-opened=\"1\" data-image-meta=\"{&quot;aperture&quot;:&quot;0&quot;,&quot;credit&quot;:&quot;&quot;,&quot;camera&quot;:&quot;&quot;,&quot;caption&quot;:&quot;&quot;,&quot;created_timestamp&quot;:&quot;0&quot;,&quot;copyright&quot;:&quot;&quot;,&quot;focal_length&quot;:&quot;0&quot;,&quot;iso&quot;:&quot;0&quot;,&quot;shutter_speed&quot;:&quot;0&quot;,&quot;title&quot;:&quot;&quot;,&quot;orientation&quot;:&quot;0&quot;}\" data-image-title=\"PHOTO-2022-09-27-17-53-06 3\" data-image-description=\"\" data-image-caption=\"\" data-large-file=\"https:\/\/cloud.alqueria.es\/wp-content\/uploads\/sites\/9\/2022\/09\/PHOTO-2022-09-27-17-53-06-3.jpg\" \/><\/a>\n\t\t\t<\/div><\/figure><figure class='gallery-item'>\n\t\t\t<div class='gallery-icon landscape'>\n\t\t\t\t<a href='https:\/\/www.alqueria.es\/blogs\/alqueriaamarillanaranja\/2022\/09\/27\/un-dia-muy-productivo\/photo-2022-09-27-17-53-06-7\/'><img decoding=\"async\" width=\"150\" height=\"150\" src=\"https:\/\/cloud.alqueria.es\/wp-content\/uploads\/sites\/9\/2022\/09\/PHOTO-2022-09-27-17-53-06-7-150x150.jpg\" class=\"attachment-thumbnail size-thumbnail\" alt=\"\" data-attachment-id=\"57727\" data-permalink=\"https:\/\/www.alqueria.es\/blogs\/alqueriaamarillanaranja\/2022\/09\/27\/un-dia-muy-productivo\/photo-2022-09-27-17-53-06-7\/\" data-orig-file=\"https:\/\/cloud.alqueria.es\/wp-content\/uploads\/sites\/9\/2022\/09\/PHOTO-2022-09-27-17-53-06-7.jpg\" data-orig-size=\"1024,768\" data-comments-opened=\"1\" data-image-meta=\"{&quot;aperture&quot;:&quot;0&quot;,&quot;credit&quot;:&quot;&quot;,&quot;camera&quot;:&quot;&quot;,&quot;caption&quot;:&quot;&quot;,&quot;created_timestamp&quot;:&quot;0&quot;,&quot;copyright&quot;:&quot;&quot;,&quot;focal_length&quot;:&quot;0&quot;,&quot;iso&quot;:&quot;0&quot;,&quot;shutter_speed&quot;:&quot;0&quot;,&quot;title&quot;:&quot;&quot;,&quot;orientation&quot;:&quot;0&quot;}\" data-image-title=\"PHOTO-2022-09-27-17-53-06 7\" data-image-description=\"\" data-image-caption=\"\" data-large-file=\"https:\/\/cloud.alqueria.es\/wp-content\/uploads\/sites\/9\/2022\/09\/PHOTO-2022-09-27-17-53-06-7.jpg\" \/><\/a>\n\t\t\t<\/div><\/figure>\n\t\t<\/div>\n\n<p>Por \u00faltimo nos hemos acercado a visitar a nuestros animales de la <strong><span style=\"color: #ff6600\">granja<\/span><\/strong>: el gallo, la gallina y el conejo, pero es algo t\u00edmido y en cuanto nos ha visto ha corrido a esconderse.<\/p>\n<p><img decoding=\"async\" data-attachment-id=\"57730\" data-permalink=\"https:\/\/www.alqueria.es\/blogs\/alqueriaamarillanaranja\/2022\/09\/27\/un-dia-muy-productivo\/photo-2022-09-27-17-53-06-6\/\" data-orig-file=\"https:\/\/cloud.alqueria.es\/wp-content\/uploads\/sites\/9\/2022\/09\/PHOTO-2022-09-27-17-53-06-6.jpg\" data-orig-size=\"1024,768\" data-comments-opened=\"1\" data-image-meta=\"{&quot;aperture&quot;:&quot;0&quot;,&quot;credit&quot;:&quot;&quot;,&quot;camera&quot;:&quot;&quot;,&quot;caption&quot;:&quot;&quot;,&quot;created_timestamp&quot;:&quot;0&quot;,&quot;copyright&quot;:&quot;&quot;,&quot;focal_length&quot;:&quot;0&quot;,&quot;iso&quot;:&quot;0&quot;,&quot;shutter_speed&quot;:&quot;0&quot;,&quot;title&quot;:&quot;&quot;,&quot;orientation&quot;:&quot;0&quot;}\" data-image-title=\"PHOTO-2022-09-27-17-53-06 6\" data-image-description=\"\" data-image-caption=\"\" data-large-file=\"https:\/\/cloud.alqueria.es\/wp-content\/uploads\/sites\/9\/2022\/09\/PHOTO-2022-09-27-17-53-06-6.jpg\" class=\"alignleft size-medium wp-image-57730\" src=\"https:\/\/cloud.alqueria.es\/wp-content\/uploads\/sites\/9\/2022\/09\/PHOTO-2022-09-27-17-53-06-6-300x225.jpg\" alt=\"\" width=\"300\" height=\"225\" srcset=\"https:\/\/cloud.alqueria.es\/wp-content\/uploads\/sites\/9\/2022\/09\/PHOTO-2022-09-27-17-53-06-6-300x225.jpg 300w, https:\/\/cloud.alqueria.es\/wp-content\/uploads\/sites\/9\/2022\/09\/PHOTO-2022-09-27-17-53-06-6-768x576.jpg 768w, https:\/\/cloud.alqueria.es\/wp-content\/uploads\/sites\/9\/2022\/09\/PHOTO-2022-09-27-17-53-06-6.jpg 1024w\" sizes=\"(max-width: 300px) 100vw, 300px\" \/><\/p>\n<p>Hasta ma\u00f1ana familias.<\/p>\n<p>Eva Oliva.<\/p>\n","protected":false},"excerpt":{"rendered":"<p>Hola familias, la clase naranjita hemos tenido un d\u00eda muy completo. Nada m\u00e1s llegar al colegio hemos pasado por el aseo y hemos dado comienzo a nuestra Asamblea, les he mostrado unas pi\u00f1as que recog\u00ed en el bosque el fin de semana, y hemos decidido ponerlas en un cesto, antes hemos contado cu\u00e1ntas hab\u00eda, qu\u00e9 &hellip; <a href=\"https:\/\/www.alqueria.es\/blogs\/alqueriaamarillanaranja\/2022\/09\/27\/un-dia-muy-productivo\/\" class=\"more-link\">Seguir leyendo <span class=\"screen-reader-text\">UN D\u00cdA MUY PRODUCTIVO.<\/span> <span class=\"meta-nav\">&rarr;<\/span><\/a><\/p>\n","protected":false},"author":23,"featured_media":0,"comment_status":"open","ping_status":"open","sticky":false,"template":"","format":"standard","meta":{"jetpack_post_was_ever_published":false,"_jetpack_newsletter_access":"","_jetpack_dont_email_post_to_subs":false,"_jetpack_newsletter_tier_id":0,"_jetpack_memberships_contains_paywalled_content":false,"_jetpack_memberships_contains_paid_content":false,"footnotes":"","jetpack_publicize_message":"","jetpack_publicize_feature_enabled":true,"jetpack_social_post_already_shared":true,"jetpack_social_options":{"image_generator_settings":{"template":"highway","default_image_id":0,"font":"","enabled":false},"version":2}},"categories":[7,8,648,19],"tags":[],"class_list":["post-57722","post","type-post","status-publish","format-standard","hentry","category-clase-naranja","category-diario","category-metodo-de-propuestas","category-talleres-creativos"],"jetpack_publicize_connections":[],"jetpack_featured_media_url":"","jetpack_sharing_enabled":true,"jetpack_shortlink":"https:\/\/wp.me\/p4lG08-f10","jetpack-related-posts":[],"_links":{"self":[{"href":"https:\/\/www.alqueria.es\/blogs\/alqueriaamarillanaranja\/wp-json\/wp\/v2\/posts\/57722","targetHints":{"allow":["GET"]}}],"collection":[{"href":"https:\/\/www.alqueria.es\/blogs\/alqueriaamarillanaranja\/wp-json\/wp\/v2\/posts"}],"about":[{"href":"https:\/\/www.alqueria.es\/blogs\/alqueriaamarillanaranja\/wp-json\/wp\/v2\/types\/post"}],"author":[{"embeddable":true,"href":"https:\/\/www.alqueria.es\/blogs\/alqueriaamarillanaranja\/wp-json\/wp\/v2\/users\/23"}],"replies":[{"embeddable":true,"href":"https:\/\/www.alqueria.es\/blogs\/alqueriaamarillanaranja\/wp-json\/wp\/v2\/comments?post=57722"}],"version-history":[{"count":7,"href":"https:\/\/www.alqueria.es\/blogs\/alqueriaamarillanaranja\/wp-json\/wp\/v2\/posts\/57722\/revisions"}],"predecessor-version":[{"id":58122,"href":"https:\/\/www.alqueria.es\/blogs\/alqueriaamarillanaranja\/wp-json\/wp\/v2\/posts\/57722\/revisions\/58122"}],"wp:attachment":[{"href":"https:\/\/www.alqueria.es\/blogs\/alqueriaamarillanaranja\/wp-json\/wp\/v2\/media?parent=57722"}],"wp:term":[{"taxonomy":"category","embeddable":true,"href":"https:\/\/www.alqueria.es\/blogs\/alqueriaamarillanaranja\/wp-json\/wp\/v2\/categories?post=57722"},{"taxonomy":"post_tag","embeddable":true,"href":"https:\/\/www.alqueria.es\/blogs\/alqueriaamarillanaranja\/wp-json\/wp\/v2\/tags?post=57722"}],"curies":[{"name":"wp","href":"https:\/\/api.w.org\/{rel}","templated":true}]}}