{"id":57812,"date":"2022-09-30T17:39:54","date_gmt":"2022-09-30T15:39:54","guid":{"rendered":"https:\/\/www.alqueria.es\/blogs\/alqueriaamarillanaranja\/?p=57812"},"modified":"2022-09-30T17:39:54","modified_gmt":"2022-09-30T15:39:54","slug":"el-jardin-de-mi-cole","status":"publish","type":"post","link":"https:\/\/www.alqueria.es\/blogs\/alqueriaamarillanaranja\/2022\/09\/30\/el-jardin-de-mi-cole\/","title":{"rendered":"EL JARD\u00cdN DE MI COLE"},"content":{"rendered":"<p>Ya lleg\u00f3 el viernes!!!<\/p>\n<p>En la Clase amarilla no paramos de actividades!!<\/p>\n<p>La propuesta de juego de primera hora de la ma\u00f1ana ha sido la peluquer\u00eda y peinar a los beb\u00e9s. Recrean las acciones de la peluquer\u00eda: secar el pelo, peinar, cortar&#8230;.<\/p>\n<div class=\"tiled-gallery type-circle tiled-gallery-unresized\" data-original-width=\"474\" data-carousel-extra='{&quot;blog_id&quot;:9,&quot;permalink&quot;:&quot;https:\\\/\\\/www.alqueria.es\\\/blogs\\\/alqueriaamarillanaranja\\\/2022\\\/09\\\/30\\\/el-jardin-de-mi-cole\\\/&quot;,&quot;likes_blog_id&quot;:64271688}' itemscope itemtype=\"http:\/\/schema.org\/ImageGallery\" > <div class=\"gallery-row\" style=\"width: 474px; height: 237px;\" data-original-width=\"474\" data-original-height=\"237\" > <div class=\"gallery-group\" style=\"width: 237px; height: 237px;\" data-original-width=\"237\" data-original-height=\"237\" > <div class=\"tiled-gallery-item \" itemprop=\"associatedMedia\" itemscope itemtype=\"http:\/\/schema.org\/ImageObject\"> <a href=\"https:\/\/www.alqueria.es\/blogs\/alqueriaamarillanaranja\/2022\/09\/30\/el-jardin-de-mi-cole\/20220930_091657\/\" border=\"0\" itemprop=\"url\"> <meta itemprop=\"width\" content=\"233\"> <meta itemprop=\"height\" content=\"233\"> <img decoding=\"async\" class=\"\" data-attachment-id=\"57813\" data-orig-file=\"https:\/\/cloud.alqueria.es\/wp-content\/uploads\/sites\/9\/2022\/09\/20220930_091657.jpg\" data-orig-size=\"1600,720\" data-comments-opened=\"1\" data-image-meta=\"{&quot;aperture&quot;:&quot;2&quot;,&quot;credit&quot;:&quot;&quot;,&quot;camera&quot;:&quot;SM-A127F&quot;,&quot;caption&quot;:&quot;&quot;,&quot;created_timestamp&quot;:&quot;1664529415&quot;,&quot;copyright&quot;:&quot;&quot;,&quot;focal_length&quot;:&quot;4.6&quot;,&quot;iso&quot;:&quot;125&quot;,&quot;shutter_speed&quot;:&quot;0.02&quot;,&quot;title&quot;:&quot;&quot;,&quot;orientation&quot;:&quot;1&quot;}\" data-image-title=\"20220930_091657\" data-image-description=\"\" data-medium-file=\"https:\/\/cloud.alqueria.es\/wp-content\/uploads\/sites\/9\/2022\/09\/20220930_091657-300x135.jpg\" data-large-file=\"https:\/\/cloud.alqueria.es\/wp-content\/uploads\/sites\/9\/2022\/09\/20220930_091657-1024x461.jpg\" src=\"https:\/\/i0.wp.com\/cloud.alqueria.es\/wp-content\/uploads\/sites\/9\/2022\/09\/20220930_091657.jpg?w=233&#038;h=233&#038;crop=1&#038;ssl=1\" width=\"233\" height=\"233\" loading=\"lazy\" data-original-width=\"233\" data-original-height=\"233\" itemprop=\"http:\/\/schema.org\/image\" title=\"20220930_091657\" alt=\"20220930_091657\" style=\"width: 233px; height: 233px;\" \/> <\/a> <\/div> <\/div> <div class=\"gallery-group\" style=\"width: 237px; height: 237px;\" data-original-width=\"237\" data-original-height=\"237\" > <div class=\"tiled-gallery-item \" itemprop=\"associatedMedia\" itemscope itemtype=\"http:\/\/schema.org\/ImageObject\"> <a href=\"https:\/\/www.alqueria.es\/blogs\/alqueriaamarillanaranja\/2022\/09\/30\/el-jardin-de-mi-cole\/20220930_091714\/\" border=\"0\" itemprop=\"url\"> <meta itemprop=\"width\" content=\"233\"> <meta itemprop=\"height\" content=\"233\"> <img decoding=\"async\" class=\"\" data-attachment-id=\"57815\" data-orig-file=\"https:\/\/cloud.alqueria.es\/wp-content\/uploads\/sites\/9\/2022\/09\/20220930_091714.jpg\" data-orig-size=\"1600,720\" data-comments-opened=\"1\" data-image-meta=\"{&quot;aperture&quot;:&quot;2&quot;,&quot;credit&quot;:&quot;&quot;,&quot;camera&quot;:&quot;SM-A127F&quot;,&quot;caption&quot;:&quot;&quot;,&quot;created_timestamp&quot;:&quot;1664529432&quot;,&quot;copyright&quot;:&quot;&quot;,&quot;focal_length&quot;:&quot;4.6&quot;,&quot;iso&quot;:&quot;250&quot;,&quot;shutter_speed&quot;:&quot;0.02&quot;,&quot;title&quot;:&quot;&quot;,&quot;orientation&quot;:&quot;1&quot;}\" data-image-title=\"20220930_091714\" data-image-description=\"\" data-medium-file=\"https:\/\/cloud.alqueria.es\/wp-content\/uploads\/sites\/9\/2022\/09\/20220930_091714-300x135.jpg\" data-large-file=\"https:\/\/cloud.alqueria.es\/wp-content\/uploads\/sites\/9\/2022\/09\/20220930_091714-1024x461.jpg\" src=\"https:\/\/i0.wp.com\/cloud.alqueria.es\/wp-content\/uploads\/sites\/9\/2022\/09\/20220930_091714.jpg?w=233&#038;h=233&#038;crop=1&#038;ssl=1\" width=\"233\" height=\"233\" loading=\"lazy\" data-original-width=\"233\" data-original-height=\"233\" itemprop=\"http:\/\/schema.org\/image\" title=\"20220930_091714\" alt=\"20220930_091714\" style=\"width: 233px; height: 233px;\" \/> <\/a> <\/div> <\/div> <\/div> <\/div>\n<p>Y las cajas tambi\u00e9n han sido integradas para dormir a los beb\u00e9s o para tumbarse ellos mismos.<\/p>\n<p><img decoding=\"async\" data-attachment-id=\"57816\" data-permalink=\"https:\/\/www.alqueria.es\/blogs\/alqueriaamarillanaranja\/2022\/09\/30\/el-jardin-de-mi-cole\/20220930_104337\/\" data-orig-file=\"https:\/\/cloud.alqueria.es\/wp-content\/uploads\/sites\/9\/2022\/09\/20220930_104337.jpg\" data-orig-size=\"707,720\" data-comments-opened=\"1\" data-image-meta=\"{&quot;aperture&quot;:&quot;2&quot;,&quot;credit&quot;:&quot;&quot;,&quot;camera&quot;:&quot;SM-A127F&quot;,&quot;caption&quot;:&quot;&quot;,&quot;created_timestamp&quot;:&quot;1664534616&quot;,&quot;copyright&quot;:&quot;&quot;,&quot;focal_length&quot;:&quot;4.6&quot;,&quot;iso&quot;:&quot;32&quot;,&quot;shutter_speed&quot;:&quot;0.02&quot;,&quot;title&quot;:&quot;&quot;,&quot;orientation&quot;:&quot;1&quot;}\" data-image-title=\"20220930_104337\" data-image-description=\"\" data-image-caption=\"\" data-large-file=\"https:\/\/cloud.alqueria.es\/wp-content\/uploads\/sites\/9\/2022\/09\/20220930_104337.jpg\" class=\"alignleft size-medium wp-image-57816\" src=\"https:\/\/cloud.alqueria.es\/wp-content\/uploads\/sites\/9\/2022\/09\/20220930_104337-295x300.jpg\" alt=\"\" width=\"295\" height=\"300\" srcset=\"https:\/\/cloud.alqueria.es\/wp-content\/uploads\/sites\/9\/2022\/09\/20220930_104337-295x300.jpg 295w, https:\/\/cloud.alqueria.es\/wp-content\/uploads\/sites\/9\/2022\/09\/20220930_104337.jpg 707w\" sizes=\"(max-width: 295px) 100vw, 295px\" \/>Hoy en la Asamblea de la fruta en la que reparte <strong><span style=\"color: #ff00ff\">DAVID<\/span>\u00a0<\/strong>como <span style=\"color: #ff00ff\">S\u00faper- Ayudante<\/span>, cuentan algunas cosas que les pasaron ayer por la tarde y damos lectura a un cuento muy divertido aportado a clase por Fali.<\/p>\n<p>&nbsp;<\/p>\n<p style=\"text-align: center\"><strong><span style=\"color: #ff00ff\">SALIMOS AL JARD\u00cdN DEL COLE<\/span><\/strong><\/p>\n<p>Antes de bajar, les anticipamos que vamos a hacer una peque\u00f1a excursi\u00f3n a nuestro entorno m\u00e1s cercano, el jard\u00edn del cole, para ver las hojas de los \u00e1rboles grandes, observar si han cambiado de color, si se han ca\u00eddo algunas, visitar el estanque, la fuente&#8230;.. Y cual ha sido nuestra sorpresa,\u00a0 hab\u00eda muchas hojas marrones, amarillas y naranjas por el suelo. Las pisamos, lanzamos y cogemos las que no est\u00e1n rotas para echarlas en nuestra cesta.<\/p>\n<p class=\"jetpack-slideshow-noscript robots-nocontent\">El pase de diapositivas requiere JavaScript.<\/p><div id=\"gallery-57812-1-slideshow\" class=\"jetpack-slideshow-window jetpack-slideshow jetpack-slideshow-black\" data-trans=\"fade\" data-autostart=\"1\" data-gallery=\"[{&quot;src&quot;:&quot;https:\\\/\\\/cloud.alqueria.es\\\/wp-content\\\/uploads\\\/sites\\\/9\\\/2022\\\/09\\\/20220930_110543.jpg&quot;,&quot;id&quot;:&quot;57817&quot;,&quot;title&quot;:&quot;20220930_110543&quot;,&quot;alt&quot;:&quot;&quot;,&quot;caption&quot;:&quot;&quot;,&quot;itemprop&quot;:&quot;image&quot;},{&quot;src&quot;:&quot;https:\\\/\\\/cloud.alqueria.es\\\/wp-content\\\/uploads\\\/sites\\\/9\\\/2022\\\/09\\\/20220930_110617.jpg&quot;,&quot;id&quot;:&quot;57818&quot;,&quot;title&quot;:&quot;20220930_110617&quot;,&quot;alt&quot;:&quot;&quot;,&quot;caption&quot;:&quot;&quot;,&quot;itemprop&quot;:&quot;image&quot;},{&quot;src&quot;:&quot;https:\\\/\\\/cloud.alqueria.es\\\/wp-content\\\/uploads\\\/sites\\\/9\\\/2022\\\/09\\\/20220930_110657.jpg&quot;,&quot;id&quot;:&quot;57819&quot;,&quot;title&quot;:&quot;20220930_110657&quot;,&quot;alt&quot;:&quot;&quot;,&quot;caption&quot;:&quot;&quot;,&quot;itemprop&quot;:&quot;image&quot;},{&quot;src&quot;:&quot;https:\\\/\\\/cloud.alqueria.es\\\/wp-content\\\/uploads\\\/sites\\\/9\\\/2022\\\/09\\\/20220930_110720.jpg&quot;,&quot;id&quot;:&quot;57820&quot;,&quot;title&quot;:&quot;20220930_110720&quot;,&quot;alt&quot;:&quot;&quot;,&quot;caption&quot;:&quot;&quot;,&quot;itemprop&quot;:&quot;image&quot;},{&quot;src&quot;:&quot;https:\\\/\\\/cloud.alqueria.es\\\/wp-content\\\/uploads\\\/sites\\\/9\\\/2022\\\/09\\\/IMG-20220930-WA0006.jpg&quot;,&quot;id&quot;:&quot;57832&quot;,&quot;title&quot;:&quot;IMG-20220930-WA0006&quot;,&quot;alt&quot;:&quot;&quot;,&quot;caption&quot;:&quot;&quot;,&quot;itemprop&quot;:&quot;image&quot;},{&quot;src&quot;:&quot;https:\\\/\\\/cloud.alqueria.es\\\/wp-content\\\/uploads\\\/sites\\\/9\\\/2022\\\/09\\\/IMG-20220930-WA0005.jpg&quot;,&quot;id&quot;:&quot;57833&quot;,&quot;title&quot;:&quot;IMG-20220930-WA0005&quot;,&quot;alt&quot;:&quot;&quot;,&quot;caption&quot;:&quot;&quot;,&quot;itemprop&quot;:&quot;image&quot;}]\" itemscope itemtype=\"https:\/\/schema.org\/ImageGallery\"><\/div>\n<p>Despu\u00e9s visitamos otros rincones del jard\u00edn que les han encantado y a las cocineras que nos dicen lo que vamos a comer.<\/p>\n<p>Hemos tenido la oportunidad de disfrutar de este espacio tan bonito\u00a0 para nosotros solos.<\/p>\n<p class=\"jetpack-slideshow-noscript robots-nocontent\">El pase de diapositivas requiere JavaScript.<\/p><div id=\"gallery-57812-2-slideshow\" class=\"jetpack-slideshow-window jetpack-slideshow jetpack-slideshow-black\" data-trans=\"fade\" data-autostart=\"1\" data-gallery=\"[{&quot;src&quot;:&quot;https:\\\/\\\/cloud.alqueria.es\\\/wp-content\\\/uploads\\\/sites\\\/9\\\/2022\\\/09\\\/20220930_111804.jpg&quot;,&quot;id&quot;:&quot;57831&quot;,&quot;title&quot;:&quot;20220930_111804&quot;,&quot;alt&quot;:&quot;&quot;,&quot;caption&quot;:&quot;&quot;,&quot;itemprop&quot;:&quot;image&quot;},{&quot;src&quot;:&quot;https:\\\/\\\/cloud.alqueria.es\\\/wp-content\\\/uploads\\\/sites\\\/9\\\/2022\\\/09\\\/20220930_111656.jpg&quot;,&quot;id&quot;:&quot;57830&quot;,&quot;title&quot;:&quot;20220930_111656&quot;,&quot;alt&quot;:&quot;&quot;,&quot;caption&quot;:&quot;&quot;,&quot;itemprop&quot;:&quot;image&quot;},{&quot;src&quot;:&quot;https:\\\/\\\/cloud.alqueria.es\\\/wp-content\\\/uploads\\\/sites\\\/9\\\/2022\\\/09\\\/20220930_111514.jpg&quot;,&quot;id&quot;:&quot;57829&quot;,&quot;title&quot;:&quot;20220930_111514&quot;,&quot;alt&quot;:&quot;&quot;,&quot;caption&quot;:&quot;&quot;,&quot;itemprop&quot;:&quot;image&quot;},{&quot;src&quot;:&quot;https:\\\/\\\/cloud.alqueria.es\\\/wp-content\\\/uploads\\\/sites\\\/9\\\/2022\\\/09\\\/20220930_111424.jpg&quot;,&quot;id&quot;:&quot;57828&quot;,&quot;title&quot;:&quot;20220930_111424&quot;,&quot;alt&quot;:&quot;&quot;,&quot;caption&quot;:&quot;&quot;,&quot;itemprop&quot;:&quot;image&quot;},{&quot;src&quot;:&quot;https:\\\/\\\/cloud.alqueria.es\\\/wp-content\\\/uploads\\\/sites\\\/9\\\/2022\\\/09\\\/20220930_111325.jpg&quot;,&quot;id&quot;:&quot;57827&quot;,&quot;title&quot;:&quot;20220930_111325&quot;,&quot;alt&quot;:&quot;&quot;,&quot;caption&quot;:&quot;&quot;,&quot;itemprop&quot;:&quot;image&quot;},{&quot;src&quot;:&quot;https:\\\/\\\/cloud.alqueria.es\\\/wp-content\\\/uploads\\\/sites\\\/9\\\/2022\\\/09\\\/20220930_111310.jpg&quot;,&quot;id&quot;:&quot;57826&quot;,&quot;title&quot;:&quot;20220930_111310&quot;,&quot;alt&quot;:&quot;&quot;,&quot;caption&quot;:&quot;&quot;,&quot;itemprop&quot;:&quot;image&quot;},{&quot;src&quot;:&quot;https:\\\/\\\/cloud.alqueria.es\\\/wp-content\\\/uploads\\\/sites\\\/9\\\/2022\\\/09\\\/20220930_111201.jpg&quot;,&quot;id&quot;:&quot;57825&quot;,&quot;title&quot;:&quot;20220930_111201&quot;,&quot;alt&quot;:&quot;&quot;,&quot;caption&quot;:&quot;&quot;,&quot;itemprop&quot;:&quot;image&quot;},{&quot;src&quot;:&quot;https:\\\/\\\/cloud.alqueria.es\\\/wp-content\\\/uploads\\\/sites\\\/9\\\/2022\\\/09\\\/20220930_111139.jpg&quot;,&quot;id&quot;:&quot;57824&quot;,&quot;title&quot;:&quot;20220930_111139&quot;,&quot;alt&quot;:&quot;&quot;,&quot;caption&quot;:&quot;&quot;,&quot;itemprop&quot;:&quot;image&quot;},{&quot;src&quot;:&quot;https:\\\/\\\/cloud.alqueria.es\\\/wp-content\\\/uploads\\\/sites\\\/9\\\/2022\\\/09\\\/20220930_111030.jpg&quot;,&quot;id&quot;:&quot;57823&quot;,&quot;title&quot;:&quot;20220930_111030&quot;,&quot;alt&quot;:&quot;&quot;,&quot;caption&quot;:&quot;&quot;,&quot;itemprop&quot;:&quot;image&quot;},{&quot;src&quot;:&quot;https:\\\/\\\/cloud.alqueria.es\\\/wp-content\\\/uploads\\\/sites\\\/9\\\/2022\\\/09\\\/20220930_110933.jpg&quot;,&quot;id&quot;:&quot;57822&quot;,&quot;title&quot;:&quot;20220930_110933&quot;,&quot;alt&quot;:&quot;&quot;,&quot;caption&quot;:&quot;&quot;,&quot;itemprop&quot;:&quot;image&quot;},{&quot;src&quot;:&quot;https:\\\/\\\/cloud.alqueria.es\\\/wp-content\\\/uploads\\\/sites\\\/9\\\/2022\\\/09\\\/20220930_110835.jpg&quot;,&quot;id&quot;:&quot;57821&quot;,&quot;title&quot;:&quot;20220930_110835&quot;,&quot;alt&quot;:&quot;&quot;,&quot;caption&quot;:&quot;&quot;,&quot;itemprop&quot;:&quot;image&quot;}]\" itemscope itemtype=\"https:\/\/schema.org\/ImageGallery\"><\/div>\n<p>https:\/\/vimeo.com\/755524707<\/p>\n<p>A lo largo del curso tendremos la oportunidad de salir e ir descubriendo cosas que pasan en nuestro jard\u00edn con el paso de las estaciones.<\/p>\n<p><span style=\"color: #ff00ff\">NOTA: aprovechad para hacer la foto de familia y as\u00ed poder completar nuestro rinc\u00f3n familiar. Y si hac\u00e9is alguna excursi\u00f3n al campo pod\u00e9is coger hojas o frutos de oto\u00f1o para decorar nuestra clase: pi\u00f1as, membrillos, casta\u00f1as, bellotas&#8230;.<\/span><\/p>\n<p>Espero que pas\u00e9is un feliz fin de semana.<\/p>\n<p>Saludos<\/p>\n<p>Carmen<\/p>\n","protected":false},"excerpt":{"rendered":"<p>Ya lleg\u00f3 el viernes!!! En la Clase amarilla no paramos de actividades!! La propuesta de juego de primera hora de la ma\u00f1ana ha sido la peluquer\u00eda y peinar a los beb\u00e9s. Recrean las acciones de la peluquer\u00eda: secar el pelo, peinar, cortar&#8230;. Y las cajas tambi\u00e9n han sido integradas para dormir a los beb\u00e9s o &hellip; <a href=\"https:\/\/www.alqueria.es\/blogs\/alqueriaamarillanaranja\/2022\/09\/30\/el-jardin-de-mi-cole\/\" class=\"more-link\">Seguir leyendo <span class=\"screen-reader-text\">EL JARD\u00cdN DE MI COLE<\/span> <span class=\"meta-nav\">&rarr;<\/span><\/a><\/p>\n","protected":false},"author":23,"featured_media":0,"comment_status":"open","ping_status":"open","sticky":false,"template":"","format":"standard","meta":{"jetpack_post_was_ever_published":false,"_jetpack_newsletter_access":"","_jetpack_dont_email_post_to_subs":false,"_jetpack_newsletter_tier_id":0,"_jetpack_memberships_contains_paywalled_content":false,"_jetpack_memberships_contains_paid_content":false,"footnotes":"","jetpack_publicize_message":"","jetpack_publicize_feature_enabled":true,"jetpack_social_post_already_shared":true,"jetpack_social_options":{"image_generator_settings":{"template":"highway","default_image_id":0,"font":"","enabled":false},"version":2}},"categories":[383,6,9,17],"tags":[858,857],"class_list":["post-57812","post","type-post","status-publish","format-standard","hentry","category-adaptacion","category-clase-amarilla","category-diario-clase-amarilla","category-salidas","tag-exploramos-y-jugamos","tag-salidas-al-jardin"],"jetpack_publicize_connections":[],"jetpack_featured_media_url":"","jetpack_sharing_enabled":true,"jetpack_shortlink":"https:\/\/wp.me\/p4lG08-f2s","jetpack-related-posts":[],"_links":{"self":[{"href":"https:\/\/www.alqueria.es\/blogs\/alqueriaamarillanaranja\/wp-json\/wp\/v2\/posts\/57812","targetHints":{"allow":["GET"]}}],"collection":[{"href":"https:\/\/www.alqueria.es\/blogs\/alqueriaamarillanaranja\/wp-json\/wp\/v2\/posts"}],"about":[{"href":"https:\/\/www.alqueria.es\/blogs\/alqueriaamarillanaranja\/wp-json\/wp\/v2\/types\/post"}],"author":[{"embeddable":true,"href":"https:\/\/www.alqueria.es\/blogs\/alqueriaamarillanaranja\/wp-json\/wp\/v2\/users\/23"}],"replies":[{"embeddable":true,"href":"https:\/\/www.alqueria.es\/blogs\/alqueriaamarillanaranja\/wp-json\/wp\/v2\/comments?post=57812"}],"version-history":[{"count":5,"href":"https:\/\/www.alqueria.es\/blogs\/alqueriaamarillanaranja\/wp-json\/wp\/v2\/posts\/57812\/revisions"}],"predecessor-version":[{"id":57851,"href":"https:\/\/www.alqueria.es\/blogs\/alqueriaamarillanaranja\/wp-json\/wp\/v2\/posts\/57812\/revisions\/57851"}],"wp:attachment":[{"href":"https:\/\/www.alqueria.es\/blogs\/alqueriaamarillanaranja\/wp-json\/wp\/v2\/media?parent=57812"}],"wp:term":[{"taxonomy":"category","embeddable":true,"href":"https:\/\/www.alqueria.es\/blogs\/alqueriaamarillanaranja\/wp-json\/wp\/v2\/categories?post=57812"},{"taxonomy":"post_tag","embeddable":true,"href":"https:\/\/www.alqueria.es\/blogs\/alqueriaamarillanaranja\/wp-json\/wp\/v2\/tags?post=57812"}],"curies":[{"name":"wp","href":"https:\/\/api.w.org\/{rel}","templated":true}]}}