{"id":58741,"date":"2022-11-04T16:50:48","date_gmt":"2022-11-04T15:50:48","guid":{"rendered":"https:\/\/www.alqueria.es\/blogs\/alqueriaamarillanaranja\/?p=58741"},"modified":"2022-11-04T20:05:47","modified_gmt":"2022-11-04T19:05:47","slug":"cartel-de-la-fiesta-de-otono-2","status":"publish","type":"post","link":"https:\/\/www.alqueria.es\/blogs\/alqueriaamarillanaranja\/2022\/11\/04\/cartel-de-la-fiesta-de-otono-2\/","title":{"rendered":"CARTEL DE LA FIESTA DE OTO\u00d1O"},"content":{"rendered":"<p>Buenas tardes familias,<\/p>\n<p>Llegamos al viernes y en la clase amarilla no paramos de inventar y crear para que los peques experimenten con diferentes materiales relacionados con la art\u00edstica.<\/p>\n<p>Hoy realizamos el cartel creativo para anunciar la fiesta del Oto\u00f1o que tendr\u00e1 lugar la semana que viene, el viernes d\u00eda 11 de noviembre a las 16:00 h, a la cual est\u00e1is todos invitados ( recibir\u00e9is la invitaci\u00f3n por correo).<\/p>\n<p><img decoding=\"async\" data-attachment-id=\"58759\" data-permalink=\"https:\/\/www.alqueria.es\/blogs\/alqueriaamarillanaranja\/2022\/11\/04\/cartel-de-la-fiesta-de-otono-2\/20221104_140442\/\" data-orig-file=\"https:\/\/cloud.alqueria.es\/wp-content\/uploads\/sites\/9\/2022\/11\/20221104_140442.jpg\" data-orig-size=\"980,698\" data-comments-opened=\"1\" data-image-meta=\"{&quot;aperture&quot;:&quot;2&quot;,&quot;credit&quot;:&quot;&quot;,&quot;camera&quot;:&quot;SM-A127F&quot;,&quot;caption&quot;:&quot;&quot;,&quot;created_timestamp&quot;:&quot;1667570681&quot;,&quot;copyright&quot;:&quot;&quot;,&quot;focal_length&quot;:&quot;4.6&quot;,&quot;iso&quot;:&quot;50&quot;,&quot;shutter_speed&quot;:&quot;0.02&quot;,&quot;title&quot;:&quot;&quot;,&quot;orientation&quot;:&quot;1&quot;}\" data-image-title=\"20221104_140442\" data-image-description=\"\" data-image-caption=\"\" data-large-file=\"https:\/\/cloud.alqueria.es\/wp-content\/uploads\/sites\/9\/2022\/11\/20221104_140442.jpg\" class=\"aligncenter wp-image-58759 size-full\" src=\"https:\/\/cloud.alqueria.es\/wp-content\/uploads\/sites\/9\/2022\/11\/20221104_140442.jpg\" alt=\"\" width=\"980\" height=\"698\" srcset=\"https:\/\/cloud.alqueria.es\/wp-content\/uploads\/sites\/9\/2022\/11\/20221104_140442.jpg 980w, https:\/\/cloud.alqueria.es\/wp-content\/uploads\/sites\/9\/2022\/11\/20221104_140442-300x214.jpg 300w, https:\/\/cloud.alqueria.es\/wp-content\/uploads\/sites\/9\/2022\/11\/20221104_140442-768x547.jpg 768w\" sizes=\"(max-width: 980px) 100vw, 980px\" \/><\/p>\n<p>Para nuestro Taller, primero hacemos la silueta de un \u00e1rbol y las ramas\u00a0 sin hojas. De manera individual o de dos en dos han podido estampar sus manos como si fueran hojas del \u00e1rbol que se caen. Utilizamos los colores del oto\u00f1o: <span style=\"color: #800000\">marr\u00f3n,<\/span> <span style=\"color: #ff9900\">amarillo<\/span>, <span style=\"color: #ff6600\">naranja<\/span> y<span style=\"color: #008000\"> verde<\/span>.<\/p>\n<p class=\"jetpack-slideshow-noscript robots-nocontent\">El pase de diapositivas requiere JavaScript.<\/p><div id=\"gallery-58741-1-slideshow\" class=\"jetpack-slideshow-window jetpack-slideshow jetpack-slideshow-black\" data-trans=\"fade\" data-autostart=\"1\" data-gallery=\"[{&quot;src&quot;:&quot;https:\\\/\\\/cloud.alqueria.es\\\/wp-content\\\/uploads\\\/sites\\\/9\\\/2022\\\/11\\\/20221104_100336.jpg&quot;,&quot;id&quot;:&quot;58753&quot;,&quot;title&quot;:&quot;20221104_100336&quot;,&quot;alt&quot;:&quot;&quot;,&quot;caption&quot;:&quot;&quot;,&quot;itemprop&quot;:&quot;image&quot;},{&quot;src&quot;:&quot;https:\\\/\\\/cloud.alqueria.es\\\/wp-content\\\/uploads\\\/sites\\\/9\\\/2022\\\/11\\\/20221104_100459.jpg&quot;,&quot;id&quot;:&quot;58752&quot;,&quot;title&quot;:&quot;20221104_100459&quot;,&quot;alt&quot;:&quot;&quot;,&quot;caption&quot;:&quot;&quot;,&quot;itemprop&quot;:&quot;image&quot;},{&quot;src&quot;:&quot;https:\\\/\\\/cloud.alqueria.es\\\/wp-content\\\/uploads\\\/sites\\\/9\\\/2022\\\/11\\\/20221104_100050.jpg&quot;,&quot;id&quot;:&quot;58751&quot;,&quot;title&quot;:&quot;20221104_100050&quot;,&quot;alt&quot;:&quot;&quot;,&quot;caption&quot;:&quot;&quot;,&quot;itemprop&quot;:&quot;image&quot;},{&quot;src&quot;:&quot;https:\\\/\\\/cloud.alqueria.es\\\/wp-content\\\/uploads\\\/sites\\\/9\\\/2022\\\/11\\\/20221104_100219.jpg&quot;,&quot;id&quot;:&quot;58750&quot;,&quot;title&quot;:&quot;20221104_100219&quot;,&quot;alt&quot;:&quot;&quot;,&quot;caption&quot;:&quot;&quot;,&quot;itemprop&quot;:&quot;image&quot;},{&quot;src&quot;:&quot;https:\\\/\\\/cloud.alqueria.es\\\/wp-content\\\/uploads\\\/sites\\\/9\\\/2022\\\/11\\\/20221104_095838.jpg&quot;,&quot;id&quot;:&quot;58749&quot;,&quot;title&quot;:&quot;20221104_095838&quot;,&quot;alt&quot;:&quot;&quot;,&quot;caption&quot;:&quot;&quot;,&quot;itemprop&quot;:&quot;image&quot;},{&quot;src&quot;:&quot;https:\\\/\\\/cloud.alqueria.es\\\/wp-content\\\/uploads\\\/sites\\\/9\\\/2022\\\/11\\\/20221104_095956.jpg&quot;,&quot;id&quot;:&quot;58748&quot;,&quot;title&quot;:&quot;20221104_095956&quot;,&quot;alt&quot;:&quot;&quot;,&quot;caption&quot;:&quot;&quot;,&quot;itemprop&quot;:&quot;image&quot;},{&quot;src&quot;:&quot;https:\\\/\\\/cloud.alqueria.es\\\/wp-content\\\/uploads\\\/sites\\\/9\\\/2022\\\/11\\\/20221104_095754.jpg&quot;,&quot;id&quot;:&quot;58747&quot;,&quot;title&quot;:&quot;20221104_095754&quot;,&quot;alt&quot;:&quot;&quot;,&quot;caption&quot;:&quot;&quot;,&quot;itemprop&quot;:&quot;image&quot;},{&quot;src&quot;:&quot;https:\\\/\\\/cloud.alqueria.es\\\/wp-content\\\/uploads\\\/sites\\\/9\\\/2022\\\/11\\\/20221104_095738.jpg&quot;,&quot;id&quot;:&quot;58746&quot;,&quot;title&quot;:&quot;20221104_095738&quot;,&quot;alt&quot;:&quot;&quot;,&quot;caption&quot;:&quot;&quot;,&quot;itemprop&quot;:&quot;image&quot;},{&quot;src&quot;:&quot;https:\\\/\\\/cloud.alqueria.es\\\/wp-content\\\/uploads\\\/sites\\\/9\\\/2022\\\/11\\\/20221104_095718.jpg&quot;,&quot;id&quot;:&quot;58745&quot;,&quot;title&quot;:&quot;20221104_095718&quot;,&quot;alt&quot;:&quot;&quot;,&quot;caption&quot;:&quot;&quot;,&quot;itemprop&quot;:&quot;image&quot;},{&quot;src&quot;:&quot;https:\\\/\\\/cloud.alqueria.es\\\/wp-content\\\/uploads\\\/sites\\\/9\\\/2022\\\/11\\\/20221104_095444.jpg&quot;,&quot;id&quot;:&quot;58744&quot;,&quot;title&quot;:&quot;20221104_095444&quot;,&quot;alt&quot;:&quot;&quot;,&quot;caption&quot;:&quot;&quot;,&quot;itemprop&quot;:&quot;image&quot;},{&quot;src&quot;:&quot;https:\\\/\\\/cloud.alqueria.es\\\/wp-content\\\/uploads\\\/sites\\\/9\\\/2022\\\/11\\\/20221104_095416.jpg&quot;,&quot;id&quot;:&quot;58743&quot;,&quot;title&quot;:&quot;20221104_095416&quot;,&quot;alt&quot;:&quot;&quot;,&quot;caption&quot;:&quot;&quot;,&quot;itemprop&quot;:&quot;image&quot;}]\" itemscope itemtype=\"https:\/\/schema.org\/ImageGallery\"><\/div>\n<p>Les ha encantado la actividad que hacemos de manera cooperativa con el grupo azul. En el tabl\u00f3n podr\u00e9is ver el resultado aunque lo que cuenta es el proceso de realizaci\u00f3n que hemos llevado a cabo.<\/p>\n<p>Una vez terminado el taller, proponen disfrazarse y sacar la ropa y accesorios del ba\u00fal. Los que han querido se han disfrazado y me piden ayuda para colocarse los vestidos, zapatos&#8230;<\/p>\n<div class=\"tiled-gallery type-rectangular tiled-gallery-unresized\" data-original-width=\"474\" data-carousel-extra='{&quot;blog_id&quot;:9,&quot;permalink&quot;:&quot;https:\\\/\\\/www.alqueria.es\\\/blogs\\\/alqueriaamarillanaranja\\\/2022\\\/11\\\/04\\\/cartel-de-la-fiesta-de-otono-2\\\/&quot;,&quot;likes_blog_id&quot;:64271688}' itemscope itemtype=\"http:\/\/schema.org\/ImageGallery\" > <div class=\"gallery-row\" style=\"width: 474px; height: 145px;\" data-original-width=\"474\" data-original-height=\"145\" > <div class=\"gallery-group images-2\" style=\"width: 156px; height: 145px;\" data-original-width=\"156\" data-original-height=\"145\" > <div class=\"tiled-gallery-item tiled-gallery-item-small\" itemprop=\"associatedMedia\" itemscope itemtype=\"http:\/\/schema.org\/ImageObject\"> <a href=\"https:\/\/www.alqueria.es\/blogs\/alqueriaamarillanaranja\/2022\/11\/04\/cartel-de-la-fiesta-de-otono-2\/20221104_103934\/\" border=\"0\" itemprop=\"url\"> <meta itemprop=\"width\" content=\"152\"> <meta itemprop=\"height\" content=\"69\"> <img decoding=\"async\" class=\"\" data-attachment-id=\"58756\" data-orig-file=\"https:\/\/cloud.alqueria.es\/wp-content\/uploads\/sites\/9\/2022\/11\/20221104_103934.jpg\" data-orig-size=\"1600,720\" data-comments-opened=\"1\" data-image-meta=\"{&quot;aperture&quot;:&quot;2&quot;,&quot;credit&quot;:&quot;&quot;,&quot;camera&quot;:&quot;SM-A127F&quot;,&quot;caption&quot;:&quot;&quot;,&quot;created_timestamp&quot;:&quot;1667558374&quot;,&quot;copyright&quot;:&quot;&quot;,&quot;focal_length&quot;:&quot;4.6&quot;,&quot;iso&quot;:&quot;250&quot;,&quot;shutter_speed&quot;:&quot;0.02&quot;,&quot;title&quot;:&quot;&quot;,&quot;orientation&quot;:&quot;1&quot;}\" data-image-title=\"20221104_103934\" data-image-description=\"\" data-medium-file=\"https:\/\/cloud.alqueria.es\/wp-content\/uploads\/sites\/9\/2022\/11\/20221104_103934-300x135.jpg\" data-large-file=\"https:\/\/cloud.alqueria.es\/wp-content\/uploads\/sites\/9\/2022\/11\/20221104_103934-1024x461.jpg\" src=\"https:\/\/i0.wp.com\/cloud.alqueria.es\/wp-content\/uploads\/sites\/9\/2022\/11\/20221104_103934.jpg?w=152&#038;h=69&#038;ssl=1\" srcset=\"https:\/\/cloud.alqueria.es\/wp-content\/uploads\/sites\/9\/2022\/11\/20221104_103934.jpg 1600w, https:\/\/cloud.alqueria.es\/wp-content\/uploads\/sites\/9\/2022\/11\/20221104_103934-300x135.jpg 300w, https:\/\/cloud.alqueria.es\/wp-content\/uploads\/sites\/9\/2022\/11\/20221104_103934-1024x461.jpg 1024w, https:\/\/cloud.alqueria.es\/wp-content\/uploads\/sites\/9\/2022\/11\/20221104_103934-768x346.jpg 768w, https:\/\/cloud.alqueria.es\/wp-content\/uploads\/sites\/9\/2022\/11\/20221104_103934-1536x691.jpg 1536w\" width=\"152\" height=\"69\" loading=\"lazy\" data-original-width=\"152\" data-original-height=\"69\" itemprop=\"http:\/\/schema.org\/image\" title=\"20221104_103934\" alt=\"20221104_103934\" style=\"width: 152px; height: 69px;\" \/> <\/a> <\/div> <div class=\"tiled-gallery-item tiled-gallery-item-small\" itemprop=\"associatedMedia\" itemscope itemtype=\"http:\/\/schema.org\/ImageObject\"> <a href=\"https:\/\/www.alqueria.es\/blogs\/alqueriaamarillanaranja\/2022\/11\/04\/cartel-de-la-fiesta-de-otono-2\/20221104_102824\/\" border=\"0\" itemprop=\"url\"> <meta itemprop=\"width\" content=\"152\"> <meta itemprop=\"height\" content=\"68\"> <img decoding=\"async\" class=\"\" data-attachment-id=\"58755\" data-orig-file=\"https:\/\/cloud.alqueria.es\/wp-content\/uploads\/sites\/9\/2022\/11\/20221104_102824.jpg\" data-orig-size=\"1600,720\" data-comments-opened=\"1\" data-image-meta=\"{&quot;aperture&quot;:&quot;2&quot;,&quot;credit&quot;:&quot;&quot;,&quot;camera&quot;:&quot;SM-A127F&quot;,&quot;caption&quot;:&quot;&quot;,&quot;created_timestamp&quot;:&quot;1667557704&quot;,&quot;copyright&quot;:&quot;&quot;,&quot;focal_length&quot;:&quot;4.6&quot;,&quot;iso&quot;:&quot;100&quot;,&quot;shutter_speed&quot;:&quot;0.02&quot;,&quot;title&quot;:&quot;&quot;,&quot;orientation&quot;:&quot;1&quot;}\" data-image-title=\"20221104_102824\" data-image-description=\"\" data-medium-file=\"https:\/\/cloud.alqueria.es\/wp-content\/uploads\/sites\/9\/2022\/11\/20221104_102824-300x135.jpg\" data-large-file=\"https:\/\/cloud.alqueria.es\/wp-content\/uploads\/sites\/9\/2022\/11\/20221104_102824-1024x461.jpg\" src=\"https:\/\/i0.wp.com\/cloud.alqueria.es\/wp-content\/uploads\/sites\/9\/2022\/11\/20221104_102824.jpg?w=152&#038;h=68&#038;ssl=1\" srcset=\"https:\/\/cloud.alqueria.es\/wp-content\/uploads\/sites\/9\/2022\/11\/20221104_102824.jpg 1600w, https:\/\/cloud.alqueria.es\/wp-content\/uploads\/sites\/9\/2022\/11\/20221104_102824-300x135.jpg 300w, https:\/\/cloud.alqueria.es\/wp-content\/uploads\/sites\/9\/2022\/11\/20221104_102824-1024x461.jpg 1024w, https:\/\/cloud.alqueria.es\/wp-content\/uploads\/sites\/9\/2022\/11\/20221104_102824-768x346.jpg 768w, https:\/\/cloud.alqueria.es\/wp-content\/uploads\/sites\/9\/2022\/11\/20221104_102824-1536x691.jpg 1536w\" width=\"152\" height=\"68\" loading=\"lazy\" data-original-width=\"152\" data-original-height=\"68\" itemprop=\"http:\/\/schema.org\/image\" title=\"20221104_102824\" alt=\"20221104_102824\" style=\"width: 152px; height: 68px;\" \/> <\/a> <\/div> <\/div> <!-- close group --> <div class=\"gallery-group images-1\" style=\"width: 318px; height: 145px;\" data-original-width=\"318\" data-original-height=\"145\" > <div class=\"tiled-gallery-item tiled-gallery-item-large\" itemprop=\"associatedMedia\" itemscope itemtype=\"http:\/\/schema.org\/ImageObject\"> <a href=\"https:\/\/www.alqueria.es\/blogs\/alqueriaamarillanaranja\/2022\/11\/04\/cartel-de-la-fiesta-de-otono-2\/20221104_102735\/\" border=\"0\" itemprop=\"url\"> <meta itemprop=\"width\" content=\"314\"> <meta itemprop=\"height\" content=\"141\"> <img decoding=\"async\" class=\"\" data-attachment-id=\"58754\" data-orig-file=\"https:\/\/cloud.alqueria.es\/wp-content\/uploads\/sites\/9\/2022\/11\/20221104_102735.jpg\" data-orig-size=\"1600,720\" data-comments-opened=\"1\" data-image-meta=\"{&quot;aperture&quot;:&quot;2&quot;,&quot;credit&quot;:&quot;&quot;,&quot;camera&quot;:&quot;SM-A127F&quot;,&quot;caption&quot;:&quot;&quot;,&quot;created_timestamp&quot;:&quot;1667557655&quot;,&quot;copyright&quot;:&quot;&quot;,&quot;focal_length&quot;:&quot;4.6&quot;,&quot;iso&quot;:&quot;100&quot;,&quot;shutter_speed&quot;:&quot;0.02&quot;,&quot;title&quot;:&quot;&quot;,&quot;orientation&quot;:&quot;1&quot;}\" data-image-title=\"20221104_102735\" data-image-description=\"\" data-medium-file=\"https:\/\/cloud.alqueria.es\/wp-content\/uploads\/sites\/9\/2022\/11\/20221104_102735-300x135.jpg\" data-large-file=\"https:\/\/cloud.alqueria.es\/wp-content\/uploads\/sites\/9\/2022\/11\/20221104_102735-1024x461.jpg\" src=\"https:\/\/i0.wp.com\/cloud.alqueria.es\/wp-content\/uploads\/sites\/9\/2022\/11\/20221104_102735.jpg?w=314&#038;h=141&#038;ssl=1\" srcset=\"https:\/\/cloud.alqueria.es\/wp-content\/uploads\/sites\/9\/2022\/11\/20221104_102735.jpg 1600w, https:\/\/cloud.alqueria.es\/wp-content\/uploads\/sites\/9\/2022\/11\/20221104_102735-300x135.jpg 300w, https:\/\/cloud.alqueria.es\/wp-content\/uploads\/sites\/9\/2022\/11\/20221104_102735-1024x461.jpg 1024w, https:\/\/cloud.alqueria.es\/wp-content\/uploads\/sites\/9\/2022\/11\/20221104_102735-768x346.jpg 768w, https:\/\/cloud.alqueria.es\/wp-content\/uploads\/sites\/9\/2022\/11\/20221104_102735-1536x691.jpg 1536w\" width=\"314\" height=\"141\" loading=\"lazy\" data-original-width=\"314\" data-original-height=\"141\" itemprop=\"http:\/\/schema.org\/image\" title=\"20221104_102735\" alt=\"20221104_102735\" style=\"width: 314px; height: 141px;\" \/> <\/a> <\/div> <\/div> <!-- close group --> <\/div> <!-- close row --> <\/div>\n<p>En la Asamblea reparte la fruta <strong><span style=\"color: #ff00ff\">MAR<\/span><\/strong> y contamos dos cuentos muy bonitos que aportan Fali y Victoria.<\/p>\n<p><img decoding=\"async\" data-attachment-id=\"58760\" data-permalink=\"https:\/\/www.alqueria.es\/blogs\/alqueriaamarillanaranja\/2022\/11\/04\/cartel-de-la-fiesta-de-otono-2\/img-20221104-wa0002\/\" data-orig-file=\"https:\/\/cloud.alqueria.es\/wp-content\/uploads\/sites\/9\/2022\/11\/IMG-20221104-WA0002.jpg\" data-orig-size=\"2000,1500\" data-comments-opened=\"1\" data-image-meta=\"{&quot;aperture&quot;:&quot;0&quot;,&quot;credit&quot;:&quot;&quot;,&quot;camera&quot;:&quot;&quot;,&quot;caption&quot;:&quot;&quot;,&quot;created_timestamp&quot;:&quot;0&quot;,&quot;copyright&quot;:&quot;&quot;,&quot;focal_length&quot;:&quot;0&quot;,&quot;iso&quot;:&quot;0&quot;,&quot;shutter_speed&quot;:&quot;0&quot;,&quot;title&quot;:&quot;&quot;,&quot;orientation&quot;:&quot;0&quot;}\" data-image-title=\"IMG-20221104-WA0002\" data-image-description=\"\" data-image-caption=\"\" data-large-file=\"https:\/\/cloud.alqueria.es\/wp-content\/uploads\/sites\/9\/2022\/11\/IMG-20221104-WA0002-1024x768.jpg\" class=\"aligncenter size-full wp-image-58760\" src=\"https:\/\/cloud.alqueria.es\/wp-content\/uploads\/sites\/9\/2022\/11\/IMG-20221104-WA0002.jpg\" alt=\"\" width=\"2000\" height=\"1500\" srcset=\"https:\/\/cloud.alqueria.es\/wp-content\/uploads\/sites\/9\/2022\/11\/IMG-20221104-WA0002.jpg 2000w, https:\/\/cloud.alqueria.es\/wp-content\/uploads\/sites\/9\/2022\/11\/IMG-20221104-WA0002-300x225.jpg 300w, https:\/\/cloud.alqueria.es\/wp-content\/uploads\/sites\/9\/2022\/11\/IMG-20221104-WA0002-1024x768.jpg 1024w, https:\/\/cloud.alqueria.es\/wp-content\/uploads\/sites\/9\/2022\/11\/IMG-20221104-WA0002-768x576.jpg 768w, https:\/\/cloud.alqueria.es\/wp-content\/uploads\/sites\/9\/2022\/11\/IMG-20221104-WA0002-1536x1152.jpg 1536w\" sizes=\"(max-width: 2000px) 100vw, 2000px\" \/><\/p>\n<div class=\"tiled-gallery type-circle tiled-gallery-unresized\" data-original-width=\"474\" data-carousel-extra='{&quot;blog_id&quot;:9,&quot;permalink&quot;:&quot;https:\\\/\\\/www.alqueria.es\\\/blogs\\\/alqueriaamarillanaranja\\\/2022\\\/11\\\/04\\\/cartel-de-la-fiesta-de-otono-2\\\/&quot;,&quot;likes_blog_id&quot;:64271688}' itemscope itemtype=\"http:\/\/schema.org\/ImageGallery\" > <div class=\"gallery-row\" style=\"width: 474px; height: 237px;\" data-original-width=\"474\" data-original-height=\"237\" > <div class=\"gallery-group\" style=\"width: 237px; height: 237px;\" data-original-width=\"237\" data-original-height=\"237\" > <div class=\"tiled-gallery-item \" itemprop=\"associatedMedia\" itemscope itemtype=\"http:\/\/schema.org\/ImageObject\"> <a href=\"https:\/\/www.alqueria.es\/blogs\/alqueriaamarillanaranja\/2022\/11\/04\/cartel-de-la-fiesta-de-otono-2\/20221104_105611\/\" border=\"0\" itemprop=\"url\"> <meta itemprop=\"width\" content=\"233\"> <meta itemprop=\"height\" content=\"233\"> <img decoding=\"async\" class=\"\" data-attachment-id=\"58758\" data-orig-file=\"https:\/\/cloud.alqueria.es\/wp-content\/uploads\/sites\/9\/2022\/11\/20221104_105611.jpg\" data-orig-size=\"642,655\" data-comments-opened=\"1\" data-image-meta=\"{&quot;aperture&quot;:&quot;2&quot;,&quot;credit&quot;:&quot;&quot;,&quot;camera&quot;:&quot;SM-A127F&quot;,&quot;caption&quot;:&quot;&quot;,&quot;created_timestamp&quot;:&quot;1667559371&quot;,&quot;copyright&quot;:&quot;&quot;,&quot;focal_length&quot;:&quot;4.6&quot;,&quot;iso&quot;:&quot;64&quot;,&quot;shutter_speed&quot;:&quot;0.02&quot;,&quot;title&quot;:&quot;&quot;,&quot;orientation&quot;:&quot;1&quot;}\" data-image-title=\"20221104_105611\" data-image-description=\"\" data-medium-file=\"https:\/\/cloud.alqueria.es\/wp-content\/uploads\/sites\/9\/2022\/11\/20221104_105611-294x300.jpg\" data-large-file=\"https:\/\/cloud.alqueria.es\/wp-content\/uploads\/sites\/9\/2022\/11\/20221104_105611.jpg\" src=\"https:\/\/i0.wp.com\/cloud.alqueria.es\/wp-content\/uploads\/sites\/9\/2022\/11\/20221104_105611.jpg?w=233&#038;h=233&#038;crop=1&#038;ssl=1\" width=\"233\" height=\"233\" loading=\"lazy\" data-original-width=\"233\" data-original-height=\"233\" itemprop=\"http:\/\/schema.org\/image\" title=\"20221104_105611\" alt=\"20221104_105611\" style=\"width: 233px; height: 233px;\" \/> <\/a> <\/div> <\/div> <div class=\"gallery-group\" style=\"width: 237px; height: 237px;\" data-original-width=\"237\" data-original-height=\"237\" > <div class=\"tiled-gallery-item \" itemprop=\"associatedMedia\" itemscope itemtype=\"http:\/\/schema.org\/ImageObject\"> <a href=\"https:\/\/www.alqueria.es\/blogs\/alqueriaamarillanaranja\/2022\/11\/04\/cartel-de-la-fiesta-de-otono-2\/20221104_105604\/\" border=\"0\" itemprop=\"url\"> <meta itemprop=\"width\" content=\"233\"> <meta itemprop=\"height\" content=\"233\"> <img decoding=\"async\" class=\"\" data-attachment-id=\"58757\" data-orig-file=\"https:\/\/cloud.alqueria.es\/wp-content\/uploads\/sites\/9\/2022\/11\/20221104_105604.jpg\" data-orig-size=\"1716,2168\" data-comments-opened=\"1\" data-image-meta=\"{&quot;aperture&quot;:&quot;2&quot;,&quot;credit&quot;:&quot;&quot;,&quot;camera&quot;:&quot;SM-A127F&quot;,&quot;caption&quot;:&quot;&quot;,&quot;created_timestamp&quot;:&quot;1667559363&quot;,&quot;copyright&quot;:&quot;&quot;,&quot;focal_length&quot;:&quot;4.6&quot;,&quot;iso&quot;:&quot;64&quot;,&quot;shutter_speed&quot;:&quot;0.02&quot;,&quot;title&quot;:&quot;&quot;,&quot;orientation&quot;:&quot;1&quot;}\" data-image-title=\"20221104_105604\" data-image-description=\"\" data-medium-file=\"https:\/\/cloud.alqueria.es\/wp-content\/uploads\/sites\/9\/2022\/11\/20221104_105604-237x300.jpg\" data-large-file=\"https:\/\/cloud.alqueria.es\/wp-content\/uploads\/sites\/9\/2022\/11\/20221104_105604-811x1024.jpg\" src=\"https:\/\/i0.wp.com\/cloud.alqueria.es\/wp-content\/uploads\/sites\/9\/2022\/11\/20221104_105604.jpg?w=233&#038;h=233&#038;crop=1&#038;ssl=1\" width=\"233\" height=\"233\" loading=\"lazy\" data-original-width=\"233\" data-original-height=\"233\" itemprop=\"http:\/\/schema.org\/image\" title=\"20221104_105604\" alt=\"20221104_105604\" style=\"width: 233px; height: 233px;\" \/> <\/a> <\/div> <\/div> <\/div> <\/div>\n<p>As\u00ed terminamos la semana con construcciones por la tarde y una rica merienda casera con yogurt y bizcocho.<\/p>\n<p>\u00a1\u00a1BUEN FIN DE SEMANA !!<\/p>\n","protected":false},"excerpt":{"rendered":"<p>Buenas tardes familias, Llegamos al viernes y en la clase amarilla no paramos de inventar y crear para que los peques experimenten con diferentes materiales relacionados con la art\u00edstica. Hoy realizamos el cartel creativo para anunciar la fiesta del Oto\u00f1o que tendr\u00e1 lugar la semana que viene, el viernes d\u00eda 11 de noviembre a las &hellip; <a href=\"https:\/\/www.alqueria.es\/blogs\/alqueriaamarillanaranja\/2022\/11\/04\/cartel-de-la-fiesta-de-otono-2\/\" class=\"more-link\">Seguir leyendo <span class=\"screen-reader-text\">CARTEL DE LA FIESTA DE OTO\u00d1O<\/span> <span class=\"meta-nav\">&rarr;<\/span><\/a><\/p>\n","protected":false},"author":23,"featured_media":0,"comment_status":"open","ping_status":"open","sticky":false,"template":"","format":"standard","meta":{"jetpack_post_was_ever_published":false,"_jetpack_newsletter_access":"","_jetpack_dont_email_post_to_subs":false,"_jetpack_newsletter_tier_id":0,"_jetpack_memberships_contains_paywalled_content":false,"_jetpack_memberships_contains_paid_content":false,"footnotes":"","jetpack_publicize_message":"","jetpack_publicize_feature_enabled":true,"jetpack_social_post_already_shared":true,"jetpack_social_options":{"image_generator_settings":{"template":"highway","default_image_id":0,"font":"","enabled":false},"version":2}},"categories":[6,9],"tags":[466,876],"class_list":["post-58741","post","type-post","status-publish","format-standard","hentry","category-clase-amarilla","category-diario-clase-amarilla","tag-cartel-de-otono","tag-taller-de-estampacion-con-las-manos"],"jetpack_publicize_connections":[],"jetpack_featured_media_url":"","jetpack_sharing_enabled":true,"jetpack_shortlink":"https:\/\/wp.me\/p4lG08-fhr","jetpack-related-posts":[],"_links":{"self":[{"href":"https:\/\/www.alqueria.es\/blogs\/alqueriaamarillanaranja\/wp-json\/wp\/v2\/posts\/58741","targetHints":{"allow":["GET"]}}],"collection":[{"href":"https:\/\/www.alqueria.es\/blogs\/alqueriaamarillanaranja\/wp-json\/wp\/v2\/posts"}],"about":[{"href":"https:\/\/www.alqueria.es\/blogs\/alqueriaamarillanaranja\/wp-json\/wp\/v2\/types\/post"}],"author":[{"embeddable":true,"href":"https:\/\/www.alqueria.es\/blogs\/alqueriaamarillanaranja\/wp-json\/wp\/v2\/users\/23"}],"replies":[{"embeddable":true,"href":"https:\/\/www.alqueria.es\/blogs\/alqueriaamarillanaranja\/wp-json\/wp\/v2\/comments?post=58741"}],"version-history":[{"count":5,"href":"https:\/\/www.alqueria.es\/blogs\/alqueriaamarillanaranja\/wp-json\/wp\/v2\/posts\/58741\/revisions"}],"predecessor-version":[{"id":58777,"href":"https:\/\/www.alqueria.es\/blogs\/alqueriaamarillanaranja\/wp-json\/wp\/v2\/posts\/58741\/revisions\/58777"}],"wp:attachment":[{"href":"https:\/\/www.alqueria.es\/blogs\/alqueriaamarillanaranja\/wp-json\/wp\/v2\/media?parent=58741"}],"wp:term":[{"taxonomy":"category","embeddable":true,"href":"https:\/\/www.alqueria.es\/blogs\/alqueriaamarillanaranja\/wp-json\/wp\/v2\/categories?post=58741"},{"taxonomy":"post_tag","embeddable":true,"href":"https:\/\/www.alqueria.es\/blogs\/alqueriaamarillanaranja\/wp-json\/wp\/v2\/tags?post=58741"}],"curies":[{"name":"wp","href":"https:\/\/api.w.org\/{rel}","templated":true}]}}