{"id":5896,"date":"2013-06-03T15:30:49","date_gmt":"2013-06-03T13:30:49","guid":{"rendered":"http:\/\/alqueriaamarillanaranja.wordpress.com\/?p=5896"},"modified":"2014-02-24T12:51:35","modified_gmt":"2014-02-24T12:51:35","slug":"castillos-medievales","status":"publish","type":"post","link":"https:\/\/www.alqueria.es\/blogs\/alqueriaamarillanaranja\/2013\/06\/03\/castillos-medievales\/","title":{"rendered":"Castillos Medievales"},"content":{"rendered":"<p><a href=\"http:\/\/alqueriaamarillanaranja.files.wordpress.com\/2013\/06\/10628668-brillante-y-alegre-castillo-medieval-fortaleza-con-muros-torres-y-banderas1.jpg\"><img decoding=\"async\" data-attachment-id=\"5898\" data-permalink=\"https:\/\/www.alqueria.es\/blogs\/alqueriaamarillanaranja\/10628668-brillante-y-alegre-castillo-medieval-fortaleza-con-muros-torres-y-banderas1\/\" data-orig-file=\"https:\/\/www.alqueria.es\/blogs\/alqueriaamarillanaranja\/wp-content\/uploads\/sites\/9\/2013\/06\/10628668-brillante-y-alegre-castillo-medieval-fortaleza-con-muros-torres-y-banderas1.jpg\" data-orig-size=\"1024,893\" data-comments-opened=\"1\" data-image-meta=\"{&quot;aperture&quot;:&quot;0&quot;,&quot;credit&quot;:&quot;&quot;,&quot;camera&quot;:&quot;&quot;,&quot;caption&quot;:&quot;&quot;,&quot;created_timestamp&quot;:&quot;0&quot;,&quot;copyright&quot;:&quot;&quot;,&quot;focal_length&quot;:&quot;0&quot;,&quot;iso&quot;:&quot;0&quot;,&quot;shutter_speed&quot;:&quot;0&quot;,&quot;title&quot;:&quot;&quot;}\" data-image-title=\"10628668-brillante-y-alegre-castillo-medieval-fortaleza-con-muros-torres-y-banderas[1]\" data-image-description=\"\" data-image-caption=\"\" data-large-file=\"https:\/\/www.alqueria.es\/blogs\/alqueriaamarillanaranja\/wp-content\/uploads\/sites\/9\/2013\/06\/10628668-brillante-y-alegre-castillo-medieval-fortaleza-con-muros-torres-y-banderas1-1024x893.jpg\" class=\"alignleft size-medium wp-image-5898\" alt=\"10628668-brillante-y-alegre-castillo-medieval-fortaleza-con-muros-torres-y-banderas[1]\" src=\"https:\/\/cloud.alqueria.es\/wp-content\/uploads\/sites\/9\/2013\/06\/10628668-brillante-y-alegre-castillo-medieval-fortaleza-con-muros-torres-y-banderas11.jpg\" width=\"300\" height=\"261\" \/><\/a><span style=\"color:#0000ff\">Comenzamos la semana entrando de lleno en la Edad Media, que ser\u00e1 el tema de nuestra Fiesta de la Primavera del pr\u00f3ximo s\u00e1bado.<\/span><\/p>\n<p><span style=\"color:#0000ff\">Es un tema sobre el que los <a href=\"mailto:ni\u00f1@s\">ni\u00f1@s<\/a> tienen pocas referencias as\u00ed que hemos comenzado a investigar en el ordenador de la clase&#8230;.y hemos encontrado algunas cosas interesantes; en primer lugar hemos visto un episodio de \u00ab\u00c9rase una vez el hombre\u00bb sobre la construcci\u00f3n de castillos y catedrales, nos ha parecido muy interesante y nos ha mostrado de primera mano c\u00f3mo era la vida de la \u00e9poca. Tambi\u00e9n hemos disfrutado de un cuento interactivo \u00abEl castillo de ir\u00e1s y no volver\u00e1s\u00bb.<\/span><\/p>\n<p><span style=\"color:#0000ff\">Y como la ma\u00f1ana ha ido de castillos, pues hemos decidido que cada uno\/a iba a dibujar el suyo propio. Hemos usado rotuladores y hemos dado mucha importancia a los detalles, todo castillo que se precie tiene que tener sus almenas, una puerta, y algunas ventanas. Los dibujos han quedado geniales.<\/span><\/p>\n<p><span style=\"color:#0000ff\">Por la tarde despide el grupo Jaime y con \u00e9l disfrutan haciendo escudos her\u00e1ldicos que nos servir\u00e1n como decoraci\u00f3n en nuestro stand.<\/span><\/p>\n<p><span style=\"color:#0000ff\">Hasta ma\u00f1ana.<\/span><\/p>\n","protected":false},"excerpt":{"rendered":"<p>Comenzamos la semana entrando de lleno en la Edad Media, que ser\u00e1 el tema de nuestra Fiesta de la Primavera del pr\u00f3ximo s\u00e1bado. Es un tema sobre el que los ni\u00f1@s tienen pocas referencias as\u00ed que hemos comenzado a investigar en el ordenador de la clase&#8230;.y hemos encontrado algunas cosas interesantes; en primer lugar hemos &hellip; <a href=\"https:\/\/www.alqueria.es\/blogs\/alqueriaamarillanaranja\/2013\/06\/03\/castillos-medievales\/\" class=\"more-link\">Seguir leyendo <span class=\"screen-reader-text\">Castillos Medievales<\/span> <span class=\"meta-nav\">&rarr;<\/span><\/a><\/p>\n","protected":false},"author":23,"featured_media":0,"comment_status":"open","ping_status":"open","sticky":false,"template":"","format":"standard","meta":{"jetpack_post_was_ever_published":false,"_jetpack_newsletter_access":"","_jetpack_dont_email_post_to_subs":false,"_jetpack_newsletter_tier_id":0,"_jetpack_memberships_contains_paywalled_content":false,"_jetpack_memberships_contains_paid_content":false,"footnotes":"","jetpack_publicize_message":"","jetpack_publicize_feature_enabled":true,"jetpack_social_post_already_shared":true,"jetpack_social_options":{"image_generator_settings":{"template":"highway","default_image_id":0,"font":"","enabled":false},"version":2}},"categories":[7,8],"tags":[67],"class_list":["post-5896","post","type-post","status-publish","format-standard","hentry","category-clase-naranja","category-diario","tag-fiesta-primavera"],"jetpack_publicize_connections":[],"jetpack_featured_media_url":"","jetpack_sharing_enabled":true,"jetpack_shortlink":"https:\/\/wp.me\/p4lG08-1x6","jetpack-related-posts":[],"_links":{"self":[{"href":"https:\/\/www.alqueria.es\/blogs\/alqueriaamarillanaranja\/wp-json\/wp\/v2\/posts\/5896","targetHints":{"allow":["GET"]}}],"collection":[{"href":"https:\/\/www.alqueria.es\/blogs\/alqueriaamarillanaranja\/wp-json\/wp\/v2\/posts"}],"about":[{"href":"https:\/\/www.alqueria.es\/blogs\/alqueriaamarillanaranja\/wp-json\/wp\/v2\/types\/post"}],"author":[{"embeddable":true,"href":"https:\/\/www.alqueria.es\/blogs\/alqueriaamarillanaranja\/wp-json\/wp\/v2\/users\/23"}],"replies":[{"embeddable":true,"href":"https:\/\/www.alqueria.es\/blogs\/alqueriaamarillanaranja\/wp-json\/wp\/v2\/comments?post=5896"}],"version-history":[{"count":0,"href":"https:\/\/www.alqueria.es\/blogs\/alqueriaamarillanaranja\/wp-json\/wp\/v2\/posts\/5896\/revisions"}],"wp:attachment":[{"href":"https:\/\/www.alqueria.es\/blogs\/alqueriaamarillanaranja\/wp-json\/wp\/v2\/media?parent=5896"}],"wp:term":[{"taxonomy":"category","embeddable":true,"href":"https:\/\/www.alqueria.es\/blogs\/alqueriaamarillanaranja\/wp-json\/wp\/v2\/categories?post=5896"},{"taxonomy":"post_tag","embeddable":true,"href":"https:\/\/www.alqueria.es\/blogs\/alqueriaamarillanaranja\/wp-json\/wp\/v2\/tags?post=5896"}],"curies":[{"name":"wp","href":"https:\/\/api.w.org\/{rel}","templated":true}]}}