{"id":5919,"date":"2013-06-04T15:45:27","date_gmt":"2013-06-04T13:45:27","guid":{"rendered":"http:\/\/alqueriaamarillanaranja.wordpress.com\/?p=5919"},"modified":"2014-02-24T12:50:02","modified_gmt":"2014-02-24T12:50:02","slug":"taller-creativo-escudos-para-la-fiesta","status":"publish","type":"post","link":"https:\/\/www.alqueria.es\/blogs\/alqueriaamarillanaranja\/2013\/06\/04\/taller-creativo-escudos-para-la-fiesta\/","title":{"rendered":"Taller creativo: escudos para la fiesta"},"content":{"rendered":"<p><span style=\"color:#ff0000\"><a href=\"http:\/\/alqueriaamarillanaranja.files.wordpress.com\/2013\/06\/sanjorge_dragc3b3n1.jpg\"><img decoding=\"async\" data-attachment-id=\"5920\" data-permalink=\"https:\/\/www.alqueria.es\/blogs\/alqueriaamarillanaranja\/sanjorge_dragon1\/\" data-orig-file=\"https:\/\/www.alqueria.es\/blogs\/alqueriaamarillanaranja\/wp-content\/uploads\/sites\/9\/2013\/06\/sanjorge_dragc3b3n1.jpg\" data-orig-size=\"400,260\" data-comments-opened=\"1\" data-image-meta=\"{&quot;aperture&quot;:&quot;0&quot;,&quot;credit&quot;:&quot;&quot;,&quot;camera&quot;:&quot;&quot;,&quot;caption&quot;:&quot;&quot;,&quot;created_timestamp&quot;:&quot;0&quot;,&quot;copyright&quot;:&quot;&quot;,&quot;focal_length&quot;:&quot;0&quot;,&quot;iso&quot;:&quot;0&quot;,&quot;shutter_speed&quot;:&quot;0&quot;,&quot;title&quot;:&quot;&quot;}\" data-image-title=\"SanJorge_Drag\u00f3n[1]\" data-image-description=\"\" data-image-caption=\"\" data-large-file=\"https:\/\/www.alqueria.es\/blogs\/alqueriaamarillanaranja\/wp-content\/uploads\/sites\/9\/2013\/06\/sanjorge_dragc3b3n1.jpg\" class=\"alignleft size-medium wp-image-5920\" alt=\"SanJorge_Drag\u00f3n[1]\" src=\"https:\/\/cloud.alqueria.es\/wp-content\/uploads\/sites\/9\/2013\/06\/sanjorge_dragc3b3n11.jpg\" width=\"300\" height=\"195\" \/><\/a>Hoy hemos acabado los escudos medievales que pintaron ayer por la tarde en clase. Durante la ma\u00f1ana adem\u00e1s hemos tenido Proyecto de lectura, juego simb\u00f3lico (seguimos jugando a los castillos), ingl\u00e9s, ensayo de nuestra danza medieval&#8230;&#8230;\u00a1cu\u00e1nta actividad! Con tanto ajetreo hemos llegado hambrientos al comedor y tengo que deciros que \u00abhan devorado las lentejas\u00bb, en media hora hab\u00edamos terminado de comer, todo un record.<\/span><\/p>\n<p><span style=\"color:#ff0000\">Por la tarde, despu\u00e9s de asearnos correctamente porque ya en el patio se nota que va llegando el verano y nos manchamos much\u00edsimo, jugamos un rato a construir castillos con\u00a0las piezas de lego que nos presta la clase roja (nos encantan porque tienen un contenedor enorme&#8230;).<\/span><\/p>\n<p><span style=\"color:#ff0000\">* * * Os recuerdo que ten\u00e9is que traer las banderitas para la fiesta. Gracias * * *<\/span><\/p>\n","protected":false},"excerpt":{"rendered":"<p>Hoy hemos acabado los escudos medievales que pintaron ayer por la tarde en clase. Durante la ma\u00f1ana adem\u00e1s hemos tenido Proyecto de lectura, juego simb\u00f3lico (seguimos jugando a los castillos), ingl\u00e9s, ensayo de nuestra danza medieval&#8230;&#8230;\u00a1cu\u00e1nta actividad! Con tanto ajetreo hemos llegado hambrientos al comedor y tengo que deciros que \u00abhan devorado las lentejas\u00bb, en &hellip; <a href=\"https:\/\/www.alqueria.es\/blogs\/alqueriaamarillanaranja\/2013\/06\/04\/taller-creativo-escudos-para-la-fiesta\/\" class=\"more-link\">Seguir leyendo <span class=\"screen-reader-text\">Taller creativo: escudos para la fiesta<\/span> <span class=\"meta-nav\">&rarr;<\/span><\/a><\/p>\n","protected":false},"author":23,"featured_media":0,"comment_status":"open","ping_status":"open","sticky":false,"template":"","format":"standard","meta":{"jetpack_post_was_ever_published":false,"_jetpack_newsletter_access":"","_jetpack_dont_email_post_to_subs":false,"_jetpack_newsletter_tier_id":0,"_jetpack_memberships_contains_paywalled_content":false,"_jetpack_memberships_contains_paid_content":false,"footnotes":"","jetpack_publicize_message":"","jetpack_publicize_feature_enabled":true,"jetpack_social_post_already_shared":true,"jetpack_social_options":{"image_generator_settings":{"template":"highway","default_image_id":0,"font":"","enabled":false},"version":2}},"categories":[7,8],"tags":[64],"class_list":["post-5919","post","type-post","status-publish","format-standard","hentry","category-clase-naranja","category-diario","tag-fiesta-de-la-primavera"],"jetpack_publicize_connections":[],"jetpack_featured_media_url":"","jetpack_sharing_enabled":true,"jetpack_shortlink":"https:\/\/wp.me\/p4lG08-1xt","jetpack-related-posts":[],"_links":{"self":[{"href":"https:\/\/www.alqueria.es\/blogs\/alqueriaamarillanaranja\/wp-json\/wp\/v2\/posts\/5919","targetHints":{"allow":["GET"]}}],"collection":[{"href":"https:\/\/www.alqueria.es\/blogs\/alqueriaamarillanaranja\/wp-json\/wp\/v2\/posts"}],"about":[{"href":"https:\/\/www.alqueria.es\/blogs\/alqueriaamarillanaranja\/wp-json\/wp\/v2\/types\/post"}],"author":[{"embeddable":true,"href":"https:\/\/www.alqueria.es\/blogs\/alqueriaamarillanaranja\/wp-json\/wp\/v2\/users\/23"}],"replies":[{"embeddable":true,"href":"https:\/\/www.alqueria.es\/blogs\/alqueriaamarillanaranja\/wp-json\/wp\/v2\/comments?post=5919"}],"version-history":[{"count":0,"href":"https:\/\/www.alqueria.es\/blogs\/alqueriaamarillanaranja\/wp-json\/wp\/v2\/posts\/5919\/revisions"}],"wp:attachment":[{"href":"https:\/\/www.alqueria.es\/blogs\/alqueriaamarillanaranja\/wp-json\/wp\/v2\/media?parent=5919"}],"wp:term":[{"taxonomy":"category","embeddable":true,"href":"https:\/\/www.alqueria.es\/blogs\/alqueriaamarillanaranja\/wp-json\/wp\/v2\/categories?post=5919"},{"taxonomy":"post_tag","embeddable":true,"href":"https:\/\/www.alqueria.es\/blogs\/alqueriaamarillanaranja\/wp-json\/wp\/v2\/tags?post=5919"}],"curies":[{"name":"wp","href":"https:\/\/api.w.org\/{rel}","templated":true}]}}