{"id":5992,"date":"2013-06-10T14:23:45","date_gmt":"2013-06-10T12:23:45","guid":{"rendered":"http:\/\/alqueriaamarillanaranja.wordpress.com\/?p=5992"},"modified":"2013-06-10T14:23:45","modified_gmt":"2013-06-10T12:23:45","slug":"recordamos-la-fiesta","status":"publish","type":"post","link":"https:\/\/www.alqueria.es\/blogs\/alqueriaamarillanaranja\/2013\/06\/10\/recordamos-la-fiesta\/","title":{"rendered":"RECORDAMOS LA FIESTA"},"content":{"rendered":"<p style=\"text-align:justify\">Volvemos de un fin de semana algo corto, tras nuestra gran fiesta de la primavera.<\/p>\n<p style=\"text-align:justify\">Todos\/as me cuentan lo bien que se lo pasaron, recordamos todo lo que hab\u00eda en la fiesta: los disfraces, la m\u00fasica, los globos, el maquillaje&#8230;Hablamos de cu\u00e1l era el disfraz que llevaban.<\/p>\n<p style=\"text-align:justify\">Cada uno\/a de manera individual hace su dibujo con ceras duras y verbalizan lo que han pintado, as\u00ed vivencian de nuevo el momento de la fiesta.<\/p>\n<p style=\"text-align:justify\">Esperamos que lo pas\u00e1rais muy\u00a0bien en la fiesta,\u00a0en estos d\u00edas os\u00a0pondr\u00e9 fotos de este d\u00eda tan especial.<\/p>\n<p style=\"text-align:justify\">Hoy reparte la fruta como super <strong>ELIO.<\/strong><\/p>\n<p style=\"text-align:justify\"><span style=\"color:#800080\">Ah&#8230;.tenemos\u00a0una noticia muy importante<\/span>: <strong><span style=\"color:#000000\">CARLOS ANTONIO Y CARLOS MORENO ya no tienen pa\u00f1al&#8230;. \u00a1Oz\u00fa qu\u00e9 bien!<\/span><\/strong><\/p>\n<p style=\"text-align:justify\">Ma\u00f1ana m\u00e1s&#8230;.<\/p>\n","protected":false},"excerpt":{"rendered":"<p>Volvemos de un fin de semana algo corto, tras nuestra gran fiesta de la primavera. Todos\/as me cuentan lo bien que se lo pasaron, recordamos todo lo que hab\u00eda en la fiesta: los disfraces, la m\u00fasica, los globos, el maquillaje&#8230;Hablamos de cu\u00e1l era el disfraz que llevaban. Cada uno\/a de manera individual hace su dibujo &hellip; <a href=\"https:\/\/www.alqueria.es\/blogs\/alqueriaamarillanaranja\/2013\/06\/10\/recordamos-la-fiesta\/\" class=\"more-link\">Seguir leyendo <span class=\"screen-reader-text\">RECORDAMOS LA FIESTA<\/span> <span class=\"meta-nav\">&rarr;<\/span><\/a><\/p>\n","protected":false},"author":23,"featured_media":0,"comment_status":"open","ping_status":"open","sticky":false,"template":"","format":"standard","meta":{"jetpack_post_was_ever_published":false,"_jetpack_newsletter_access":"","_jetpack_dont_email_post_to_subs":false,"_jetpack_newsletter_tier_id":0,"_jetpack_memberships_contains_paywalled_content":false,"_jetpack_memberships_contains_paid_content":false,"footnotes":"","jetpack_publicize_message":"","jetpack_publicize_feature_enabled":true,"jetpack_social_post_already_shared":true,"jetpack_social_options":{"image_generator_settings":{"template":"highway","default_image_id":0,"font":"","enabled":false},"version":2}},"categories":[6,9],"tags":[64],"class_list":["post-5992","post","type-post","status-publish","format-standard","hentry","category-clase-amarilla","category-diario-clase-amarilla","tag-fiesta-de-la-primavera"],"jetpack_publicize_connections":[],"jetpack_featured_media_url":"","jetpack_sharing_enabled":true,"jetpack_shortlink":"https:\/\/wp.me\/p4lG08-1yE","jetpack-related-posts":[],"_links":{"self":[{"href":"https:\/\/www.alqueria.es\/blogs\/alqueriaamarillanaranja\/wp-json\/wp\/v2\/posts\/5992","targetHints":{"allow":["GET"]}}],"collection":[{"href":"https:\/\/www.alqueria.es\/blogs\/alqueriaamarillanaranja\/wp-json\/wp\/v2\/posts"}],"about":[{"href":"https:\/\/www.alqueria.es\/blogs\/alqueriaamarillanaranja\/wp-json\/wp\/v2\/types\/post"}],"author":[{"embeddable":true,"href":"https:\/\/www.alqueria.es\/blogs\/alqueriaamarillanaranja\/wp-json\/wp\/v2\/users\/23"}],"replies":[{"embeddable":true,"href":"https:\/\/www.alqueria.es\/blogs\/alqueriaamarillanaranja\/wp-json\/wp\/v2\/comments?post=5992"}],"version-history":[{"count":0,"href":"https:\/\/www.alqueria.es\/blogs\/alqueriaamarillanaranja\/wp-json\/wp\/v2\/posts\/5992\/revisions"}],"wp:attachment":[{"href":"https:\/\/www.alqueria.es\/blogs\/alqueriaamarillanaranja\/wp-json\/wp\/v2\/media?parent=5992"}],"wp:term":[{"taxonomy":"category","embeddable":true,"href":"https:\/\/www.alqueria.es\/blogs\/alqueriaamarillanaranja\/wp-json\/wp\/v2\/categories?post=5992"},{"taxonomy":"post_tag","embeddable":true,"href":"https:\/\/www.alqueria.es\/blogs\/alqueriaamarillanaranja\/wp-json\/wp\/v2\/tags?post=5992"}],"curies":[{"name":"wp","href":"https:\/\/api.w.org\/{rel}","templated":true}]}}