{"id":60455,"date":"2023-01-17T17:00:26","date_gmt":"2023-01-17T16:00:26","guid":{"rendered":"https:\/\/www.alqueria.es\/blogs\/alqueriaamarillanaranja\/?p=60455"},"modified":"2023-01-17T17:00:26","modified_gmt":"2023-01-17T16:00:26","slug":"motricidad-con-alberto-3","status":"publish","type":"post","link":"https:\/\/www.alqueria.es\/blogs\/alqueriaamarillanaranja\/2023\/01\/17\/motricidad-con-alberto-3\/","title":{"rendered":"MOTRICIDAD CON ALBERTO"},"content":{"rendered":"<p><img decoding=\"async\" data-attachment-id=\"60471\" data-permalink=\"https:\/\/www.alqueria.es\/blogs\/alqueriaamarillanaranja\/2023\/01\/17\/motricidad-con-alberto-3\/dias-de-lluvia\/\" data-orig-file=\"https:\/\/cloud.alqueria.es\/wp-content\/uploads\/sites\/9\/2023\/01\/dias-de-lluvia.gif\" data-orig-size=\"310,355\" data-comments-opened=\"1\" data-image-meta=\"{&quot;aperture&quot;:&quot;0&quot;,&quot;credit&quot;:&quot;&quot;,&quot;camera&quot;:&quot;&quot;,&quot;caption&quot;:&quot;&quot;,&quot;created_timestamp&quot;:&quot;0&quot;,&quot;copyright&quot;:&quot;&quot;,&quot;focal_length&quot;:&quot;0&quot;,&quot;iso&quot;:&quot;0&quot;,&quot;shutter_speed&quot;:&quot;0&quot;,&quot;title&quot;:&quot;&quot;,&quot;orientation&quot;:&quot;0&quot;}\" data-image-title=\"dias-de-lluvia\" data-image-description=\"\" data-image-caption=\"\" data-large-file=\"https:\/\/cloud.alqueria.es\/wp-content\/uploads\/sites\/9\/2023\/01\/dias-de-lluvia.gif\" class=\"alignleft size-medium wp-image-60471\" src=\"https:\/\/cloud.alqueria.es\/wp-content\/uploads\/sites\/9\/2023\/01\/dias-de-lluvia-262x300.gif\" alt=\"\" width=\"262\" height=\"300\" \/>Hola familias!!<\/p>\n<p><span style=\"color: #0000ff\">Qu\u00e9 d\u00eda m\u00e1s fr\u00edo y lluvioso tenemos hoy.\u00a0<\/span><\/p>\n<p><span style=\"color: #0000ff\">Los amarillitos disfrutan de una jornada de juegos a trav\u00e9s de los cuales van adquiriendo nuevas experiencias de aprendizaje.\u00a0<\/span><\/p>\n<p>&nbsp;<\/p>\n<p>Hoy , como cada martes, llega <strong><span style=\"color: #ff00ff\">Alberto con sus sesiones de motricidad<\/span> <\/strong>m\u00e1s espec\u00edficas. Se lo pasan muy bien y son cada vez m\u00e1s aut\u00f3nomos a la hora de realizar los circuitos y juegos motrices que les plantea Alberto. Adem\u00e1s de jugar, les encanta ayudar a recoger los materiales.<\/p>\n<p class=\"jetpack-slideshow-noscript robots-nocontent\">El pase de diapositivas requiere JavaScript.<\/p><div id=\"gallery-60455-1-slideshow\" class=\"jetpack-slideshow-window jetpack-slideshow jetpack-slideshow-black\" data-trans=\"fade\" data-autostart=\"1\" data-gallery=\"[{&quot;src&quot;:&quot;https:\\\/\\\/cloud.alqueria.es\\\/wp-content\\\/uploads\\\/sites\\\/9\\\/2023\\\/01\\\/20230117_094853.jpg&quot;,&quot;id&quot;:&quot;60457&quot;,&quot;title&quot;:&quot;20230117_094853&quot;,&quot;alt&quot;:&quot;&quot;,&quot;caption&quot;:&quot;&quot;,&quot;itemprop&quot;:&quot;image&quot;},{&quot;src&quot;:&quot;https:\\\/\\\/cloud.alqueria.es\\\/wp-content\\\/uploads\\\/sites\\\/9\\\/2023\\\/01\\\/20230117_094913.jpg&quot;,&quot;id&quot;:&quot;60458&quot;,&quot;title&quot;:&quot;20230117_094913&quot;,&quot;alt&quot;:&quot;&quot;,&quot;caption&quot;:&quot;&quot;,&quot;itemprop&quot;:&quot;image&quot;},{&quot;src&quot;:&quot;https:\\\/\\\/cloud.alqueria.es\\\/wp-content\\\/uploads\\\/sites\\\/9\\\/2023\\\/01\\\/20230117_095020.jpg&quot;,&quot;id&quot;:&quot;60459&quot;,&quot;title&quot;:&quot;20230117_095020&quot;,&quot;alt&quot;:&quot;&quot;,&quot;caption&quot;:&quot;&quot;,&quot;itemprop&quot;:&quot;image&quot;},{&quot;src&quot;:&quot;https:\\\/\\\/cloud.alqueria.es\\\/wp-content\\\/uploads\\\/sites\\\/9\\\/2023\\\/01\\\/20230117_095242.jpg&quot;,&quot;id&quot;:&quot;60460&quot;,&quot;title&quot;:&quot;20230117_095242&quot;,&quot;alt&quot;:&quot;&quot;,&quot;caption&quot;:&quot;&quot;,&quot;itemprop&quot;:&quot;image&quot;},{&quot;src&quot;:&quot;https:\\\/\\\/cloud.alqueria.es\\\/wp-content\\\/uploads\\\/sites\\\/9\\\/2023\\\/01\\\/20230117_095342.jpg&quot;,&quot;id&quot;:&quot;60461&quot;,&quot;title&quot;:&quot;20230117_095342&quot;,&quot;alt&quot;:&quot;&quot;,&quot;caption&quot;:&quot;&quot;,&quot;itemprop&quot;:&quot;image&quot;},{&quot;src&quot;:&quot;https:\\\/\\\/cloud.alqueria.es\\\/wp-content\\\/uploads\\\/sites\\\/9\\\/2023\\\/01\\\/20230117_095400.jpg&quot;,&quot;id&quot;:&quot;60462&quot;,&quot;title&quot;:&quot;20230117_095400&quot;,&quot;alt&quot;:&quot;&quot;,&quot;caption&quot;:&quot;&quot;,&quot;itemprop&quot;:&quot;image&quot;},{&quot;src&quot;:&quot;https:\\\/\\\/cloud.alqueria.es\\\/wp-content\\\/uploads\\\/sites\\\/9\\\/2023\\\/01\\\/20230117_095510.jpg&quot;,&quot;id&quot;:&quot;60463&quot;,&quot;title&quot;:&quot;20230117_095510&quot;,&quot;alt&quot;:&quot;&quot;,&quot;caption&quot;:&quot;&quot;,&quot;itemprop&quot;:&quot;image&quot;},{&quot;src&quot;:&quot;https:\\\/\\\/cloud.alqueria.es\\\/wp-content\\\/uploads\\\/sites\\\/9\\\/2023\\\/01\\\/20230117_095705.jpg&quot;,&quot;id&quot;:&quot;60464&quot;,&quot;title&quot;:&quot;20230117_095705&quot;,&quot;alt&quot;:&quot;&quot;,&quot;caption&quot;:&quot;&quot;,&quot;itemprop&quot;:&quot;image&quot;},{&quot;src&quot;:&quot;https:\\\/\\\/cloud.alqueria.es\\\/wp-content\\\/uploads\\\/sites\\\/9\\\/2023\\\/01\\\/20230117_100354.jpg&quot;,&quot;id&quot;:&quot;60465&quot;,&quot;title&quot;:&quot;20230117_100354&quot;,&quot;alt&quot;:&quot;&quot;,&quot;caption&quot;:&quot;&quot;,&quot;itemprop&quot;:&quot;image&quot;},{&quot;src&quot;:&quot;https:\\\/\\\/cloud.alqueria.es\\\/wp-content\\\/uploads\\\/sites\\\/9\\\/2023\\\/01\\\/20230117_100403.jpg&quot;,&quot;id&quot;:&quot;60466&quot;,&quot;title&quot;:&quot;20230117_100403&quot;,&quot;alt&quot;:&quot;&quot;,&quot;caption&quot;:&quot;&quot;,&quot;itemprop&quot;:&quot;image&quot;},{&quot;src&quot;:&quot;https:\\\/\\\/cloud.alqueria.es\\\/wp-content\\\/uploads\\\/sites\\\/9\\\/2023\\\/01\\\/20230117_100445.jpg&quot;,&quot;id&quot;:&quot;60467&quot;,&quot;title&quot;:&quot;20230117_100445&quot;,&quot;alt&quot;:&quot;&quot;,&quot;caption&quot;:&quot;&quot;,&quot;itemprop&quot;:&quot;image&quot;}]\" itemscope itemtype=\"https:\/\/schema.org\/ImageGallery\"><\/div>\n<p>Terminada la sesi\u00f3n, nos sentamos para reponer fuerzas con la <strong><span style=\"color: #ff00ff\">Asamblea de la fruta<\/span> <\/strong>en\u00a0 la que reparte <span style=\"color: #ff00ff\">MATH\u00c9O<\/span> como s\u00faper y leemos dos cuentos aportados de casa por Manuel y Lucas. <strong><span style=\"color: #0000ff\">\u00a1\u00a1C\u00f3mo nos gustan los cuentos!!<\/span><\/strong><\/p>\n<div data-carousel-extra='{&quot;blog_id&quot;:9,&quot;permalink&quot;:&quot;https:\/\/www.alqueria.es\/blogs\/alqueriaamarillanaranja\/2023\/01\/17\/motricidad-con-alberto-3\/&quot;}' id='gallery-2' class='gallery galleryid-60455 gallery-columns-2 gallery-size-full'><figure class='gallery-item'>\n\t\t\t<div class='gallery-icon landscape'>\n\t\t\t\t<a href='https:\/\/www.alqueria.es\/blogs\/alqueriaamarillanaranja\/2023\/01\/17\/motricidad-con-alberto-3\/20230117_110451\/'><img decoding=\"async\" width=\"811\" height=\"582\" src=\"https:\/\/cloud.alqueria.es\/wp-content\/uploads\/sites\/9\/2023\/01\/20230117_110451.jpg\" class=\"attachment-full size-full\" alt=\"\" srcset=\"https:\/\/cloud.alqueria.es\/wp-content\/uploads\/sites\/9\/2023\/01\/20230117_110451.jpg 811w, https:\/\/cloud.alqueria.es\/wp-content\/uploads\/sites\/9\/2023\/01\/20230117_110451-300x215.jpg 300w, https:\/\/cloud.alqueria.es\/wp-content\/uploads\/sites\/9\/2023\/01\/20230117_110451-768x551.jpg 768w\" sizes=\"(max-width: 811px) 100vw, 811px\" data-attachment-id=\"60469\" data-permalink=\"https:\/\/www.alqueria.es\/blogs\/alqueriaamarillanaranja\/2023\/01\/17\/motricidad-con-alberto-3\/20230117_110451\/\" data-orig-file=\"https:\/\/cloud.alqueria.es\/wp-content\/uploads\/sites\/9\/2023\/01\/20230117_110451.jpg\" data-orig-size=\"811,582\" data-comments-opened=\"1\" data-image-meta=\"{&quot;aperture&quot;:&quot;2&quot;,&quot;credit&quot;:&quot;&quot;,&quot;camera&quot;:&quot;SM-A127F&quot;,&quot;caption&quot;:&quot;&quot;,&quot;created_timestamp&quot;:&quot;1673953492&quot;,&quot;copyright&quot;:&quot;&quot;,&quot;focal_length&quot;:&quot;4.6&quot;,&quot;iso&quot;:&quot;64&quot;,&quot;shutter_speed&quot;:&quot;0.02&quot;,&quot;title&quot;:&quot;&quot;,&quot;orientation&quot;:&quot;1&quot;}\" data-image-title=\"20230117_110451\" data-image-description=\"\" data-image-caption=\"\" data-large-file=\"https:\/\/cloud.alqueria.es\/wp-content\/uploads\/sites\/9\/2023\/01\/20230117_110451.jpg\" \/><\/a>\n\t\t\t<\/div><\/figure><figure class='gallery-item'>\n\t\t\t<div class='gallery-icon landscape'>\n\t\t\t\t<a href='https:\/\/www.alqueria.es\/blogs\/alqueriaamarillanaranja\/2023\/01\/17\/motricidad-con-alberto-3\/20230117_110445\/'><img decoding=\"async\" width=\"998\" height=\"681\" src=\"https:\/\/cloud.alqueria.es\/wp-content\/uploads\/sites\/9\/2023\/01\/20230117_110445.jpg\" class=\"attachment-full size-full\" alt=\"\" srcset=\"https:\/\/cloud.alqueria.es\/wp-content\/uploads\/sites\/9\/2023\/01\/20230117_110445.jpg 998w, https:\/\/cloud.alqueria.es\/wp-content\/uploads\/sites\/9\/2023\/01\/20230117_110445-300x205.jpg 300w, https:\/\/cloud.alqueria.es\/wp-content\/uploads\/sites\/9\/2023\/01\/20230117_110445-768x524.jpg 768w\" sizes=\"(max-width: 998px) 100vw, 998px\" data-attachment-id=\"60468\" data-permalink=\"https:\/\/www.alqueria.es\/blogs\/alqueriaamarillanaranja\/2023\/01\/17\/motricidad-con-alberto-3\/20230117_110445\/\" data-orig-file=\"https:\/\/cloud.alqueria.es\/wp-content\/uploads\/sites\/9\/2023\/01\/20230117_110445.jpg\" data-orig-size=\"998,681\" data-comments-opened=\"1\" data-image-meta=\"{&quot;aperture&quot;:&quot;2&quot;,&quot;credit&quot;:&quot;&quot;,&quot;camera&quot;:&quot;SM-A127F&quot;,&quot;caption&quot;:&quot;&quot;,&quot;created_timestamp&quot;:&quot;1673953485&quot;,&quot;copyright&quot;:&quot;&quot;,&quot;focal_length&quot;:&quot;4.6&quot;,&quot;iso&quot;:&quot;64&quot;,&quot;shutter_speed&quot;:&quot;0.02&quot;,&quot;title&quot;:&quot;&quot;,&quot;orientation&quot;:&quot;1&quot;}\" data-image-title=\"20230117_110445\" data-image-description=\"\" data-image-caption=\"\" data-large-file=\"https:\/\/cloud.alqueria.es\/wp-content\/uploads\/sites\/9\/2023\/01\/20230117_110445.jpg\" \/><\/a>\n\t\t\t<\/div><\/figure>\n\t\t<\/div>\n\n<p>Aprovechamos que no salimos al Parque para seguir con otras propuestas de juego: <strong><span style=\"color: #ff00ff\">El Tren y la cocinita<\/span><\/strong>.<\/p>\n<p>En el momento de juego surgen situaciones en las que tienen que aprender a resolver por ellos mismos. Nosotras como educadoras y adultas tenemos que proporcionarles las herramientas necesarias para que sean capaces de enfrentarse a \u00abpeque\u00f1os conflictos\u00bb ( sobre todo por la posesi\u00f3n de los objetos, el no pedir las cosas y quitarlas, el compartir&#8230;.). Como ya sab\u00e9is ellos y ellas son muy egoc\u00e9ntricos y lo suyo es suyo y de nadie m\u00e1s. A trav\u00e9s del juego social que se lleva a cabo en la clase, surgen estas situaciones que tienen que ir resolviendo de manera\u00a0 correcta y aut\u00f3nomamente.<\/p>\n<p>Os dejo una foto de lo bien que hacen el tren para ir al ba\u00f1o<\/p>\n<p style=\"text-align: center\">\u00a1\u00a1OZ\u00da QU\u00c9 BIEN!!<\/p>\n<p><img decoding=\"async\" data-attachment-id=\"60456\" data-permalink=\"https:\/\/www.alqueria.es\/blogs\/alqueriaamarillanaranja\/2023\/01\/17\/motricidad-con-alberto-3\/20230117_115103\/\" data-orig-file=\"https:\/\/cloud.alqueria.es\/wp-content\/uploads\/sites\/9\/2023\/01\/20230117_115103.jpg\" data-orig-size=\"1192,720\" data-comments-opened=\"1\" data-image-meta=\"{&quot;aperture&quot;:&quot;2&quot;,&quot;credit&quot;:&quot;&quot;,&quot;camera&quot;:&quot;SM-A127F&quot;,&quot;caption&quot;:&quot;&quot;,&quot;created_timestamp&quot;:&quot;1673956264&quot;,&quot;copyright&quot;:&quot;&quot;,&quot;focal_length&quot;:&quot;4.6&quot;,&quot;iso&quot;:&quot;400&quot;,&quot;shutter_speed&quot;:&quot;0.02&quot;,&quot;title&quot;:&quot;&quot;,&quot;orientation&quot;:&quot;1&quot;}\" data-image-title=\"20230117_115103\" data-image-description=\"\" data-image-caption=\"\" data-large-file=\"https:\/\/cloud.alqueria.es\/wp-content\/uploads\/sites\/9\/2023\/01\/20230117_115103-1024x619.jpg\" class=\"aligncenter size-full wp-image-60456\" src=\"https:\/\/cloud.alqueria.es\/wp-content\/uploads\/sites\/9\/2023\/01\/20230117_115103.jpg\" alt=\"\" width=\"1192\" height=\"720\" srcset=\"https:\/\/cloud.alqueria.es\/wp-content\/uploads\/sites\/9\/2023\/01\/20230117_115103.jpg 1192w, https:\/\/cloud.alqueria.es\/wp-content\/uploads\/sites\/9\/2023\/01\/20230117_115103-300x181.jpg 300w, https:\/\/cloud.alqueria.es\/wp-content\/uploads\/sites\/9\/2023\/01\/20230117_115103-1024x619.jpg 1024w, https:\/\/cloud.alqueria.es\/wp-content\/uploads\/sites\/9\/2023\/01\/20230117_115103-768x464.jpg 768w\" sizes=\"(max-width: 1192px) 100vw, 1192px\" \/><\/p>\n<p>Por la tarde, jugamos con los puzles que nos ayudan a concentrarnos y favorecen la motricidad fina as\u00ed como la coordinaci\u00f3n ojo-mano. Y tenemos lectura de cuentos a cargo de Daniela y Mar\u00eda ( alumnas de sexto de Primaria).<\/p>\n<p><img decoding=\"async\" data-attachment-id=\"60481\" data-permalink=\"https:\/\/www.alqueria.es\/blogs\/alqueriaamarillanaranja\/2023\/01\/17\/motricidad-con-alberto-3\/img-20230117-wa0015\/\" data-orig-file=\"https:\/\/cloud.alqueria.es\/wp-content\/uploads\/sites\/9\/2023\/01\/IMG-20230117-WA0015.jpg\" data-orig-size=\"1600,1200\" data-comments-opened=\"1\" data-image-meta=\"{&quot;aperture&quot;:&quot;0&quot;,&quot;credit&quot;:&quot;&quot;,&quot;camera&quot;:&quot;&quot;,&quot;caption&quot;:&quot;&quot;,&quot;created_timestamp&quot;:&quot;0&quot;,&quot;copyright&quot;:&quot;&quot;,&quot;focal_length&quot;:&quot;0&quot;,&quot;iso&quot;:&quot;0&quot;,&quot;shutter_speed&quot;:&quot;0&quot;,&quot;title&quot;:&quot;&quot;,&quot;orientation&quot;:&quot;0&quot;}\" data-image-title=\"IMG-20230117-WA0015\" data-image-description=\"\" data-image-caption=\"\" data-large-file=\"https:\/\/cloud.alqueria.es\/wp-content\/uploads\/sites\/9\/2023\/01\/IMG-20230117-WA0015-1024x768.jpg\" class=\"aligncenter size-full wp-image-60481\" src=\"https:\/\/cloud.alqueria.es\/wp-content\/uploads\/sites\/9\/2023\/01\/IMG-20230117-WA0015.jpg\" alt=\"\" width=\"1600\" height=\"1200\" srcset=\"https:\/\/cloud.alqueria.es\/wp-content\/uploads\/sites\/9\/2023\/01\/IMG-20230117-WA0015.jpg 1600w, https:\/\/cloud.alqueria.es\/wp-content\/uploads\/sites\/9\/2023\/01\/IMG-20230117-WA0015-300x225.jpg 300w, https:\/\/cloud.alqueria.es\/wp-content\/uploads\/sites\/9\/2023\/01\/IMG-20230117-WA0015-1024x768.jpg 1024w, https:\/\/cloud.alqueria.es\/wp-content\/uploads\/sites\/9\/2023\/01\/IMG-20230117-WA0015-768x576.jpg 768w, https:\/\/cloud.alqueria.es\/wp-content\/uploads\/sites\/9\/2023\/01\/IMG-20230117-WA0015-1536x1152.jpg 1536w\" sizes=\"(max-width: 1600px) 100vw, 1600px\" \/><\/p>\n<p>Hasta ma\u00f1ana.<\/p>\n<p>Carmen<\/p>\n","protected":false},"excerpt":{"rendered":"<p>Hola familias!! Qu\u00e9 d\u00eda m\u00e1s fr\u00edo y lluvioso tenemos hoy.\u00a0 Los amarillitos disfrutan de una jornada de juegos a trav\u00e9s de los cuales van adquiriendo nuevas experiencias de aprendizaje.\u00a0 &nbsp; Hoy , como cada martes, llega Alberto con sus sesiones de motricidad m\u00e1s espec\u00edficas. Se lo pasan muy bien y son cada vez m\u00e1s aut\u00f3nomos &hellip; <a href=\"https:\/\/www.alqueria.es\/blogs\/alqueriaamarillanaranja\/2023\/01\/17\/motricidad-con-alberto-3\/\" class=\"more-link\">Seguir leyendo <span class=\"screen-reader-text\">MOTRICIDAD CON ALBERTO<\/span> <span class=\"meta-nav\">&rarr;<\/span><\/a><\/p>\n","protected":false},"author":23,"featured_media":0,"comment_status":"open","ping_status":"open","sticky":false,"template":"","format":"standard","meta":{"jetpack_post_was_ever_published":false,"_jetpack_newsletter_access":"","_jetpack_dont_email_post_to_subs":false,"_jetpack_newsletter_tier_id":0,"_jetpack_memberships_contains_paywalled_content":false,"_jetpack_memberships_contains_paid_content":false,"footnotes":"","jetpack_publicize_message":"","jetpack_publicize_feature_enabled":true,"jetpack_social_post_already_shared":true,"jetpack_social_options":{"image_generator_settings":{"template":"highway","default_image_id":0,"font":"","enabled":false},"version":2}},"categories":[6,818,790],"tags":[51,423],"class_list":["post-60455","post","type-post","status-publish","format-standard","hentry","category-clase-amarilla","category-especialistas-clase-amarilla","category-motricidad-clase-amarilla","tag-el-juego-infantil","tag-motricidad-2-3"],"jetpack_publicize_connections":[],"jetpack_featured_media_url":"","jetpack_sharing_enabled":true,"jetpack_shortlink":"https:\/\/wp.me\/p4lG08-fJ5","jetpack-related-posts":[],"_links":{"self":[{"href":"https:\/\/www.alqueria.es\/blogs\/alqueriaamarillanaranja\/wp-json\/wp\/v2\/posts\/60455","targetHints":{"allow":["GET"]}}],"collection":[{"href":"https:\/\/www.alqueria.es\/blogs\/alqueriaamarillanaranja\/wp-json\/wp\/v2\/posts"}],"about":[{"href":"https:\/\/www.alqueria.es\/blogs\/alqueriaamarillanaranja\/wp-json\/wp\/v2\/types\/post"}],"author":[{"embeddable":true,"href":"https:\/\/www.alqueria.es\/blogs\/alqueriaamarillanaranja\/wp-json\/wp\/v2\/users\/23"}],"replies":[{"embeddable":true,"href":"https:\/\/www.alqueria.es\/blogs\/alqueriaamarillanaranja\/wp-json\/wp\/v2\/comments?post=60455"}],"version-history":[{"count":3,"href":"https:\/\/www.alqueria.es\/blogs\/alqueriaamarillanaranja\/wp-json\/wp\/v2\/posts\/60455\/revisions"}],"predecessor-version":[{"id":60482,"href":"https:\/\/www.alqueria.es\/blogs\/alqueriaamarillanaranja\/wp-json\/wp\/v2\/posts\/60455\/revisions\/60482"}],"wp:attachment":[{"href":"https:\/\/www.alqueria.es\/blogs\/alqueriaamarillanaranja\/wp-json\/wp\/v2\/media?parent=60455"}],"wp:term":[{"taxonomy":"category","embeddable":true,"href":"https:\/\/www.alqueria.es\/blogs\/alqueriaamarillanaranja\/wp-json\/wp\/v2\/categories?post=60455"},{"taxonomy":"post_tag","embeddable":true,"href":"https:\/\/www.alqueria.es\/blogs\/alqueriaamarillanaranja\/wp-json\/wp\/v2\/tags?post=60455"}],"curies":[{"name":"wp","href":"https:\/\/api.w.org\/{rel}","templated":true}]}}