{"id":60879,"date":"2023-01-30T17:26:28","date_gmt":"2023-01-30T16:26:28","guid":{"rendered":"https:\/\/www.alqueria.es\/blogs\/alqueriaamarillanaranja\/?p=60879"},"modified":"2023-01-30T17:26:28","modified_gmt":"2023-01-30T16:26:28","slug":"celebramos-el-dia-de-la-paz-2","status":"publish","type":"post","link":"https:\/\/www.alqueria.es\/blogs\/alqueriaamarillanaranja\/2023\/01\/30\/celebramos-el-dia-de-la-paz-2\/","title":{"rendered":"CELEBRAMOS EL D\u00cdA DE LA PAZ"},"content":{"rendered":"<p><span style=\"color: #000000\">Buenas tardes familias,<\/span><\/p>\n<p><span style=\"color: #000000\">\u00bfQu\u00e9 tal ha ido el fin de semana?\u00a0<\/span><\/p>\n<p><span style=\"color: #000000\"><img decoding=\"async\" data-attachment-id=\"60892\" data-permalink=\"https:\/\/www.alqueria.es\/blogs\/alqueriaamarillanaranja\/2023\/01\/30\/celebramos-el-dia-de-la-paz-2\/paz\/\" data-orig-file=\"https:\/\/cloud.alqueria.es\/wp-content\/uploads\/sites\/9\/2023\/01\/Paz.jpg\" data-orig-size=\"243,207\" data-comments-opened=\"1\" data-image-meta=\"{&quot;aperture&quot;:&quot;0&quot;,&quot;credit&quot;:&quot;&quot;,&quot;camera&quot;:&quot;&quot;,&quot;caption&quot;:&quot;&quot;,&quot;created_timestamp&quot;:&quot;0&quot;,&quot;copyright&quot;:&quot;&quot;,&quot;focal_length&quot;:&quot;0&quot;,&quot;iso&quot;:&quot;0&quot;,&quot;shutter_speed&quot;:&quot;0&quot;,&quot;title&quot;:&quot;&quot;,&quot;orientation&quot;:&quot;0&quot;}\" data-image-title=\"Paz\" data-image-description=\"\" data-image-caption=\"\" data-large-file=\"https:\/\/cloud.alqueria.es\/wp-content\/uploads\/sites\/9\/2023\/01\/Paz.jpg\" class=\"alignleft size-full wp-image-60892\" src=\"https:\/\/cloud.alqueria.es\/wp-content\/uploads\/sites\/9\/2023\/01\/Paz.jpg\" alt=\"\" width=\"243\" height=\"207\" \/>Hoy comenzamos una nueva semana en la que todo el Centro celebramos el<\/span> <strong><span style=\"color: #008000\">D\u00eda Internacional de la Paz y la no violencia. <\/span><\/strong><span style=\"color: #000000\">Como ya sab\u00e9is la semana pasada hicimos con nuestra manos unas palomas para colaborar en el mural que est\u00e1 expuesto en la entrada del aulario de primaria.<\/span><\/p>\n<p>Desde la clase Naranja hasta sexto de primaria han llevado a cabo una actividad con el lema \u00abPALABRAS PARA LA PAZ\u00bb, en la que han participado de manera heterog\u00e9nea y\u00a0 se han mezclando los grupo para enriquecer esta propuesta. Aqu\u00ed os enlazo el blog del primer ciclo de primaria para que pod\u00e1is conocer m\u00e1s sobre esta actividad <a href=\"https:\/\/www.alqueria.es\/blogs\/alqueriaprimerciclo\/\">https:\/\/www.alqueria.es\/blogs\/alqueriaprimerciclo\/<\/a><\/p>\n<p><img decoding=\"async\" data-attachment-id=\"60889\" data-permalink=\"https:\/\/www.alqueria.es\/blogs\/alqueriaamarillanaranja\/2023\/01\/30\/celebramos-el-dia-de-la-paz-2\/20230130_115640\/\" data-orig-file=\"https:\/\/cloud.alqueria.es\/wp-content\/uploads\/sites\/9\/2023\/01\/20230130_115640.jpg\" data-orig-size=\"1235,720\" data-comments-opened=\"1\" data-image-meta=\"{&quot;aperture&quot;:&quot;2&quot;,&quot;credit&quot;:&quot;&quot;,&quot;camera&quot;:&quot;SM-A127F&quot;,&quot;caption&quot;:&quot;&quot;,&quot;created_timestamp&quot;:&quot;1675079800&quot;,&quot;copyright&quot;:&quot;&quot;,&quot;focal_length&quot;:&quot;4.6&quot;,&quot;iso&quot;:&quot;20&quot;,&quot;shutter_speed&quot;:&quot;0.0081&quot;,&quot;title&quot;:&quot;&quot;,&quot;orientation&quot;:&quot;1&quot;}\" data-image-title=\"20230130_115640\" data-image-description=\"\" data-image-caption=\"\" data-large-file=\"https:\/\/cloud.alqueria.es\/wp-content\/uploads\/sites\/9\/2023\/01\/20230130_115640-1024x597.jpg\" class=\"aligncenter size-large wp-image-60889\" src=\"https:\/\/cloud.alqueria.es\/wp-content\/uploads\/sites\/9\/2023\/01\/20230130_115640-1024x597.jpg\" alt=\"\" width=\"474\" height=\"276\" srcset=\"https:\/\/cloud.alqueria.es\/wp-content\/uploads\/sites\/9\/2023\/01\/20230130_115640-1024x597.jpg 1024w, https:\/\/cloud.alqueria.es\/wp-content\/uploads\/sites\/9\/2023\/01\/20230130_115640-300x175.jpg 300w, https:\/\/cloud.alqueria.es\/wp-content\/uploads\/sites\/9\/2023\/01\/20230130_115640-768x448.jpg 768w, https:\/\/cloud.alqueria.es\/wp-content\/uploads\/sites\/9\/2023\/01\/20230130_115640.jpg 1235w\" sizes=\"(max-width: 474px) 100vw, 474px\" \/><\/p>\n<p>En el juego disfrutamos de las propuestas de la cocinita, las herramientas y algunos coches junto con las cajas que siguen favoreciendo su creatividad en el juego.<\/p>\n<div class=\"tiled-gallery type-rectangular tiled-gallery-unresized\" data-original-width=\"474\" data-carousel-extra='{&quot;blog_id&quot;:9,&quot;permalink&quot;:&quot;https:\\\/\\\/www.alqueria.es\\\/blogs\\\/alqueriaamarillanaranja\\\/2023\\\/01\\\/30\\\/celebramos-el-dia-de-la-paz-2\\\/&quot;,&quot;likes_blog_id&quot;:64271688}' itemscope itemtype=\"http:\/\/schema.org\/ImageGallery\" > <div class=\"gallery-row\" style=\"width: 474px; height: 155px;\" data-original-width=\"474\" data-original-height=\"155\" > <div class=\"gallery-group images-2\" style=\"width: 133px; height: 155px;\" data-original-width=\"133\" data-original-height=\"155\" > <div class=\"tiled-gallery-item tiled-gallery-item-small\" itemprop=\"associatedMedia\" itemscope itemtype=\"http:\/\/schema.org\/ImageObject\"> <a href=\"https:\/\/www.alqueria.es\/blogs\/alqueriaamarillanaranja\/2023\/01\/30\/celebramos-el-dia-de-la-paz-2\/20230130_100551\/\" border=\"0\" itemprop=\"url\"> <meta itemprop=\"width\" content=\"129\"> <meta itemprop=\"height\" content=\"89\"> <img decoding=\"async\" class=\"\" data-attachment-id=\"60882\" data-orig-file=\"https:\/\/cloud.alqueria.es\/wp-content\/uploads\/sites\/9\/2023\/01\/20230130_100551.jpg\" data-orig-size=\"1044,720\" data-comments-opened=\"1\" data-image-meta=\"{&quot;aperture&quot;:&quot;2&quot;,&quot;credit&quot;:&quot;&quot;,&quot;camera&quot;:&quot;SM-A127F&quot;,&quot;caption&quot;:&quot;&quot;,&quot;created_timestamp&quot;:&quot;1675073152&quot;,&quot;copyright&quot;:&quot;&quot;,&quot;focal_length&quot;:&quot;4.6&quot;,&quot;iso&quot;:&quot;200&quot;,&quot;shutter_speed&quot;:&quot;0.02&quot;,&quot;title&quot;:&quot;&quot;,&quot;orientation&quot;:&quot;1&quot;}\" data-image-title=\"20230130_100551\" data-image-description=\"\" data-medium-file=\"https:\/\/cloud.alqueria.es\/wp-content\/uploads\/sites\/9\/2023\/01\/20230130_100551-300x207.jpg\" data-large-file=\"https:\/\/cloud.alqueria.es\/wp-content\/uploads\/sites\/9\/2023\/01\/20230130_100551-1024x706.jpg\" src=\"https:\/\/i0.wp.com\/cloud.alqueria.es\/wp-content\/uploads\/sites\/9\/2023\/01\/20230130_100551.jpg?w=129&#038;h=89&#038;ssl=1\" srcset=\"https:\/\/cloud.alqueria.es\/wp-content\/uploads\/sites\/9\/2023\/01\/20230130_100551.jpg 1044w, https:\/\/cloud.alqueria.es\/wp-content\/uploads\/sites\/9\/2023\/01\/20230130_100551-300x207.jpg 300w, https:\/\/cloud.alqueria.es\/wp-content\/uploads\/sites\/9\/2023\/01\/20230130_100551-1024x706.jpg 1024w, https:\/\/cloud.alqueria.es\/wp-content\/uploads\/sites\/9\/2023\/01\/20230130_100551-768x530.jpg 768w\" width=\"129\" height=\"89\" loading=\"lazy\" data-original-width=\"129\" data-original-height=\"89\" itemprop=\"http:\/\/schema.org\/image\" title=\"20230130_100551\" alt=\"20230130_100551\" style=\"width: 129px; height: 89px;\" \/> <\/a> <\/div> <div class=\"tiled-gallery-item tiled-gallery-item-small\" itemprop=\"associatedMedia\" itemscope itemtype=\"http:\/\/schema.org\/ImageObject\"> <a href=\"https:\/\/www.alqueria.es\/blogs\/alqueriaamarillanaranja\/2023\/01\/30\/celebramos-el-dia-de-la-paz-2\/20230130_100517\/\" border=\"0\" itemprop=\"url\"> <meta itemprop=\"width\" content=\"129\"> <meta itemprop=\"height\" content=\"58\"> <img decoding=\"async\" class=\"\" data-attachment-id=\"60881\" data-orig-file=\"https:\/\/cloud.alqueria.es\/wp-content\/uploads\/sites\/9\/2023\/01\/20230130_100517.jpg\" data-orig-size=\"1600,720\" data-comments-opened=\"1\" data-image-meta=\"{&quot;aperture&quot;:&quot;2&quot;,&quot;credit&quot;:&quot;&quot;,&quot;camera&quot;:&quot;SM-A127F&quot;,&quot;caption&quot;:&quot;&quot;,&quot;created_timestamp&quot;:&quot;1675073117&quot;,&quot;copyright&quot;:&quot;&quot;,&quot;focal_length&quot;:&quot;4.6&quot;,&quot;iso&quot;:&quot;80&quot;,&quot;shutter_speed&quot;:&quot;0.02&quot;,&quot;title&quot;:&quot;&quot;,&quot;orientation&quot;:&quot;1&quot;}\" data-image-title=\"20230130_100517\" data-image-description=\"\" data-medium-file=\"https:\/\/cloud.alqueria.es\/wp-content\/uploads\/sites\/9\/2023\/01\/20230130_100517-300x135.jpg\" data-large-file=\"https:\/\/cloud.alqueria.es\/wp-content\/uploads\/sites\/9\/2023\/01\/20230130_100517-1024x461.jpg\" src=\"https:\/\/i0.wp.com\/cloud.alqueria.es\/wp-content\/uploads\/sites\/9\/2023\/01\/20230130_100517.jpg?w=129&#038;h=58&#038;ssl=1\" srcset=\"https:\/\/cloud.alqueria.es\/wp-content\/uploads\/sites\/9\/2023\/01\/20230130_100517.jpg 1600w, https:\/\/cloud.alqueria.es\/wp-content\/uploads\/sites\/9\/2023\/01\/20230130_100517-300x135.jpg 300w, https:\/\/cloud.alqueria.es\/wp-content\/uploads\/sites\/9\/2023\/01\/20230130_100517-1024x461.jpg 1024w, https:\/\/cloud.alqueria.es\/wp-content\/uploads\/sites\/9\/2023\/01\/20230130_100517-768x346.jpg 768w, https:\/\/cloud.alqueria.es\/wp-content\/uploads\/sites\/9\/2023\/01\/20230130_100517-1536x691.jpg 1536w\" width=\"129\" height=\"58\" loading=\"lazy\" data-original-width=\"129\" data-original-height=\"58\" itemprop=\"http:\/\/schema.org\/image\" title=\"20230130_100517\" alt=\"20230130_100517\" style=\"width: 129px; height: 58px;\" \/> <\/a> <\/div> <\/div> <!-- close group --> <div class=\"gallery-group images-1\" style=\"width: 341px; height: 155px;\" data-original-width=\"341\" data-original-height=\"155\" > <div class=\"tiled-gallery-item tiled-gallery-item-large\" itemprop=\"associatedMedia\" itemscope itemtype=\"http:\/\/schema.org\/ImageObject\"> <a href=\"https:\/\/www.alqueria.es\/blogs\/alqueriaamarillanaranja\/2023\/01\/30\/celebramos-el-dia-de-la-paz-2\/20230130_100257\/\" border=\"0\" itemprop=\"url\"> <meta itemprop=\"width\" content=\"337\"> <meta itemprop=\"height\" content=\"151\"> <img decoding=\"async\" class=\"\" data-attachment-id=\"60880\" data-orig-file=\"https:\/\/cloud.alqueria.es\/wp-content\/uploads\/sites\/9\/2023\/01\/20230130_100257.jpg\" data-orig-size=\"1600,720\" data-comments-opened=\"1\" data-image-meta=\"{&quot;aperture&quot;:&quot;2&quot;,&quot;credit&quot;:&quot;&quot;,&quot;camera&quot;:&quot;SM-A127F&quot;,&quot;caption&quot;:&quot;&quot;,&quot;created_timestamp&quot;:&quot;1675072977&quot;,&quot;copyright&quot;:&quot;&quot;,&quot;focal_length&quot;:&quot;4.6&quot;,&quot;iso&quot;:&quot;125&quot;,&quot;shutter_speed&quot;:&quot;0.02&quot;,&quot;title&quot;:&quot;&quot;,&quot;orientation&quot;:&quot;1&quot;}\" data-image-title=\"20230130_100257\" data-image-description=\"\" data-medium-file=\"https:\/\/cloud.alqueria.es\/wp-content\/uploads\/sites\/9\/2023\/01\/20230130_100257-300x135.jpg\" data-large-file=\"https:\/\/cloud.alqueria.es\/wp-content\/uploads\/sites\/9\/2023\/01\/20230130_100257-1024x461.jpg\" src=\"https:\/\/i0.wp.com\/cloud.alqueria.es\/wp-content\/uploads\/sites\/9\/2023\/01\/20230130_100257.jpg?w=337&#038;h=151&#038;ssl=1\" srcset=\"https:\/\/cloud.alqueria.es\/wp-content\/uploads\/sites\/9\/2023\/01\/20230130_100257.jpg 1600w, https:\/\/cloud.alqueria.es\/wp-content\/uploads\/sites\/9\/2023\/01\/20230130_100257-300x135.jpg 300w, https:\/\/cloud.alqueria.es\/wp-content\/uploads\/sites\/9\/2023\/01\/20230130_100257-1024x461.jpg 1024w, https:\/\/cloud.alqueria.es\/wp-content\/uploads\/sites\/9\/2023\/01\/20230130_100257-768x346.jpg 768w, https:\/\/cloud.alqueria.es\/wp-content\/uploads\/sites\/9\/2023\/01\/20230130_100257-1536x691.jpg 1536w\" width=\"337\" height=\"151\" loading=\"lazy\" data-original-width=\"337\" data-original-height=\"151\" itemprop=\"http:\/\/schema.org\/image\" title=\"20230130_100257\" alt=\"20230130_100257\" style=\"width: 337px; height: 151px;\" \/> <\/a> <\/div> <\/div> <!-- close group --> <\/div> <!-- close row --> <\/div>\n<p>Tras el juego, despejamos el espacio para preparar el aula a modo de cine y poder ver un cuento titulado <strong><span style=\"color: #008000\">\u00abFeroz y Maull\u00edn\u00bb<\/span><\/strong>, relacionado con el D\u00eda de la Paz.<\/p>\n<p><span class=\"embed-youtube\" style=\"text-align:center; display: block;\"><div class=\"a25-CTUOC-hidding-box\" data-original-content=\"&lt;iframe loading=&quot;lazy&quot; class=&quot;youtube-player&quot; width=&quot;474&quot; height=&quot;267&quot; src=&quot;https:\/\/www.youtube.com\/embed\/96NDn3AGXp4?version=3&amp;#038;rel=1&amp;#038;showsearch=0&amp;#038;showinfo=1&amp;#038;iv_load_policy=1&amp;#038;fs=1&amp;#038;hl=es-ES&amp;#038;autohide=2&amp;#038;wmode=transparent&quot; allowfullscreen=&quot;true&quot; style=&quot;border:0;&quot; sandbox=&quot;allow-scripts allow-same-origin allow-popups allow-presentation allow-popups-to-escape-sandbox&quot;&gt;&lt;\/iframe&gt;\">Esta p\u00e1gina incluye contenido multimedia que requiere aceptar todas las cookies. Pulse aqu\u00ed para abrir la configuraci\u00f3n de cookies.<\/div><\/span><\/p>\n<div class=\"tiled-gallery type-rectangular tiled-gallery-unresized\" data-original-width=\"474\" data-carousel-extra='{&quot;blog_id&quot;:9,&quot;permalink&quot;:&quot;https:\\\/\\\/www.alqueria.es\\\/blogs\\\/alqueriaamarillanaranja\\\/2023\\\/01\\\/30\\\/celebramos-el-dia-de-la-paz-2\\\/&quot;,&quot;likes_blog_id&quot;:64271688}' itemscope itemtype=\"http:\/\/schema.org\/ImageGallery\" > <div class=\"gallery-row\" style=\"width: 474px; height: 88px;\" data-original-width=\"474\" data-original-height=\"88\" > <div class=\"gallery-group images-2\" style=\"width: 93px; height: 88px;\" data-original-width=\"93\" data-original-height=\"88\" > <div class=\"tiled-gallery-item tiled-gallery-item-small\" itemprop=\"associatedMedia\" itemscope itemtype=\"http:\/\/schema.org\/ImageObject\"> <a href=\"https:\/\/www.alqueria.es\/blogs\/alqueriaamarillanaranja\/2023\/01\/30\/celebramos-el-dia-de-la-paz-2\/20230130_103128\/\" border=\"0\" itemprop=\"url\"> <meta itemprop=\"width\" content=\"89\"> <meta itemprop=\"height\" content=\"40\"> <img decoding=\"async\" class=\"\" data-attachment-id=\"60883\" data-orig-file=\"https:\/\/cloud.alqueria.es\/wp-content\/uploads\/sites\/9\/2023\/01\/20230130_103128.jpg\" data-orig-size=\"1600,720\" data-comments-opened=\"1\" data-image-meta=\"{&quot;aperture&quot;:&quot;2&quot;,&quot;credit&quot;:&quot;&quot;,&quot;camera&quot;:&quot;SM-A127F&quot;,&quot;caption&quot;:&quot;&quot;,&quot;created_timestamp&quot;:&quot;1675074688&quot;,&quot;copyright&quot;:&quot;&quot;,&quot;focal_length&quot;:&quot;4.6&quot;,&quot;iso&quot;:&quot;640&quot;,&quot;shutter_speed&quot;:&quot;0.04&quot;,&quot;title&quot;:&quot;&quot;,&quot;orientation&quot;:&quot;1&quot;}\" data-image-title=\"20230130_103128\" data-image-description=\"\" data-medium-file=\"https:\/\/cloud.alqueria.es\/wp-content\/uploads\/sites\/9\/2023\/01\/20230130_103128-300x135.jpg\" data-large-file=\"https:\/\/cloud.alqueria.es\/wp-content\/uploads\/sites\/9\/2023\/01\/20230130_103128-1024x461.jpg\" src=\"https:\/\/i0.wp.com\/cloud.alqueria.es\/wp-content\/uploads\/sites\/9\/2023\/01\/20230130_103128.jpg?w=89&#038;h=40&#038;ssl=1\" srcset=\"https:\/\/cloud.alqueria.es\/wp-content\/uploads\/sites\/9\/2023\/01\/20230130_103128.jpg 1600w, https:\/\/cloud.alqueria.es\/wp-content\/uploads\/sites\/9\/2023\/01\/20230130_103128-300x135.jpg 300w, https:\/\/cloud.alqueria.es\/wp-content\/uploads\/sites\/9\/2023\/01\/20230130_103128-1024x461.jpg 1024w, https:\/\/cloud.alqueria.es\/wp-content\/uploads\/sites\/9\/2023\/01\/20230130_103128-768x346.jpg 768w, https:\/\/cloud.alqueria.es\/wp-content\/uploads\/sites\/9\/2023\/01\/20230130_103128-1536x691.jpg 1536w\" width=\"89\" height=\"40\" loading=\"lazy\" data-original-width=\"89\" data-original-height=\"40\" itemprop=\"http:\/\/schema.org\/image\" title=\"20230130_103128\" alt=\"20230130_103128\" style=\"width: 89px; height: 40px;\" \/> <\/a> <\/div> <div class=\"tiled-gallery-item tiled-gallery-item-small\" itemprop=\"associatedMedia\" itemscope itemtype=\"http:\/\/schema.org\/ImageObject\"> <a href=\"https:\/\/www.alqueria.es\/blogs\/alqueriaamarillanaranja\/2023\/01\/30\/celebramos-el-dia-de-la-paz-2\/20230130_103147\/\" border=\"0\" itemprop=\"url\"> <meta itemprop=\"width\" content=\"89\"> <meta itemprop=\"height\" content=\"40\"> <img decoding=\"async\" class=\"\" data-attachment-id=\"60884\" data-orig-file=\"https:\/\/cloud.alqueria.es\/wp-content\/uploads\/sites\/9\/2023\/01\/20230130_103147.jpg\" data-orig-size=\"1600,720\" data-comments-opened=\"1\" data-image-meta=\"{&quot;aperture&quot;:&quot;2&quot;,&quot;credit&quot;:&quot;&quot;,&quot;camera&quot;:&quot;SM-A127F&quot;,&quot;caption&quot;:&quot;&quot;,&quot;created_timestamp&quot;:&quot;1675074707&quot;,&quot;copyright&quot;:&quot;&quot;,&quot;focal_length&quot;:&quot;4.6&quot;,&quot;iso&quot;:&quot;400&quot;,&quot;shutter_speed&quot;:&quot;0.04&quot;,&quot;title&quot;:&quot;&quot;,&quot;orientation&quot;:&quot;1&quot;}\" data-image-title=\"20230130_103147\" data-image-description=\"\" data-medium-file=\"https:\/\/cloud.alqueria.es\/wp-content\/uploads\/sites\/9\/2023\/01\/20230130_103147-300x135.jpg\" data-large-file=\"https:\/\/cloud.alqueria.es\/wp-content\/uploads\/sites\/9\/2023\/01\/20230130_103147-1024x461.jpg\" src=\"https:\/\/i0.wp.com\/cloud.alqueria.es\/wp-content\/uploads\/sites\/9\/2023\/01\/20230130_103147.jpg?w=89&#038;h=40&#038;ssl=1\" srcset=\"https:\/\/cloud.alqueria.es\/wp-content\/uploads\/sites\/9\/2023\/01\/20230130_103147.jpg 1600w, https:\/\/cloud.alqueria.es\/wp-content\/uploads\/sites\/9\/2023\/01\/20230130_103147-300x135.jpg 300w, https:\/\/cloud.alqueria.es\/wp-content\/uploads\/sites\/9\/2023\/01\/20230130_103147-1024x461.jpg 1024w, https:\/\/cloud.alqueria.es\/wp-content\/uploads\/sites\/9\/2023\/01\/20230130_103147-768x346.jpg 768w, https:\/\/cloud.alqueria.es\/wp-content\/uploads\/sites\/9\/2023\/01\/20230130_103147-1536x691.jpg 1536w\" width=\"89\" height=\"40\" loading=\"lazy\" data-original-width=\"89\" data-original-height=\"40\" itemprop=\"http:\/\/schema.org\/image\" title=\"20230130_103147\" alt=\"20230130_103147\" style=\"width: 89px; height: 40px;\" \/> <\/a> <\/div> <\/div> <!-- close group --> <div class=\"gallery-group images-1\" style=\"width: 191px; height: 88px;\" data-original-width=\"191\" data-original-height=\"88\" > <div class=\"tiled-gallery-item tiled-gallery-item-small\" itemprop=\"associatedMedia\" itemscope itemtype=\"http:\/\/schema.org\/ImageObject\"> <a href=\"https:\/\/www.alqueria.es\/blogs\/alqueriaamarillanaranja\/2023\/01\/30\/celebramos-el-dia-de-la-paz-2\/20230130_103216\/\" border=\"0\" itemprop=\"url\"> <meta itemprop=\"width\" content=\"187\"> <meta itemprop=\"height\" content=\"84\"> <img decoding=\"async\" class=\"\" data-attachment-id=\"60885\" data-orig-file=\"https:\/\/cloud.alqueria.es\/wp-content\/uploads\/sites\/9\/2023\/01\/20230130_103216.jpg\" data-orig-size=\"1600,720\" data-comments-opened=\"1\" data-image-meta=\"{&quot;aperture&quot;:&quot;2&quot;,&quot;credit&quot;:&quot;&quot;,&quot;camera&quot;:&quot;SM-A127F&quot;,&quot;caption&quot;:&quot;&quot;,&quot;created_timestamp&quot;:&quot;1675074738&quot;,&quot;copyright&quot;:&quot;&quot;,&quot;focal_length&quot;:&quot;4.6&quot;,&quot;iso&quot;:&quot;800&quot;,&quot;shutter_speed&quot;:&quot;0.05&quot;,&quot;title&quot;:&quot;&quot;,&quot;orientation&quot;:&quot;1&quot;}\" data-image-title=\"20230130_103216\" data-image-description=\"\" data-medium-file=\"https:\/\/cloud.alqueria.es\/wp-content\/uploads\/sites\/9\/2023\/01\/20230130_103216-300x135.jpg\" data-large-file=\"https:\/\/cloud.alqueria.es\/wp-content\/uploads\/sites\/9\/2023\/01\/20230130_103216-1024x461.jpg\" src=\"https:\/\/i0.wp.com\/cloud.alqueria.es\/wp-content\/uploads\/sites\/9\/2023\/01\/20230130_103216.jpg?w=187&#038;h=84&#038;ssl=1\" srcset=\"https:\/\/cloud.alqueria.es\/wp-content\/uploads\/sites\/9\/2023\/01\/20230130_103216.jpg 1600w, https:\/\/cloud.alqueria.es\/wp-content\/uploads\/sites\/9\/2023\/01\/20230130_103216-300x135.jpg 300w, https:\/\/cloud.alqueria.es\/wp-content\/uploads\/sites\/9\/2023\/01\/20230130_103216-1024x461.jpg 1024w, https:\/\/cloud.alqueria.es\/wp-content\/uploads\/sites\/9\/2023\/01\/20230130_103216-768x346.jpg 768w, https:\/\/cloud.alqueria.es\/wp-content\/uploads\/sites\/9\/2023\/01\/20230130_103216-1536x691.jpg 1536w\" width=\"187\" height=\"84\" loading=\"lazy\" data-original-width=\"187\" data-original-height=\"84\" itemprop=\"http:\/\/schema.org\/image\" title=\"20230130_103216\" alt=\"20230130_103216\" style=\"width: 187px; height: 84px;\" \/> <\/a> <\/div> <\/div> <!-- close group --> <div class=\"gallery-group images-1\" style=\"width: 190px; height: 88px;\" data-original-width=\"190\" data-original-height=\"88\" > <div class=\"tiled-gallery-item tiled-gallery-item-small\" itemprop=\"associatedMedia\" itemscope itemtype=\"http:\/\/schema.org\/ImageObject\"> <a href=\"https:\/\/www.alqueria.es\/blogs\/alqueriaamarillanaranja\/2023\/01\/30\/celebramos-el-dia-de-la-paz-2\/20230130_103807\/\" border=\"0\" itemprop=\"url\"> <meta itemprop=\"width\" content=\"186\"> <meta itemprop=\"height\" content=\"84\"> <img decoding=\"async\" class=\"\" data-attachment-id=\"60886\" data-orig-file=\"https:\/\/cloud.alqueria.es\/wp-content\/uploads\/sites\/9\/2023\/01\/20230130_103807.jpg\" data-orig-size=\"1600,720\" data-comments-opened=\"1\" data-image-meta=\"{&quot;aperture&quot;:&quot;2&quot;,&quot;credit&quot;:&quot;&quot;,&quot;camera&quot;:&quot;SM-A127F&quot;,&quot;caption&quot;:&quot;&quot;,&quot;created_timestamp&quot;:&quot;1675075087&quot;,&quot;copyright&quot;:&quot;&quot;,&quot;focal_length&quot;:&quot;4.6&quot;,&quot;iso&quot;:&quot;500&quot;,&quot;shutter_speed&quot;:&quot;0.0303&quot;,&quot;title&quot;:&quot;&quot;,&quot;orientation&quot;:&quot;1&quot;}\" data-image-title=\"20230130_103807\" data-image-description=\"\" data-medium-file=\"https:\/\/cloud.alqueria.es\/wp-content\/uploads\/sites\/9\/2023\/01\/20230130_103807-300x135.jpg\" data-large-file=\"https:\/\/cloud.alqueria.es\/wp-content\/uploads\/sites\/9\/2023\/01\/20230130_103807-1024x461.jpg\" src=\"https:\/\/i0.wp.com\/cloud.alqueria.es\/wp-content\/uploads\/sites\/9\/2023\/01\/20230130_103807.jpg?w=186&#038;h=84&#038;ssl=1\" srcset=\"https:\/\/cloud.alqueria.es\/wp-content\/uploads\/sites\/9\/2023\/01\/20230130_103807.jpg 1600w, https:\/\/cloud.alqueria.es\/wp-content\/uploads\/sites\/9\/2023\/01\/20230130_103807-300x135.jpg 300w, https:\/\/cloud.alqueria.es\/wp-content\/uploads\/sites\/9\/2023\/01\/20230130_103807-1024x461.jpg 1024w, https:\/\/cloud.alqueria.es\/wp-content\/uploads\/sites\/9\/2023\/01\/20230130_103807-768x346.jpg 768w, https:\/\/cloud.alqueria.es\/wp-content\/uploads\/sites\/9\/2023\/01\/20230130_103807-1536x691.jpg 1536w\" width=\"186\" height=\"84\" loading=\"lazy\" data-original-width=\"186\" data-original-height=\"84\" itemprop=\"http:\/\/schema.org\/image\" title=\"20230130_103807\" alt=\"20230130_103807\" style=\"width: 186px; height: 84px;\" \/> <\/a> <\/div> <\/div> <!-- close group --> <\/div> <!-- close row --> <\/div>\n<p>Y un v\u00eddeo explicativo con pictogramas que tambi\u00e9n les ha gustado mucho:<\/p>\n<p><span class=\"embed-youtube\" style=\"text-align:center; display: block;\"><div class=\"a25-CTUOC-hidding-box\" data-original-content=\"&lt;iframe loading=&quot;lazy&quot; class=&quot;youtube-player&quot; width=&quot;474&quot; height=&quot;267&quot; src=&quot;https:\/\/www.youtube.com\/embed\/_otndo2ew3A?version=3&amp;#038;rel=1&amp;#038;showsearch=0&amp;#038;showinfo=1&amp;#038;iv_load_policy=1&amp;#038;fs=1&amp;#038;hl=es-ES&amp;#038;autohide=2&amp;#038;wmode=transparent&quot; allowfullscreen=&quot;true&quot; style=&quot;border:0;&quot; sandbox=&quot;allow-scripts allow-same-origin allow-popups allow-presentation allow-popups-to-escape-sandbox&quot;&gt;&lt;\/iframe&gt;\">Esta p\u00e1gina incluye contenido multimedia que requiere aceptar todas las cookies. Pulse aqu\u00ed para abrir la configuraci\u00f3n de cookies.<\/div><\/span><\/p>\n<p>Terminamos bailando al ritmo del Baile del sapito.<\/p>\n<p><img decoding=\"async\" data-attachment-id=\"60887\" data-permalink=\"https:\/\/www.alqueria.es\/blogs\/alqueriaamarillanaranja\/2023\/01\/30\/celebramos-el-dia-de-la-paz-2\/20230130_104054\/\" data-orig-file=\"https:\/\/cloud.alqueria.es\/wp-content\/uploads\/sites\/9\/2023\/01\/20230130_104054.jpg\" data-orig-size=\"1600,720\" data-comments-opened=\"1\" data-image-meta=\"{&quot;aperture&quot;:&quot;2&quot;,&quot;credit&quot;:&quot;&quot;,&quot;camera&quot;:&quot;SM-A127F&quot;,&quot;caption&quot;:&quot;&quot;,&quot;created_timestamp&quot;:&quot;1675075254&quot;,&quot;copyright&quot;:&quot;&quot;,&quot;focal_length&quot;:&quot;4.6&quot;,&quot;iso&quot;:&quot;640&quot;,&quot;shutter_speed&quot;:&quot;0.04&quot;,&quot;title&quot;:&quot;&quot;,&quot;orientation&quot;:&quot;1&quot;}\" data-image-title=\"20230130_104054\" data-image-description=\"\" data-image-caption=\"\" data-large-file=\"https:\/\/cloud.alqueria.es\/wp-content\/uploads\/sites\/9\/2023\/01\/20230130_104054-1024x461.jpg\" class=\"aligncenter size-large wp-image-60887\" src=\"https:\/\/cloud.alqueria.es\/wp-content\/uploads\/sites\/9\/2023\/01\/20230130_104054-1024x461.jpg\" alt=\"\" width=\"474\" height=\"213\" srcset=\"https:\/\/cloud.alqueria.es\/wp-content\/uploads\/sites\/9\/2023\/01\/20230130_104054-1024x461.jpg 1024w, https:\/\/cloud.alqueria.es\/wp-content\/uploads\/sites\/9\/2023\/01\/20230130_104054-300x135.jpg 300w, https:\/\/cloud.alqueria.es\/wp-content\/uploads\/sites\/9\/2023\/01\/20230130_104054-768x346.jpg 768w, https:\/\/cloud.alqueria.es\/wp-content\/uploads\/sites\/9\/2023\/01\/20230130_104054-1536x691.jpg 1536w, https:\/\/cloud.alqueria.es\/wp-content\/uploads\/sites\/9\/2023\/01\/20230130_104054.jpg 1600w\" sizes=\"(max-width: 474px) 100vw, 474px\" \/><\/p>\n<p>Despu\u00e9s de la Asamblea de la fruta en la que reparte Lola, salimos a nuestro Parque y lo primero que hacen es ir a ver c\u00f3mo est\u00e1n las habas ja, ja, ja<\/p>\n<div class=\"tiled-gallery type-circle tiled-gallery-unresized\" data-original-width=\"474\" data-carousel-extra='{&quot;blog_id&quot;:9,&quot;permalink&quot;:&quot;https:\\\/\\\/www.alqueria.es\\\/blogs\\\/alqueriaamarillanaranja\\\/2023\\\/01\\\/30\\\/celebramos-el-dia-de-la-paz-2\\\/&quot;,&quot;likes_blog_id&quot;:64271688}' itemscope itemtype=\"http:\/\/schema.org\/ImageGallery\" > <div class=\"gallery-row\" style=\"width: 474px; height: 237px;\" data-original-width=\"474\" data-original-height=\"237\" > <div class=\"gallery-group\" style=\"width: 237px; height: 237px;\" data-original-width=\"237\" data-original-height=\"237\" > <div class=\"tiled-gallery-item \" itemprop=\"associatedMedia\" itemscope itemtype=\"http:\/\/schema.org\/ImageObject\"> <a href=\"https:\/\/www.alqueria.es\/blogs\/alqueriaamarillanaranja\/2023\/01\/30\/celebramos-el-dia-de-la-paz-2\/20230130_112443\/\" border=\"0\" itemprop=\"url\"> <meta itemprop=\"width\" content=\"233\"> <meta itemprop=\"height\" content=\"233\"> <img decoding=\"async\" class=\"\" data-attachment-id=\"60890\" data-orig-file=\"https:\/\/cloud.alqueria.es\/wp-content\/uploads\/sites\/9\/2023\/01\/20230130_112443.jpg\" data-orig-size=\"1049,720\" data-comments-opened=\"1\" data-image-meta=\"{&quot;aperture&quot;:&quot;2&quot;,&quot;credit&quot;:&quot;&quot;,&quot;camera&quot;:&quot;SM-A127F&quot;,&quot;caption&quot;:&quot;&quot;,&quot;created_timestamp&quot;:&quot;1675077883&quot;,&quot;copyright&quot;:&quot;&quot;,&quot;focal_length&quot;:&quot;4.6&quot;,&quot;iso&quot;:&quot;20&quot;,&quot;shutter_speed&quot;:&quot;0.0044&quot;,&quot;title&quot;:&quot;&quot;,&quot;orientation&quot;:&quot;1&quot;}\" data-image-title=\"20230130_112443\" data-image-description=\"\" data-medium-file=\"https:\/\/cloud.alqueria.es\/wp-content\/uploads\/sites\/9\/2023\/01\/20230130_112443-300x206.jpg\" data-large-file=\"https:\/\/cloud.alqueria.es\/wp-content\/uploads\/sites\/9\/2023\/01\/20230130_112443-1024x703.jpg\" src=\"https:\/\/i0.wp.com\/cloud.alqueria.es\/wp-content\/uploads\/sites\/9\/2023\/01\/20230130_112443.jpg?w=233&#038;h=233&#038;crop=1&#038;ssl=1\" width=\"233\" height=\"233\" loading=\"lazy\" data-original-width=\"233\" data-original-height=\"233\" itemprop=\"http:\/\/schema.org\/image\" title=\"20230130_112443\" alt=\"20230130_112443\" style=\"width: 233px; height: 233px;\" \/> <\/a> <\/div> <\/div> <div class=\"gallery-group\" style=\"width: 237px; height: 237px;\" data-original-width=\"237\" data-original-height=\"237\" > <div class=\"tiled-gallery-item \" itemprop=\"associatedMedia\" itemscope itemtype=\"http:\/\/schema.org\/ImageObject\"> <a href=\"https:\/\/www.alqueria.es\/blogs\/alqueriaamarillanaranja\/2023\/01\/30\/celebramos-el-dia-de-la-paz-2\/20230130_112413\/\" border=\"0\" itemprop=\"url\"> <meta itemprop=\"width\" content=\"233\"> <meta itemprop=\"height\" content=\"233\"> <img decoding=\"async\" class=\"\" data-attachment-id=\"60888\" data-orig-file=\"https:\/\/cloud.alqueria.es\/wp-content\/uploads\/sites\/9\/2023\/01\/20230130_112413.jpg\" data-orig-size=\"1079,720\" data-comments-opened=\"1\" data-image-meta=\"{&quot;aperture&quot;:&quot;2&quot;,&quot;credit&quot;:&quot;&quot;,&quot;camera&quot;:&quot;SM-A127F&quot;,&quot;caption&quot;:&quot;&quot;,&quot;created_timestamp&quot;:&quot;1675077853&quot;,&quot;copyright&quot;:&quot;&quot;,&quot;focal_length&quot;:&quot;4.6&quot;,&quot;iso&quot;:&quot;20&quot;,&quot;shutter_speed&quot;:&quot;0.005&quot;,&quot;title&quot;:&quot;&quot;,&quot;orientation&quot;:&quot;1&quot;}\" data-image-title=\"20230130_112413\" data-image-description=\"\" data-medium-file=\"https:\/\/cloud.alqueria.es\/wp-content\/uploads\/sites\/9\/2023\/01\/20230130_112413-300x200.jpg\" data-large-file=\"https:\/\/cloud.alqueria.es\/wp-content\/uploads\/sites\/9\/2023\/01\/20230130_112413-1024x683.jpg\" src=\"https:\/\/i0.wp.com\/cloud.alqueria.es\/wp-content\/uploads\/sites\/9\/2023\/01\/20230130_112413.jpg?w=233&#038;h=233&#038;crop=1&#038;ssl=1\" width=\"233\" height=\"233\" loading=\"lazy\" data-original-width=\"233\" data-original-height=\"233\" itemprop=\"http:\/\/schema.org\/image\" title=\"20230130_112413\" alt=\"20230130_112413\" style=\"width: 233px; height: 233px;\" \/> <\/a> <\/div> <\/div> <\/div> <\/div>\n<p>Por la tarde, mini taller de modelado con plastilina, merienda y despedida.<\/p>\n<p>Ma\u00f1ana m\u00e1s&#8230;..<\/p>\n<p>Carmen<\/p>\n<p>&nbsp;<\/p>\n","protected":false},"excerpt":{"rendered":"<p>Buenas tardes familias, \u00bfQu\u00e9 tal ha ido el fin de semana?\u00a0 Hoy comenzamos una nueva semana en la que todo el Centro celebramos el D\u00eda Internacional de la Paz y la no violencia. Como ya sab\u00e9is la semana pasada hicimos con nuestra manos unas palomas para colaborar en el mural que est\u00e1 expuesto en la &hellip; <a href=\"https:\/\/www.alqueria.es\/blogs\/alqueriaamarillanaranja\/2023\/01\/30\/celebramos-el-dia-de-la-paz-2\/\" class=\"more-link\">Seguir leyendo <span class=\"screen-reader-text\">CELEBRAMOS EL D\u00cdA DE LA PAZ<\/span> <span class=\"meta-nav\">&rarr;<\/span><\/a><\/p>\n","protected":false},"author":23,"featured_media":0,"comment_status":"open","ping_status":"open","sticky":false,"template":"","format":"standard","meta":{"jetpack_post_was_ever_published":false,"_jetpack_newsletter_access":"","_jetpack_dont_email_post_to_subs":false,"_jetpack_newsletter_tier_id":0,"_jetpack_memberships_contains_paywalled_content":false,"_jetpack_memberships_contains_paid_content":false,"footnotes":"","jetpack_publicize_message":"","jetpack_publicize_feature_enabled":true,"jetpack_social_post_already_shared":true,"jetpack_social_options":{"image_generator_settings":{"template":"highway","default_image_id":0,"font":"","enabled":false},"version":2}},"categories":[6,9,14],"tags":[44,51,90],"class_list":["post-60879","post","type-post","status-publish","format-standard","hentry","category-clase-amarilla","category-diario-clase-amarilla","category-fiestas-y-dias-especiales","tag-dia-de-la-paz","tag-el-juego-infantil","tag-medios-audiovisuales"],"jetpack_publicize_connections":[],"jetpack_featured_media_url":"","jetpack_sharing_enabled":true,"jetpack_shortlink":"https:\/\/wp.me\/p4lG08-fPV","jetpack-related-posts":[],"_links":{"self":[{"href":"https:\/\/www.alqueria.es\/blogs\/alqueriaamarillanaranja\/wp-json\/wp\/v2\/posts\/60879","targetHints":{"allow":["GET"]}}],"collection":[{"href":"https:\/\/www.alqueria.es\/blogs\/alqueriaamarillanaranja\/wp-json\/wp\/v2\/posts"}],"about":[{"href":"https:\/\/www.alqueria.es\/blogs\/alqueriaamarillanaranja\/wp-json\/wp\/v2\/types\/post"}],"author":[{"embeddable":true,"href":"https:\/\/www.alqueria.es\/blogs\/alqueriaamarillanaranja\/wp-json\/wp\/v2\/users\/23"}],"replies":[{"embeddable":true,"href":"https:\/\/www.alqueria.es\/blogs\/alqueriaamarillanaranja\/wp-json\/wp\/v2\/comments?post=60879"}],"version-history":[{"count":4,"href":"https:\/\/www.alqueria.es\/blogs\/alqueriaamarillanaranja\/wp-json\/wp\/v2\/posts\/60879\/revisions"}],"predecessor-version":[{"id":60898,"href":"https:\/\/www.alqueria.es\/blogs\/alqueriaamarillanaranja\/wp-json\/wp\/v2\/posts\/60879\/revisions\/60898"}],"wp:attachment":[{"href":"https:\/\/www.alqueria.es\/blogs\/alqueriaamarillanaranja\/wp-json\/wp\/v2\/media?parent=60879"}],"wp:term":[{"taxonomy":"category","embeddable":true,"href":"https:\/\/www.alqueria.es\/blogs\/alqueriaamarillanaranja\/wp-json\/wp\/v2\/categories?post=60879"},{"taxonomy":"post_tag","embeddable":true,"href":"https:\/\/www.alqueria.es\/blogs\/alqueriaamarillanaranja\/wp-json\/wp\/v2\/tags?post=60879"}],"curies":[{"name":"wp","href":"https:\/\/api.w.org\/{rel}","templated":true}]}}