{"id":61011,"date":"2023-02-03T17:26:48","date_gmt":"2023-02-03T16:26:48","guid":{"rendered":"https:\/\/www.alqueria.es\/blogs\/alqueriaamarillanaranja\/?p=61011"},"modified":"2023-02-04T08:55:37","modified_gmt":"2023-02-04T07:55:37","slug":"viernes-20","status":"publish","type":"post","link":"https:\/\/www.alqueria.es\/blogs\/alqueriaamarillanaranja\/2023\/02\/03\/viernes-20\/","title":{"rendered":"\u00a1VIERNES!"},"content":{"rendered":"<p>Buenas tardes familias,<\/p>\n<p>Damos comienzo a nuestra ma\u00f1ana con la <span style=\"color: #ff6600\"><strong>asamblea<\/strong><\/span> de inicio, este es un momento muy importante para comenzar el d\u00eda. Es un espacio de encuentro, escucha, conversaci\u00f3n e intercambio que se generan en el aula con el fin de reconocernos como grupo, conocer sus ideas, preocupaciones, preguntas y puntos de vista sobre un tema en particular. Tambi\u00e9n aprovechamos para recitar nuestra poes\u00eda y cantar nuestra canci\u00f3n referentes al invierno.<\/p>\n<div class=\"tiled-gallery type-rectangular tiled-gallery-unresized\" data-original-width=\"474\" data-carousel-extra='{&quot;blog_id&quot;:9,&quot;permalink&quot;:&quot;https:\\\/\\\/www.alqueria.es\\\/blogs\\\/alqueriaamarillanaranja\\\/2023\\\/02\\\/03\\\/viernes-20\\\/&quot;,&quot;likes_blog_id&quot;:64271688}' itemscope itemtype=\"http:\/\/schema.org\/ImageGallery\" > <div class=\"gallery-row\" style=\"width: 474px; height: 357px;\" data-original-width=\"474\" data-original-height=\"357\" > <div class=\"gallery-group images-1\" style=\"width: 474px; height: 357px;\" data-original-width=\"474\" data-original-height=\"357\" > <div class=\"tiled-gallery-item tiled-gallery-item-large\" itemprop=\"associatedMedia\" itemscope itemtype=\"http:\/\/schema.org\/ImageObject\"> <a href=\"https:\/\/www.alqueria.es\/blogs\/alqueriaamarillanaranja\/2023\/02\/03\/viernes-20\/photo-2023-02-03-10-17-06\/\" border=\"0\" itemprop=\"url\"> <meta itemprop=\"width\" content=\"470\"> <meta itemprop=\"height\" content=\"353\"> <img decoding=\"async\" class=\"\" data-attachment-id=\"61016\" data-orig-file=\"https:\/\/cloud.alqueria.es\/wp-content\/uploads\/sites\/9\/2023\/02\/PHOTO-2023-02-03-10-17-06.jpg\" data-orig-size=\"1024,768\" data-comments-opened=\"1\" data-image-meta=\"{&quot;aperture&quot;:&quot;0&quot;,&quot;credit&quot;:&quot;&quot;,&quot;camera&quot;:&quot;&quot;,&quot;caption&quot;:&quot;&quot;,&quot;created_timestamp&quot;:&quot;0&quot;,&quot;copyright&quot;:&quot;&quot;,&quot;focal_length&quot;:&quot;0&quot;,&quot;iso&quot;:&quot;0&quot;,&quot;shutter_speed&quot;:&quot;0&quot;,&quot;title&quot;:&quot;&quot;,&quot;orientation&quot;:&quot;0&quot;}\" data-image-title=\"PHOTO-2023-02-03-10-17-06\" data-image-description=\"\" data-medium-file=\"https:\/\/cloud.alqueria.es\/wp-content\/uploads\/sites\/9\/2023\/02\/PHOTO-2023-02-03-10-17-06-300x225.jpg\" data-large-file=\"https:\/\/cloud.alqueria.es\/wp-content\/uploads\/sites\/9\/2023\/02\/PHOTO-2023-02-03-10-17-06.jpg\" src=\"https:\/\/i0.wp.com\/cloud.alqueria.es\/wp-content\/uploads\/sites\/9\/2023\/02\/PHOTO-2023-02-03-10-17-06.jpg?w=470&#038;h=353&#038;ssl=1\" srcset=\"https:\/\/cloud.alqueria.es\/wp-content\/uploads\/sites\/9\/2023\/02\/PHOTO-2023-02-03-10-17-06.jpg 1024w, https:\/\/cloud.alqueria.es\/wp-content\/uploads\/sites\/9\/2023\/02\/PHOTO-2023-02-03-10-17-06-300x225.jpg 300w, https:\/\/cloud.alqueria.es\/wp-content\/uploads\/sites\/9\/2023\/02\/PHOTO-2023-02-03-10-17-06-768x576.jpg 768w\" width=\"470\" height=\"353\" loading=\"lazy\" data-original-width=\"470\" data-original-height=\"353\" itemprop=\"http:\/\/schema.org\/image\" title=\"PHOTO-2023-02-03-10-17-06\" alt=\"PHOTO-2023-02-03-10-17-06\" style=\"width: 470px; height: 353px;\" \/> <\/a> <\/div> <\/div> <!-- close group --> <\/div> <!-- close row --> <\/div>\n<p>Elegimos a nuestro <span style=\"color: #ff6600\"><strong>s\u00faper-ayudante<\/strong><\/span> Diego, que realiza sus tareas con mucha emoci\u00f3n:<\/p>\n<div class=\"tiled-gallery type-circle tiled-gallery-unresized\" data-original-width=\"474\" data-carousel-extra='{&quot;blog_id&quot;:9,&quot;permalink&quot;:&quot;https:\\\/\\\/www.alqueria.es\\\/blogs\\\/alqueriaamarillanaranja\\\/2023\\\/02\\\/03\\\/viernes-20\\\/&quot;,&quot;likes_blog_id&quot;:64271688}' itemscope itemtype=\"http:\/\/schema.org\/ImageGallery\" > <div class=\"gallery-row\" style=\"width: 474px; height: 118px;\" data-original-width=\"474\" data-original-height=\"118\" > <div class=\"gallery-group\" style=\"width: 118px; height: 118px;\" data-original-width=\"118\" data-original-height=\"118\" > <div class=\"tiled-gallery-item \" itemprop=\"associatedMedia\" itemscope itemtype=\"http:\/\/schema.org\/ImageObject\"> <a href=\"https:\/\/www.alqueria.es\/blogs\/alqueriaamarillanaranja\/2023\/02\/03\/viernes-20\/photo-2023-02-03-10-01-24\/\" border=\"0\" itemprop=\"url\"> <meta itemprop=\"width\" content=\"114\"> <meta itemprop=\"height\" content=\"114\"> <img decoding=\"async\" class=\"\" data-attachment-id=\"61012\" data-orig-file=\"https:\/\/cloud.alqueria.es\/wp-content\/uploads\/sites\/9\/2023\/02\/PHOTO-2023-02-03-10-01-24.jpg\" data-orig-size=\"1024,768\" data-comments-opened=\"1\" data-image-meta=\"{&quot;aperture&quot;:&quot;0&quot;,&quot;credit&quot;:&quot;&quot;,&quot;camera&quot;:&quot;&quot;,&quot;caption&quot;:&quot;&quot;,&quot;created_timestamp&quot;:&quot;0&quot;,&quot;copyright&quot;:&quot;&quot;,&quot;focal_length&quot;:&quot;0&quot;,&quot;iso&quot;:&quot;0&quot;,&quot;shutter_speed&quot;:&quot;0&quot;,&quot;title&quot;:&quot;&quot;,&quot;orientation&quot;:&quot;0&quot;}\" data-image-title=\"PHOTO-2023-02-03-10-01-24\" data-image-description=\"\" data-medium-file=\"https:\/\/cloud.alqueria.es\/wp-content\/uploads\/sites\/9\/2023\/02\/PHOTO-2023-02-03-10-01-24-300x225.jpg\" data-large-file=\"https:\/\/cloud.alqueria.es\/wp-content\/uploads\/sites\/9\/2023\/02\/PHOTO-2023-02-03-10-01-24.jpg\" src=\"https:\/\/i0.wp.com\/cloud.alqueria.es\/wp-content\/uploads\/sites\/9\/2023\/02\/PHOTO-2023-02-03-10-01-24.jpg?w=114&#038;h=114&#038;crop=1&#038;ssl=1\" width=\"114\" height=\"114\" loading=\"lazy\" data-original-width=\"114\" data-original-height=\"114\" itemprop=\"http:\/\/schema.org\/image\" title=\"PHOTO-2023-02-03-10-01-24\" alt=\"PHOTO-2023-02-03-10-01-24\" style=\"width: 114px; height: 114px;\" \/> <\/a> <\/div> <\/div> <div class=\"gallery-group\" style=\"width: 118px; height: 118px;\" data-original-width=\"118\" data-original-height=\"118\" > <div class=\"tiled-gallery-item \" itemprop=\"associatedMedia\" itemscope itemtype=\"http:\/\/schema.org\/ImageObject\"> <a href=\"https:\/\/www.alqueria.es\/blogs\/alqueriaamarillanaranja\/2023\/02\/03\/viernes-20\/photo-2023-02-03-10-01-24-3\/\" border=\"0\" itemprop=\"url\"> <meta itemprop=\"width\" content=\"114\"> <meta itemprop=\"height\" content=\"114\"> <img decoding=\"async\" class=\"\" data-attachment-id=\"61014\" data-orig-file=\"https:\/\/cloud.alqueria.es\/wp-content\/uploads\/sites\/9\/2023\/02\/PHOTO-2023-02-03-10-01-24-3.jpg\" data-orig-size=\"1024,768\" data-comments-opened=\"1\" data-image-meta=\"{&quot;aperture&quot;:&quot;0&quot;,&quot;credit&quot;:&quot;&quot;,&quot;camera&quot;:&quot;&quot;,&quot;caption&quot;:&quot;&quot;,&quot;created_timestamp&quot;:&quot;0&quot;,&quot;copyright&quot;:&quot;&quot;,&quot;focal_length&quot;:&quot;0&quot;,&quot;iso&quot;:&quot;0&quot;,&quot;shutter_speed&quot;:&quot;0&quot;,&quot;title&quot;:&quot;&quot;,&quot;orientation&quot;:&quot;0&quot;}\" data-image-title=\"PHOTO-2023-02-03-10-01-24 3\" data-image-description=\"\" data-medium-file=\"https:\/\/cloud.alqueria.es\/wp-content\/uploads\/sites\/9\/2023\/02\/PHOTO-2023-02-03-10-01-24-3-300x225.jpg\" data-large-file=\"https:\/\/cloud.alqueria.es\/wp-content\/uploads\/sites\/9\/2023\/02\/PHOTO-2023-02-03-10-01-24-3.jpg\" src=\"https:\/\/i0.wp.com\/cloud.alqueria.es\/wp-content\/uploads\/sites\/9\/2023\/02\/PHOTO-2023-02-03-10-01-24-3.jpg?w=114&#038;h=114&#038;crop=1&#038;ssl=1\" width=\"114\" height=\"114\" loading=\"lazy\" data-original-width=\"114\" data-original-height=\"114\" itemprop=\"http:\/\/schema.org\/image\" title=\"PHOTO-2023-02-03-10-01-24 3\" alt=\"PHOTO-2023-02-03-10-01-24 3\" style=\"width: 114px; height: 114px;\" \/> <\/a> <\/div> <\/div> <div class=\"gallery-group\" style=\"width: 118px; height: 118px;\" data-original-width=\"118\" data-original-height=\"118\" > <div class=\"tiled-gallery-item \" itemprop=\"associatedMedia\" itemscope itemtype=\"http:\/\/schema.org\/ImageObject\"> <a href=\"https:\/\/www.alqueria.es\/blogs\/alqueriaamarillanaranja\/2023\/02\/03\/viernes-20\/photo-2023-02-03-10-01-24-2\/\" border=\"0\" itemprop=\"url\"> <meta itemprop=\"width\" content=\"114\"> <meta itemprop=\"height\" content=\"114\"> <img decoding=\"async\" class=\"\" data-attachment-id=\"61015\" data-orig-file=\"https:\/\/cloud.alqueria.es\/wp-content\/uploads\/sites\/9\/2023\/02\/PHOTO-2023-02-03-10-01-24-2.jpg\" data-orig-size=\"1024,768\" data-comments-opened=\"1\" data-image-meta=\"{&quot;aperture&quot;:&quot;0&quot;,&quot;credit&quot;:&quot;&quot;,&quot;camera&quot;:&quot;&quot;,&quot;caption&quot;:&quot;&quot;,&quot;created_timestamp&quot;:&quot;0&quot;,&quot;copyright&quot;:&quot;&quot;,&quot;focal_length&quot;:&quot;0&quot;,&quot;iso&quot;:&quot;0&quot;,&quot;shutter_speed&quot;:&quot;0&quot;,&quot;title&quot;:&quot;&quot;,&quot;orientation&quot;:&quot;0&quot;}\" data-image-title=\"PHOTO-2023-02-03-10-01-24 2\" data-image-description=\"\" data-medium-file=\"https:\/\/cloud.alqueria.es\/wp-content\/uploads\/sites\/9\/2023\/02\/PHOTO-2023-02-03-10-01-24-2-300x225.jpg\" data-large-file=\"https:\/\/cloud.alqueria.es\/wp-content\/uploads\/sites\/9\/2023\/02\/PHOTO-2023-02-03-10-01-24-2.jpg\" src=\"https:\/\/i0.wp.com\/cloud.alqueria.es\/wp-content\/uploads\/sites\/9\/2023\/02\/PHOTO-2023-02-03-10-01-24-2.jpg?w=114&#038;h=114&#038;crop=1&#038;ssl=1\" width=\"114\" height=\"114\" loading=\"lazy\" data-original-width=\"114\" data-original-height=\"114\" itemprop=\"http:\/\/schema.org\/image\" title=\"PHOTO-2023-02-03-10-01-24 2\" alt=\"PHOTO-2023-02-03-10-01-24 2\" style=\"width: 114px; height: 114px;\" \/> <\/a> <\/div> <\/div> <div class=\"gallery-group\" style=\"width: 118px; height: 118px;\" data-original-width=\"118\" data-original-height=\"118\" > <div class=\"tiled-gallery-item \" itemprop=\"associatedMedia\" itemscope itemtype=\"http:\/\/schema.org\/ImageObject\"> <a href=\"https:\/\/www.alqueria.es\/blogs\/alqueriaamarillanaranja\/2023\/02\/03\/viernes-20\/photo-2023-02-03-10-01-24-4\/\" border=\"0\" itemprop=\"url\"> <meta itemprop=\"width\" content=\"114\"> <meta itemprop=\"height\" content=\"114\"> <img decoding=\"async\" class=\"\" data-attachment-id=\"61013\" data-orig-file=\"https:\/\/cloud.alqueria.es\/wp-content\/uploads\/sites\/9\/2023\/02\/PHOTO-2023-02-03-10-01-24-4.jpg\" data-orig-size=\"1024,768\" data-comments-opened=\"1\" data-image-meta=\"{&quot;aperture&quot;:&quot;0&quot;,&quot;credit&quot;:&quot;&quot;,&quot;camera&quot;:&quot;&quot;,&quot;caption&quot;:&quot;&quot;,&quot;created_timestamp&quot;:&quot;0&quot;,&quot;copyright&quot;:&quot;&quot;,&quot;focal_length&quot;:&quot;0&quot;,&quot;iso&quot;:&quot;0&quot;,&quot;shutter_speed&quot;:&quot;0&quot;,&quot;title&quot;:&quot;&quot;,&quot;orientation&quot;:&quot;0&quot;}\" data-image-title=\"PHOTO-2023-02-03-10-01-24 4\" data-image-description=\"\" data-medium-file=\"https:\/\/cloud.alqueria.es\/wp-content\/uploads\/sites\/9\/2023\/02\/PHOTO-2023-02-03-10-01-24-4-300x225.jpg\" data-large-file=\"https:\/\/cloud.alqueria.es\/wp-content\/uploads\/sites\/9\/2023\/02\/PHOTO-2023-02-03-10-01-24-4.jpg\" src=\"https:\/\/i0.wp.com\/cloud.alqueria.es\/wp-content\/uploads\/sites\/9\/2023\/02\/PHOTO-2023-02-03-10-01-24-4.jpg?w=114&#038;h=114&#038;crop=1&#038;ssl=1\" width=\"114\" height=\"114\" loading=\"lazy\" data-original-width=\"114\" data-original-height=\"114\" itemprop=\"http:\/\/schema.org\/image\" title=\"PHOTO-2023-02-03-10-01-24 4\" alt=\"PHOTO-2023-02-03-10-01-24 4\" style=\"width: 114px; height: 114px;\" \/> <\/a> <\/div> <\/div> <\/div> <\/div>\n<p>Despu\u00e9s, continuamos nuestra jornada con los especialistas, en <strong><span style=\"color: #ff6600\">M\u00fasica<\/span><\/strong>\u00a0trabajamos la expresi\u00f3n corporal y el movimiento a trav\u00e9s del baile. Practicamos el ritmo y la percusi\u00f3n con vasos, adem\u00e1s de ensayar nuestra chirigota. Seguidamente viene Alberto a ejercitar nuestro cuerpo con <span style=\"color: #ff6600\"><strong>Educaci\u00f3n F\u00edsica<\/strong><\/span>.<\/p>\n<p>Por \u00faltimo, \u00a0disfrutamos de nuestra <span style=\"color: #ff6600\"><strong>Tarde Cooperativa<\/strong><\/span> al solecito en nuestro parque y\u00a0realizamos una<em> sesi\u00f3n de <strong>siembra y plantaci\u00f3n<\/strong><\/em>, de las semillas y los esquejes que van llegando a las distintas clases del ciclo 3-6 a\u00f1os. <strong>Seguimos necesitando tetrabriks grandes, lavados y cortados para nuestro Vivero infantil.<\/strong><\/p>\n<p>&nbsp;<\/p>\n<p class=\"jetpack-slideshow-noscript robots-nocontent\">El pase de diapositivas requiere JavaScript.<\/p><div id=\"gallery-61011-1-slideshow\" class=\"jetpack-slideshow-window jetpack-slideshow jetpack-slideshow-black\" data-trans=\"fade\" data-autostart=\"1\" data-gallery=\"[{&quot;src&quot;:&quot;https:\\\/\\\/cloud.alqueria.es\\\/wp-content\\\/uploads\\\/sites\\\/9\\\/2023\\\/02\\\/istockphoto-1395674115-170667a.jpg&quot;,&quot;id&quot;:&quot;61017&quot;,&quot;title&quot;:&quot;istockphoto-1395674115-170667a&quot;,&quot;alt&quot;:&quot;&quot;,&quot;caption&quot;:&quot;Scalable vectorial representing a blue packaging with cow milk, element for design, illustration isolated on white background.&quot;,&quot;itemprop&quot;:&quot;image&quot;},{&quot;src&quot;:&quot;https:\\\/\\\/cloud.alqueria.es\\\/wp-content\\\/uploads\\\/sites\\\/9\\\/2023\\\/02\\\/PHOTO-2023-02-03-15-47-23-1024x768.jpg&quot;,&quot;id&quot;:&quot;61038&quot;,&quot;title&quot;:&quot;PHOTO-2023-02-03-15-47-23&quot;,&quot;alt&quot;:&quot;&quot;,&quot;caption&quot;:&quot;&quot;,&quot;itemprop&quot;:&quot;image&quot;},{&quot;src&quot;:&quot;https:\\\/\\\/cloud.alqueria.es\\\/wp-content\\\/uploads\\\/sites\\\/9\\\/2023\\\/02\\\/PHOTO-2023-02-03-15-47-23-2-1024x768.jpg&quot;,&quot;id&quot;:&quot;61040&quot;,&quot;title&quot;:&quot;PHOTO-2023-02-03-15-47-23 2&quot;,&quot;alt&quot;:&quot;&quot;,&quot;caption&quot;:&quot;&quot;,&quot;itemprop&quot;:&quot;image&quot;},{&quot;src&quot;:&quot;https:\\\/\\\/cloud.alqueria.es\\\/wp-content\\\/uploads\\\/sites\\\/9\\\/2023\\\/02\\\/PHOTO-2023-02-04-08-52-18.jpg&quot;,&quot;id&quot;:&quot;61042&quot;,&quot;title&quot;:&quot;PHOTO-2023-02-04-08-52-18&quot;,&quot;alt&quot;:&quot;&quot;,&quot;caption&quot;:&quot;&quot;,&quot;itemprop&quot;:&quot;image&quot;},{&quot;src&quot;:&quot;https:\\\/\\\/cloud.alqueria.es\\\/wp-content\\\/uploads\\\/sites\\\/9\\\/2023\\\/02\\\/PHOTO-2023-02-03-15-47-24-1024x768.jpg&quot;,&quot;id&quot;:&quot;61041&quot;,&quot;title&quot;:&quot;PHOTO-2023-02-03-15-47-24&quot;,&quot;alt&quot;:&quot;&quot;,&quot;caption&quot;:&quot;&quot;,&quot;itemprop&quot;:&quot;image&quot;}]\" itemscope itemtype=\"https:\/\/schema.org\/ImageGallery\"><\/div>\n<p><strong>NOTA. El lunes espero todos los libros del Proyecto de Lectura, realizaremos el \u00faltimo registro en nuestra hoja de control y devolveremos los ejemplares a cada propietario.<\/strong><\/p>\n<div class=\"tiled-gallery type-rectangular tiled-gallery-unresized\" data-original-width=\"474\" data-carousel-extra='{&quot;blog_id&quot;:9,&quot;permalink&quot;:&quot;https:\\\/\\\/www.alqueria.es\\\/blogs\\\/alqueriaamarillanaranja\\\/2023\\\/02\\\/03\\\/viernes-20\\\/&quot;,&quot;likes_blog_id&quot;:64271688}' itemscope itemtype=\"http:\/\/schema.org\/ImageGallery\" > <div class=\"gallery-row\" style=\"width: 474px; height: 522px;\" data-original-width=\"474\" data-original-height=\"522\" > <div class=\"gallery-group images-1\" style=\"width: 474px; height: 522px;\" data-original-width=\"474\" data-original-height=\"522\" > <div class=\"tiled-gallery-item tiled-gallery-item-large\" itemprop=\"associatedMedia\" itemscope itemtype=\"http:\/\/schema.org\/ImageObject\"> <a href=\"https:\/\/www.alqueria.es\/blogs\/alqueriaamarillanaranja\/2023\/02\/03\/viernes-20\/libro-lectura-nino-nina-dibujos-animados_29190-3884\/\" border=\"0\" itemprop=\"url\"> <meta itemprop=\"width\" content=\"470\"> <meta itemprop=\"height\" content=\"518\"> <img decoding=\"async\" class=\"\" data-attachment-id=\"61018\" data-orig-file=\"https:\/\/cloud.alqueria.es\/wp-content\/uploads\/sites\/9\/2023\/02\/libro-lectura-nino-nina-dibujos-animados_29190-3884.jpg\" data-orig-size=\"1813,2000\" data-comments-opened=\"1\" data-image-meta=\"{&quot;aperture&quot;:&quot;0&quot;,&quot;credit&quot;:&quot;&quot;,&quot;camera&quot;:&quot;&quot;,&quot;caption&quot;:&quot;&quot;,&quot;created_timestamp&quot;:&quot;0&quot;,&quot;copyright&quot;:&quot;&quot;,&quot;focal_length&quot;:&quot;0&quot;,&quot;iso&quot;:&quot;0&quot;,&quot;shutter_speed&quot;:&quot;0&quot;,&quot;title&quot;:&quot;&quot;,&quot;orientation&quot;:&quot;1&quot;}\" data-image-title=\"libro-lectura-nino-nina-dibujos-animados_29190-3884\" data-image-description=\"\" data-medium-file=\"https:\/\/cloud.alqueria.es\/wp-content\/uploads\/sites\/9\/2023\/02\/libro-lectura-nino-nina-dibujos-animados_29190-3884-272x300.jpg\" data-large-file=\"https:\/\/cloud.alqueria.es\/wp-content\/uploads\/sites\/9\/2023\/02\/libro-lectura-nino-nina-dibujos-animados_29190-3884-928x1024.jpg\" src=\"https:\/\/i0.wp.com\/cloud.alqueria.es\/wp-content\/uploads\/sites\/9\/2023\/02\/libro-lectura-nino-nina-dibujos-animados_29190-3884.jpg?w=470&#038;h=518&#038;ssl=1\" srcset=\"https:\/\/cloud.alqueria.es\/wp-content\/uploads\/sites\/9\/2023\/02\/libro-lectura-nino-nina-dibujos-animados_29190-3884.jpg 1813w, https:\/\/cloud.alqueria.es\/wp-content\/uploads\/sites\/9\/2023\/02\/libro-lectura-nino-nina-dibujos-animados_29190-3884-272x300.jpg 272w, https:\/\/cloud.alqueria.es\/wp-content\/uploads\/sites\/9\/2023\/02\/libro-lectura-nino-nina-dibujos-animados_29190-3884-928x1024.jpg 928w, https:\/\/cloud.alqueria.es\/wp-content\/uploads\/sites\/9\/2023\/02\/libro-lectura-nino-nina-dibujos-animados_29190-3884-768x847.jpg 768w, https:\/\/cloud.alqueria.es\/wp-content\/uploads\/sites\/9\/2023\/02\/libro-lectura-nino-nina-dibujos-animados_29190-3884-1392x1536.jpg 1392w\" width=\"470\" height=\"518\" loading=\"lazy\" data-original-width=\"470\" data-original-height=\"518\" itemprop=\"http:\/\/schema.org\/image\" title=\"libro-lectura-nino-nina-dibujos-animados_29190-3884\" alt=\"libro-lectura-nino-nina-dibujos-animados_29190-3884\" style=\"width: 470px; height: 518px;\" \/> <\/a> <\/div> <\/div> <!-- close group --> <\/div> <!-- close row --> <\/div>\n<p>Os deseo que disfrut\u00e9is de un estupendo fin de semana.<\/p>\n<p>Eva.<\/p>\n<p>&nbsp;<\/p>\n","protected":false},"excerpt":{"rendered":"<p>Buenas tardes familias, Damos comienzo a nuestra ma\u00f1ana con la asamblea de inicio, este es un momento muy importante para comenzar el d\u00eda. Es un espacio de encuentro, escucha, conversaci\u00f3n e intercambio que se generan en el aula con el fin de reconocernos como grupo, conocer sus ideas, preocupaciones, preguntas y puntos de vista sobre &hellip; <a href=\"https:\/\/www.alqueria.es\/blogs\/alqueriaamarillanaranja\/2023\/02\/03\/viernes-20\/\" class=\"more-link\">Seguir leyendo <span class=\"screen-reader-text\">\u00a1VIERNES!<\/span> <span class=\"meta-nav\">&rarr;<\/span><\/a><\/p>\n","protected":false},"author":23,"featured_media":0,"comment_status":"open","ping_status":"open","sticky":false,"template":"","format":"standard","meta":{"jetpack_post_was_ever_published":false,"_jetpack_newsletter_access":"","_jetpack_dont_email_post_to_subs":false,"_jetpack_newsletter_tier_id":0,"_jetpack_memberships_contains_paywalled_content":false,"_jetpack_memberships_contains_paid_content":false,"footnotes":"","jetpack_publicize_message":"","jetpack_publicize_feature_enabled":true,"jetpack_social_post_already_shared":true,"jetpack_social_options":{"image_generator_settings":{"template":"highway","default_image_id":0,"font":"","enabled":false},"version":2}},"categories":[7,8,10,312,860],"tags":[],"class_list":["post-61011","post","type-post","status-publish","format-standard","hentry","category-clase-naranja","category-diario","category-especialistas","category-musica","category-tardes-cooperativas"],"jetpack_publicize_connections":[],"jetpack_featured_media_url":"","jetpack_sharing_enabled":true,"jetpack_shortlink":"https:\/\/wp.me\/p4lG08-fS3","jetpack-related-posts":[],"_links":{"self":[{"href":"https:\/\/www.alqueria.es\/blogs\/alqueriaamarillanaranja\/wp-json\/wp\/v2\/posts\/61011","targetHints":{"allow":["GET"]}}],"collection":[{"href":"https:\/\/www.alqueria.es\/blogs\/alqueriaamarillanaranja\/wp-json\/wp\/v2\/posts"}],"about":[{"href":"https:\/\/www.alqueria.es\/blogs\/alqueriaamarillanaranja\/wp-json\/wp\/v2\/types\/post"}],"author":[{"embeddable":true,"href":"https:\/\/www.alqueria.es\/blogs\/alqueriaamarillanaranja\/wp-json\/wp\/v2\/users\/23"}],"replies":[{"embeddable":true,"href":"https:\/\/www.alqueria.es\/blogs\/alqueriaamarillanaranja\/wp-json\/wp\/v2\/comments?post=61011"}],"version-history":[{"count":5,"href":"https:\/\/www.alqueria.es\/blogs\/alqueriaamarillanaranja\/wp-json\/wp\/v2\/posts\/61011\/revisions"}],"predecessor-version":[{"id":61045,"href":"https:\/\/www.alqueria.es\/blogs\/alqueriaamarillanaranja\/wp-json\/wp\/v2\/posts\/61011\/revisions\/61045"}],"wp:attachment":[{"href":"https:\/\/www.alqueria.es\/blogs\/alqueriaamarillanaranja\/wp-json\/wp\/v2\/media?parent=61011"}],"wp:term":[{"taxonomy":"category","embeddable":true,"href":"https:\/\/www.alqueria.es\/blogs\/alqueriaamarillanaranja\/wp-json\/wp\/v2\/categories?post=61011"},{"taxonomy":"post_tag","embeddable":true,"href":"https:\/\/www.alqueria.es\/blogs\/alqueriaamarillanaranja\/wp-json\/wp\/v2\/tags?post=61011"}],"curies":[{"name":"wp","href":"https:\/\/api.w.org\/{rel}","templated":true}]}}