{"id":61184,"date":"2023-02-09T17:00:53","date_gmt":"2023-02-09T16:00:53","guid":{"rendered":"https:\/\/www.alqueria.es\/blogs\/alqueriaamarillanaranja\/?p=61184"},"modified":"2023-02-09T16:07:01","modified_gmt":"2023-02-09T15:07:01","slug":"cartel-fiesta-de-carnaval","status":"publish","type":"post","link":"https:\/\/www.alqueria.es\/blogs\/alqueriaamarillanaranja\/2023\/02\/09\/cartel-fiesta-de-carnaval\/","title":{"rendered":"CARTEL FIESTA DE CARNAVAL"},"content":{"rendered":"<p><img decoding=\"async\" data-attachment-id=\"61192\" data-permalink=\"https:\/\/www.alqueria.es\/blogs\/alqueriaamarillanaranja\/2023\/02\/09\/cartel-fiesta-de-carnaval\/20230209_142027\/\" data-orig-file=\"https:\/\/cloud.alqueria.es\/wp-content\/uploads\/sites\/9\/2023\/02\/20230209_142027.jpg\" data-orig-size=\"1223,512\" data-comments-opened=\"1\" data-image-meta=\"{&quot;aperture&quot;:&quot;2&quot;,&quot;credit&quot;:&quot;&quot;,&quot;camera&quot;:&quot;SM-A127F&quot;,&quot;caption&quot;:&quot;&quot;,&quot;created_timestamp&quot;:&quot;1675952428&quot;,&quot;copyright&quot;:&quot;&quot;,&quot;focal_length&quot;:&quot;4.6&quot;,&quot;iso&quot;:&quot;40&quot;,&quot;shutter_speed&quot;:&quot;0.02&quot;,&quot;title&quot;:&quot;&quot;,&quot;orientation&quot;:&quot;1&quot;}\" data-image-title=\"20230209_142027\" data-image-description=\"\" data-image-caption=\"\" data-large-file=\"https:\/\/cloud.alqueria.es\/wp-content\/uploads\/sites\/9\/2023\/02\/20230209_142027-1024x429.jpg\" class=\"aligncenter size-full wp-image-61192\" src=\"https:\/\/cloud.alqueria.es\/wp-content\/uploads\/sites\/9\/2023\/02\/20230209_142027.jpg\" alt=\"\" width=\"1223\" height=\"512\" srcset=\"https:\/\/cloud.alqueria.es\/wp-content\/uploads\/sites\/9\/2023\/02\/20230209_142027.jpg 1223w, https:\/\/cloud.alqueria.es\/wp-content\/uploads\/sites\/9\/2023\/02\/20230209_142027-300x126.jpg 300w, https:\/\/cloud.alqueria.es\/wp-content\/uploads\/sites\/9\/2023\/02\/20230209_142027-1024x429.jpg 1024w, https:\/\/cloud.alqueria.es\/wp-content\/uploads\/sites\/9\/2023\/02\/20230209_142027-768x322.jpg 768w\" sizes=\"(max-width: 1223px) 100vw, 1223px\" \/><\/p>\n<p>Ya nos quedan menos d\u00edas para la celebraci\u00f3n de nuestra <strong><span style=\"color: #ff00ff\">Fiesta de Carnaval<\/span> <\/strong>y el ciclo 0-3 a\u00f1os lleva a cabo un taller cooperativo en el que pintamos con rodillos unas m\u00e1scaras. El objetivo con esta actividad es el trabajo cooperativo entre las dos clases y el participar en la decoraci\u00f3n de este cartel que anuncia el d\u00eda de la fiesta.<\/p>\n<p>Los peque\u00f1os son los primeros en participar y lo hacen muy bien pintando los bordes del mural. Nosotros que somos m\u00e1s mayores damos colorido a las m\u00e1scaras y al resto de fondo.<\/p>\n<p class=\"jetpack-slideshow-noscript robots-nocontent\">El pase de diapositivas requiere JavaScript.<\/p><div id=\"gallery-61184-1-slideshow\" class=\"jetpack-slideshow-window jetpack-slideshow jetpack-slideshow-black\" data-trans=\"fade\" data-autostart=\"1\" data-gallery=\"[{&quot;src&quot;:&quot;https:\\\/\\\/cloud.alqueria.es\\\/wp-content\\\/uploads\\\/sites\\\/9\\\/2023\\\/02\\\/20230209_101841.jpg&quot;,&quot;id&quot;:&quot;61190&quot;,&quot;title&quot;:&quot;20230209_101841&quot;,&quot;alt&quot;:&quot;&quot;,&quot;caption&quot;:&quot;&quot;,&quot;itemprop&quot;:&quot;image&quot;},{&quot;src&quot;:&quot;https:\\\/\\\/cloud.alqueria.es\\\/wp-content\\\/uploads\\\/sites\\\/9\\\/2023\\\/02\\\/20230209_101853.jpg&quot;,&quot;id&quot;:&quot;61189&quot;,&quot;title&quot;:&quot;20230209_101853&quot;,&quot;alt&quot;:&quot;&quot;,&quot;caption&quot;:&quot;&quot;,&quot;itemprop&quot;:&quot;image&quot;},{&quot;src&quot;:&quot;https:\\\/\\\/cloud.alqueria.es\\\/wp-content\\\/uploads\\\/sites\\\/9\\\/2023\\\/02\\\/20230209_102201.jpg&quot;,&quot;id&quot;:&quot;61188&quot;,&quot;title&quot;:&quot;20230209_102201&quot;,&quot;alt&quot;:&quot;&quot;,&quot;caption&quot;:&quot;&quot;,&quot;itemprop&quot;:&quot;image&quot;},{&quot;src&quot;:&quot;https:\\\/\\\/cloud.alqueria.es\\\/wp-content\\\/uploads\\\/sites\\\/9\\\/2023\\\/02\\\/20230209_102408.jpg&quot;,&quot;id&quot;:&quot;61187&quot;,&quot;title&quot;:&quot;20230209_102408&quot;,&quot;alt&quot;:&quot;&quot;,&quot;caption&quot;:&quot;&quot;,&quot;itemprop&quot;:&quot;image&quot;},{&quot;src&quot;:&quot;https:\\\/\\\/cloud.alqueria.es\\\/wp-content\\\/uploads\\\/sites\\\/9\\\/2023\\\/02\\\/20230209_103645.jpg&quot;,&quot;id&quot;:&quot;61186&quot;,&quot;title&quot;:&quot;20230209_103645&quot;,&quot;alt&quot;:&quot;&quot;,&quot;caption&quot;:&quot;&quot;,&quot;itemprop&quot;:&quot;image&quot;},{&quot;src&quot;:&quot;https:\\\/\\\/cloud.alqueria.es\\\/wp-content\\\/uploads\\\/sites\\\/9\\\/2023\\\/02\\\/20230209_102949.jpg&quot;,&quot;id&quot;:&quot;61185&quot;,&quot;title&quot;:&quot;20230209_102949&quot;,&quot;alt&quot;:&quot;&quot;,&quot;caption&quot;:&quot;&quot;,&quot;itemprop&quot;:&quot;image&quot;}]\" itemscope itemtype=\"https:\/\/schema.org\/ImageGallery\"><\/div>\n<p>La parte final de las letras la hacemos nosotras.<\/p>\n<p>Para la fiesta recibir\u00e9is una carta-invitaci\u00f3n con el programa de actividades que se van a llevar a cabo tanto por la ma\u00f1ana para el alumnado como por la tarde para las familias.<\/p>\n<p>Ma\u00f1ana terminamos la semana con la celebraci\u00f3n del cumplea\u00f1os de la compa\u00f1era Lola.<\/p>\n<p>La s\u00faper de hoy ha sido <strong><span style=\"color: #ff00ff\">Daniela<\/span><\/strong> que reparte la fruta en la Asamblea antes de irnos al Parque.<\/p>\n<p>Estos amarillitos est\u00e1n muy emocionados con el Carnaval y est\u00e1n viviendo los preparativos con mucha ilusi\u00f3n,\u00a0 <a href=\"https:\/\/www.tamarachubarovsky.com\/2014\/03\/14\/sin-emocion-no-hay-aprendizaje\/\">\u00ab<em>Sin emoci\u00f3n no hay aprendizaje\u00bb ( Francisco Mora).<\/em><\/a><\/p>\n<p>A disfrutar de la tarde.<\/p>\n<p>Carmen<\/p>\n<p>&nbsp;<\/p>\n","protected":false},"excerpt":{"rendered":"<p>Ya nos quedan menos d\u00edas para la celebraci\u00f3n de nuestra Fiesta de Carnaval y el ciclo 0-3 a\u00f1os lleva a cabo un taller cooperativo en el que pintamos con rodillos unas m\u00e1scaras. El objetivo con esta actividad es el trabajo cooperativo entre las dos clases y el participar en la decoraci\u00f3n de este cartel que &hellip; <a href=\"https:\/\/www.alqueria.es\/blogs\/alqueriaamarillanaranja\/2023\/02\/09\/cartel-fiesta-de-carnaval\/\" class=\"more-link\">Seguir leyendo <span class=\"screen-reader-text\">CARTEL FIESTA DE CARNAVAL<\/span> <span class=\"meta-nav\">&rarr;<\/span><\/a><\/p>\n","protected":false},"author":23,"featured_media":0,"comment_status":"open","ping_status":"open","sticky":false,"template":"","format":"standard","meta":{"jetpack_post_was_ever_published":false,"_jetpack_newsletter_access":"","_jetpack_dont_email_post_to_subs":false,"_jetpack_newsletter_tier_id":0,"_jetpack_memberships_contains_paywalled_content":false,"_jetpack_memberships_contains_paid_content":false,"footnotes":"","jetpack_publicize_message":"","jetpack_publicize_feature_enabled":true,"jetpack_social_post_already_shared":true,"jetpack_social_options":{"image_generator_settings":{"template":"highway","default_image_id":0,"font":"","enabled":false},"version":2}},"categories":[6,9,18],"tags":[881,240],"class_list":["post-61184","post","type-post","status-publish","format-standard","hentry","category-clase-amarilla","category-diario-clase-amarilla","category-talleres","tag-actividades-inter-ciclo","tag-talleres-cooperativos"],"jetpack_publicize_connections":[],"jetpack_featured_media_url":"","jetpack_sharing_enabled":true,"jetpack_shortlink":"https:\/\/wp.me\/p4lG08-fUQ","jetpack-related-posts":[],"_links":{"self":[{"href":"https:\/\/www.alqueria.es\/blogs\/alqueriaamarillanaranja\/wp-json\/wp\/v2\/posts\/61184","targetHints":{"allow":["GET"]}}],"collection":[{"href":"https:\/\/www.alqueria.es\/blogs\/alqueriaamarillanaranja\/wp-json\/wp\/v2\/posts"}],"about":[{"href":"https:\/\/www.alqueria.es\/blogs\/alqueriaamarillanaranja\/wp-json\/wp\/v2\/types\/post"}],"author":[{"embeddable":true,"href":"https:\/\/www.alqueria.es\/blogs\/alqueriaamarillanaranja\/wp-json\/wp\/v2\/users\/23"}],"replies":[{"embeddable":true,"href":"https:\/\/www.alqueria.es\/blogs\/alqueriaamarillanaranja\/wp-json\/wp\/v2\/comments?post=61184"}],"version-history":[{"count":4,"href":"https:\/\/www.alqueria.es\/blogs\/alqueriaamarillanaranja\/wp-json\/wp\/v2\/posts\/61184\/revisions"}],"predecessor-version":[{"id":61195,"href":"https:\/\/www.alqueria.es\/blogs\/alqueriaamarillanaranja\/wp-json\/wp\/v2\/posts\/61184\/revisions\/61195"}],"wp:attachment":[{"href":"https:\/\/www.alqueria.es\/blogs\/alqueriaamarillanaranja\/wp-json\/wp\/v2\/media?parent=61184"}],"wp:term":[{"taxonomy":"category","embeddable":true,"href":"https:\/\/www.alqueria.es\/blogs\/alqueriaamarillanaranja\/wp-json\/wp\/v2\/categories?post=61184"},{"taxonomy":"post_tag","embeddable":true,"href":"https:\/\/www.alqueria.es\/blogs\/alqueriaamarillanaranja\/wp-json\/wp\/v2\/tags?post=61184"}],"curies":[{"name":"wp","href":"https:\/\/api.w.org\/{rel}","templated":true}]}}