{"id":6174,"date":"2013-06-20T14:21:09","date_gmt":"2013-06-20T12:21:09","guid":{"rendered":"http:\/\/alqueriaamarillanaranja.wordpress.com\/?p=6174"},"modified":"2014-02-24T12:46:39","modified_gmt":"2014-02-24T12:46:39","slug":"cumpleanos-de-raquel","status":"publish","type":"post","link":"https:\/\/www.alqueria.es\/blogs\/alqueriaamarillanaranja\/2013\/06\/20\/cumpleanos-de-raquel\/","title":{"rendered":"Cumplea\u00f1os de Raquel"},"content":{"rendered":"<p><span style=\"color:#800080\">Ya estamos casi, casi de vacaciones.<\/span><\/p>\n<p><span style=\"color:#800080\">Hoy celebramos el cumple de nuestra compa\u00f1era Raquel que en realidad es en verano, pero no ha querido perderse la celebraci\u00f3n con sus compa\u00f1eros. A primera hora le hacemos el dibujo que ella nos pide: una princesa, una mariposa o \u00abHello Kitty\u00bb Todos se esmeran en que sus dibujos queden muy bonitos, pues en realidad son sus regalos.<\/span><\/p>\n<p><span style=\"color:#800080\">Luego Raquel nos ha invitado a una riqu\u00edsima tarta de chocolate, galletas y natillas, que hizo ayer con su abuela Lola. \u00a1Estaba de rechupete! y de postre&#8230;&#8230;..lacasitos. Lo han pasado fenomenal.<\/span><\/p>\n<p><a href=\"http:\/\/alqueriaamarillanaranja.files.wordpress.com\/2013\/06\/tartaconcuatrovelas1.jpg\"><img decoding=\"async\" data-attachment-id=\"6175\" data-permalink=\"https:\/\/www.alqueria.es\/blogs\/alqueriaamarillanaranja\/tartaconcuatrovelas1-4\/\" data-orig-file=\"https:\/\/www.alqueria.es\/blogs\/alqueriaamarillanaranja\/wp-content\/uploads\/sites\/9\/2013\/06\/tartaconcuatrovelas1.jpg\" data-orig-size=\"238,315\" data-comments-opened=\"1\" data-image-meta=\"{&quot;aperture&quot;:&quot;0&quot;,&quot;credit&quot;:&quot;&quot;,&quot;camera&quot;:&quot;&quot;,&quot;caption&quot;:&quot;&quot;,&quot;created_timestamp&quot;:&quot;0&quot;,&quot;copyright&quot;:&quot;&quot;,&quot;focal_length&quot;:&quot;0&quot;,&quot;iso&quot;:&quot;0&quot;,&quot;shutter_speed&quot;:&quot;0&quot;,&quot;title&quot;:&quot;&quot;}\" data-image-title=\"TartaConCuatroVelas[1]\" data-image-description=\"\" data-image-caption=\"\" data-large-file=\"https:\/\/www.alqueria.es\/blogs\/alqueriaamarillanaranja\/wp-content\/uploads\/sites\/9\/2013\/06\/tartaconcuatrovelas1.jpg\" class=\"alignleft  wp-image-6175\" alt=\"TartaConCuatroVelas[1]\" src=\"https:\/\/cloud.alqueria.es\/wp-content\/uploads\/sites\/9\/2013\/06\/tartaconcuatrovelas11.jpg\" width=\"136\" height=\"180\" \/><\/a><\/p>\n<p><span style=\"color:#0000ff\">Adem\u00e1s hoy es \u00abd\u00eda de notas\u00bb, hoy os llev\u00e1is a casa las carpetas con todos los trabajos que hemos realizado durante el trimestre. Para ellos ha supuesto su esfuerzo y dedicaci\u00f3n as\u00ed que como ya os he dicho en otras ocasiones, por favor valoradlos y disfrutadlos con ellos.<\/span><\/p>\n<p><span style=\"color:#0000ff\">Ma\u00f1ana&#8230;&#8230;.\u00a1\u00faltimo d\u00eda de curso!<\/span><\/p>\n<p>&nbsp;<\/p>\n","protected":false},"excerpt":{"rendered":"<p>Ya estamos casi, casi de vacaciones. Hoy celebramos el cumple de nuestra compa\u00f1era Raquel que en realidad es en verano, pero no ha querido perderse la celebraci\u00f3n con sus compa\u00f1eros. A primera hora le hacemos el dibujo que ella nos pide: una princesa, una mariposa o \u00abHello Kitty\u00bb Todos se esmeran en que sus dibujos &hellip; <a href=\"https:\/\/www.alqueria.es\/blogs\/alqueriaamarillanaranja\/2013\/06\/20\/cumpleanos-de-raquel\/\" class=\"more-link\">Seguir leyendo <span class=\"screen-reader-text\">Cumplea\u00f1os de Raquel<\/span> <span class=\"meta-nav\">&rarr;<\/span><\/a><\/p>\n","protected":false},"author":23,"featured_media":0,"comment_status":"open","ping_status":"open","sticky":false,"template":"","format":"standard","meta":{"jetpack_post_was_ever_published":false,"_jetpack_newsletter_access":"","_jetpack_dont_email_post_to_subs":false,"_jetpack_newsletter_tier_id":0,"_jetpack_memberships_contains_paywalled_content":false,"_jetpack_memberships_contains_paid_content":false,"footnotes":"","jetpack_publicize_message":"","jetpack_publicize_feature_enabled":true,"jetpack_social_post_already_shared":true,"jetpack_social_options":{"image_generator_settings":{"template":"highway","default_image_id":0,"font":"","enabled":false},"version":2}},"categories":[7,8],"tags":[42],"class_list":["post-6174","post","type-post","status-publish","format-standard","hentry","category-clase-naranja","category-diario","tag-cumpleanos"],"jetpack_publicize_connections":[],"jetpack_featured_media_url":"","jetpack_sharing_enabled":true,"jetpack_shortlink":"https:\/\/wp.me\/p4lG08-1BA","jetpack-related-posts":[],"_links":{"self":[{"href":"https:\/\/www.alqueria.es\/blogs\/alqueriaamarillanaranja\/wp-json\/wp\/v2\/posts\/6174","targetHints":{"allow":["GET"]}}],"collection":[{"href":"https:\/\/www.alqueria.es\/blogs\/alqueriaamarillanaranja\/wp-json\/wp\/v2\/posts"}],"about":[{"href":"https:\/\/www.alqueria.es\/blogs\/alqueriaamarillanaranja\/wp-json\/wp\/v2\/types\/post"}],"author":[{"embeddable":true,"href":"https:\/\/www.alqueria.es\/blogs\/alqueriaamarillanaranja\/wp-json\/wp\/v2\/users\/23"}],"replies":[{"embeddable":true,"href":"https:\/\/www.alqueria.es\/blogs\/alqueriaamarillanaranja\/wp-json\/wp\/v2\/comments?post=6174"}],"version-history":[{"count":0,"href":"https:\/\/www.alqueria.es\/blogs\/alqueriaamarillanaranja\/wp-json\/wp\/v2\/posts\/6174\/revisions"}],"wp:attachment":[{"href":"https:\/\/www.alqueria.es\/blogs\/alqueriaamarillanaranja\/wp-json\/wp\/v2\/media?parent=6174"}],"wp:term":[{"taxonomy":"category","embeddable":true,"href":"https:\/\/www.alqueria.es\/blogs\/alqueriaamarillanaranja\/wp-json\/wp\/v2\/categories?post=6174"},{"taxonomy":"post_tag","embeddable":true,"href":"https:\/\/www.alqueria.es\/blogs\/alqueriaamarillanaranja\/wp-json\/wp\/v2\/tags?post=6174"}],"curies":[{"name":"wp","href":"https:\/\/api.w.org\/{rel}","templated":true}]}}