{"id":6208,"date":"2013-06-21T14:04:36","date_gmt":"2013-06-21T12:04:36","guid":{"rendered":"http:\/\/alqueriaamarillanaranja.wordpress.com\/?p=6208"},"modified":"2014-02-24T12:53:16","modified_gmt":"2014-02-24T12:53:16","slug":"felicidades-monica","status":"publish","type":"post","link":"https:\/\/www.alqueria.es\/blogs\/alqueriaamarillanaranja\/2013\/06\/21\/felicidades-monica\/","title":{"rendered":"\u00a1FELICIDADES M\u00d3NICA!"},"content":{"rendered":"<p style=\"text-align:justify\"><a href=\"http:\/\/alqueriaamarillanaranja.files.wordpress.com\/2013\/06\/sol1-2.jpg\"><img decoding=\"async\" data-attachment-id=\"6209\" data-permalink=\"https:\/\/www.alqueria.es\/blogs\/alqueriaamarillanaranja\/sol1-2-2\/\" data-orig-file=\"https:\/\/www.alqueria.es\/blogs\/alqueriaamarillanaranja\/wp-content\/uploads\/sites\/9\/2013\/06\/sol1-2.jpg\" data-orig-size=\"650,444\" data-comments-opened=\"1\" data-image-meta=\"{&quot;aperture&quot;:&quot;0&quot;,&quot;credit&quot;:&quot;&quot;,&quot;camera&quot;:&quot;&quot;,&quot;caption&quot;:&quot;&quot;,&quot;created_timestamp&quot;:&quot;0&quot;,&quot;copyright&quot;:&quot;&quot;,&quot;focal_length&quot;:&quot;0&quot;,&quot;iso&quot;:&quot;0&quot;,&quot;shutter_speed&quot;:&quot;0&quot;,&quot;title&quot;:&quot;&quot;}\" data-image-title=\"sol[1] (2)\" data-image-description=\"\" data-image-caption=\"\" data-large-file=\"https:\/\/www.alqueria.es\/blogs\/alqueriaamarillanaranja\/wp-content\/uploads\/sites\/9\/2013\/06\/sol1-2.jpg\" class=\"alignleft size-thumbnail wp-image-6209\" alt=\"sol[1] (2)\" src=\"https:\/\/cloud.alqueria.es\/wp-content\/uploads\/sites\/9\/2013\/06\/sol1-21.jpg\" width=\"150\" height=\"102\" \/><\/a><span style=\"color:#0000ff\">Hoy ha llegado oficialmente el verano y es nuestro \u00faltimo d\u00eda de curso.<\/span><\/p>\n<p style=\"text-align:justify\"><span style=\"color:#0000ff\">Para despedirnos de \u00e9l celebramos el cumplea\u00f1os de M\u00f3nica, que aunque cumple en Julio, ha querido compartir este momento especial entre nosotros. La ma\u00f1ana la empezamos jugando con globos y con m\u00fasica para bailar.<\/span><\/p>\n<p style=\"text-align:justify\"><span style=\"color:#0000ff\">Festejamos\u00a0el cumple siguiendo el mismo ritual de siempre: le hacemos su dibujo, le cantamos cumplea\u00f1os feliz y ella sopla las velas. Reparte un rico bizcocho que\u00bb ha hecho en casa con mam\u00e1 y Gonzalo\u00bb.<\/span><\/p>\n<div class=\"tiled-gallery type-circle tiled-gallery-unresized\" data-original-width=\"474\" data-carousel-extra='{&quot;blog_id&quot;:9,&quot;permalink&quot;:&quot;https:\\\/\\\/www.alqueria.es\\\/blogs\\\/alqueriaamarillanaranja\\\/2013\\\/06\\\/21\\\/felicidades-monica\\\/&quot;,&quot;likes_blog_id&quot;:64271688}' itemscope itemtype=\"http:\/\/schema.org\/ImageGallery\" > <div class=\"gallery-row\" style=\"width: 474px; height: 474px;\" data-original-width=\"474\" data-original-height=\"474\" > <div class=\"gallery-group\" style=\"width: 474px; height: 474px;\" data-original-width=\"474\" data-original-height=\"474\" > <div class=\"tiled-gallery-item \" itemprop=\"associatedMedia\" itemscope itemtype=\"http:\/\/schema.org\/ImageObject\"> <a href=\"https:\/\/www.alqueria.es\/blogs\/alqueriaamarillanaranja\/foto2838\/\" border=\"0\" itemprop=\"url\"> <meta itemprop=\"width\" content=\"470\"> <meta itemprop=\"height\" content=\"470\"> <img decoding=\"async\" class=\"\" data-attachment-id=\"6211\" data-orig-file=\"https:\/\/www.alqueria.es\/blogs\/alqueriaamarillanaranja\/wp-content\/uploads\/sites\/9\/2013\/06\/foto2838.jpg\" data-orig-size=\"768,1024\" data-comments-opened=\"1\" data-image-meta=\"{&quot;aperture&quot;:&quot;0&quot;,&quot;credit&quot;:&quot;&quot;,&quot;camera&quot;:&quot;&quot;,&quot;caption&quot;:&quot;&quot;,&quot;created_timestamp&quot;:&quot;0&quot;,&quot;copyright&quot;:&quot;&quot;,&quot;focal_length&quot;:&quot;0&quot;,&quot;iso&quot;:&quot;0&quot;,&quot;shutter_speed&quot;:&quot;0&quot;,&quot;title&quot;:&quot;&quot;}\" data-image-title=\"Foto2838\" data-image-description=\"\" data-medium-file=\"https:\/\/www.alqueria.es\/blogs\/alqueriaamarillanaranja\/wp-content\/uploads\/sites\/9\/2013\/06\/foto2838-225x300.jpg\" data-large-file=\"https:\/\/www.alqueria.es\/blogs\/alqueriaamarillanaranja\/wp-content\/uploads\/sites\/9\/2013\/06\/foto2838-768x1024.jpg\" src=\"https:\/\/i0.wp.com\/www.alqueria.es\/blogs\/alqueriaamarillanaranja\/wp-content\/uploads\/sites\/9\/2013\/06\/foto2838.jpg?w=470&#038;h=470&#038;crop=1&#038;ssl=1\" width=\"470\" height=\"470\" loading=\"lazy\" data-original-width=\"470\" data-original-height=\"470\" itemprop=\"http:\/\/schema.org\/image\" title=\"Foto2838\" alt=\"Foto2838\" style=\"width: 470px; height: 470px;\" \/> <\/a> <\/div> <\/div> <\/div> <div class=\"gallery-row\" style=\"width: 474px; height: 474px;\" data-original-width=\"474\" data-original-height=\"474\" > <div class=\"gallery-group\" style=\"width: 474px; height: 474px;\" data-original-width=\"474\" data-original-height=\"474\" > <div class=\"tiled-gallery-item \" itemprop=\"associatedMedia\" itemscope itemtype=\"http:\/\/schema.org\/ImageObject\"> <a href=\"https:\/\/www.alqueria.es\/blogs\/alqueriaamarillanaranja\/foto2840\/\" border=\"0\" itemprop=\"url\"> <meta itemprop=\"width\" content=\"470\"> <meta itemprop=\"height\" content=\"470\"> <img decoding=\"async\" class=\"\" data-attachment-id=\"6212\" data-orig-file=\"https:\/\/www.alqueria.es\/blogs\/alqueriaamarillanaranja\/wp-content\/uploads\/sites\/9\/2013\/06\/foto2840.jpg\" data-orig-size=\"768,1024\" data-comments-opened=\"1\" data-image-meta=\"{&quot;aperture&quot;:&quot;0&quot;,&quot;credit&quot;:&quot;&quot;,&quot;camera&quot;:&quot;&quot;,&quot;caption&quot;:&quot;&quot;,&quot;created_timestamp&quot;:&quot;0&quot;,&quot;copyright&quot;:&quot;&quot;,&quot;focal_length&quot;:&quot;0&quot;,&quot;iso&quot;:&quot;0&quot;,&quot;shutter_speed&quot;:&quot;0&quot;,&quot;title&quot;:&quot;&quot;}\" data-image-title=\"Foto2840\" data-image-description=\"\" data-medium-file=\"https:\/\/www.alqueria.es\/blogs\/alqueriaamarillanaranja\/wp-content\/uploads\/sites\/9\/2013\/06\/foto2840-225x300.jpg\" data-large-file=\"https:\/\/www.alqueria.es\/blogs\/alqueriaamarillanaranja\/wp-content\/uploads\/sites\/9\/2013\/06\/foto2840-768x1024.jpg\" src=\"https:\/\/i0.wp.com\/www.alqueria.es\/blogs\/alqueriaamarillanaranja\/wp-content\/uploads\/sites\/9\/2013\/06\/foto2840.jpg?w=470&#038;h=470&#038;crop=1&#038;ssl=1\" width=\"470\" height=\"470\" loading=\"lazy\" data-original-width=\"470\" data-original-height=\"470\" itemprop=\"http:\/\/schema.org\/image\" title=\"Foto2840\" alt=\"Foto2840\" style=\"width: 470px; height: 470px;\" \/> <\/a> <\/div> <\/div> <\/div> <\/div>\n<p style=\"text-align:justify\"><span style=\"color:#0000ff\">Despu\u00e9s nos despedimos de nuestra alumna en pr\u00e1cticas Esther, le regalamos nuestros dibujos que hicimos ayer y una foto de grupo para que nos tenga siempre presentes.<\/span><\/p>\n<p style=\"text-align:justify\"><a href=\"http:\/\/alqueriaamarillanaranja.files.wordpress.com\/2013\/06\/foto2834.jpg\"><img decoding=\"async\" data-attachment-id=\"6210\" data-permalink=\"https:\/\/www.alqueria.es\/blogs\/alqueriaamarillanaranja\/foto2834\/\" data-orig-file=\"https:\/\/www.alqueria.es\/blogs\/alqueriaamarillanaranja\/wp-content\/uploads\/sites\/9\/2013\/06\/foto2834.jpg\" data-orig-size=\"1024,768\" data-comments-opened=\"1\" data-image-meta=\"{&quot;aperture&quot;:&quot;0&quot;,&quot;credit&quot;:&quot;&quot;,&quot;camera&quot;:&quot;&quot;,&quot;caption&quot;:&quot;&quot;,&quot;created_timestamp&quot;:&quot;0&quot;,&quot;copyright&quot;:&quot;&quot;,&quot;focal_length&quot;:&quot;0&quot;,&quot;iso&quot;:&quot;0&quot;,&quot;shutter_speed&quot;:&quot;0&quot;,&quot;title&quot;:&quot;&quot;}\" data-image-title=\"Foto2834\" data-image-description=\"\" data-image-caption=\"\" data-large-file=\"https:\/\/www.alqueria.es\/blogs\/alqueriaamarillanaranja\/wp-content\/uploads\/sites\/9\/2013\/06\/foto2834-1024x768.jpg\" class=\"aligncenter size-large wp-image-6210\" alt=\"Foto2834\" src=\"https:\/\/cloud.alqueria.es\/wp-content\/uploads\/sites\/9\/2013\/06\/foto28341.jpg\" width=\"510\" height=\"382\" \/><\/a><\/p>\n<p style=\"text-align:justify\"><span style=\"color:#0000ff\">Gracias Esther por integrarte tan bien en nuestra rutina diaria y por ser tan cari\u00f1osa con todos\/as. Espero que\u00a0las pr\u00e1cticas te hayan servido para aprender mucho. \u00a1Te echaremos de menos!<\/span><\/p>\n<p><span style=\"color:#0000ff\">Bajamos al patio y se quedan alucinados con las piscinas y las banderitas del campus de verano, todos me dec\u00edan: \u00bfnos vamos a ba\u00f1ar? Nosotros ya tenemos preparada nuestra piscina en la terraza de la clase azul para el Lunes.<\/span><\/p>\n<p style=\"text-align:justify\"><span style=\"color:#0000ff\">Aunque la semana pr\u00f3xima s\u00ed estar\u00e9 con los que se quedan, me despido del resto. He disfrutado mucho este curso con\u00a0el grupo amarillo,\u00a0compartiendo muchas experiencias y viendolos crecer d\u00eda a d\u00eda. En Septiembre\u00a0comenzaran una nueva etapa\u00a0en la que van a disfrutar tanto\u00a0o m\u00e1s. Es un grupo muy \u00abapa\u00f1ao\u00bb<\/span><\/p>\n<p style=\"text-align:justify\"><span style=\"color:#0000ff\">Os agradezco vuestra confianza en m\u00ed y vuestra colaboraci\u00f3n en las distintas propuestas.<\/span><\/p>\n<p style=\"text-align:center\"><span style=\"color:#0000ff\">\u00a1FELICES VACACIONES!<\/span><\/p>\n<p style=\"text-align:justify\">\u00a0<\/p>\n","protected":false},"excerpt":{"rendered":"<p>Hoy ha llegado oficialmente el verano y es nuestro \u00faltimo d\u00eda de curso. Para despedirnos de \u00e9l celebramos el cumplea\u00f1os de M\u00f3nica, que aunque cumple en Julio, ha querido compartir este momento especial entre nosotros. La ma\u00f1ana la empezamos jugando con globos y con m\u00fasica para bailar. Festejamos\u00a0el cumple siguiendo el mismo ritual de siempre: &hellip; <a href=\"https:\/\/www.alqueria.es\/blogs\/alqueriaamarillanaranja\/2013\/06\/21\/felicidades-monica\/\" class=\"more-link\">Seguir leyendo <span class=\"screen-reader-text\">\u00a1FELICIDADES M\u00d3NICA!<\/span> <span class=\"meta-nav\">&rarr;<\/span><\/a><\/p>\n","protected":false},"author":23,"featured_media":0,"comment_status":"open","ping_status":"open","sticky":false,"template":"","format":"standard","meta":{"jetpack_post_was_ever_published":false,"_jetpack_newsletter_access":"","_jetpack_dont_email_post_to_subs":false,"_jetpack_newsletter_tier_id":0,"_jetpack_memberships_contains_paywalled_content":false,"_jetpack_memberships_contains_paid_content":false,"footnotes":"","jetpack_publicize_message":"","jetpack_publicize_feature_enabled":true,"jetpack_social_post_already_shared":true,"jetpack_social_options":{"image_generator_settings":{"template":"highway","default_image_id":0,"font":"","enabled":false},"version":2}},"categories":[6,9],"tags":[],"class_list":["post-6208","post","type-post","status-publish","format-standard","hentry","category-clase-amarilla","category-diario-clase-amarilla"],"jetpack_publicize_connections":[],"jetpack_featured_media_url":"","jetpack_sharing_enabled":true,"jetpack_shortlink":"https:\/\/wp.me\/p4lG08-1C8","jetpack-related-posts":[],"_links":{"self":[{"href":"https:\/\/www.alqueria.es\/blogs\/alqueriaamarillanaranja\/wp-json\/wp\/v2\/posts\/6208","targetHints":{"allow":["GET"]}}],"collection":[{"href":"https:\/\/www.alqueria.es\/blogs\/alqueriaamarillanaranja\/wp-json\/wp\/v2\/posts"}],"about":[{"href":"https:\/\/www.alqueria.es\/blogs\/alqueriaamarillanaranja\/wp-json\/wp\/v2\/types\/post"}],"author":[{"embeddable":true,"href":"https:\/\/www.alqueria.es\/blogs\/alqueriaamarillanaranja\/wp-json\/wp\/v2\/users\/23"}],"replies":[{"embeddable":true,"href":"https:\/\/www.alqueria.es\/blogs\/alqueriaamarillanaranja\/wp-json\/wp\/v2\/comments?post=6208"}],"version-history":[{"count":0,"href":"https:\/\/www.alqueria.es\/blogs\/alqueriaamarillanaranja\/wp-json\/wp\/v2\/posts\/6208\/revisions"}],"wp:attachment":[{"href":"https:\/\/www.alqueria.es\/blogs\/alqueriaamarillanaranja\/wp-json\/wp\/v2\/media?parent=6208"}],"wp:term":[{"taxonomy":"category","embeddable":true,"href":"https:\/\/www.alqueria.es\/blogs\/alqueriaamarillanaranja\/wp-json\/wp\/v2\/categories?post=6208"},{"taxonomy":"post_tag","embeddable":true,"href":"https:\/\/www.alqueria.es\/blogs\/alqueriaamarillanaranja\/wp-json\/wp\/v2\/tags?post=6208"}],"curies":[{"name":"wp","href":"https:\/\/api.w.org\/{rel}","templated":true}]}}